{"id":10977,"date":"2019-02-08T10:21:01","date_gmt":"2019-02-08T07:21:01","guid":{"rendered":"http:\/\/www.tvturk.com\/index.php\/yusufeli-baraji-insaati-ile-yusufeli-ilcesi-yeni-yerlesim-yeri-alt-yapi-calismalari-devam-ediyor\/"},"modified":"2019-02-08T10:21:05","modified_gmt":"2019-02-08T07:21:05","slug":"yusufeli-baraji-insaati-ile-yusufeli-ilcesi-yeni-yerlesim-yeri-alt-yapi-calismalari-devam-ediyor","status":"publish","type":"post","link":"http:\/\/www.tvturk.com\/index.php\/yusufeli-baraji-insaati-ile-yusufeli-ilcesi-yeni-yerlesim-yeri-alt-yapi-calismalari-devam-ediyor\/","title":{"rendered":"Yusufeli Baraj\u0131 in\u015faat\u0131 ile Yusufeli il\u00e7esi yeni yerle\u015fim yeri alt yap\u0131 \u00e7al\u0131\u015fmalar\u0131 devam ediyor"},"content":{"rendered":"<p>DS\u0130 \u00c7oruh Projeleri 26. B\u00f6lge M\u00fcd\u00fcrl\u00fc\u011f\u00fcnce in\u015fa edilen Yusufeli Baraj\u0131 ile Yusufeli il\u00e7esi yeniden yerle\u015fim yeri ve k\u00f6ylerin yeniden yerle\u015fim yerleri altyap\u0131 \u00e7al\u0131\u015fmalar\u0131 in\u015faat\u0131nda \u00e7al\u0131\u015fmalar devam ediyor.<\/p>\n<p>Proje kapsam\u0131nda 3 adet (\u00c7evreli, Tekkale, \u0130\u015fhan) yeni k\u00f6y yerle\u015fim yerinin altyap\u0131 \u00e7al\u0131\u015fmalar\u0131 ve yeni il\u00e7enin altyap\u0131 kalemleri (At\u0131ksu, ya\u011fmursuyu, elektrik hatlar\u0131, destekleme, yol, kald\u0131r\u0131m, \u00e7evre d\u00fczenlemesi, toprak ta\u015f\u0131nmas\u0131, sulama sistemi, dere \u0131slah\u0131) yap\u0131lacak. Alt yap\u0131 \u00e7al\u0131\u015fmalar\u0131 kapsam\u0131nda bug\u00fcne kadar yakla\u015f\u0131k olarak 1 milyon metrek\u00fcp kaz\u0131 yap\u0131l\u0131rken, kaz\u0131 \u00e7al\u0131\u015fmalar\u0131n\u0131n y\u00fczde 14\u2019l\u00fck k\u0131sm\u0131 tamamland\u0131.<\/p>\n<p>\u00d6te yandan Yusufeli Baraj\u0131 ve HES Projesinde baraj g\u00f6vde betonu d\u00f6k\u00fclmesi \u00e7al\u0131\u015fmalar\u0131 da devam ediyor. Yusufeli Baraj\u0131 tamamland\u0131\u011f\u0131nda temelden 275 m y\u00fcksekli\u011fi ve \u00e7ift e\u011frilikli beton kemer kategorisinde T\u00fcrkiye\u2019nin birinci, d\u00fcnyan\u0131n \u00fc\u00e7\u00fcnc\u00fc en y\u00fcksek baraj\u0131 olacak. Tesisin kurulu g\u00fcc\u00fcn\u00fcn 558 MW, y\u0131ll\u0131k enerji \u00fcretiminin ise 1 milyar 888 milyon kWh\/y\u0131l olmas\u0131 bekleniyor.<div class=\"tiled-gallery type-rectangular tiled-gallery-unresized\" data-original-width=\"500\" data-carousel-extra='null' itemscope itemtype=\"http:\/\/schema.org\/ImageGallery\" > <div class=\"gallery-row\" style=\"width: 500px; height: 216px;\" data-original-width=\"500\" data-original-height=\"216\" > <div class=\"gallery-group images-1\" style=\"width: 322px; height: 216px;\" data-original-width=\"322\" data-original-height=\"216\" > <div class=\"tiled-gallery-item tiled-gallery-item-large\" itemprop=\"associatedMedia\" itemscope itemtype=\"http:\/\/schema.org\/ImageObject\"> <a href=\"http:\/\/www.tvturk.com\/index.php\/yusufeli-baraji-insaati-ile-yusufeli-ilcesi-yeni-yerlesim-yeri-alt-yapi-calismalari-devam-ediyor\/yusufeli-baraji-insaati-ile-yusufeli-ilcesi-yeni-yerlesim-yeri-alt-yapi-calismalari-devam-ediyor-3\/\" border=\"0\" itemprop=\"url\"> <meta itemprop=\"width\" content=\"318\"> <meta itemprop=\"height\" content=\"212\"> <img decoding=\"async\" class=\"\" data-attachment-id=\"10979\" data-orig-file=\"http:\/\/www.tvturk.com\/wp-content\/uploads\/2019\/02\/yusufeli-baraji-insaati-ile-yusufeli-ilcesi-yeni-yerlesim-yeri-alt-yapi-calismalari-devam-ediyor_e33d3f5.jpg\" data-orig-size=\"960,640\" data-comments-opened=\"\" data-image-meta=\"{&quot;aperture&quot;:&quot;0&quot;,&quot;credit&quot;:&quot;IHA&quot;,&quot;camera&quot;:&quot;&quot;,&quot;caption&quot;:&quot;YUSUFEL\\u0130 \\u0130L\\u00c7ES\\u0130 YEN\\u0130DEN YERLE\\u015e\\u0130M YER\\u0130 VE K\\u00d6YLER\\u0130N YEN\\u0130DEN YERLE\\u015e\\u0130M YERLER\\u0130 ALTYAPI \\u00c7ALI\\u015eMALARI \\u0130N\\u015eAATINDA \\u00c7ALI\\u015eMALAR DEVAM ED\\u0130YOR. (Z\\u0130YA AKYILDIZ\\\/ARTV\\u0130N-\\u0130HA)&quot;,&quot;created_timestamp&quot;:&quot;0&quot;,&quot;copyright&quot;:&quot;\\u0130HLAS HABER AJANSI, www.iha.com.tr&quot;,&quot;focal_length&quot;:&quot;0&quot;,&quot;iso&quot;:&quot;0&quot;,&quot;shutter_speed&quot;:&quot;0&quot;,&quot;title&quot;:&quot;YUSUFEL\\u0130 BARAJI \\u0130N\\u015eAATI \\u0130LE YUSUFEL\\u0130 \\u0130L\\u00c7ES\\u0130 YEN\\u0130 YERLE\\u015e\\u0130M YER\\u0130 ALT YAPI \\u00c7ALI\\u015eMALARI DEVAM ED\\u0130YOR&quot;,&quot;orientation&quot;:&quot;0&quot;}\" data-image-title=\"Yusufeli Baraj\u0131 in\u015faat\u0131 ile Yusufeli il\u00e7esi yeni yerle\u015fim yeri alt yap\u0131 \u00e7al\u0131\u015fmalar\u0131 devam ediyor\" data-image-description=\"&lt;p&gt;Yusufeli Baraj\u0131 in\u015faat\u0131 ile Yusufeli il\u00e7esi yeni yerle\u015fim yeri alt yap\u0131 \u00e7al\u0131\u015fmalar\u0131 devam ediyor&lt;\/p&gt; \" data-medium-file=\"https:\/\/i0.wp.com\/www.tvturk.com\/wp-content\/uploads\/2019\/02\/yusufeli-baraji-insaati-ile-yusufeli-ilcesi-yeni-yerlesim-yeri-alt-yapi-calismalari-devam-ediyor_e33d3f5.jpg?fit=300%2C200\" data-large-file=\"https:\/\/i0.wp.com\/www.tvturk.com\/wp-content\/uploads\/2019\/02\/yusufeli-baraji-insaati-ile-yusufeli-ilcesi-yeni-yerlesim-yeri-alt-yapi-calismalari-devam-ediyor_e33d3f5.jpg?fit=960%2C640\" src=\"https:\/\/i0.wp.com\/www.tvturk.com\/wp-content\/uploads\/2019\/02\/yusufeli-baraji-insaati-ile-yusufeli-ilcesi-yeni-yerlesim-yeri-alt-yapi-calismalari-devam-ediyor_e33d3f5.jpg?w=318&#038;h=212\" srcset=\"https:\/\/i0.wp.com\/www.tvturk.com\/wp-content\/uploads\/2019\/02\/yusufeli-baraji-insaati-ile-yusufeli-ilcesi-yeni-yerlesim-yeri-alt-yapi-calismalari-devam-ediyor_e33d3f5.jpg?w=960 960w, https:\/\/i0.wp.com\/www.tvturk.com\/wp-content\/uploads\/2019\/02\/yusufeli-baraji-insaati-ile-yusufeli-ilcesi-yeni-yerlesim-yeri-alt-yapi-calismalari-devam-ediyor_e33d3f5.jpg?resize=150%2C100 150w, https:\/\/i0.wp.com\/www.tvturk.com\/wp-content\/uploads\/2019\/02\/yusufeli-baraji-insaati-ile-yusufeli-ilcesi-yeni-yerlesim-yeri-alt-yapi-calismalari-devam-ediyor_e33d3f5.jpg?resize=300%2C200 300w, https:\/\/i0.wp.com\/www.tvturk.com\/wp-content\/uploads\/2019\/02\/yusufeli-baraji-insaati-ile-yusufeli-ilcesi-yeni-yerlesim-yeri-alt-yapi-calismalari-devam-ediyor_e33d3f5.jpg?resize=768%2C512 768w, https:\/\/i0.wp.com\/www.tvturk.com\/wp-content\/uploads\/2019\/02\/yusufeli-baraji-insaati-ile-yusufeli-ilcesi-yeni-yerlesim-yeri-alt-yapi-calismalari-devam-ediyor_e33d3f5.jpg?resize=170%2C113 170w, https:\/\/i0.wp.com\/www.tvturk.com\/wp-content\/uploads\/2019\/02\/yusufeli-baraji-insaati-ile-yusufeli-ilcesi-yeni-yerlesim-yeri-alt-yapi-calismalari-devam-ediyor_e33d3f5.jpg?resize=120%2C80 120w\" width=\"318\" height=\"212\" loading=\"lazy\" data-original-width=\"318\" data-original-height=\"212\" itemprop=\"http:\/\/schema.org\/image\" title=\"Yusufeli Baraj\u0131 in\u015faat\u0131 ile Yusufeli il\u00e7esi yeni yerle\u015fim yeri alt yap\u0131 \u00e7al\u0131\u015fmalar\u0131 devam ediyor\" alt=\"Yusufeli Baraj\u0131 in\u015faat\u0131 ile Yusufeli il\u00e7esi yeni yerle\u015fim yeri alt yap\u0131 \u00e7al\u0131\u015fmalar\u0131 devam ediyor\" style=\"width: 318px; height: 212px;\" \/> <\/a> <\/div> <\/div> <!-- close group --> <div class=\"gallery-group images-2\" style=\"width: 178px; height: 216px;\" data-original-width=\"178\" data-original-height=\"216\" > <div class=\"tiled-gallery-item tiled-gallery-item-small\" itemprop=\"associatedMedia\" itemscope itemtype=\"http:\/\/schema.org\/ImageObject\"> <a href=\"http:\/\/www.tvturk.com\/index.php\/yusufeli-baraji-insaati-ile-yusufeli-ilcesi-yeni-yerlesim-yeri-alt-yapi-calismalari-devam-ediyor\/yusufeli-baraji-insaati-ile-yusufeli-ilcesi-yeni-yerlesim-yeri-alt-yapi-calismalari-devam-ediyor-4\/\" border=\"0\" itemprop=\"url\"> <meta itemprop=\"width\" content=\"174\"> <meta itemprop=\"height\" content=\"116\"> <img decoding=\"async\" class=\"\" data-attachment-id=\"10980\" data-orig-file=\"http:\/\/www.tvturk.com\/wp-content\/uploads\/2019\/02\/yusufeli-baraji-insaati-ile-yusufeli-ilcesi-yeni-yerlesim-yeri-alt-yapi-calismalari-devam-ediyor_7062e9a.jpg\" data-orig-size=\"960,640\" data-comments-opened=\"\" data-image-meta=\"{&quot;aperture&quot;:&quot;0&quot;,&quot;credit&quot;:&quot;IHA&quot;,&quot;camera&quot;:&quot;&quot;,&quot;caption&quot;:&quot;YUSUFEL\\u0130 \\u0130L\\u00c7ES\\u0130 YEN\\u0130DEN YERLE\\u015e\\u0130M YER\\u0130 VE K\\u00d6YLER\\u0130N YEN\\u0130DEN YERLE\\u015e\\u0130M YERLER\\u0130 ALTYAPI \\u00c7ALI\\u015eMALARI \\u0130N\\u015eAATINDA \\u00c7ALI\\u015eMALAR DEVAM ED\\u0130YOR. (Z\\u0130YA AKYILDIZ\\\/ARTV\\u0130N-\\u0130HA)&quot;,&quot;created_timestamp&quot;:&quot;0&quot;,&quot;copyright&quot;:&quot;\\u0130HLAS HABER AJANSI, www.iha.com.tr&quot;,&quot;focal_length&quot;:&quot;0&quot;,&quot;iso&quot;:&quot;0&quot;,&quot;shutter_speed&quot;:&quot;0&quot;,&quot;title&quot;:&quot;YUSUFEL\\u0130 BARAJI \\u0130N\\u015eAATI \\u0130LE YUSUFEL\\u0130 \\u0130L\\u00c7ES\\u0130 YEN\\u0130 YERLE\\u015e\\u0130M YER\\u0130 ALT YAPI \\u00c7ALI\\u015eMALARI DEVAM ED\\u0130YOR&quot;,&quot;orientation&quot;:&quot;0&quot;}\" data-image-title=\"Yusufeli Baraj\u0131 in\u015faat\u0131 ile Yusufeli il\u00e7esi yeni yerle\u015fim yeri alt yap\u0131 \u00e7al\u0131\u015fmalar\u0131 devam ediyor\" data-image-description=\"&lt;p&gt;Yusufeli Baraj\u0131 in\u015faat\u0131 ile Yusufeli il\u00e7esi yeni yerle\u015fim yeri alt yap\u0131 \u00e7al\u0131\u015fmalar\u0131 devam ediyor&lt;\/p&gt; \" data-medium-file=\"https:\/\/i0.wp.com\/www.tvturk.com\/wp-content\/uploads\/2019\/02\/yusufeli-baraji-insaati-ile-yusufeli-ilcesi-yeni-yerlesim-yeri-alt-yapi-calismalari-devam-ediyor_7062e9a.jpg?fit=300%2C200\" data-large-file=\"https:\/\/i0.wp.com\/www.tvturk.com\/wp-content\/uploads\/2019\/02\/yusufeli-baraji-insaati-ile-yusufeli-ilcesi-yeni-yerlesim-yeri-alt-yapi-calismalari-devam-ediyor_7062e9a.jpg?fit=960%2C640\" src=\"https:\/\/i0.wp.com\/www.tvturk.com\/wp-content\/uploads\/2019\/02\/yusufeli-baraji-insaati-ile-yusufeli-ilcesi-yeni-yerlesim-yeri-alt-yapi-calismalari-devam-ediyor_7062e9a.jpg?w=174&#038;h=116\" srcset=\"https:\/\/i0.wp.com\/www.tvturk.com\/wp-content\/uploads\/2019\/02\/yusufeli-baraji-insaati-ile-yusufeli-ilcesi-yeni-yerlesim-yeri-alt-yapi-calismalari-devam-ediyor_7062e9a.jpg?w=960 960w, https:\/\/i0.wp.com\/www.tvturk.com\/wp-content\/uploads\/2019\/02\/yusufeli-baraji-insaati-ile-yusufeli-ilcesi-yeni-yerlesim-yeri-alt-yapi-calismalari-devam-ediyor_7062e9a.jpg?resize=150%2C100 150w, https:\/\/i0.wp.com\/www.tvturk.com\/wp-content\/uploads\/2019\/02\/yusufeli-baraji-insaati-ile-yusufeli-ilcesi-yeni-yerlesim-yeri-alt-yapi-calismalari-devam-ediyor_7062e9a.jpg?resize=300%2C200 300w, https:\/\/i0.wp.com\/www.tvturk.com\/wp-content\/uploads\/2019\/02\/yusufeli-baraji-insaati-ile-yusufeli-ilcesi-yeni-yerlesim-yeri-alt-yapi-calismalari-devam-ediyor_7062e9a.jpg?resize=768%2C512 768w, https:\/\/i0.wp.com\/www.tvturk.com\/wp-content\/uploads\/2019\/02\/yusufeli-baraji-insaati-ile-yusufeli-ilcesi-yeni-yerlesim-yeri-alt-yapi-calismalari-devam-ediyor_7062e9a.jpg?resize=170%2C113 170w, https:\/\/i0.wp.com\/www.tvturk.com\/wp-content\/uploads\/2019\/02\/yusufeli-baraji-insaati-ile-yusufeli-ilcesi-yeni-yerlesim-yeri-alt-yapi-calismalari-devam-ediyor_7062e9a.jpg?resize=120%2C80 120w\" width=\"174\" height=\"116\" loading=\"lazy\" data-original-width=\"174\" data-original-height=\"116\" itemprop=\"http:\/\/schema.org\/image\" title=\"Yusufeli Baraj\u0131 in\u015faat\u0131 ile Yusufeli il\u00e7esi yeni yerle\u015fim yeri alt yap\u0131 \u00e7al\u0131\u015fmalar\u0131 devam ediyor\" alt=\"Yusufeli Baraj\u0131 in\u015faat\u0131 ile Yusufeli il\u00e7esi yeni yerle\u015fim yeri alt yap\u0131 \u00e7al\u0131\u015fmalar\u0131 devam ediyor\" style=\"width: 174px; height: 116px;\" \/> <\/a> <\/div> <div class=\"tiled-gallery-item tiled-gallery-item-small\" itemprop=\"associatedMedia\" itemscope itemtype=\"http:\/\/schema.org\/ImageObject\"> <a href=\"http:\/\/www.tvturk.com\/index.php\/yusufeli-baraji-insaati-ile-yusufeli-ilcesi-yeni-yerlesim-yeri-alt-yapi-calismalari-devam-ediyor\/yusufeli-baraji-insaati-ile-yusufeli-ilcesi-yeni-yerlesim-yeri-alt-yapi-calismalari-devam-ediyor-5\/\" border=\"0\" itemprop=\"url\"> <meta itemprop=\"width\" content=\"174\"> <meta itemprop=\"height\" content=\"92\"> <img decoding=\"async\" class=\"\" data-attachment-id=\"10981\" data-orig-file=\"http:\/\/www.tvturk.com\/wp-content\/uploads\/2019\/02\/yusufeli-baraji-insaati-ile-yusufeli-ilcesi-yeni-yerlesim-yeri-alt-yapi-calismalari-devam-ediyor_453e28e.jpg\" data-orig-size=\"945,495\" data-comments-opened=\"\" data-image-meta=\"{&quot;aperture&quot;:&quot;0&quot;,&quot;credit&quot;:&quot;IHA&quot;,&quot;camera&quot;:&quot;&quot;,&quot;caption&quot;:&quot;YUSUFEL\\u0130 BARAJI VE HES PROJES\\u0130NDE BARAJ G\\u00d6VDE BETONU D\\u00d6K\\u00dcLMES\\u0130 \\u00c7ALI\\u015eMALARI DA DEVAM ED\\u0130YOR. (Z\\u0130YA AKYILDIZ\\\/ARTV\\u0130N-\\u0130HA)&quot;,&quot;created_timestamp&quot;:&quot;0&quot;,&quot;copyright&quot;:&quot;\\u0130HLAS HABER AJANSI, www.iha.com.tr&quot;,&quot;focal_length&quot;:&quot;0&quot;,&quot;iso&quot;:&quot;0&quot;,&quot;shutter_speed&quot;:&quot;0&quot;,&quot;title&quot;:&quot;YUSUFEL\\u0130 BARAJI \\u0130N\\u015eAATI \\u0130LE YUSUFEL\\u0130 \\u0130L\\u00c7ES\\u0130 YEN\\u0130 YERLE\\u015e\\u0130M YER\\u0130 ALT YAPI \\u00c7ALI\\u015eMALARI DEVAM ED\\u0130YOR&quot;,&quot;orientation&quot;:&quot;0&quot;}\" data-image-title=\"Yusufeli Baraj\u0131 in\u015faat\u0131 ile Yusufeli il\u00e7esi yeni yerle\u015fim yeri alt yap\u0131 \u00e7al\u0131\u015fmalar\u0131 devam ediyor\" data-image-description=\"&lt;p&gt;Yusufeli Baraj\u0131 in\u015faat\u0131 ile Yusufeli il\u00e7esi yeni yerle\u015fim yeri alt yap\u0131 \u00e7al\u0131\u015fmalar\u0131 devam ediyor&lt;\/p&gt; \" data-medium-file=\"https:\/\/i0.wp.com\/www.tvturk.com\/wp-content\/uploads\/2019\/02\/yusufeli-baraji-insaati-ile-yusufeli-ilcesi-yeni-yerlesim-yeri-alt-yapi-calismalari-devam-ediyor_453e28e.jpg?fit=300%2C157\" data-large-file=\"https:\/\/i0.wp.com\/www.tvturk.com\/wp-content\/uploads\/2019\/02\/yusufeli-baraji-insaati-ile-yusufeli-ilcesi-yeni-yerlesim-yeri-alt-yapi-calismalari-devam-ediyor_453e28e.jpg?fit=945%2C495\" src=\"https:\/\/i0.wp.com\/www.tvturk.com\/wp-content\/uploads\/2019\/02\/yusufeli-baraji-insaati-ile-yusufeli-ilcesi-yeni-yerlesim-yeri-alt-yapi-calismalari-devam-ediyor_453e28e.jpg?w=174&#038;h=92\" srcset=\"https:\/\/i0.wp.com\/www.tvturk.com\/wp-content\/uploads\/2019\/02\/yusufeli-baraji-insaati-ile-yusufeli-ilcesi-yeni-yerlesim-yeri-alt-yapi-calismalari-devam-ediyor_453e28e.jpg?w=945 945w, https:\/\/i0.wp.com\/www.tvturk.com\/wp-content\/uploads\/2019\/02\/yusufeli-baraji-insaati-ile-yusufeli-ilcesi-yeni-yerlesim-yeri-alt-yapi-calismalari-devam-ediyor_453e28e.jpg?resize=150%2C79 150w, https:\/\/i0.wp.com\/www.tvturk.com\/wp-content\/uploads\/2019\/02\/yusufeli-baraji-insaati-ile-yusufeli-ilcesi-yeni-yerlesim-yeri-alt-yapi-calismalari-devam-ediyor_453e28e.jpg?resize=300%2C157 300w, https:\/\/i0.wp.com\/www.tvturk.com\/wp-content\/uploads\/2019\/02\/yusufeli-baraji-insaati-ile-yusufeli-ilcesi-yeni-yerlesim-yeri-alt-yapi-calismalari-devam-ediyor_453e28e.jpg?resize=768%2C402 768w\" width=\"174\" height=\"92\" loading=\"lazy\" data-original-width=\"174\" data-original-height=\"92\" itemprop=\"http:\/\/schema.org\/image\" title=\"Yusufeli Baraj\u0131 in\u015faat\u0131 ile Yusufeli il\u00e7esi yeni yerle\u015fim yeri alt yap\u0131 \u00e7al\u0131\u015fmalar\u0131 devam ediyor\" alt=\"Yusufeli Baraj\u0131 in\u015faat\u0131 ile Yusufeli il\u00e7esi yeni yerle\u015fim yeri alt yap\u0131 \u00e7al\u0131\u015fmalar\u0131 devam ediyor\" style=\"width: 174px; height: 92px;\" \/> <\/a> <\/div> <\/div> <!-- close group --> <\/div> <!-- close row --> <div class=\"gallery-row\" style=\"width: 500px; height: 148px;\" data-original-width=\"500\" data-original-height=\"148\" > <div class=\"gallery-group images-1\" style=\"width: 280px; height: 148px;\" data-original-width=\"280\" data-original-height=\"148\" > <div class=\"tiled-gallery-item tiled-gallery-item-large\" itemprop=\"associatedMedia\" itemscope itemtype=\"http:\/\/schema.org\/ImageObject\"> <a href=\"http:\/\/www.tvturk.com\/index.php\/yusufeli-baraji-insaati-ile-yusufeli-ilcesi-yeni-yerlesim-yeri-alt-yapi-calismalari-devam-ediyor\/yusufeli-baraji-insaati-ile-yusufeli-ilcesi-yeni-yerlesim-yeri-alt-yapi-calismalari-devam-ediyor-6\/\" border=\"0\" itemprop=\"url\"> <meta itemprop=\"width\" content=\"276\"> <meta itemprop=\"height\" content=\"144\"> <img decoding=\"async\" class=\"\" data-attachment-id=\"10982\" data-orig-file=\"http:\/\/www.tvturk.com\/wp-content\/uploads\/2019\/02\/yusufeli-baraji-insaati-ile-yusufeli-ilcesi-yeni-yerlesim-yeri-alt-yapi-calismalari-devam-ediyor_1bce93e.jpg\" data-orig-size=\"958,498\" data-comments-opened=\"\" data-image-meta=\"{&quot;aperture&quot;:&quot;0&quot;,&quot;credit&quot;:&quot;IHA&quot;,&quot;camera&quot;:&quot;&quot;,&quot;caption&quot;:&quot;YUSUFEL\\u0130 BARAJI VE HES PROJES\\u0130NDE BARAJ G\\u00d6VDE BETONU D\\u00d6K\\u00dcLMES\\u0130 \\u00c7ALI\\u015eMALARI DA DEVAM ED\\u0130YOR. (Z\\u0130YA AKYILDIZ\\\/ARTV\\u0130N-\\u0130HA)&quot;,&quot;created_timestamp&quot;:&quot;0&quot;,&quot;copyright&quot;:&quot;\\u0130HLAS HABER AJANSI, www.iha.com.tr&quot;,&quot;focal_length&quot;:&quot;0&quot;,&quot;iso&quot;:&quot;0&quot;,&quot;shutter_speed&quot;:&quot;0&quot;,&quot;title&quot;:&quot;YUSUFEL\\u0130 BARAJI \\u0130N\\u015eAATI \\u0130LE YUSUFEL\\u0130 \\u0130L\\u00c7ES\\u0130 YEN\\u0130 YERLE\\u015e\\u0130M YER\\u0130 ALT YAPI \\u00c7ALI\\u015eMALARI DEVAM ED\\u0130YOR&quot;,&quot;orientation&quot;:&quot;0&quot;}\" data-image-title=\"Yusufeli Baraj\u0131 in\u015faat\u0131 ile Yusufeli il\u00e7esi yeni yerle\u015fim yeri alt yap\u0131 \u00e7al\u0131\u015fmalar\u0131 devam ediyor\" data-image-description=\"&lt;p&gt;Yusufeli Baraj\u0131 in\u015faat\u0131 ile Yusufeli il\u00e7esi yeni yerle\u015fim yeri alt yap\u0131 \u00e7al\u0131\u015fmalar\u0131 devam ediyor&lt;\/p&gt; \" data-medium-file=\"https:\/\/i0.wp.com\/www.tvturk.com\/wp-content\/uploads\/2019\/02\/yusufeli-baraji-insaati-ile-yusufeli-ilcesi-yeni-yerlesim-yeri-alt-yapi-calismalari-devam-ediyor_1bce93e.jpg?fit=300%2C156\" data-large-file=\"https:\/\/i0.wp.com\/www.tvturk.com\/wp-content\/uploads\/2019\/02\/yusufeli-baraji-insaati-ile-yusufeli-ilcesi-yeni-yerlesim-yeri-alt-yapi-calismalari-devam-ediyor_1bce93e.jpg?fit=958%2C498\" src=\"https:\/\/i0.wp.com\/www.tvturk.com\/wp-content\/uploads\/2019\/02\/yusufeli-baraji-insaati-ile-yusufeli-ilcesi-yeni-yerlesim-yeri-alt-yapi-calismalari-devam-ediyor_1bce93e.jpg?w=276&#038;h=144\" srcset=\"https:\/\/i0.wp.com\/www.tvturk.com\/wp-content\/uploads\/2019\/02\/yusufeli-baraji-insaati-ile-yusufeli-ilcesi-yeni-yerlesim-yeri-alt-yapi-calismalari-devam-ediyor_1bce93e.jpg?w=958 958w, https:\/\/i0.wp.com\/www.tvturk.com\/wp-content\/uploads\/2019\/02\/yusufeli-baraji-insaati-ile-yusufeli-ilcesi-yeni-yerlesim-yeri-alt-yapi-calismalari-devam-ediyor_1bce93e.jpg?resize=150%2C78 150w, https:\/\/i0.wp.com\/www.tvturk.com\/wp-content\/uploads\/2019\/02\/yusufeli-baraji-insaati-ile-yusufeli-ilcesi-yeni-yerlesim-yeri-alt-yapi-calismalari-devam-ediyor_1bce93e.jpg?resize=300%2C156 300w, https:\/\/i0.wp.com\/www.tvturk.com\/wp-content\/uploads\/2019\/02\/yusufeli-baraji-insaati-ile-yusufeli-ilcesi-yeni-yerlesim-yeri-alt-yapi-calismalari-devam-ediyor_1bce93e.jpg?resize=768%2C399 768w\" width=\"276\" height=\"144\" loading=\"lazy\" data-original-width=\"276\" data-original-height=\"144\" itemprop=\"http:\/\/schema.org\/image\" title=\"Yusufeli Baraj\u0131 in\u015faat\u0131 ile Yusufeli il\u00e7esi yeni yerle\u015fim yeri alt yap\u0131 \u00e7al\u0131\u015fmalar\u0131 devam ediyor\" alt=\"Yusufeli Baraj\u0131 in\u015faat\u0131 ile Yusufeli il\u00e7esi yeni yerle\u015fim yeri alt yap\u0131 \u00e7al\u0131\u015fmalar\u0131 devam ediyor\" style=\"width: 276px; height: 144px;\" \/> <\/a> <\/div> <\/div> <!-- close group --> <div class=\"gallery-group images-1\" style=\"width: 220px; height: 148px;\" data-original-width=\"220\" data-original-height=\"148\" > <div class=\"tiled-gallery-item tiled-gallery-item-small\" itemprop=\"associatedMedia\" itemscope itemtype=\"http:\/\/schema.org\/ImageObject\"> <a href=\"http:\/\/www.tvturk.com\/index.php\/yusufeli-baraji-insaati-ile-yusufeli-ilcesi-yeni-yerlesim-yeri-alt-yapi-calismalari-devam-ediyor\/yusufeli-baraji-insaati-ile-yusufeli-ilcesi-yeni-yerlesim-yeri-alt-yapi-calismalari-devam-ediyor-7\/\" border=\"0\" itemprop=\"url\"> <meta itemprop=\"width\" content=\"216\"> <meta itemprop=\"height\" content=\"144\"> <img decoding=\"async\" class=\"\" data-attachment-id=\"10983\" data-orig-file=\"http:\/\/www.tvturk.com\/wp-content\/uploads\/2019\/02\/yusufeli-baraji-insaati-ile-yusufeli-ilcesi-yeni-yerlesim-yeri-alt-yapi-calismalari-devam-ediyor_c61acd0.jpg\" data-orig-size=\"960,640\" data-comments-opened=\"\" data-image-meta=\"{&quot;aperture&quot;:&quot;0&quot;,&quot;credit&quot;:&quot;IHA&quot;,&quot;camera&quot;:&quot;&quot;,&quot;caption&quot;:&quot;ALT YAPI \\u00c7ALI\\u015eMALARI KAPSAMINDA BUG\\u00dcNE KADAR YAKLA\\u015eIK OLARAK 1 M\\u0130LYON METREK\\u00dcP KAZI YAPILIRKEN, KAZI \\u00c7ALI\\u015eMALARININ Y\\u00dcZDE 14\\u2019L\\u00dcK KISMI TAMAMLANDI (Z\\u0130YA AKYILDIZ\\\/ARTV\\u0130N-\\u0130HA)&quot;,&quot;created_timestamp&quot;:&quot;0&quot;,&quot;copyright&quot;:&quot;\\u0130HLAS HABER AJANSI, www.iha.com.tr&quot;,&quot;focal_length&quot;:&quot;0&quot;,&quot;iso&quot;:&quot;0&quot;,&quot;shutter_speed&quot;:&quot;0&quot;,&quot;title&quot;:&quot;YUSUFEL\\u0130 BARAJI \\u0130N\\u015eAATI \\u0130LE YUSUFEL\\u0130 \\u0130L\\u00c7ES\\u0130 YEN\\u0130 YERLE\\u015e\\u0130M YER\\u0130 ALT YAPI \\u00c7ALI\\u015eMALARI DEVAM ED\\u0130YOR&quot;,&quot;orientation&quot;:&quot;0&quot;}\" data-image-title=\"Yusufeli Baraj\u0131 in\u015faat\u0131 ile Yusufeli il\u00e7esi yeni yerle\u015fim yeri alt yap\u0131 \u00e7al\u0131\u015fmalar\u0131 devam ediyor\" data-image-description=\"&lt;p&gt;Yusufeli Baraj\u0131 in\u015faat\u0131 ile Yusufeli il\u00e7esi yeni yerle\u015fim yeri alt yap\u0131 \u00e7al\u0131\u015fmalar\u0131 devam ediyor&lt;\/p&gt; \" data-medium-file=\"https:\/\/i0.wp.com\/www.tvturk.com\/wp-content\/uploads\/2019\/02\/yusufeli-baraji-insaati-ile-yusufeli-ilcesi-yeni-yerlesim-yeri-alt-yapi-calismalari-devam-ediyor_c61acd0.jpg?fit=300%2C200\" data-large-file=\"https:\/\/i0.wp.com\/www.tvturk.com\/wp-content\/uploads\/2019\/02\/yusufeli-baraji-insaati-ile-yusufeli-ilcesi-yeni-yerlesim-yeri-alt-yapi-calismalari-devam-ediyor_c61acd0.jpg?fit=960%2C640\" src=\"https:\/\/i0.wp.com\/www.tvturk.com\/wp-content\/uploads\/2019\/02\/yusufeli-baraji-insaati-ile-yusufeli-ilcesi-yeni-yerlesim-yeri-alt-yapi-calismalari-devam-ediyor_c61acd0.jpg?w=216&#038;h=144\" srcset=\"https:\/\/i0.wp.com\/www.tvturk.com\/wp-content\/uploads\/2019\/02\/yusufeli-baraji-insaati-ile-yusufeli-ilcesi-yeni-yerlesim-yeri-alt-yapi-calismalari-devam-ediyor_c61acd0.jpg?w=960 960w, https:\/\/i0.wp.com\/www.tvturk.com\/wp-content\/uploads\/2019\/02\/yusufeli-baraji-insaati-ile-yusufeli-ilcesi-yeni-yerlesim-yeri-alt-yapi-calismalari-devam-ediyor_c61acd0.jpg?resize=150%2C100 150w, https:\/\/i0.wp.com\/www.tvturk.com\/wp-content\/uploads\/2019\/02\/yusufeli-baraji-insaati-ile-yusufeli-ilcesi-yeni-yerlesim-yeri-alt-yapi-calismalari-devam-ediyor_c61acd0.jpg?resize=300%2C200 300w, https:\/\/i0.wp.com\/www.tvturk.com\/wp-content\/uploads\/2019\/02\/yusufeli-baraji-insaati-ile-yusufeli-ilcesi-yeni-yerlesim-yeri-alt-yapi-calismalari-devam-ediyor_c61acd0.jpg?resize=768%2C512 768w, https:\/\/i0.wp.com\/www.tvturk.com\/wp-content\/uploads\/2019\/02\/yusufeli-baraji-insaati-ile-yusufeli-ilcesi-yeni-yerlesim-yeri-alt-yapi-calismalari-devam-ediyor_c61acd0.jpg?resize=170%2C113 170w, https:\/\/i0.wp.com\/www.tvturk.com\/wp-content\/uploads\/2019\/02\/yusufeli-baraji-insaati-ile-yusufeli-ilcesi-yeni-yerlesim-yeri-alt-yapi-calismalari-devam-ediyor_c61acd0.jpg?resize=120%2C80 120w\" width=\"216\" height=\"144\" loading=\"lazy\" data-original-width=\"216\" data-original-height=\"144\" itemprop=\"http:\/\/schema.org\/image\" title=\"Yusufeli Baraj\u0131 in\u015faat\u0131 ile Yusufeli il\u00e7esi yeni yerle\u015fim yeri alt yap\u0131 \u00e7al\u0131\u015fmalar\u0131 devam ediyor\" alt=\"Yusufeli Baraj\u0131 in\u015faat\u0131 ile Yusufeli il\u00e7esi yeni yerle\u015fim yeri alt yap\u0131 \u00e7al\u0131\u015fmalar\u0131 devam ediyor\" style=\"width: 216px; height: 144px;\" \/> <\/a> <\/div> <\/div> <!-- close group --> <\/div> <!-- close row --> <\/div><\/p>\n","protected":false},"excerpt":{"rendered":"<p>YUSUFEL\u0130 BARAJI VE HES PROJES\u0130NDE BARAJ G\u00d6VDE BETONU D\u00d6K\u00dcLMES\u0130 \u00c7ALI\u015eMALARI DA DEVAM ED\u0130YOR.<\/p>\n","protected":false},"author":1,"featured_media":10978,"comment_status":"closed","ping_status":"open","sticky":false,"template":"","format":"standard","meta":{"jetpack_post_was_ever_published":false,"_jetpack_newsletter_access":"","_jetpack_dont_email_post_to_subs":false,"_jetpack_newsletter_tier_id":0,"_jetpack_memberships_contains_paywalled_content":false,"_jetpack_memberships_contains_paid_content":false,"footnotes":"","jetpack_publicize_message":"","jetpack_publicize_feature_enabled":true,"jetpack_social_post_already_shared":false,"jetpack_social_options":{"image_generator_settings":{"template":"highway","default_image_id":0,"font":"","enabled":false},"version":2}},"categories":[655],"tags":[263,5673,310,522,523,5675,192,5674,2846,87,488,5676,5672],"class_list":["post-10977","post","type-post","status-publish","format-standard","has-post-thumbnail","hentry","category-son-dakika","tag-alt","tag-baraji","tag-calismalari","tag-devam","tag-ediyor","tag-ilcesi","tag-ile","tag-insaati","tag-yapi","tag-yeni","tag-yeri","tag-yerlesim","tag-yusufeli"],"jetpack_publicize_connections":[],"jetpack_featured_media_url":"https:\/\/i0.wp.com\/www.tvturk.com\/wp-content\/uploads\/2019\/02\/yusufeli-baraji-insaati-ile-yusufeli-ilcesi-yeni-yerlesim-yeri-alt-yapi-calismalari-devam-ediyor_c0159c9.jpg?fit=934%2C600","jetpack_sharing_enabled":true,"jetpack_shortlink":"https:\/\/wp.me\/paKIfm-2R3","_links":{"self":[{"href":"http:\/\/www.tvturk.com\/index.php\/wp-json\/wp\/v2\/posts\/10977","targetHints":{"allow":["GET"]}}],"collection":[{"href":"http:\/\/www.tvturk.com\/index.php\/wp-json\/wp\/v2\/posts"}],"about":[{"href":"http:\/\/www.tvturk.com\/index.php\/wp-json\/wp\/v2\/types\/post"}],"author":[{"embeddable":true,"href":"http:\/\/www.tvturk.com\/index.php\/wp-json\/wp\/v2\/users\/1"}],"replies":[{"embeddable":true,"href":"http:\/\/www.tvturk.com\/index.php\/wp-json\/wp\/v2\/comments?post=10977"}],"version-history":[{"count":1,"href":"http:\/\/www.tvturk.com\/index.php\/wp-json\/wp\/v2\/posts\/10977\/revisions"}],"predecessor-version":[{"id":10984,"href":"http:\/\/www.tvturk.com\/index.php\/wp-json\/wp\/v2\/posts\/10977\/revisions\/10984"}],"wp:featuredmedia":[{"embeddable":true,"href":"http:\/\/www.tvturk.com\/index.php\/wp-json\/wp\/v2\/media\/10978"}],"wp:attachment":[{"href":"http:\/\/www.tvturk.com\/index.php\/wp-json\/wp\/v2\/media?parent=10977"}],"wp:term":[{"taxonomy":"category","embeddable":true,"href":"http:\/\/www.tvturk.com\/index.php\/wp-json\/wp\/v2\/categories?post=10977"},{"taxonomy":"post_tag","embeddable":true,"href":"http:\/\/www.tvturk.com\/index.php\/wp-json\/wp\/v2\/tags?post=10977"}],"curies":[{"name":"wp","href":"https:\/\/api.w.org\/{rel}","templated":true}]}}