{"id":11013,"date":"2019-02-08T10:26:01","date_gmt":"2019-02-08T07:26:01","guid":{"rendered":"http:\/\/www.tvturk.com\/index.php\/ozlu-yeni-sanayi-carsisi-esnafini-ziyaret-etti\/"},"modified":"2019-02-08T10:26:04","modified_gmt":"2019-02-08T07:26:04","slug":"ozlu-yeni-sanayi-carsisi-esnafini-ziyaret-etti","status":"publish","type":"post","link":"http:\/\/www.tvturk.com\/index.php\/ozlu-yeni-sanayi-carsisi-esnafini-ziyaret-etti\/","title":{"rendered":"\u00d6zl\u00fc, Yeni Sanayi \u00c7ar\u015f\u0131s\u0131 esnaf\u0131n\u0131 ziyaret etti"},"content":{"rendered":"<p>D\u00dcZCE(\u0130HA) \u2013 AK Parti D\u00fczce Belediye Ba\u015fkan Aday\u0131 Dr. Faruk \u00d6zl\u00fc, sanayi esnaf\u0131n\u0131 ziyaret etti 31 Martta yap\u0131lacak olan se\u00e7imler i\u00e7in destek istedi.<\/p>\n<p>65. H\u00fck\u00fcmet Bilim Sanayi ve Teknoloji Bakan\u0131 ve AK Parti D\u00fczce Belediye Ba\u015fkan Aday\u0131 Dr. Faruk \u00d6zl\u00fc se\u00e7im \u00e7al\u0131\u015fmalar\u0131 kapsam\u0131nda ziyaretlerini s\u00fcrd\u00fcr\u00fcyor. Yeni Sanayi esnaf\u0131n\u0131 ziyaret eden \u00d6zl\u00fc, kendisine g\u00f6sterilen ilgiden olduk\u00e7a memnun oldu\u011funu ifade ederek \u201c\u00c7ok s\u0131cak bir ilgile kar\u015f\u0131la\u015ft\u0131k. Esnaf\u0131m\u0131za kucakla\u015f\u0131yoruz, hal hat\u0131r soruyoruz, sohbet ediyoruz, dertlerini ve sorunlar\u0131n\u0131 dinliyoruz. G\u00fczel bir atmosfer var, partimize ve \u015fahs\u0131m\u0131za g\u00fczel bir tevecc\u00fch var\u201d dedi.<\/p>\n<p>23 \u015eubatta a\u00e7\u0131klayaca\u011f\u0131 projelerden ipu\u00e7lar\u0131 veren \u00d6zl\u00fc, Kat\u0131 At\u0131k Entegre tesisi ile D\u00fczce\u2019de \u00e7\u00f6p sorununun bir daha a\u00e7\u0131lmamak \u00fczere kapanaca\u011f\u0131n\u0131, tesise giren \u00e7\u00f6plerin organik g\u00fcbre, enerji ve kuma d\u00f6n\u00fc\u015ft\u00fcr\u00fclece\u011fini s\u00f6yledi. D\u00fczce\u2019ye \u00e7ok b\u00fcy\u00fck bir Millet Bah\u00e7esi yap\u0131laca\u011f\u0131n\u0131 s\u00f6yleyen \u00d6zl\u00fc, proje yerini 23 \u015eubatta a\u00e7\u0131klayaca\u011f\u0131n\u0131 belirtti.<\/p>\n<p>\u201c23 \u015eubatta Cumhurba\u015fkan\u0131 Yard\u0131mc\u0131s\u0131 geliyor\u201d<\/p>\n<p>AK Parti D\u00fczce Belediye Ba\u015fkan Aday\u0131 Dr. Faruk \u00d6zl\u00fc \u201c23 \u015eubat\u2019ta Cumhurba\u015fkan\u0131 Yard\u0131mc\u0131m\u0131z Fuat Oktay\u2019\u0131n kat\u0131l\u0131m\u0131 ile projelerimizi a\u00e7\u0131klayaca\u011f\u0131z. Belli bir strateji ve planlama dahilinde se\u00e7im \u00e7al\u0131\u015fmalar\u0131m\u0131za devam ediyoruz. AK Parti\u2019nin en g\u00fczel projeleri D\u00fczce\u2019de olacak\u201d ifadelerini kulland\u0131.<div class=\"tiled-gallery type-rectangular tiled-gallery-unresized\" data-original-width=\"500\" data-carousel-extra='null' itemscope itemtype=\"http:\/\/schema.org\/ImageGallery\" > <div class=\"gallery-row\" style=\"width: 500px; height: 168px;\" data-original-width=\"500\" data-original-height=\"168\" > <div class=\"gallery-group images-1\" style=\"width: 250px; height: 168px;\" data-original-width=\"250\" data-original-height=\"168\" > <div class=\"tiled-gallery-item tiled-gallery-item-small\" itemprop=\"associatedMedia\" itemscope itemtype=\"http:\/\/schema.org\/ImageObject\"> <a href=\"http:\/\/www.tvturk.com\/index.php\/ozlu-yeni-sanayi-carsisi-esnafini-ziyaret-etti\/ozlu-yeni-sanayi-carsisi-esnafini-ziyaret-etti-3\/\" border=\"0\" itemprop=\"url\"> <meta itemprop=\"width\" content=\"246\"> <meta itemprop=\"height\" content=\"164\"> <img decoding=\"async\" class=\"\" data-attachment-id=\"11015\" data-orig-file=\"http:\/\/www.tvturk.com\/wp-content\/uploads\/2019\/02\/ozlu-yeni-sanayi-carsisi-esnafini-ziyaret-etti_51ddcd9.jpg\" data-orig-size=\"1000,666\" data-comments-opened=\"\" data-image-meta=\"{&quot;aperture&quot;:&quot;0&quot;,&quot;credit&quot;:&quot;IHA&quot;,&quot;camera&quot;:&quot;&quot;,&quot;caption&quot;:&quot;AK PART\\u0130 D\\u00dcZCE BELED\\u0130YE BA\\u015eKAN ADAYI DR. FARUK \\u00d6ZL\\u00dc, SANAY\\u0130 ESNAFINI Z\\u0130YARET ETT\\u0130 31 MARTTA YAPILACAK OLAN SE\\u00c7\\u0130MLER \\u0130\\u00c7\\u0130N DESTEK \\u0130STED\\u0130. (AL\\u0130 YILDIZ\\\/D\\u00dcZCE-\\u0130HA)&quot;,&quot;created_timestamp&quot;:&quot;0&quot;,&quot;copyright&quot;:&quot;\\u0130HLAS HABER AJANSI, www.iha.com.tr&quot;,&quot;focal_length&quot;:&quot;0&quot;,&quot;iso&quot;:&quot;0&quot;,&quot;shutter_speed&quot;:&quot;0&quot;,&quot;title&quot;:&quot;\\u00d6ZL\\u00dc, YEN\\u0130 SANAY\\u0130 \\u00c7AR\\u015eISI ESNAFINI Z\\u0130YARET ETT\\u0130&quot;,&quot;orientation&quot;:&quot;0&quot;}\" data-image-title=\"\u00d6zl\u00fc, Yeni Sanayi \u00c7ar\u015f\u0131s\u0131 esnaf\u0131n\u0131 ziyaret etti\" data-image-description=\"&lt;p&gt;\u00d6zl\u00fc, Yeni Sanayi \u00c7ar\u015f\u0131s\u0131 esnaf\u0131n\u0131 ziyaret etti&lt;\/p&gt; \" data-medium-file=\"https:\/\/i0.wp.com\/www.tvturk.com\/wp-content\/uploads\/2019\/02\/ozlu-yeni-sanayi-carsisi-esnafini-ziyaret-etti_51ddcd9.jpg?fit=300%2C200\" data-large-file=\"https:\/\/i0.wp.com\/www.tvturk.com\/wp-content\/uploads\/2019\/02\/ozlu-yeni-sanayi-carsisi-esnafini-ziyaret-etti_51ddcd9.jpg?fit=1000%2C666\" src=\"https:\/\/i0.wp.com\/www.tvturk.com\/wp-content\/uploads\/2019\/02\/ozlu-yeni-sanayi-carsisi-esnafini-ziyaret-etti_51ddcd9.jpg?w=246&#038;h=164\" srcset=\"https:\/\/i0.wp.com\/www.tvturk.com\/wp-content\/uploads\/2019\/02\/ozlu-yeni-sanayi-carsisi-esnafini-ziyaret-etti_51ddcd9.jpg?w=1000 1000w, https:\/\/i0.wp.com\/www.tvturk.com\/wp-content\/uploads\/2019\/02\/ozlu-yeni-sanayi-carsisi-esnafini-ziyaret-etti_51ddcd9.jpg?resize=150%2C100 150w, https:\/\/i0.wp.com\/www.tvturk.com\/wp-content\/uploads\/2019\/02\/ozlu-yeni-sanayi-carsisi-esnafini-ziyaret-etti_51ddcd9.jpg?resize=300%2C200 300w, https:\/\/i0.wp.com\/www.tvturk.com\/wp-content\/uploads\/2019\/02\/ozlu-yeni-sanayi-carsisi-esnafini-ziyaret-etti_51ddcd9.jpg?resize=768%2C511 768w, https:\/\/i0.wp.com\/www.tvturk.com\/wp-content\/uploads\/2019\/02\/ozlu-yeni-sanayi-carsisi-esnafini-ziyaret-etti_51ddcd9.jpg?resize=170%2C113 170w, https:\/\/i0.wp.com\/www.tvturk.com\/wp-content\/uploads\/2019\/02\/ozlu-yeni-sanayi-carsisi-esnafini-ziyaret-etti_51ddcd9.jpg?resize=120%2C80 120w\" width=\"246\" height=\"164\" loading=\"lazy\" data-original-width=\"246\" data-original-height=\"164\" itemprop=\"http:\/\/schema.org\/image\" title=\"\u00d6zl\u00fc, Yeni Sanayi \u00c7ar\u015f\u0131s\u0131 esnaf\u0131n\u0131 ziyaret etti\" alt=\"\u00d6zl\u00fc, Yeni Sanayi \u00c7ar\u015f\u0131s\u0131 esnaf\u0131n\u0131 ziyaret etti\" style=\"width: 246px; height: 164px;\" \/> <\/a> <\/div> <\/div> <!-- close group --> <div class=\"gallery-group images-1\" style=\"width: 250px; height: 168px;\" data-original-width=\"250\" data-original-height=\"168\" > <div class=\"tiled-gallery-item tiled-gallery-item-small\" itemprop=\"associatedMedia\" itemscope itemtype=\"http:\/\/schema.org\/ImageObject\"> <a href=\"http:\/\/www.tvturk.com\/index.php\/ozlu-yeni-sanayi-carsisi-esnafini-ziyaret-etti\/ozlu-yeni-sanayi-carsisi-esnafini-ziyaret-etti-4\/\" border=\"0\" itemprop=\"url\"> <meta itemprop=\"width\" content=\"246\"> <meta itemprop=\"height\" content=\"164\"> <img decoding=\"async\" class=\"\" data-attachment-id=\"11016\" data-orig-file=\"http:\/\/www.tvturk.com\/wp-content\/uploads\/2019\/02\/ozlu-yeni-sanayi-carsisi-esnafini-ziyaret-etti_e4a3297.jpg\" data-orig-size=\"1000,666\" data-comments-opened=\"\" data-image-meta=\"{&quot;aperture&quot;:&quot;0&quot;,&quot;credit&quot;:&quot;IHA&quot;,&quot;camera&quot;:&quot;&quot;,&quot;caption&quot;:&quot;AK PART\\u0130 D\\u00dcZCE BELED\\u0130YE BA\\u015eKAN ADAYI DR. FARUK \\u00d6ZL\\u00dc, SANAY\\u0130 ESNAFINI Z\\u0130YARET ETT\\u0130 31 MARTTA YAPILACAK OLAN SE\\u00c7\\u0130MLER \\u0130\\u00c7\\u0130N DESTEK \\u0130STED\\u0130. (AL\\u0130 YILDIZ\\\/D\\u00dcZCE-\\u0130HA)&quot;,&quot;created_timestamp&quot;:&quot;0&quot;,&quot;copyright&quot;:&quot;\\u0130HLAS HABER AJANSI, www.iha.com.tr&quot;,&quot;focal_length&quot;:&quot;0&quot;,&quot;iso&quot;:&quot;0&quot;,&quot;shutter_speed&quot;:&quot;0&quot;,&quot;title&quot;:&quot;\\u00d6ZL\\u00dc, YEN\\u0130 SANAY\\u0130 \\u00c7AR\\u015eISI ESNAFINI Z\\u0130YARET ETT\\u0130&quot;,&quot;orientation&quot;:&quot;0&quot;}\" data-image-title=\"\u00d6zl\u00fc, Yeni Sanayi \u00c7ar\u015f\u0131s\u0131 esnaf\u0131n\u0131 ziyaret etti\" data-image-description=\"&lt;p&gt;\u00d6zl\u00fc, Yeni Sanayi \u00c7ar\u015f\u0131s\u0131 esnaf\u0131n\u0131 ziyaret etti&lt;\/p&gt; \" data-medium-file=\"https:\/\/i0.wp.com\/www.tvturk.com\/wp-content\/uploads\/2019\/02\/ozlu-yeni-sanayi-carsisi-esnafini-ziyaret-etti_e4a3297.jpg?fit=300%2C200\" data-large-file=\"https:\/\/i0.wp.com\/www.tvturk.com\/wp-content\/uploads\/2019\/02\/ozlu-yeni-sanayi-carsisi-esnafini-ziyaret-etti_e4a3297.jpg?fit=1000%2C666\" src=\"https:\/\/i0.wp.com\/www.tvturk.com\/wp-content\/uploads\/2019\/02\/ozlu-yeni-sanayi-carsisi-esnafini-ziyaret-etti_e4a3297.jpg?w=246&#038;h=164\" srcset=\"https:\/\/i0.wp.com\/www.tvturk.com\/wp-content\/uploads\/2019\/02\/ozlu-yeni-sanayi-carsisi-esnafini-ziyaret-etti_e4a3297.jpg?w=1000 1000w, https:\/\/i0.wp.com\/www.tvturk.com\/wp-content\/uploads\/2019\/02\/ozlu-yeni-sanayi-carsisi-esnafini-ziyaret-etti_e4a3297.jpg?resize=150%2C100 150w, https:\/\/i0.wp.com\/www.tvturk.com\/wp-content\/uploads\/2019\/02\/ozlu-yeni-sanayi-carsisi-esnafini-ziyaret-etti_e4a3297.jpg?resize=300%2C200 300w, https:\/\/i0.wp.com\/www.tvturk.com\/wp-content\/uploads\/2019\/02\/ozlu-yeni-sanayi-carsisi-esnafini-ziyaret-etti_e4a3297.jpg?resize=768%2C511 768w, https:\/\/i0.wp.com\/www.tvturk.com\/wp-content\/uploads\/2019\/02\/ozlu-yeni-sanayi-carsisi-esnafini-ziyaret-etti_e4a3297.jpg?resize=170%2C113 170w, https:\/\/i0.wp.com\/www.tvturk.com\/wp-content\/uploads\/2019\/02\/ozlu-yeni-sanayi-carsisi-esnafini-ziyaret-etti_e4a3297.jpg?resize=120%2C80 120w\" width=\"246\" height=\"164\" loading=\"lazy\" data-original-width=\"246\" data-original-height=\"164\" itemprop=\"http:\/\/schema.org\/image\" title=\"\u00d6zl\u00fc, Yeni Sanayi \u00c7ar\u015f\u0131s\u0131 esnaf\u0131n\u0131 ziyaret etti\" alt=\"\u00d6zl\u00fc, Yeni Sanayi \u00c7ar\u015f\u0131s\u0131 esnaf\u0131n\u0131 ziyaret etti\" style=\"width: 246px; height: 164px;\" \/> <\/a> <\/div> <\/div> <!-- close group --> <\/div> <!-- close row --> <\/div><\/p>\n","protected":false},"excerpt":{"rendered":"<p>AK PART\u0130 D\u00dcZCE BELED\u0130YE BA\u015eKAN ADAYI DR. FARUK \u00d6ZL\u00dc, SANAY\u0130 ESNAFINI Z\u0130YARET ETT\u0130 31 MARTTA YAPILACAK OLAN SE\u00c7\u0130MLER \u0130\u00c7\u0130N DESTEK \u0130STED\u0130.<\/p>\n","protected":false},"author":1,"featured_media":11014,"comment_status":"closed","ping_status":"open","sticky":false,"template":"","format":"standard","meta":{"jetpack_post_was_ever_published":false,"_jetpack_newsletter_access":"","_jetpack_dont_email_post_to_subs":false,"_jetpack_newsletter_tier_id":0,"_jetpack_memberships_contains_paywalled_content":false,"_jetpack_memberships_contains_paid_content":false,"footnotes":"","jetpack_publicize_message":"","jetpack_publicize_feature_enabled":true,"jetpack_social_post_already_shared":false,"jetpack_social_options":{"image_generator_settings":{"template":"highway","default_image_id":0,"font":"","enabled":false},"version":2}},"categories":[9],"tags":[5687,206,207,5686,1167,87,150],"class_list":["post-11013","post","type-post","status-publish","format-standard","has-post-thumbnail","hentry","category-siyaset","tag-carsisi","tag-esnafini","tag-etti","tag-ozlu","tag-sanayi","tag-yeni","tag-ziyaret"],"jetpack_publicize_connections":[],"jetpack_featured_media_url":"https:\/\/i0.wp.com\/www.tvturk.com\/wp-content\/uploads\/2019\/02\/ozlu-yeni-sanayi-carsisi-esnafini-ziyaret-etti_9e10ebd.jpg?fit=1000%2C666","jetpack_sharing_enabled":true,"jetpack_shortlink":"https:\/\/wp.me\/paKIfm-2RD","_links":{"self":[{"href":"http:\/\/www.tvturk.com\/index.php\/wp-json\/wp\/v2\/posts\/11013","targetHints":{"allow":["GET"]}}],"collection":[{"href":"http:\/\/www.tvturk.com\/index.php\/wp-json\/wp\/v2\/posts"}],"about":[{"href":"http:\/\/www.tvturk.com\/index.php\/wp-json\/wp\/v2\/types\/post"}],"author":[{"embeddable":true,"href":"http:\/\/www.tvturk.com\/index.php\/wp-json\/wp\/v2\/users\/1"}],"replies":[{"embeddable":true,"href":"http:\/\/www.tvturk.com\/index.php\/wp-json\/wp\/v2\/comments?post=11013"}],"version-history":[{"count":1,"href":"http:\/\/www.tvturk.com\/index.php\/wp-json\/wp\/v2\/posts\/11013\/revisions"}],"predecessor-version":[{"id":11017,"href":"http:\/\/www.tvturk.com\/index.php\/wp-json\/wp\/v2\/posts\/11013\/revisions\/11017"}],"wp:featuredmedia":[{"embeddable":true,"href":"http:\/\/www.tvturk.com\/index.php\/wp-json\/wp\/v2\/media\/11014"}],"wp:attachment":[{"href":"http:\/\/www.tvturk.com\/index.php\/wp-json\/wp\/v2\/media?parent=11013"}],"wp:term":[{"taxonomy":"category","embeddable":true,"href":"http:\/\/www.tvturk.com\/index.php\/wp-json\/wp\/v2\/categories?post=11013"},{"taxonomy":"post_tag","embeddable":true,"href":"http:\/\/www.tvturk.com\/index.php\/wp-json\/wp\/v2\/tags?post=11013"}],"curies":[{"name":"wp","href":"https:\/\/api.w.org\/{rel}","templated":true}]}}