{"id":11145,"date":"2019-02-08T10:54:00","date_gmt":"2019-02-08T07:54:00","guid":{"rendered":"http:\/\/www.tvturk.com\/index.php\/okullar-arasi-voleybol-genc-a-grup-birinciligi-musabakalari-basladi\/"},"modified":"2019-02-08T10:54:03","modified_gmt":"2019-02-08T07:54:03","slug":"okullar-arasi-voleybol-genc-a-grup-birinciligi-musabakalari-basladi","status":"publish","type":"post","link":"http:\/\/www.tvturk.com\/index.php\/okullar-arasi-voleybol-genc-a-grup-birinciligi-musabakalari-basladi\/","title":{"rendered":"Okullar Aras\u0131 Voleybol Gen\u00e7 A Grup Birincili\u011fi M\u00fcsabakalar\u0131 Ba\u015flad\u0131"},"content":{"rendered":"<p>2018-2019 E\u011fitim \u00d6\u011fretim Y\u0131l\u0131 Okul Sporlar\u0131 Faaliyetleri kapsam\u0131nda Kayseri\u2019de d\u00fczenlenmekte olan Okullar Aras\u0131 Voleybol Gen\u00e7 (A) Erkek-K\u0131z Grup Birincili\u011fi M\u00fcsabakalar\u0131 b\u00fcy\u00fck bir heyecanla ba\u015flad\u0131.<\/p>\n<p>07-09 \u015eubat 2019 tarihleri aras\u0131nda Atat\u00fcrk Spor Salonu ve \u00d6zel Kayseri Organize Sanayi B\u00f6lgesi Mesleki ve Teknik Anadolu Lisesi Spor Salonunda devam eden m\u00fcsabakalarda tak\u0131mlar grup birincili\u011fi i\u00e7in k\u0131yas\u0131ya m\u00fccadele ediyor.<\/p>\n<p>11 tak\u0131mdan 132 sporcunun kat\u0131ld\u0131\u011f\u0131 erkekler kategorisinde Kayseri\u2019yi \u00d6zel Kayseri Organize Sanayi B\u00f6lgesi Mesleki ve Teknik Anadolu Lisesi temsil ederken, 12 tak\u0131mdan 144 sporcunun kat\u0131ld\u0131\u011f\u0131 k\u0131zlar kategorisinde ise Kayseri\u2019yi \u00d6zel Kayseri Final Temel Lisesi temsil ediyor.<\/p>\n<p>M\u00fcsabakalar sonucunda gruplar\u0131n\u0131 birinci tamamlayan okullar 4-7 Mart 2019 tarihleri aras\u0131nda d\u00fczenlenecek olan yar\u0131 final m\u00fcsabakalar\u0131na kat\u0131lma hakk\u0131 kazanacak.<\/p>\n<p>Gen\u00e7lik ve Spor \u0130l M\u00fcd\u00fcr\u00fc Murat Eskici; M\u00fcsabakalara kat\u0131lan t\u00fcm tak\u0131m ve sporculara ba\u015far\u0131lar diledi.<div class=\"tiled-gallery type-rectangular tiled-gallery-unresized\" data-original-width=\"500\" data-carousel-extra='null' itemscope itemtype=\"http:\/\/schema.org\/ImageGallery\" > <div class=\"gallery-row\" style=\"width: 500px; height: 189px;\" data-original-width=\"500\" data-original-height=\"189\" > <div class=\"gallery-group images-1\" style=\"width: 250px; height: 189px;\" data-original-width=\"250\" data-original-height=\"189\" > <div class=\"tiled-gallery-item tiled-gallery-item-small\" itemprop=\"associatedMedia\" itemscope itemtype=\"http:\/\/schema.org\/ImageObject\"> <a href=\"http:\/\/www.tvturk.com\/index.php\/okullar-arasi-voleybol-genc-a-grup-birinciligi-musabakalari-basladi\/okullar-arasi-voleybol-genc-a-grup-birinciligi-musabakalari-basladi-3\/\" border=\"0\" itemprop=\"url\"> <meta itemprop=\"width\" content=\"246\"> <meta itemprop=\"height\" content=\"185\"> <img decoding=\"async\" class=\"\" data-attachment-id=\"11147\" data-orig-file=\"http:\/\/www.tvturk.com\/wp-content\/uploads\/2019\/02\/okullar-arasi-voleybol-genc-a-grup-birinciligi-musabakalari-basladi_59ad045.jpg\" data-orig-size=\"960,720\" data-comments-opened=\"\" data-image-meta=\"{&quot;aperture&quot;:&quot;0&quot;,&quot;credit&quot;:&quot;IHA&quot;,&quot;camera&quot;:&quot;&quot;,&quot;caption&quot;:&quot;2018 -2019 E\\u011e\\u0130T\\u0130M \\u00d6\\u011eRET\\u0130M YILI OKUL SPORLARI FAAL\\u0130YETLER\\u0130 KAPSAMINDA KAYSER\\u0130\\u0027DE D\\u00dcZENLENMEKTE OLAN OKULLAR ARASI VOLEYBOL GEN\\u00c7 (A) ERKEK-KIZ GRUP B\\u0130R\\u0130NC\\u0130L\\u0130\\u011e\\u0130 M\\u00dcSABAKALARI B\\u00dcY\\u00dcK B\\u0130R HEYECANLA BA\\u015eLADI. (ERHAN KAN\\\/KAYSER\\u0130-\\u0130HA)&quot;,&quot;created_timestamp&quot;:&quot;1549651680&quot;,&quot;copyright&quot;:&quot;\\u0130HLAS HABER AJANSI, www.iha.com.tr&quot;,&quot;focal_length&quot;:&quot;0&quot;,&quot;iso&quot;:&quot;0&quot;,&quot;shutter_speed&quot;:&quot;0&quot;,&quot;title&quot;:&quot;OKULLAR ARASI VOLEYBOL GEN\\u00c7 A GRUP B\\u0130R\\u0130NC\\u0130L\\u0130\\u011e\\u0130 M\\u00dcSABAKALARI BA\\u015eLADI&quot;,&quot;orientation&quot;:&quot;0&quot;}\" data-image-title=\"Okullar Aras\u0131 Voleybol Gen\u00e7 A Grup Birincili\u011fi M\u00fcsabakalar\u0131 Ba\u015flad\u0131\" data-image-description=\"&lt;p&gt;Okullar Aras\u0131 Voleybol Gen\u00e7 A Grup Birincili\u011fi M\u00fcsabakalar\u0131 Ba\u015flad\u0131&lt;\/p&gt; \" data-medium-file=\"https:\/\/i0.wp.com\/www.tvturk.com\/wp-content\/uploads\/2019\/02\/okullar-arasi-voleybol-genc-a-grup-birinciligi-musabakalari-basladi_59ad045.jpg?fit=300%2C225\" data-large-file=\"https:\/\/i0.wp.com\/www.tvturk.com\/wp-content\/uploads\/2019\/02\/okullar-arasi-voleybol-genc-a-grup-birinciligi-musabakalari-basladi_59ad045.jpg?fit=960%2C720\" src=\"https:\/\/i0.wp.com\/www.tvturk.com\/wp-content\/uploads\/2019\/02\/okullar-arasi-voleybol-genc-a-grup-birinciligi-musabakalari-basladi_59ad045.jpg?w=246&#038;h=185\" srcset=\"https:\/\/i0.wp.com\/www.tvturk.com\/wp-content\/uploads\/2019\/02\/okullar-arasi-voleybol-genc-a-grup-birinciligi-musabakalari-basladi_59ad045.jpg?w=960 960w, https:\/\/i0.wp.com\/www.tvturk.com\/wp-content\/uploads\/2019\/02\/okullar-arasi-voleybol-genc-a-grup-birinciligi-musabakalari-basladi_59ad045.jpg?resize=150%2C113 150w, https:\/\/i0.wp.com\/www.tvturk.com\/wp-content\/uploads\/2019\/02\/okullar-arasi-voleybol-genc-a-grup-birinciligi-musabakalari-basladi_59ad045.jpg?resize=300%2C225 300w, https:\/\/i0.wp.com\/www.tvturk.com\/wp-content\/uploads\/2019\/02\/okullar-arasi-voleybol-genc-a-grup-birinciligi-musabakalari-basladi_59ad045.jpg?resize=768%2C576 768w\" width=\"246\" height=\"185\" loading=\"lazy\" data-original-width=\"246\" data-original-height=\"185\" itemprop=\"http:\/\/schema.org\/image\" title=\"Okullar Aras\u0131 Voleybol Gen\u00e7 A Grup Birincili\u011fi M\u00fcsabakalar\u0131 Ba\u015flad\u0131\" alt=\"Okullar Aras\u0131 Voleybol Gen\u00e7 A Grup Birincili\u011fi M\u00fcsabakalar\u0131 Ba\u015flad\u0131\" style=\"width: 246px; height: 185px;\" \/> <\/a> <\/div> <\/div> <!-- close group --> <div class=\"gallery-group images-1\" style=\"width: 250px; height: 189px;\" data-original-width=\"250\" data-original-height=\"189\" > <div class=\"tiled-gallery-item tiled-gallery-item-small\" itemprop=\"associatedMedia\" itemscope itemtype=\"http:\/\/schema.org\/ImageObject\"> <a href=\"http:\/\/www.tvturk.com\/index.php\/okullar-arasi-voleybol-genc-a-grup-birinciligi-musabakalari-basladi\/okullar-arasi-voleybol-genc-a-grup-birinciligi-musabakalari-basladi-4\/\" border=\"0\" itemprop=\"url\"> <meta itemprop=\"width\" content=\"246\"> <meta itemprop=\"height\" content=\"185\"> <img decoding=\"async\" class=\"\" data-attachment-id=\"11148\" data-orig-file=\"http:\/\/www.tvturk.com\/wp-content\/uploads\/2019\/02\/okullar-arasi-voleybol-genc-a-grup-birinciligi-musabakalari-basladi_e53cf02.jpg\" data-orig-size=\"960,720\" data-comments-opened=\"\" data-image-meta=\"{&quot;aperture&quot;:&quot;0&quot;,&quot;credit&quot;:&quot;IHA&quot;,&quot;camera&quot;:&quot;&quot;,&quot;caption&quot;:&quot;2018 -2019 E\\u011e\\u0130T\\u0130M \\u00d6\\u011eRET\\u0130M YILI OKUL SPORLARI FAAL\\u0130YETLER\\u0130 KAPSAMINDA KAYSER\\u0130\\u0027DE D\\u00dcZENLENMEKTE OLAN OKULLAR ARASI VOLEYBOL GEN\\u00c7 (A) ERKEK-KIZ GRUP B\\u0130R\\u0130NC\\u0130L\\u0130\\u011e\\u0130 M\\u00dcSABAKALARI B\\u00dcY\\u00dcK B\\u0130R HEYECANLA BA\\u015eLADI. (ERHAN KAN\\\/KAYSER\\u0130-\\u0130HA)&quot;,&quot;created_timestamp&quot;:&quot;1549651680&quot;,&quot;copyright&quot;:&quot;\\u0130HLAS HABER AJANSI, www.iha.com.tr&quot;,&quot;focal_length&quot;:&quot;0&quot;,&quot;iso&quot;:&quot;0&quot;,&quot;shutter_speed&quot;:&quot;0&quot;,&quot;title&quot;:&quot;OKULLAR ARASI VOLEYBOL GEN\\u00c7 A GRUP B\\u0130R\\u0130NC\\u0130L\\u0130\\u011e\\u0130 M\\u00dcSABAKALARI BA\\u015eLADI&quot;,&quot;orientation&quot;:&quot;0&quot;}\" data-image-title=\"Okullar Aras\u0131 Voleybol Gen\u00e7 A Grup Birincili\u011fi M\u00fcsabakalar\u0131 Ba\u015flad\u0131\" data-image-description=\"&lt;p&gt;Okullar Aras\u0131 Voleybol Gen\u00e7 A Grup Birincili\u011fi M\u00fcsabakalar\u0131 Ba\u015flad\u0131&lt;\/p&gt; \" data-medium-file=\"https:\/\/i0.wp.com\/www.tvturk.com\/wp-content\/uploads\/2019\/02\/okullar-arasi-voleybol-genc-a-grup-birinciligi-musabakalari-basladi_e53cf02.jpg?fit=300%2C225\" data-large-file=\"https:\/\/i0.wp.com\/www.tvturk.com\/wp-content\/uploads\/2019\/02\/okullar-arasi-voleybol-genc-a-grup-birinciligi-musabakalari-basladi_e53cf02.jpg?fit=960%2C720\" src=\"https:\/\/i0.wp.com\/www.tvturk.com\/wp-content\/uploads\/2019\/02\/okullar-arasi-voleybol-genc-a-grup-birinciligi-musabakalari-basladi_e53cf02.jpg?w=246&#038;h=185\" srcset=\"https:\/\/i0.wp.com\/www.tvturk.com\/wp-content\/uploads\/2019\/02\/okullar-arasi-voleybol-genc-a-grup-birinciligi-musabakalari-basladi_e53cf02.jpg?w=960 960w, https:\/\/i0.wp.com\/www.tvturk.com\/wp-content\/uploads\/2019\/02\/okullar-arasi-voleybol-genc-a-grup-birinciligi-musabakalari-basladi_e53cf02.jpg?resize=150%2C113 150w, https:\/\/i0.wp.com\/www.tvturk.com\/wp-content\/uploads\/2019\/02\/okullar-arasi-voleybol-genc-a-grup-birinciligi-musabakalari-basladi_e53cf02.jpg?resize=300%2C225 300w, https:\/\/i0.wp.com\/www.tvturk.com\/wp-content\/uploads\/2019\/02\/okullar-arasi-voleybol-genc-a-grup-birinciligi-musabakalari-basladi_e53cf02.jpg?resize=768%2C576 768w\" width=\"246\" height=\"185\" loading=\"lazy\" data-original-width=\"246\" data-original-height=\"185\" itemprop=\"http:\/\/schema.org\/image\" title=\"Okullar Aras\u0131 Voleybol Gen\u00e7 A Grup Birincili\u011fi M\u00fcsabakalar\u0131 Ba\u015flad\u0131\" alt=\"Okullar Aras\u0131 Voleybol Gen\u00e7 A Grup Birincili\u011fi M\u00fcsabakalar\u0131 Ba\u015flad\u0131\" style=\"width: 246px; height: 185px;\" \/> <\/a> <\/div> <\/div> <!-- close group --> <\/div> <!-- close row --> <\/div><\/p>\n","protected":false},"excerpt":{"rendered":"<p>2018 -2019 E\u011e\u0130T\u0130M \u00d6\u011eRET\u0130M YILI OKUL SPORLARI FAAL\u0130YETLER\u0130 KAPSAMINDA KAYSER\u0130&#8217;DE D\u00dcZENLENMEKTE OLAN OKULLAR ARASI VOLEYBOL GEN\u00c7 (A) ERKEK-KIZ GRUP B\u0130R\u0130NC\u0130L\u0130\u011e\u0130 M\u00dcSABAKALARI B\u00dcY\u00dcK B\u0130R HEYECANLA BA\u015eLADI.<\/p>\n","protected":false},"author":1,"featured_media":11146,"comment_status":"closed","ping_status":"open","sticky":false,"template":"","format":"standard","meta":{"jetpack_post_was_ever_published":false,"_jetpack_newsletter_access":"","_jetpack_dont_email_post_to_subs":false,"_jetpack_newsletter_tier_id":0,"_jetpack_memberships_contains_paywalled_content":false,"_jetpack_memberships_contains_paid_content":false,"footnotes":"","jetpack_publicize_message":"","jetpack_publicize_feature_enabled":true,"jetpack_social_post_already_shared":false,"jetpack_social_options":{"image_generator_settings":{"template":"highway","default_image_id":0,"font":"","enabled":false},"version":2}},"categories":[657],"tags":[5765,55,5766,803,516,2663,3574,4366],"class_list":["post-11145","post","type-post","status-publish","format-standard","has-post-thumbnail","hentry","category-spor","tag-arasi","tag-basladi","tag-birinciligi","tag-genc","tag-grup","tag-musabakalari","tag-okullar","tag-voleybol"],"jetpack_publicize_connections":[],"jetpack_featured_media_url":"https:\/\/i0.wp.com\/www.tvturk.com\/wp-content\/uploads\/2019\/02\/okullar-arasi-voleybol-genc-a-grup-birinciligi-musabakalari-basladi_ee946db.jpg?fit=960%2C720","jetpack_sharing_enabled":true,"jetpack_shortlink":"https:\/\/wp.me\/paKIfm-2TL","_links":{"self":[{"href":"http:\/\/www.tvturk.com\/index.php\/wp-json\/wp\/v2\/posts\/11145","targetHints":{"allow":["GET"]}}],"collection":[{"href":"http:\/\/www.tvturk.com\/index.php\/wp-json\/wp\/v2\/posts"}],"about":[{"href":"http:\/\/www.tvturk.com\/index.php\/wp-json\/wp\/v2\/types\/post"}],"author":[{"embeddable":true,"href":"http:\/\/www.tvturk.com\/index.php\/wp-json\/wp\/v2\/users\/1"}],"replies":[{"embeddable":true,"href":"http:\/\/www.tvturk.com\/index.php\/wp-json\/wp\/v2\/comments?post=11145"}],"version-history":[{"count":1,"href":"http:\/\/www.tvturk.com\/index.php\/wp-json\/wp\/v2\/posts\/11145\/revisions"}],"predecessor-version":[{"id":11149,"href":"http:\/\/www.tvturk.com\/index.php\/wp-json\/wp\/v2\/posts\/11145\/revisions\/11149"}],"wp:featuredmedia":[{"embeddable":true,"href":"http:\/\/www.tvturk.com\/index.php\/wp-json\/wp\/v2\/media\/11146"}],"wp:attachment":[{"href":"http:\/\/www.tvturk.com\/index.php\/wp-json\/wp\/v2\/media?parent=11145"}],"wp:term":[{"taxonomy":"category","embeddable":true,"href":"http:\/\/www.tvturk.com\/index.php\/wp-json\/wp\/v2\/categories?post=11145"},{"taxonomy":"post_tag","embeddable":true,"href":"http:\/\/www.tvturk.com\/index.php\/wp-json\/wp\/v2\/tags?post=11145"}],"curies":[{"name":"wp","href":"https:\/\/api.w.org\/{rel}","templated":true}]}}