{"id":11170,"date":"2019-02-08T10:55:53","date_gmt":"2019-02-08T07:55:53","guid":{"rendered":"http:\/\/www.tvturk.com\/index.php\/kopek-saldirisindan-kacarken-canindan-oldu\/"},"modified":"2019-02-08T10:55:53","modified_gmt":"2019-02-08T07:55:53","slug":"kopek-saldirisindan-kacarken-canindan-oldu","status":"publish","type":"post","link":"http:\/\/www.tvturk.com\/index.php\/kopek-saldirisindan-kacarken-canindan-oldu\/","title":{"rendered":"K\u00f6pek sald\u0131r\u0131s\u0131ndan ka\u00e7arken can\u0131ndan oldu"},"content":{"rendered":"<p>Mu\u011fla\u2019n\u0131n Bodrum il\u00e7esine \u00e7al\u0131\u015fmak i\u00e7in gelen 25 ya\u015f\u0131ndaki gen\u00e7, k\u00f6peklerin sald\u0131r\u0131s\u0131ndan ka\u00e7arken kamyonun alt\u0131nda kalarak can verdi.<\/p>\n<p>Antalya\u2019dan Bodrum\u2019a \u00e7al\u0131\u015fmaya gelen in\u015faat i\u015f\u00e7isi 25 ya\u015f\u0131ndaki Onur Sa\u011f\u0131r, Bodrum Milas karayolu Milas istikameti Kumk\u00f6y kav\u015fa\u011f\u0131nda otob\u00fcsten iner inmez k\u00f6peklerin sald\u0131r\u0131s\u0131na u\u011frad\u0131. K\u00f6peklerden ka\u00e7maya ba\u015flayan Sa\u011f\u0131r k\u00f6pekler pe\u015fini b\u0131rakmay\u0131nca bir anda yola f\u0131rlad\u0131. O esnada yoldan ge\u00e7en kamyonun alt\u0131nda kalan Sa\u011f\u0131r a\u011f\u0131r yaraland\u0131. Olay yerine gelen ambulansla Bodrum Devlet Hastanesine kald\u0131r\u0131lan Sa\u011f\u0131r, t\u00fcm m\u00fcdahalelere ra\u011fmen kurtar\u0131lamad\u0131.<\/p>\n<p>Polis olaya ilgili tahkikat ba\u015flatt\u0131.<\/p>\n","protected":false},"excerpt":{"rendered":"<p>MU\u011eLA\u2019NIN BODRUM \u0130L\u00c7ES\u0130NE \u00c7ALI\u015eMAK \u0130\u00c7\u0130N GELEN 25 YA\u015eINDAK\u0130 GEN\u00c7, K\u00d6PEKLER\u0130N SALDIRISINDAN KA\u00c7ARKEN KAMYONUN ALTINDA KALARAK CAN VERD\u0130.<\/p>\n","protected":false},"author":1,"featured_media":11171,"comment_status":"closed","ping_status":"open","sticky":false,"template":"","format":"standard","meta":{"jetpack_post_was_ever_published":false,"_jetpack_newsletter_access":"","_jetpack_dont_email_post_to_subs":false,"_jetpack_newsletter_tier_id":0,"_jetpack_memberships_contains_paywalled_content":false,"_jetpack_memberships_contains_paid_content":false,"footnotes":"","jetpack_publicize_message":"","jetpack_publicize_feature_enabled":true,"jetpack_social_post_already_shared":false,"jetpack_social_options":{"image_generator_settings":{"template":"highway","default_image_id":0,"font":"","enabled":false},"version":2}},"categories":[655],"tags":[5772,1139,1375,77,5771],"class_list":["post-11170","post","type-post","status-publish","format-standard","has-post-thumbnail","hentry","category-son-dakika","tag-canindan","tag-kacarken","tag-kopek","tag-oldu","tag-saldirisindan"],"jetpack_publicize_connections":[],"jetpack_featured_media_url":"https:\/\/i0.wp.com\/www.tvturk.com\/wp-content\/uploads\/2019\/02\/kopek-saldirisindan-kacarken-canindan-oldu_8638c6f.jpg?fit=750%2C421","jetpack_sharing_enabled":true,"jetpack_shortlink":"https:\/\/wp.me\/paKIfm-2Ua","_links":{"self":[{"href":"http:\/\/www.tvturk.com\/index.php\/wp-json\/wp\/v2\/posts\/11170","targetHints":{"allow":["GET"]}}],"collection":[{"href":"http:\/\/www.tvturk.com\/index.php\/wp-json\/wp\/v2\/posts"}],"about":[{"href":"http:\/\/www.tvturk.com\/index.php\/wp-json\/wp\/v2\/types\/post"}],"author":[{"embeddable":true,"href":"http:\/\/www.tvturk.com\/index.php\/wp-json\/wp\/v2\/users\/1"}],"replies":[{"embeddable":true,"href":"http:\/\/www.tvturk.com\/index.php\/wp-json\/wp\/v2\/comments?post=11170"}],"version-history":[{"count":0,"href":"http:\/\/www.tvturk.com\/index.php\/wp-json\/wp\/v2\/posts\/11170\/revisions"}],"wp:featuredmedia":[{"embeddable":true,"href":"http:\/\/www.tvturk.com\/index.php\/wp-json\/wp\/v2\/media\/11171"}],"wp:attachment":[{"href":"http:\/\/www.tvturk.com\/index.php\/wp-json\/wp\/v2\/media?parent=11170"}],"wp:term":[{"taxonomy":"category","embeddable":true,"href":"http:\/\/www.tvturk.com\/index.php\/wp-json\/wp\/v2\/categories?post=11170"},{"taxonomy":"post_tag","embeddable":true,"href":"http:\/\/www.tvturk.com\/index.php\/wp-json\/wp\/v2\/tags?post=11170"}],"curies":[{"name":"wp","href":"https:\/\/api.w.org\/{rel}","templated":true}]}}