{"id":111859,"date":"2019-03-25T09:44:07","date_gmt":"2019-03-25T06:44:07","guid":{"rendered":"http:\/\/www.tvturk.com\/index.php\/italyanlar-galata-icin-turkiyede\/"},"modified":"2019-03-25T09:44:07","modified_gmt":"2019-03-25T06:44:07","slug":"italyanlar-galata-icin-turkiyede","status":"publish","type":"post","link":"http:\/\/www.tvturk.com\/index.php\/italyanlar-galata-icin-turkiyede\/","title":{"rendered":"\u0130talyanlar Galata i\u00e7in T\u00fcrkiye\u2019de"},"content":{"rendered":"<p>Galata, mimarl\u0131k alan\u0131nda uluslararas\u0131 bir etkinli\u011fe ev sahipli\u011fi yapacak.<\/p>\n<p>\u0130stanbul\u2019un farkl\u0131 medeniyetlere kucak a\u00e7m\u0131\u015f tarihi ve turistik b\u00f6lgesi Galata, mimarl\u0131k alan\u0131nda uluslararas\u0131 bir etkinli\u011fe ev sahipli\u011fi yapacak. University of Parma ve \u00d6zye\u011fin \u00dcniversitesi i\u015f birli\u011fiyle d\u00fczenlenecek olan \u201cInternational Urban Design Workshop Urban Facade \u0130stanbul Waterfront\u201d ba\u015fl\u0131kl\u0131 etkinli\u011fe ba\u015fta \u0130talya olmak \u00fczere yurt d\u0131\u015f\u0131ndan \u00e7ok say\u0131da \u00f6\u011fretim \u00fcyesi ve \u00f6\u011frenci kat\u0131lacak.<\/p>\n<p>30 Mart\u2019a kadar s\u00fcrecek etkinli\u011fe ayr\u0131ca Sapienza University of Rome, University of Naples Federico II, Department of Architecture University of Florence, Universita degli Studi Mediterranea di Regio Calabria gibi uluslararas\u0131 \u00fcniversite ve kurulu\u015flar da destek verecek. T\u00fcrkiye\u2019den ve d\u00fcnyadan kat\u0131l\u0131mc\u0131lar\u0131n takip edece\u011fi etkinli\u011fin \u00e7al\u0131\u015ftay konusunu ise tarihi kent dokular\u0131n\u0131n yeni binalarla ikame edildi\u011fi \u0130stanbul\u2019daki sorunlar olu\u015fturacak. At\u00f6lye etkinli\u011finde ise Galata ve Beyo\u011flu sahil b\u00f6lgelerinin \u00f6zelinde ya\u015fanan de\u011fi\u015fimler  ve bu de\u011fi\u015fimin olu\u015fturdu\u011fu k\u00fclt\u00fcrel etkiler masaya yat\u0131r\u0131lacak. \u00d6zye\u011fin \u00dcniversitesi \u00c7ekmek\u00f6y Kamp\u00fcs\u00fc\u2019nde d\u00fczenlenecek etkinli\u011fe, Mimarlar Odas\u0131 \u0130stanbul B\u00fcy\u00fckkent \u015eubesi de destekleriyle katk\u0131 sa\u011flayacak.<\/p>\n","protected":false},"excerpt":{"rendered":"<p>GALATA, M\u0130MARLIK ALANINDA ULUSLARARASI B\u0130R ETK\u0130NL\u0130\u011eE EV SAH\u0130PL\u0130\u011e\u0130 YAPACAK.<\/p>\n","protected":false},"author":1,"featured_media":111860,"comment_status":"closed","ping_status":"open","sticky":false,"template":"","format":"standard","meta":{"jetpack_post_was_ever_published":false,"_jetpack_newsletter_access":"","_jetpack_dont_email_post_to_subs":false,"_jetpack_newsletter_tier_id":0,"_jetpack_memberships_contains_paywalled_content":false,"_jetpack_memberships_contains_paid_content":false,"footnotes":"","jetpack_publicize_message":"","jetpack_publicize_feature_enabled":true,"jetpack_social_post_already_shared":true,"jetpack_social_options":{"image_generator_settings":{"template":"highway","default_image_id":0,"font":"","enabled":false},"version":2}},"categories":[656],"tags":[20010,44,27635,2383],"class_list":["post-111859","post","type-post","status-publish","format-standard","has-post-thumbnail","hentry","category-kultur-sanat","tag-galata","tag-icin","tag-italyanlar","tag-turkiyede"],"jetpack_publicize_connections":[],"jetpack_featured_media_url":"https:\/\/i0.wp.com\/www.tvturk.com\/wp-content\/uploads\/2019\/03\/italyanlar-galata-icin-turkiyede_93be8c7.jpg?fit=1000%2C666","jetpack_sharing_enabled":true,"jetpack_shortlink":"https:\/\/wp.me\/paKIfm-t6b","_links":{"self":[{"href":"http:\/\/www.tvturk.com\/index.php\/wp-json\/wp\/v2\/posts\/111859","targetHints":{"allow":["GET"]}}],"collection":[{"href":"http:\/\/www.tvturk.com\/index.php\/wp-json\/wp\/v2\/posts"}],"about":[{"href":"http:\/\/www.tvturk.com\/index.php\/wp-json\/wp\/v2\/types\/post"}],"author":[{"embeddable":true,"href":"http:\/\/www.tvturk.com\/index.php\/wp-json\/wp\/v2\/users\/1"}],"replies":[{"embeddable":true,"href":"http:\/\/www.tvturk.com\/index.php\/wp-json\/wp\/v2\/comments?post=111859"}],"version-history":[{"count":0,"href":"http:\/\/www.tvturk.com\/index.php\/wp-json\/wp\/v2\/posts\/111859\/revisions"}],"wp:featuredmedia":[{"embeddable":true,"href":"http:\/\/www.tvturk.com\/index.php\/wp-json\/wp\/v2\/media\/111860"}],"wp:attachment":[{"href":"http:\/\/www.tvturk.com\/index.php\/wp-json\/wp\/v2\/media?parent=111859"}],"wp:term":[{"taxonomy":"category","embeddable":true,"href":"http:\/\/www.tvturk.com\/index.php\/wp-json\/wp\/v2\/categories?post=111859"},{"taxonomy":"post_tag","embeddable":true,"href":"http:\/\/www.tvturk.com\/index.php\/wp-json\/wp\/v2\/tags?post=111859"}],"curies":[{"name":"wp","href":"https:\/\/api.w.org\/{rel}","templated":true}]}}