{"id":111991,"date":"2019-03-25T10:39:15","date_gmt":"2019-03-25T07:39:15","guid":{"rendered":"http:\/\/www.tvturk.com\/index.php\/onazi-takim-arkadaslariyla-hasret-giderdi\/"},"modified":"2019-03-25T10:39:17","modified_gmt":"2019-03-25T07:39:17","slug":"onazi-takim-arkadaslariyla-hasret-giderdi","status":"publish","type":"post","link":"http:\/\/www.tvturk.com\/index.php\/onazi-takim-arkadaslariyla-hasret-giderdi\/","title":{"rendered":"Onazi, tak\u0131m arkada\u015flar\u0131yla hasret giderdi"},"content":{"rendered":"<p>S\u00fcper Lig\u2019in ilk yar\u0131s\u0131nda \u00c7aykur Rizespor ile oynanan ma\u00e7ta a\u015fil tendonu kopan ve sezonu kapatan Ogenyi Onazi, Trabzon\u2019a d\u00f6nd\u00fc. Nijeryal\u0131 oyuncu, Teknik Direkt\u00f6r \u00dcnal Karaman ve tak\u0131m arkada\u015flar\u0131yla hasret giderdi.<\/p>\n<p>Spor Toto S\u00fcper Lig\u2019in 17. haftas\u0131nda \u00c7aykur Rizespor\u2019u sahas\u0131nda 4-1 ma\u011flup eden Trabzonspor\u2019da kar\u015f\u0131la\u015fman\u0131n 32. dakikas\u0131nda Ogenyi Onazi\u2019nin girdi\u011fi ikili m\u00fccadele sonras\u0131 a\u015fil tendonu kopmu\u015ftu. Ya\u015fad\u0131\u011f\u0131 sakatl\u0131k sonras\u0131 \u0130stanbul\u2019da ameliyat olan ve rehabilitasyon s\u00fcreci ge\u00e7iren Onazi, Trabzon\u2019a d\u00f6nd\u00fc. Teknik Direkt\u00f6r \u00dcnal Karaman ve tak\u0131m arkada\u015flar\u0131yla hasret gideren Nijeryal\u0131 oyuncuya uygulanacak tedavi s\u00fcreci Trabzon\u2019da bir dizi kontrolden ge\u00e7tikten sonra belirlenecek. K\u0131sa zamanda sahalara d\u00f6nmesi hedeflenen ba\u015far\u0131l\u0131 futbolcu da \u00e7al\u0131\u015fmalara ba\u015flamak i\u00e7in sab\u0131rs\u0131zlan\u0131yor.<div class=\"tiled-gallery type-rectangular tiled-gallery-unresized\" data-original-width=\"500\" data-carousel-extra='null' itemscope itemtype=\"http:\/\/schema.org\/ImageGallery\" > <div class=\"gallery-row\" style=\"width: 500px; height: 351px;\" data-original-width=\"500\" data-original-height=\"351\" > <div class=\"gallery-group images-1\" style=\"width: 500px; height: 351px;\" data-original-width=\"500\" data-original-height=\"351\" > <div class=\"tiled-gallery-item tiled-gallery-item-large\" itemprop=\"associatedMedia\" itemscope itemtype=\"http:\/\/schema.org\/ImageObject\"> <a href=\"http:\/\/www.tvturk.com\/index.php\/onazi-takim-arkadaslariyla-hasret-giderdi\/onazi-takim-arkadaslariyla-hasret-giderdi-3\/\" border=\"0\" itemprop=\"url\"> <meta itemprop=\"width\" content=\"496\"> <meta itemprop=\"height\" content=\"347\"> <img decoding=\"async\" class=\"\" data-attachment-id=\"111993\" data-orig-file=\"http:\/\/www.tvturk.com\/wp-content\/uploads\/2019\/03\/onazi-takim-arkadaslariyla-hasret-giderdi_3d7e489.jpg\" data-orig-size=\"1000,699\" data-comments-opened=\"\" data-image-meta=\"{&quot;aperture&quot;:&quot;0&quot;,&quot;credit&quot;:&quot;IHA&quot;,&quot;camera&quot;:&quot;&quot;,&quot;caption&quot;:&quot;SPOR TOTO S\\u00dcPER L\\u0130G\\u0130N \\u0130LK YARISINDA \\u00c7AYKUR R\\u0130ZESPOR \\u0130LE OYNANAN MA\\u00c7TA A\\u015eIL TENDONU KOPAN VE SEZONU KAPATAN OGENY\\u0130 ONAZ\\u0130 TRABZON\\u0027A D\\u00d6ND\\u00dc. N\\u0130JERYALI OYUNCU, TEKN\\u0130K D\\u0130REKT\\u00d6R \\u00dcNAL KARAMAN VE TAKIM ARKADA\\u015eLARIYLA HASRET G\\u0130DERD\\u0130. (G\\u00d6KMEN \\u015eAH\\u0130N\\\/TRABZON-\\u0130HA)&quot;,&quot;created_timestamp&quot;:&quot;0&quot;,&quot;copyright&quot;:&quot;\\u0130HLAS HABER AJANSI, www.iha.com.tr&quot;,&quot;focal_length&quot;:&quot;0&quot;,&quot;iso&quot;:&quot;0&quot;,&quot;shutter_speed&quot;:&quot;0&quot;,&quot;title&quot;:&quot;ONAZ\\u0130, TAKIM ARKADA\\u015eLARIYLA HASRET G\\u0130DERD\\u0130&quot;,&quot;orientation&quot;:&quot;0&quot;}\" data-image-title=\"Onazi, tak\u0131m arkada\u015flar\u0131yla hasret giderdi\" data-image-description=\"&lt;p&gt;Onazi, tak\u0131m arkada\u015flar\u0131yla hasret giderdi&lt;\/p&gt; \" data-medium-file=\"https:\/\/i0.wp.com\/www.tvturk.com\/wp-content\/uploads\/2019\/03\/onazi-takim-arkadaslariyla-hasret-giderdi_3d7e489.jpg?fit=300%2C210\" data-large-file=\"https:\/\/i0.wp.com\/www.tvturk.com\/wp-content\/uploads\/2019\/03\/onazi-takim-arkadaslariyla-hasret-giderdi_3d7e489.jpg?fit=1000%2C699\" src=\"https:\/\/i0.wp.com\/www.tvturk.com\/wp-content\/uploads\/2019\/03\/onazi-takim-arkadaslariyla-hasret-giderdi_3d7e489.jpg?w=496&#038;h=347\" srcset=\"https:\/\/i0.wp.com\/www.tvturk.com\/wp-content\/uploads\/2019\/03\/onazi-takim-arkadaslariyla-hasret-giderdi_3d7e489.jpg?w=1000 1000w, https:\/\/i0.wp.com\/www.tvturk.com\/wp-content\/uploads\/2019\/03\/onazi-takim-arkadaslariyla-hasret-giderdi_3d7e489.jpg?resize=150%2C105 150w, https:\/\/i0.wp.com\/www.tvturk.com\/wp-content\/uploads\/2019\/03\/onazi-takim-arkadaslariyla-hasret-giderdi_3d7e489.jpg?resize=300%2C210 300w, https:\/\/i0.wp.com\/www.tvturk.com\/wp-content\/uploads\/2019\/03\/onazi-takim-arkadaslariyla-hasret-giderdi_3d7e489.jpg?resize=768%2C537 768w, https:\/\/i0.wp.com\/www.tvturk.com\/wp-content\/uploads\/2019\/03\/onazi-takim-arkadaslariyla-hasret-giderdi_3d7e489.jpg?resize=80%2C55 80w\" width=\"496\" height=\"347\" loading=\"lazy\" data-original-width=\"496\" data-original-height=\"347\" itemprop=\"http:\/\/schema.org\/image\" title=\"Onazi, tak\u0131m arkada\u015flar\u0131yla hasret giderdi\" alt=\"Onazi, tak\u0131m arkada\u015flar\u0131yla hasret giderdi\" style=\"width: 496px; height: 347px;\" \/> <\/a> <\/div> <\/div> <!-- close group --> <\/div> <!-- close row --> <\/div><\/p>\n","protected":false},"excerpt":{"rendered":"<p>SPOR TOTO S\u00dcPER L\u0130G\u0130N \u0130LK YARISINDA \u00c7AYKUR R\u0130ZESPOR \u0130LE OYNANAN MA\u00c7TA A\u015eIL TENDONU KOPAN VE SEZONU KAPATAN  OGENY\u0130 ONAZ\u0130 TRABZON&#8217;A D\u00d6ND\u00dc. N\u0130JERYALI OYUNCU, TEKN\u0130K D\u0130REKT\u00d6R  \u00dcNAL KARAMAN VE TAKIM ARKADA\u015eLARIYLA HASRET G\u0130DERD\u0130.<\/p>\n","protected":false},"author":1,"featured_media":111992,"comment_status":"closed","ping_status":"open","sticky":false,"template":"","format":"standard","meta":{"jetpack_post_was_ever_published":false,"_jetpack_newsletter_access":"","_jetpack_dont_email_post_to_subs":false,"_jetpack_newsletter_tier_id":0,"_jetpack_memberships_contains_paywalled_content":false,"_jetpack_memberships_contains_paid_content":false,"footnotes":"","jetpack_publicize_message":"","jetpack_publicize_feature_enabled":true,"jetpack_social_post_already_shared":true,"jetpack_social_options":{"image_generator_settings":{"template":"highway","default_image_id":0,"font":"","enabled":false},"version":2}},"categories":[657],"tags":[23478,10731,10730,27654,6670],"class_list":["post-111991","post","type-post","status-publish","format-standard","has-post-thumbnail","hentry","category-spor","tag-arkadaslariyla","tag-giderdi","tag-hasret","tag-onazi","tag-takim"],"jetpack_publicize_connections":[],"jetpack_featured_media_url":"https:\/\/i0.wp.com\/www.tvturk.com\/wp-content\/uploads\/2019\/03\/onazi-takim-arkadaslariyla-hasret-giderdi_80f42e6.jpg?fit=1000%2C700","jetpack_sharing_enabled":true,"jetpack_shortlink":"https:\/\/wp.me\/paKIfm-t8j","_links":{"self":[{"href":"http:\/\/www.tvturk.com\/index.php\/wp-json\/wp\/v2\/posts\/111991","targetHints":{"allow":["GET"]}}],"collection":[{"href":"http:\/\/www.tvturk.com\/index.php\/wp-json\/wp\/v2\/posts"}],"about":[{"href":"http:\/\/www.tvturk.com\/index.php\/wp-json\/wp\/v2\/types\/post"}],"author":[{"embeddable":true,"href":"http:\/\/www.tvturk.com\/index.php\/wp-json\/wp\/v2\/users\/1"}],"replies":[{"embeddable":true,"href":"http:\/\/www.tvturk.com\/index.php\/wp-json\/wp\/v2\/comments?post=111991"}],"version-history":[{"count":1,"href":"http:\/\/www.tvturk.com\/index.php\/wp-json\/wp\/v2\/posts\/111991\/revisions"}],"predecessor-version":[{"id":111994,"href":"http:\/\/www.tvturk.com\/index.php\/wp-json\/wp\/v2\/posts\/111991\/revisions\/111994"}],"wp:featuredmedia":[{"embeddable":true,"href":"http:\/\/www.tvturk.com\/index.php\/wp-json\/wp\/v2\/media\/111992"}],"wp:attachment":[{"href":"http:\/\/www.tvturk.com\/index.php\/wp-json\/wp\/v2\/media?parent=111991"}],"wp:term":[{"taxonomy":"category","embeddable":true,"href":"http:\/\/www.tvturk.com\/index.php\/wp-json\/wp\/v2\/categories?post=111991"},{"taxonomy":"post_tag","embeddable":true,"href":"http:\/\/www.tvturk.com\/index.php\/wp-json\/wp\/v2\/tags?post=111991"}],"curies":[{"name":"wp","href":"https:\/\/api.w.org\/{rel}","templated":true}]}}