{"id":112621,"date":"2019-03-25T15:53:29","date_gmt":"2019-03-25T12:53:29","guid":{"rendered":"http:\/\/www.tvturk.com\/index.php\/ozel-haber-moldova-a-milli-takim-menajeri-cebanu-basaksehir-sampiyon-olursa-butun-moldova-cok-sevinecektir\/"},"modified":"2019-03-25T15:53:32","modified_gmt":"2019-03-25T12:53:32","slug":"ozel-haber-moldova-a-milli-takim-menajeri-cebanu-basaksehir-sampiyon-olursa-butun-moldova-cok-sevinecektir","status":"publish","type":"post","link":"http:\/\/www.tvturk.com\/index.php\/ozel-haber-moldova-a-milli-takim-menajeri-cebanu-basaksehir-sampiyon-olursa-butun-moldova-cok-sevinecektir\/","title":{"rendered":"(\u00d6zel haber) Moldova A Milli Tak\u0131m Menajeri Cebanu: \u201cBa\u015fak\u015fehir \u015fampiyon olursa b\u00fct\u00fcn Moldova \u00e7ok sevinecektir\u201d"},"content":{"rendered":"<p>A Milli Futbol Tak\u0131m\u0131\u2019n\u0131n EURO 2020 elemelerinde bu ak\u015fam Eski\u015fehir\u2019de a\u011f\u0131rlayaca\u011f\u0131 Moldova\u2019n\u0131n menajeri Ilie Cebanu, \u201cT\u00fcrkiye\u2019den puan ya da puanlar almak istiyoruz\u201d dedi. T\u00fcrk futbolunu yak\u0131ndan takip ettiklerini belirten Cebanu, \u201cE\u011fer Ba\u015fak\u015fehir lig sonunda \u015fampiyon olursa b\u00fct\u00fcn Moldova \u00e7ok sevinecektir\u201d yorumunu yapt\u0131.<\/p>\n<p>Moldova Milli Tak\u0131m Menajeri ve eski milli kaleci Ilie Cebanu, EURO 2020 elemelerinde bu ak\u015fam oynanacak T\u00fcrkiye ma\u00e7\u0131 \u00f6ncesi \u0130hlas Haber Ajans\u0131\u2019na \u00f6zel a\u00e7\u0131klamalarda bulundu. Zor bir fikst\u00fcre sahip olduklar\u0131n\u0131 belirten Cebanu, \u201c\u0130lk \u00f6nce Fransa ard\u0131ndan da T\u00fcrkiye gibi iki g\u00fc\u00e7l\u00fc rakiple oynamak bizim i\u00e7in biraz \u015fanss\u0131z kura oldu. Evimizde Fransa kar\u015f\u0131s\u0131nda iyi netice alamad\u0131k. Bug\u00fcn de T\u00fcrkiye ile oynayaca\u011f\u0131z. Fransa ma\u00e7\u0131n\u0131 unuttuk. Bug\u00fcn T\u00fcrkiye kar\u015f\u0131s\u0131nda puan ve puanlar almak istiyoruz\u201d dedi.<\/p>\n<p>\u201cMoldova futbolu gen\u00e7lerin elinde\u201d<\/p>\n<p>Moldova futbolunun, tak\u0131mdaki gen\u00e7 oyuncular\u0131n ellinde oldu\u011funu s\u00f6yleyen Cebanu, \u201cBenim jenerasyonum yava\u015f yava\u015f futbolu b\u0131rak\u0131yor. Teknik direkt\u00f6r\u00fcm\u00fcz de gen\u00e7 futbolculara \u015fans veriyor. Onlar\u0131n sorumluluk almas\u0131 ve yeni yap\u0131lanma i\u00e7inde rol almas\u0131 gerekiyor. Bu d\u00f6n\u00fc\u015f\u00fcm hen\u00fcz tamamlanmad\u0131. Moldova futbolunun gelece\u011fi biraz onlar\u0131n ellerinde. Onlar\u0131n da bunu ger\u00e7ekle\u015ftirmeleri i\u00e7in biraz karakter g\u00f6stermeleri ve \u00e7ok \u00e7al\u0131\u015fmalar\u0131 gerekiyor\u201d a\u00e7\u0131klamas\u0131n\u0131 yapt\u0131.<\/p>\n<p>\u201cT\u00fcrkiye yak\u0131n gelecekte \u00e7ok daha iyi bir kadro olu\u015fturacakt\u0131r\u201d<\/p>\n<p>Rubin Kazan\u2019da forma giydi\u011fi d\u00f6nemde Hasan Kabze, G\u00f6kdeniz Karadeniz ve Fatih Tekke gibi oyuncularla oynaman\u0131n kendisi i\u00e7in b\u00fcy\u00fck bir keyif oldu\u011funu dile getiren Cebanu, \u201cHasan Kabze, G\u00f6kdeniz Karadeniz ve Fatih Tekke gibi oyuncular \u00fcst d\u00fczey isimler. G\u00f6kdeniz b\u00fct\u00fcn Rusya\u2019n\u0131n sayg\u0131s\u0131n\u0131 kazanm\u0131\u015f, lider karakterli bir oyuncu. Hasan da keza geldi\u011finde \u015fampiyonluk ya\u015fad\u0131 kariyerli bir oyuncu. Fatih Tekke de Avrupa\u2019n\u0131n en \u00fcst seviye kul\u00fcplerinde oynayabilecek yetenekteydi. Onlarla oynamak bizim i\u00e7in \u015fanst\u0131 ve b\u00fcy\u00fck keyifti. Biz de iyi oyuncular \u00e7\u0131karmaya ba\u015flad\u0131k. T\u00fcrkiye de bizim gibi yeni yap\u0131land\u0131rma i\u00e7inde. Gen\u00e7 oyuncular gelmeye ba\u015flad\u0131. Uluslar aras\u0131 seviyede Cengiz \u00dcnder, Hakan \u00c7alhano\u011flu gibi T\u00fcrk futbolunu temsil eden \u00fcst d\u00fczey oyuncular var. Umar\u0131m yak\u0131n gelecekte \u00e7ok daha iyi bir milli tak\u0131m kadrosu olu\u015facakt\u0131r ve T\u00fcrkiye, Avrupa futbolunda iyi noktalarda bulunacakt\u0131r\u201d \u015feklinde konu\u015ftu.<\/p>\n<p>\u201cBa\u015fak\u015fehir\u2019i yak\u0131ndan takip ediyoruz\u201d<\/p>\n<p>Medipol Ba\u015fak\u015fehir\u2019de forma giyen ve bu ak\u015fam sakatl\u0131\u011f\u0131 nedeniyle T\u00fcrkiye\u2019ye kar\u015f\u0131 m\u00fccadele edemeyecek olan Epureanu\u2019nun kendileri i\u00e7in b\u00fcy\u00fck bir eksiklik oldu\u011funun alt\u0131n\u0131 \u00e7izen Cebanu, \u201cEpureanu son 10 y\u0131ld\u0131r Moldova futbolunun \u00f6nemli de\u011ferlerinden biri. Herkes i\u00e7in b\u00fcy\u00fck bir rol model. Onun eksikli\u011fini hissedece\u011fiz. Ama bunu yerine oynayacak arkada\u015flar i\u00e7in f\u0131rsat olarak da g\u00f6rebiliriz. Onun bizimle birlikte sahada olmas\u0131n\u0131 isterdik. E\u011fer Ba\u015fak\u015fehir lig sonunda \u015fampiyon olursa b\u00fct\u00fcn Moldova \u00e7ok sevinecektir. Yak\u0131ndan Ba\u015fak\u015fehir\u2019i takip ediyoruz\u201d yorumunu yapt\u0131.<\/p>\n<p>Cebanu, ileride T\u00fcrkiye\u2019de teknik adaml\u0131k yapmaya s\u0131cak bakt\u0131\u011f\u0131n\u0131 da belirterek, \u201cKendime b\u00fcy\u00fck hedefler koymay\u0131 severim. Bu yolda da \u00e7al\u0131\u015f\u0131r\u0131m. \u015eu an bunu konu\u015fmak i\u00e7in erken. UEFA B lisans\u0131m var. \u0130leride b\u00f6yle bir yol kar\u015f\u0131ma \u00e7\u0131karsa seve seve T\u00fcrkiye\u2019de \u00e7al\u0131\u015fmak isterim. T\u00fcrkiye\u2019de halk futbolu \u00e7ok seviyor. Devlet futbola b\u00fcy\u00fck yat\u0131r\u0131mlar yap\u0131yor. Burada g\u00f6rev yapmak tatmin edici olacakt\u0131r benim i\u00e7in. Ama \u015fu an bunu konu\u015fmak i\u00e7in erken. Bunu zaman g\u00f6sterecektir\u201d ifadelerini kulland\u0131.<div class=\"tiled-gallery type-rectangular tiled-gallery-unresized\" data-original-width=\"500\" data-carousel-extra='null' itemscope itemtype=\"http:\/\/schema.org\/ImageGallery\" > <div class=\"gallery-row\" style=\"width: 500px; height: 222px;\" data-original-width=\"500\" data-original-height=\"222\" > <div class=\"gallery-group images-1\" style=\"width: 306px; height: 222px;\" data-original-width=\"306\" data-original-height=\"222\" > <div class=\"tiled-gallery-item tiled-gallery-item-large\" itemprop=\"associatedMedia\" itemscope itemtype=\"http:\/\/schema.org\/ImageObject\"> <a href=\"http:\/\/www.tvturk.com\/index.php\/ozel-haber-moldova-a-milli-takim-menajeri-cebanu-basaksehir-sampiyon-olursa-butun-moldova-cok-sevinecektir\/ozel-haber-moldova-a-milli-takim-menajeri-cebanu-basaksehir-sampiyon-olursa-butun-moldova-cok-sevinecektir-3\/\" border=\"0\" itemprop=\"url\"> <meta itemprop=\"width\" content=\"302\"> <meta itemprop=\"height\" content=\"218\"> <img decoding=\"async\" class=\"\" data-attachment-id=\"112623\" data-orig-file=\"http:\/\/www.tvturk.com\/wp-content\/uploads\/2019\/03\/ozel-haber-moldova-a-milli-takim-menajeri-cebanu-basaksehir-sampiyon-olursa-butun-moldova-cok-sevinecektir_1f03249.jpg\" data-orig-size=\"1000,722\" data-comments-opened=\"\" data-image-meta=\"{&quot;aperture&quot;:&quot;0&quot;,&quot;credit&quot;:&quot;IHA&quot;,&quot;camera&quot;:&quot;&quot;,&quot;caption&quot;:&quot;A M\\u0130LL\\u0130 FUTBOL TAKIMI\\u2019NIN EURO 2020 ELEMELER\\u0130NDE BU AK\\u015eAM ESK\\u0130\\u015eEH\\u0130R\\u0027DE A\\u011eIRLAYACA\\u011eI MOLDOVA\\u0027NIN MENAJER\\u0130 IL\\u0130E CEBANU, \\u201cT\\u00dcRK\\u0130YE\\u2019DEN PUAN YA DA PUANLAR ALMAK \\u0130ST\\u0130YORUZ\\u201d DED\\u0130. T\\u00dcRK FUTBOLUNU YAKINDAN TAK\\u0130P ETT\\u0130KLER\\u0130N\\u0130 BEL\\u0130RTEN CEBANU, \\u201cE\\u011eER BA\\u015eAK\\u015eEH\\u0130R L\\u0130G SONUNDA \\u015eAMP\\u0130YON OLURSA B\\u00dcT\\u00dcN MOLDOVA \\u00c7OK SEV\\u0130NECEKT\\u0130R\\u201d YORUMUNU YAPTI. (MEHMET \\u015e\\u0130R\\u0130N TOPALO\\u011eLU\\\/ESK\\u0130\\u015eEH\\u0130R-\\u0130HA)&quot;,&quot;created_timestamp&quot;:&quot;0&quot;,&quot;copyright&quot;:&quot;\\u0130HLAS HABER AJANSI, www.iha.com.tr&quot;,&quot;focal_length&quot;:&quot;0&quot;,&quot;iso&quot;:&quot;0&quot;,&quot;shutter_speed&quot;:&quot;0&quot;,&quot;title&quot;:&quot;(\\u00d6ZEL HABER) MOLDOVA A M\\u0130LL\\u0130 TAKIM MENAJER\\u0130 CEBANU: \\u201cBA\\u015eAK\\u015eEH\\u0130R \\u015eAMP\\u0130YON OLURSA B\\u00dcT\\u00dcN MOLDOVA \\u00c7OK SEV\\u0130NECEKT\\u0130R\\u201d MOLDOVA A M\\u0130LL\\u0130 TAKIM MENAJER\\u0130 ILLE CEBANU: \\u201cT\\u00dcRK\\u0130YE\\u2019DEN PUAN YA DA PUANLAR ALMAK \\u0130ST\\u0130YORUZ\\u201d \\u201cT\\u00dcRK\\u0130YE, AVRUPA FUTBOLUNDA \\u0130Y\\u0130 NOKTALARDA BULUNACAKTIR\\u201d&quot;,&quot;orientation&quot;:&quot;0&quot;}\" data-image-title=\"(\u00d6zel haber) Moldova A Milli Tak\u0131m Menajeri Cebanu: \u201cBa\u015fak\u015fehir \u015fampiyon olursa b\u00fct\u00fcn Moldova \u00e7ok sevinecektir\u201d\" data-image-description=\"&lt;p&gt;(\u00d6zel haber) Moldova A Milli Tak\u0131m Menajeri Cebanu: \u201cBa\u015fak\u015fehir \u015fampiyon olursa b\u00fct\u00fcn Moldova \u00e7ok sevinecektir\u201d&lt;\/p&gt; \" data-medium-file=\"https:\/\/i0.wp.com\/www.tvturk.com\/wp-content\/uploads\/2019\/03\/ozel-haber-moldova-a-milli-takim-menajeri-cebanu-basaksehir-sampiyon-olursa-butun-moldova-cok-sevinecektir_1f03249.jpg?fit=300%2C217\" data-large-file=\"https:\/\/i0.wp.com\/www.tvturk.com\/wp-content\/uploads\/2019\/03\/ozel-haber-moldova-a-milli-takim-menajeri-cebanu-basaksehir-sampiyon-olursa-butun-moldova-cok-sevinecektir_1f03249.jpg?fit=1000%2C722\" src=\"https:\/\/i0.wp.com\/www.tvturk.com\/wp-content\/uploads\/2019\/03\/ozel-haber-moldova-a-milli-takim-menajeri-cebanu-basaksehir-sampiyon-olursa-butun-moldova-cok-sevinecektir_1f03249.jpg?w=302&#038;h=218\" srcset=\"https:\/\/i0.wp.com\/www.tvturk.com\/wp-content\/uploads\/2019\/03\/ozel-haber-moldova-a-milli-takim-menajeri-cebanu-basaksehir-sampiyon-olursa-butun-moldova-cok-sevinecektir_1f03249.jpg?w=1000 1000w, https:\/\/i0.wp.com\/www.tvturk.com\/wp-content\/uploads\/2019\/03\/ozel-haber-moldova-a-milli-takim-menajeri-cebanu-basaksehir-sampiyon-olursa-butun-moldova-cok-sevinecektir_1f03249.jpg?resize=150%2C108 150w, https:\/\/i0.wp.com\/www.tvturk.com\/wp-content\/uploads\/2019\/03\/ozel-haber-moldova-a-milli-takim-menajeri-cebanu-basaksehir-sampiyon-olursa-butun-moldova-cok-sevinecektir_1f03249.jpg?resize=300%2C217 300w, https:\/\/i0.wp.com\/www.tvturk.com\/wp-content\/uploads\/2019\/03\/ozel-haber-moldova-a-milli-takim-menajeri-cebanu-basaksehir-sampiyon-olursa-butun-moldova-cok-sevinecektir_1f03249.jpg?resize=768%2C554 768w\" width=\"302\" height=\"218\" loading=\"lazy\" data-original-width=\"302\" data-original-height=\"218\" itemprop=\"http:\/\/schema.org\/image\" title=\"(\u00d6zel haber) Moldova A Milli Tak\u0131m Menajeri Cebanu: \u201cBa\u015fak\u015fehir \u015fampiyon olursa b\u00fct\u00fcn Moldova \u00e7ok sevinecektir\u201d\" alt=\"(\u00d6zel haber) Moldova A Milli Tak\u0131m Menajeri Cebanu: \u201cBa\u015fak\u015fehir \u015fampiyon olursa b\u00fct\u00fcn Moldova \u00e7ok sevinecektir\u201d\" style=\"width: 302px; height: 218px;\" \/> <\/a> <\/div> <\/div> <!-- close group --> <div class=\"gallery-group images-1\" style=\"width: 194px; height: 222px;\" data-original-width=\"194\" data-original-height=\"222\" > <div class=\"tiled-gallery-item tiled-gallery-item-small\" itemprop=\"associatedMedia\" itemscope itemtype=\"http:\/\/schema.org\/ImageObject\"> <a href=\"http:\/\/www.tvturk.com\/index.php\/ozel-haber-moldova-a-milli-takim-menajeri-cebanu-basaksehir-sampiyon-olursa-butun-moldova-cok-sevinecektir\/ozel-haber-moldova-a-milli-takim-menajeri-cebanu-basaksehir-sampiyon-olursa-butun-moldova-cok-sevinecektir-4\/\" border=\"0\" itemprop=\"url\"> <meta itemprop=\"width\" content=\"190\"> <meta itemprop=\"height\" content=\"218\"> <img decoding=\"async\" class=\"\" data-attachment-id=\"112624\" data-orig-file=\"http:\/\/www.tvturk.com\/wp-content\/uploads\/2019\/03\/ozel-haber-moldova-a-milli-takim-menajeri-cebanu-basaksehir-sampiyon-olursa-butun-moldova-cok-sevinecektir_2e235ee.jpg\" data-orig-size=\"874,1000\" data-comments-opened=\"\" data-image-meta=\"{&quot;aperture&quot;:&quot;0&quot;,&quot;credit&quot;:&quot;IHA&quot;,&quot;camera&quot;:&quot;&quot;,&quot;caption&quot;:&quot;A M\\u0130LL\\u0130 FUTBOL TAKIMI\\u2019NIN EURO 2020 ELEMELER\\u0130NDE BU AK\\u015eAM ESK\\u0130\\u015eEH\\u0130R\\u0027DE A\\u011eIRLAYACA\\u011eI MOLDOVA\\u0027NIN MENAJER\\u0130 IL\\u0130E CEBANU, \\u201cT\\u00dcRK\\u0130YE\\u2019DEN PUAN YA DA PUANLAR ALMAK \\u0130ST\\u0130YORUZ\\u201d DED\\u0130. T\\u00dcRK FUTBOLUNU YAKINDAN TAK\\u0130P ETT\\u0130KLER\\u0130N\\u0130 BEL\\u0130RTEN CEBANU, \\u201cE\\u011eER BA\\u015eAK\\u015eEH\\u0130R L\\u0130G SONUNDA \\u015eAMP\\u0130YON OLURSA B\\u00dcT\\u00dcN MOLDOVA \\u00c7OK SEV\\u0130NECEKT\\u0130R\\u201d YORUMUNU YAPTI. (MEHMET \\u015e\\u0130R\\u0130N TOPALO\\u011eLU\\\/ESK\\u0130\\u015eEH\\u0130R-\\u0130HA)&quot;,&quot;created_timestamp&quot;:&quot;0&quot;,&quot;copyright&quot;:&quot;\\u0130HLAS HABER AJANSI, www.iha.com.tr&quot;,&quot;focal_length&quot;:&quot;0&quot;,&quot;iso&quot;:&quot;0&quot;,&quot;shutter_speed&quot;:&quot;0&quot;,&quot;title&quot;:&quot;(\\u00d6ZEL HABER) MOLDOVA A M\\u0130LL\\u0130 TAKIM MENAJER\\u0130 CEBANU: \\u201cBA\\u015eAK\\u015eEH\\u0130R \\u015eAMP\\u0130YON OLURSA B\\u00dcT\\u00dcN MOLDOVA \\u00c7OK SEV\\u0130NECEKT\\u0130R\\u201d MOLDOVA A M\\u0130LL\\u0130 TAKIM MENAJER\\u0130 ILLE CEBANU: \\u201cT\\u00dcRK\\u0130YE\\u2019DEN PUAN YA DA PUANLAR ALMAK \\u0130ST\\u0130YORUZ\\u201d \\u201cT\\u00dcRK\\u0130YE, AVRUPA FUTBOLUNDA \\u0130Y\\u0130 NOKTALARDA BULUNACAKTIR\\u201d&quot;,&quot;orientation&quot;:&quot;0&quot;}\" data-image-title=\"(\u00d6zel haber) Moldova A Milli Tak\u0131m Menajeri Cebanu: \u201cBa\u015fak\u015fehir \u015fampiyon olursa b\u00fct\u00fcn Moldova \u00e7ok sevinecektir\u201d\" data-image-description=\"&lt;p&gt;(\u00d6zel haber) Moldova A Milli Tak\u0131m Menajeri Cebanu: \u201cBa\u015fak\u015fehir \u015fampiyon olursa b\u00fct\u00fcn Moldova \u00e7ok sevinecektir\u201d&lt;\/p&gt; \" data-medium-file=\"https:\/\/i0.wp.com\/www.tvturk.com\/wp-content\/uploads\/2019\/03\/ozel-haber-moldova-a-milli-takim-menajeri-cebanu-basaksehir-sampiyon-olursa-butun-moldova-cok-sevinecektir_2e235ee.jpg?fit=262%2C300\" data-large-file=\"https:\/\/i0.wp.com\/www.tvturk.com\/wp-content\/uploads\/2019\/03\/ozel-haber-moldova-a-milli-takim-menajeri-cebanu-basaksehir-sampiyon-olursa-butun-moldova-cok-sevinecektir_2e235ee.jpg?fit=874%2C1000\" src=\"https:\/\/i0.wp.com\/www.tvturk.com\/wp-content\/uploads\/2019\/03\/ozel-haber-moldova-a-milli-takim-menajeri-cebanu-basaksehir-sampiyon-olursa-butun-moldova-cok-sevinecektir_2e235ee.jpg?w=190&#038;h=218\" srcset=\"https:\/\/i0.wp.com\/www.tvturk.com\/wp-content\/uploads\/2019\/03\/ozel-haber-moldova-a-milli-takim-menajeri-cebanu-basaksehir-sampiyon-olursa-butun-moldova-cok-sevinecektir_2e235ee.jpg?w=874 874w, https:\/\/i0.wp.com\/www.tvturk.com\/wp-content\/uploads\/2019\/03\/ozel-haber-moldova-a-milli-takim-menajeri-cebanu-basaksehir-sampiyon-olursa-butun-moldova-cok-sevinecektir_2e235ee.jpg?resize=131%2C150 131w, https:\/\/i0.wp.com\/www.tvturk.com\/wp-content\/uploads\/2019\/03\/ozel-haber-moldova-a-milli-takim-menajeri-cebanu-basaksehir-sampiyon-olursa-butun-moldova-cok-sevinecektir_2e235ee.jpg?resize=262%2C300 262w, https:\/\/i0.wp.com\/www.tvturk.com\/wp-content\/uploads\/2019\/03\/ozel-haber-moldova-a-milli-takim-menajeri-cebanu-basaksehir-sampiyon-olursa-butun-moldova-cok-sevinecektir_2e235ee.jpg?resize=768%2C879 768w\" width=\"190\" height=\"218\" loading=\"lazy\" data-original-width=\"190\" data-original-height=\"218\" itemprop=\"http:\/\/schema.org\/image\" title=\"(\u00d6zel haber) Moldova A Milli Tak\u0131m Menajeri Cebanu: \u201cBa\u015fak\u015fehir \u015fampiyon olursa b\u00fct\u00fcn Moldova \u00e7ok sevinecektir\u201d\" alt=\"(\u00d6zel haber) Moldova A Milli Tak\u0131m Menajeri Cebanu: \u201cBa\u015fak\u015fehir \u015fampiyon olursa b\u00fct\u00fcn Moldova \u00e7ok sevinecektir\u201d\" style=\"width: 190px; height: 218px;\" \/> <\/a> <\/div> <\/div> <!-- close group --> <\/div> <!-- close row --> <\/div><\/p>\n","protected":false},"excerpt":{"rendered":"<p>A M\u0130LL\u0130 FUTBOL TAKIMI\u2019NIN EURO 2020 ELEMELER\u0130NDE BU AK\u015eAM ESK\u0130\u015eEH\u0130R&#8217;DE A\u011eIRLAYACA\u011eI MOLDOVA&#8217;NIN MENAJER\u0130 IL\u0130E CEBANU, \u201cT\u00dcRK\u0130YE\u2019DEN PUAN YA DA PUANLAR ALMAK \u0130ST\u0130YORUZ\u201d DED\u0130. T\u00dcRK FUTBOLUNU YAKINDAN TAK\u0130P ETT\u0130KLER\u0130N\u0130 BEL\u0130RTEN CEBANU, \u201cE\u011eER BA\u015eAK\u015eEH\u0130R L\u0130G SONUNDA \u015eAMP\u0130YON OLURSA B\u00dcT\u00dcN MOLDOVA \u00c7OK SEV\u0130NECEKT\u0130R\u201d YORUMUNU YAPTI.<\/p>\n","protected":false},"author":1,"featured_media":112622,"comment_status":"closed","ping_status":"open","sticky":false,"template":"","format":"standard","meta":{"jetpack_post_was_ever_published":false,"_jetpack_newsletter_access":"","_jetpack_dont_email_post_to_subs":false,"_jetpack_newsletter_tier_id":0,"_jetpack_memberships_contains_paywalled_content":false,"_jetpack_memberships_contains_paid_content":false,"footnotes":"","jetpack_publicize_message":"","jetpack_publicize_feature_enabled":true,"jetpack_social_post_already_shared":true,"jetpack_social_options":{"image_generator_settings":{"template":"highway","default_image_id":0,"font":"","enabled":false},"version":2}},"categories":[657],"tags":[6004,1073,1866,27771,105,1545,21116,429,5616,11589,2024,27772,6670],"class_list":["post-112621","post","type-post","status-publish","format-standard","has-post-thumbnail","hentry","category-spor","tag-basaksehir","tag-ozel","tag-butun","tag-cebanu","tag-cok","tag-haber","tag-menajeri","tag-milli","tag-moldova","tag-olursa","tag-sampiyon","tag-sevinecektir","tag-takim"],"jetpack_publicize_connections":[],"jetpack_featured_media_url":"https:\/\/i0.wp.com\/www.tvturk.com\/wp-content\/uploads\/2019\/03\/ozel-haber-moldova-a-milli-takim-menajeri-cebanu-basaksehir-sampiyon-olursa-butun-moldova-cok-sevinecektir_d8a1516.jpg?fit=1000%2C628","jetpack_sharing_enabled":true,"jetpack_shortlink":"https:\/\/wp.me\/paKIfm-tit","_links":{"self":[{"href":"http:\/\/www.tvturk.com\/index.php\/wp-json\/wp\/v2\/posts\/112621","targetHints":{"allow":["GET"]}}],"collection":[{"href":"http:\/\/www.tvturk.com\/index.php\/wp-json\/wp\/v2\/posts"}],"about":[{"href":"http:\/\/www.tvturk.com\/index.php\/wp-json\/wp\/v2\/types\/post"}],"author":[{"embeddable":true,"href":"http:\/\/www.tvturk.com\/index.php\/wp-json\/wp\/v2\/users\/1"}],"replies":[{"embeddable":true,"href":"http:\/\/www.tvturk.com\/index.php\/wp-json\/wp\/v2\/comments?post=112621"}],"version-history":[{"count":1,"href":"http:\/\/www.tvturk.com\/index.php\/wp-json\/wp\/v2\/posts\/112621\/revisions"}],"predecessor-version":[{"id":112625,"href":"http:\/\/www.tvturk.com\/index.php\/wp-json\/wp\/v2\/posts\/112621\/revisions\/112625"}],"wp:featuredmedia":[{"embeddable":true,"href":"http:\/\/www.tvturk.com\/index.php\/wp-json\/wp\/v2\/media\/112622"}],"wp:attachment":[{"href":"http:\/\/www.tvturk.com\/index.php\/wp-json\/wp\/v2\/media?parent=112621"}],"wp:term":[{"taxonomy":"category","embeddable":true,"href":"http:\/\/www.tvturk.com\/index.php\/wp-json\/wp\/v2\/categories?post=112621"},{"taxonomy":"post_tag","embeddable":true,"href":"http:\/\/www.tvturk.com\/index.php\/wp-json\/wp\/v2\/tags?post=112621"}],"curies":[{"name":"wp","href":"https:\/\/api.w.org\/{rel}","templated":true}]}}