{"id":113086,"date":"2019-03-26T08:58:51","date_gmt":"2019-03-26T05:58:51","guid":{"rendered":"http:\/\/www.tvturk.com\/index.php\/deniz-koken-5-yilda-5-bin-gence-is-saglayacagiz\/"},"modified":"2019-03-26T08:58:53","modified_gmt":"2019-03-26T05:58:53","slug":"deniz-koken-5-yilda-5-bin-gence-is-saglayacagiz","status":"publish","type":"post","link":"http:\/\/www.tvturk.com\/index.php\/deniz-koken-5-yilda-5-bin-gence-is-saglayacagiz\/","title":{"rendered":"Deniz K\u00f6ken: \u201c5 y\u0131lda 5 bin gence i\u015f sa\u011flayaca\u011f\u0131z&#8221;"},"content":{"rendered":"<p>AK Parti Ey\u00fcpsultan Belediye Ba\u015fkan Aday\u0131 Deniz K\u00f6ken, il\u00e7edeki programda vatanda\u015flarla bir araya geldi. Se\u00e7im ziyaretleri s\u0131ras\u0131nda bir\u00e7ok vatanda\u015f\u0131n i\u015f iste\u011finde bulundu\u011funu belirten K\u00f6ken, \u201cEn \u00e7ok ald\u0131\u011f\u0131m talep i\u015f, esnaf ziyaretlerinde ceplerim doluyor, ka\u011f\u0131t koyuyorlar. 5 y\u0131lda 5 bin gence i\u015f sa\u011flayaca\u011f\u0131z diye projemizi bunun \u00fczerine bina ediyoruz\u201d dedi.<\/p>\n<p>Cumhur \u0130ttifak\u0131 AK Parti Ey\u00fcpsultan Belediye Ba\u015fkan Aday\u0131 Deniz K\u00f6ken, \u2019Beka \u0130\u00e7in Milli Karar Cumhur \u0130\u00e7in \u0130stikrar\u2019 Program\u0131nda vatanda\u015flarla bir araya geldi. Osmanl\u0131 Park\u0131\u2019ndaki alanda ger\u00e7ekle\u015fen programa K\u00f6ken\u2019in yan\u0131 s\u0131ra AK Parti Ey\u00fcpsultan \u0130l\u00e7e Ba\u015fkan\u0131 Adem Ko\u00e7yi\u011fit, MHP Ey\u00fcpsultan \u0130l\u00e7e Ba\u015fkan\u0131 Ayd\u0131n Y\u0131rt\u0131c\u0131, sivil toplum kurulu\u015flar\u0131n\u0131n temsilcileri ve \u00e7ok say\u0131da vatanda\u015f kat\u0131ld\u0131. Dualarla ba\u015flayan programda 31 Mart yerel se\u00e7imine g\u00fcnler kala Cumhur \u0130ttifak\u0131\u2019n\u0131n birlikteli\u011finin \u00f6nemine dikkat \u00e7ekildi. Programda vatanda\u015flara seslenen K\u00f6ken, il\u00e7ede se\u00e7ilmesi halinde ger\u00e7ekle\u015ftirece\u011fi projeleri anlat\u0131rken se\u00e7imler i\u00e7in vatanda\u015ftan destek istedi.<\/p>\n<p>&#8220;5 y\u0131lda 5 bin gence i\u015f sa\u011flayaca\u011f\u0131z\u201d<\/p>\n<p>Se\u00e7im ziyaretlerinde kendisinden en \u00e7ok i\u015f istendi\u011fini dile getiren ve istihdam konusunda yeni alanlar olu\u015fturmak i\u00e7in \u00e7al\u0131\u015fmalar ger\u00e7ekle\u015ftirilece\u011fini belirten AK Parti Ey\u00fcpsultan Belediye Ba\u015fkan Aday\u0131 Deniz K\u00f6ken, \u201cEn \u00e7ok ald\u0131\u011f\u0131m talep i\u015f, esnaf ziyaretlerinde ceplerim doluyor. Cebime ka\u011f\u0131t koyuyorlar ak\u015famlar\u0131 bak\u0131yorum. Hedefimiz \u015fu; bu \u015fehirde 0-19 ya\u015f grubunun \u015fehre oran\u0131 y\u00fczde 28, yakla\u015f\u0131k y\u00fcz bin \u00e7ocuk ve gen\u00e7 var. Bunlar\u0131 bizim mutlaka hem faaliyetlerle hem de istihdamla ilgili y\u00f6nlendirmemiz, \u00f6n a\u00e7mam\u0131z laz\u0131m. 5 y\u0131lda 5 bin gence i\u015f sa\u011flayaca\u011f\u0131z diye projemizi bunun \u00fczerine bina ediyoruz\u201d ifadelerini kulland\u0131.<\/p>\n<p>\u201cHer kesime dokunmak zorunday\u0131z\u201d<\/p>\n<p>Gen\u00e7 ya\u015fl\u0131, kad\u0131n erkek her kesime y\u00f6nelik projelerle vatanda\u015fla hizmet etmek i\u00e7in yola \u00e7\u0131kt\u0131klar\u0131n\u0131 ifade eden K\u00f6ken, \u201cRami\u2019deki milli k\u00fct\u00fcphaneyi \u015fehirle entegre ederek ve havaliman\u0131na hizmet veren kurumlar\u0131n lojistik merkezlerini bu g\u00fczergahta hizmet verir hale getirmek suretiyle epey bir b\u00f6l\u00fcm\u00fc i\u015f imkan\u0131na \u00e7evirmi\u015f olaca\u011f\u0131z. Bizim i\u00e7in herhangi bir konu gibi buda \u00f6nemli bir konu, biz her kesime dokunmak zorunday\u0131z. \u00c7\u00fcnk\u00fc birbirinden ba\u011f\u0131ms\u0131z hareket edemeyiz. Bu \u015fehirde ya\u015fayan b\u00fct\u00fcn canl\u0131lar\u0131 hayvanlar da dahil, hepsinin haklar\u0131n\u0131 sosyal alanlar\u0131n\u0131 kullanabilme konusunda ortak m\u00fccadele etmemiz laz\u0131m\u201d diye konu\u015ftu.<div class=\"tiled-gallery type-rectangular tiled-gallery-unresized\" data-original-width=\"500\" data-carousel-extra='null' itemscope itemtype=\"http:\/\/schema.org\/ImageGallery\" > <div class=\"gallery-row\" style=\"width: 500px; height: 168px;\" data-original-width=\"500\" data-original-height=\"168\" > <div class=\"gallery-group images-1\" style=\"width: 250px; height: 168px;\" data-original-width=\"250\" data-original-height=\"168\" > <div class=\"tiled-gallery-item tiled-gallery-item-small\" itemprop=\"associatedMedia\" itemscope itemtype=\"http:\/\/schema.org\/ImageObject\"> <a href=\"http:\/\/www.tvturk.com\/index.php\/deniz-koken-5-yilda-5-bin-gence-is-saglayacagiz\/deniz-koken-5-yilda-5-bin-gence-is-saglayacagiz-3\/\" border=\"0\" itemprop=\"url\"> <meta itemprop=\"width\" content=\"246\"> <meta itemprop=\"height\" content=\"164\"> <img decoding=\"async\" class=\"\" data-attachment-id=\"113088\" data-orig-file=\"http:\/\/www.tvturk.com\/wp-content\/uploads\/2019\/03\/deniz-koken-5-yilda-5-bin-gence-is-saglayacagiz_120f0a8.jpg\" data-orig-size=\"1000,666\" data-comments-opened=\"\" data-image-meta=\"{&quot;aperture&quot;:&quot;0&quot;,&quot;credit&quot;:&quot;IHA&quot;,&quot;camera&quot;:&quot;&quot;,&quot;caption&quot;:&quot;AK PART\\u0130 EY\\u00dcPSULTAN BELED\\u0130YE BA\\u015eKAN ADAYI DEN\\u0130Z K\\u00d6KEN, \\u0130L\\u00c7EDEK\\u0130 PROGRAMDA VATANDA\\u015eLARLA B\\u0130R ARAYA GELD\\u0130. (ARMA\\u011eAN YILMAZ - HAS\\u0130BE KARADA\\u011e\\\/\\u0130STANBUL-\\u0130HA)&quot;,&quot;created_timestamp&quot;:&quot;0&quot;,&quot;copyright&quot;:&quot;\\u0130HLAS HABER AJANSI, www.iha.com.tr&quot;,&quot;focal_length&quot;:&quot;0&quot;,&quot;iso&quot;:&quot;0&quot;,&quot;shutter_speed&quot;:&quot;0&quot;,&quot;title&quot;:&quot;DEN\\u0130Z K\\u00d6KEN: \\u201c5 YILDA 5 B\\u0130N GENCE \\u0130\\u015e SA\\u011eLAYACA\\u011eIZ\\u0022 AK PART\\u0130 EY\\u00dcPSULTAN BELED\\u0130YE BA\\u015eKAN ADAYI DEN\\u0130Z K\\u00d6KEN VATANDA\\u015eLARLA B\\u0130R ARAYA GELD\\u0130&quot;,&quot;orientation&quot;:&quot;0&quot;}\" data-image-title=\"Deniz K\u00f6ken: \u201c5 y\u0131lda 5 bin gence i\u015f sa\u011flayaca\u011f\u0131z&amp;#8221;\" data-image-description=\"&lt;p&gt;Deniz K\u00f6ken: \u201c5 y\u0131lda 5 bin gence i\u015f sa\u011flayaca\u011f\u0131z&amp;#8221;&lt;\/p&gt; \" data-medium-file=\"https:\/\/i0.wp.com\/www.tvturk.com\/wp-content\/uploads\/2019\/03\/deniz-koken-5-yilda-5-bin-gence-is-saglayacagiz_120f0a8.jpg?fit=300%2C200\" data-large-file=\"https:\/\/i0.wp.com\/www.tvturk.com\/wp-content\/uploads\/2019\/03\/deniz-koken-5-yilda-5-bin-gence-is-saglayacagiz_120f0a8.jpg?fit=1000%2C666\" src=\"https:\/\/i0.wp.com\/www.tvturk.com\/wp-content\/uploads\/2019\/03\/deniz-koken-5-yilda-5-bin-gence-is-saglayacagiz_120f0a8.jpg?w=246&#038;h=164\" srcset=\"https:\/\/i0.wp.com\/www.tvturk.com\/wp-content\/uploads\/2019\/03\/deniz-koken-5-yilda-5-bin-gence-is-saglayacagiz_120f0a8.jpg?w=1000 1000w, https:\/\/i0.wp.com\/www.tvturk.com\/wp-content\/uploads\/2019\/03\/deniz-koken-5-yilda-5-bin-gence-is-saglayacagiz_120f0a8.jpg?resize=150%2C100 150w, https:\/\/i0.wp.com\/www.tvturk.com\/wp-content\/uploads\/2019\/03\/deniz-koken-5-yilda-5-bin-gence-is-saglayacagiz_120f0a8.jpg?resize=300%2C200 300w, https:\/\/i0.wp.com\/www.tvturk.com\/wp-content\/uploads\/2019\/03\/deniz-koken-5-yilda-5-bin-gence-is-saglayacagiz_120f0a8.jpg?resize=768%2C511 768w, https:\/\/i0.wp.com\/www.tvturk.com\/wp-content\/uploads\/2019\/03\/deniz-koken-5-yilda-5-bin-gence-is-saglayacagiz_120f0a8.jpg?resize=170%2C113 170w, https:\/\/i0.wp.com\/www.tvturk.com\/wp-content\/uploads\/2019\/03\/deniz-koken-5-yilda-5-bin-gence-is-saglayacagiz_120f0a8.jpg?resize=120%2C80 120w\" width=\"246\" height=\"164\" loading=\"lazy\" data-original-width=\"246\" data-original-height=\"164\" itemprop=\"http:\/\/schema.org\/image\" title=\"Deniz K\u00f6ken: \u201c5 y\u0131lda 5 bin gence i\u015f sa\u011flayaca\u011f\u0131z&quot;\" alt=\"Deniz K\u00f6ken: \u201c5 y\u0131lda 5 bin gence i\u015f sa\u011flayaca\u011f\u0131z&quot;\" style=\"width: 246px; height: 164px;\" \/> <\/a> <\/div> <\/div> <!-- close group --> <div class=\"gallery-group images-1\" style=\"width: 250px; height: 168px;\" data-original-width=\"250\" data-original-height=\"168\" > <div class=\"tiled-gallery-item tiled-gallery-item-small\" itemprop=\"associatedMedia\" itemscope itemtype=\"http:\/\/schema.org\/ImageObject\"> <a href=\"http:\/\/www.tvturk.com\/index.php\/deniz-koken-5-yilda-5-bin-gence-is-saglayacagiz\/deniz-koken-5-yilda-5-bin-gence-is-saglayacagiz-4\/\" border=\"0\" itemprop=\"url\"> <meta itemprop=\"width\" content=\"246\"> <meta itemprop=\"height\" content=\"164\"> <img decoding=\"async\" class=\"\" data-attachment-id=\"113089\" data-orig-file=\"http:\/\/www.tvturk.com\/wp-content\/uploads\/2019\/03\/deniz-koken-5-yilda-5-bin-gence-is-saglayacagiz_12e4a03.jpg\" data-orig-size=\"1000,666\" data-comments-opened=\"\" data-image-meta=\"{&quot;aperture&quot;:&quot;0&quot;,&quot;credit&quot;:&quot;IHA&quot;,&quot;camera&quot;:&quot;&quot;,&quot;caption&quot;:&quot;AK PART\\u0130 EY\\u00dcPSULTAN BELED\\u0130YE BA\\u015eKAN ADAYI DEN\\u0130Z K\\u00d6KEN, \\u0130L\\u00c7EDEK\\u0130 PROGRAMDA VATANDA\\u015eLARLA B\\u0130R ARAYA GELD\\u0130. SE\\u00c7\\u0130M Z\\u0130YARETLER\\u0130 SIRASINDA B\\u0130R\\u00c7OK VATANDA\\u015eIN \\u0130\\u015e \\u0130STE\\u011e\\u0130NDE BULUNDU\\u011eUNU BEL\\u0130RTEN K\\u00d6KEN, \\u201cEN \\u00c7OK ALDI\\u011eIM TALEP \\u0130\\u015e, ESNAF Z\\u0130YARETLER\\u0130NDE CEPLER\\u0130M DOLUYOR, KA\\u011eIT KOYUYORLAR. 5 YILDA 5 B\\u0130N GENCE \\u0130\\u015e SA\\u011eLAYACA\\u011eIZ D\\u0130YE PROJEM\\u0130Z\\u0130 BUNUN \\u00dcZER\\u0130NE B\\u0130NA ED\\u0130YORUZ\\u201d DED\\u0130. (ARMA\\u011eAN YILMAZ - HAS\\u0130BE KARADA\\u011e\\\/\\u0130STANBUL-\\u0130HA)&quot;,&quot;created_timestamp&quot;:&quot;0&quot;,&quot;copyright&quot;:&quot;\\u0130HLAS HABER AJANSI, www.iha.com.tr&quot;,&quot;focal_length&quot;:&quot;0&quot;,&quot;iso&quot;:&quot;0&quot;,&quot;shutter_speed&quot;:&quot;0&quot;,&quot;title&quot;:&quot;DEN\\u0130Z K\\u00d6KEN: \\u201c5 YILDA 5 B\\u0130N GENCE \\u0130\\u015e SA\\u011eLAYACA\\u011eIZ\\u0022 AK PART\\u0130 EY\\u00dcPSULTAN BELED\\u0130YE BA\\u015eKAN ADAYI DEN\\u0130Z K\\u00d6KEN VATANDA\\u015eLARLA B\\u0130R ARAYA GELD\\u0130&quot;,&quot;orientation&quot;:&quot;0&quot;}\" data-image-title=\"Deniz K\u00f6ken: \u201c5 y\u0131lda 5 bin gence i\u015f sa\u011flayaca\u011f\u0131z&amp;#8221;\" data-image-description=\"&lt;p&gt;Deniz K\u00f6ken: \u201c5 y\u0131lda 5 bin gence i\u015f sa\u011flayaca\u011f\u0131z&amp;#8221;&lt;\/p&gt; \" data-medium-file=\"https:\/\/i0.wp.com\/www.tvturk.com\/wp-content\/uploads\/2019\/03\/deniz-koken-5-yilda-5-bin-gence-is-saglayacagiz_12e4a03.jpg?fit=300%2C200\" data-large-file=\"https:\/\/i0.wp.com\/www.tvturk.com\/wp-content\/uploads\/2019\/03\/deniz-koken-5-yilda-5-bin-gence-is-saglayacagiz_12e4a03.jpg?fit=1000%2C666\" src=\"https:\/\/i0.wp.com\/www.tvturk.com\/wp-content\/uploads\/2019\/03\/deniz-koken-5-yilda-5-bin-gence-is-saglayacagiz_12e4a03.jpg?w=246&#038;h=164\" srcset=\"https:\/\/i0.wp.com\/www.tvturk.com\/wp-content\/uploads\/2019\/03\/deniz-koken-5-yilda-5-bin-gence-is-saglayacagiz_12e4a03.jpg?w=1000 1000w, https:\/\/i0.wp.com\/www.tvturk.com\/wp-content\/uploads\/2019\/03\/deniz-koken-5-yilda-5-bin-gence-is-saglayacagiz_12e4a03.jpg?resize=150%2C100 150w, https:\/\/i0.wp.com\/www.tvturk.com\/wp-content\/uploads\/2019\/03\/deniz-koken-5-yilda-5-bin-gence-is-saglayacagiz_12e4a03.jpg?resize=300%2C200 300w, https:\/\/i0.wp.com\/www.tvturk.com\/wp-content\/uploads\/2019\/03\/deniz-koken-5-yilda-5-bin-gence-is-saglayacagiz_12e4a03.jpg?resize=768%2C511 768w, https:\/\/i0.wp.com\/www.tvturk.com\/wp-content\/uploads\/2019\/03\/deniz-koken-5-yilda-5-bin-gence-is-saglayacagiz_12e4a03.jpg?resize=170%2C113 170w, https:\/\/i0.wp.com\/www.tvturk.com\/wp-content\/uploads\/2019\/03\/deniz-koken-5-yilda-5-bin-gence-is-saglayacagiz_12e4a03.jpg?resize=120%2C80 120w\" width=\"246\" height=\"164\" loading=\"lazy\" data-original-width=\"246\" data-original-height=\"164\" itemprop=\"http:\/\/schema.org\/image\" title=\"Deniz K\u00f6ken: \u201c5 y\u0131lda 5 bin gence i\u015f sa\u011flayaca\u011f\u0131z&quot;\" alt=\"Deniz K\u00f6ken: \u201c5 y\u0131lda 5 bin gence i\u015f sa\u011flayaca\u011f\u0131z&quot;\" style=\"width: 246px; height: 164px;\" \/> <\/a> <\/div> <\/div> <!-- close group --> <\/div> <!-- close row --> <\/div><\/p>\n","protected":false},"excerpt":{"rendered":"<p>AK PART\u0130 EY\u00dcPSULTAN BELED\u0130YE BA\u015eKAN ADAYI DEN\u0130Z K\u00d6KEN, \u0130L\u00c7EDEK\u0130 PROGRAMDA VATANDA\u015eLARLA B\u0130R ARAYA GELD\u0130.<\/p>\n","protected":false},"author":1,"featured_media":113087,"comment_status":"closed","ping_status":"open","sticky":false,"template":"","format":"standard","meta":{"jetpack_post_was_ever_published":false,"_jetpack_newsletter_access":"","_jetpack_dont_email_post_to_subs":false,"_jetpack_newsletter_tier_id":0,"_jetpack_memberships_contains_paywalled_content":false,"_jetpack_memberships_contains_paid_content":false,"footnotes":"","jetpack_publicize_message":"","jetpack_publicize_feature_enabled":true,"jetpack_social_post_already_shared":true,"jetpack_social_options":{"image_generator_settings":{"template":"highway","default_image_id":0,"font":"","enabled":false},"version":2}},"categories":[1],"tags":[1801,213,1471,2650,432,1144,19961,598],"class_list":["post-113086","post","type-post","status-publish","format-standard","has-post-thumbnail","hentry","category-genel","tag-1801","tag-bin","tag-deniz","tag-gence","tag-is","tag-koken","tag-saglayacagiz","tag-yilda"],"jetpack_publicize_connections":[],"jetpack_featured_media_url":"https:\/\/i0.wp.com\/www.tvturk.com\/wp-content\/uploads\/2019\/03\/deniz-koken-5-yilda-5-bin-gence-is-saglayacagiz_075e997.jpg?fit=1000%2C666","jetpack_sharing_enabled":true,"jetpack_shortlink":"https:\/\/wp.me\/paKIfm-tpY","_links":{"self":[{"href":"http:\/\/www.tvturk.com\/index.php\/wp-json\/wp\/v2\/posts\/113086","targetHints":{"allow":["GET"]}}],"collection":[{"href":"http:\/\/www.tvturk.com\/index.php\/wp-json\/wp\/v2\/posts"}],"about":[{"href":"http:\/\/www.tvturk.com\/index.php\/wp-json\/wp\/v2\/types\/post"}],"author":[{"embeddable":true,"href":"http:\/\/www.tvturk.com\/index.php\/wp-json\/wp\/v2\/users\/1"}],"replies":[{"embeddable":true,"href":"http:\/\/www.tvturk.com\/index.php\/wp-json\/wp\/v2\/comments?post=113086"}],"version-history":[{"count":1,"href":"http:\/\/www.tvturk.com\/index.php\/wp-json\/wp\/v2\/posts\/113086\/revisions"}],"predecessor-version":[{"id":113090,"href":"http:\/\/www.tvturk.com\/index.php\/wp-json\/wp\/v2\/posts\/113086\/revisions\/113090"}],"wp:featuredmedia":[{"embeddable":true,"href":"http:\/\/www.tvturk.com\/index.php\/wp-json\/wp\/v2\/media\/113087"}],"wp:attachment":[{"href":"http:\/\/www.tvturk.com\/index.php\/wp-json\/wp\/v2\/media?parent=113086"}],"wp:term":[{"taxonomy":"category","embeddable":true,"href":"http:\/\/www.tvturk.com\/index.php\/wp-json\/wp\/v2\/categories?post=113086"},{"taxonomy":"post_tag","embeddable":true,"href":"http:\/\/www.tvturk.com\/index.php\/wp-json\/wp\/v2\/tags?post=113086"}],"curies":[{"name":"wp","href":"https:\/\/api.w.org\/{rel}","templated":true}]}}