{"id":113106,"date":"2019-03-26T09:12:54","date_gmt":"2019-03-26T06:12:54","guid":{"rendered":"http:\/\/www.tvturk.com\/index.php\/sinavlara-hazirlanan-genclerin-yeni-mekani-millet-kiraathaneleri\/"},"modified":"2019-03-26T09:13:06","modified_gmt":"2019-03-26T06:13:06","slug":"sinavlara-hazirlanan-genclerin-yeni-mekani-millet-kiraathaneleri","status":"publish","type":"post","link":"http:\/\/www.tvturk.com\/index.php\/sinavlara-hazirlanan-genclerin-yeni-mekani-millet-kiraathaneleri\/","title":{"rendered":"S\u0131navlara haz\u0131rlanan gen\u00e7lerin yeni mekan\u0131 \u201cMillet K\u0131raathaneleri\u201d"},"content":{"rendered":"<p>Zeytinburnu\u2019nda bulunan Merkezefendi ve Seyyidnizam Millet K\u0131raathaneleri, g\u00fcr\u00fclt\u00fcden uzak, konforlu ve g\u00fcvenli ortam\u0131yla \u00f6\u011frencilerin daimi mekan\u0131 haline geldi. Kap\u0131lar\u0131 7 g\u00fcn 24 saat a\u00e7\u0131k olan bu mekanlar ayn\u0131 zamanda ders \u00e7al\u0131\u015fmak, s\u0131navlara haz\u0131rlanmak isteyen \u00f6\u011frencilere \u00e7ay ve \u00e7orba, s\u0131n\u0131rs\u0131z kahve ikram\u0131 gibi bir\u00e7ok imkan sa\u011fl\u0131yor.<\/p>\n<p>Cumhurba\u015fkan\u0131 Recep Tayyip Erdo\u011fan\u2019\u0131n ilk olarak 2018 y\u0131l\u0131nda tan\u0131tt\u0131\u011f\u0131 Millet K\u0131raathanesi projesinin ge\u00e7mi\u015fi asl\u0131nda daha eskiye, 2016 y\u0131l\u0131na dayan\u0131yor. 2016 y\u0131l\u0131nda Zeytinburnu Belediye Ba\u015fkan\u0131 Murat Ayd\u0131n taraf\u0131ndan hayata ge\u00e7irilen 7\/24 a\u00e7\u0131k k\u00fct\u00fcphane konsepti o d\u00f6nemde Cumhurba\u015fkan\u0131 Recep Tayyip Erdo\u011fan\u2019\u0131n dikkatini \u00e7ekti ve T\u00fcrkiye genelinde buna benzer mekanlar\u0131n olu\u015fturulmas\u0131n\u0131, isminin de tarihsel manas\u0131na uygun olarak \u201cMillet K\u0131raathanesi\u201d \u015feklinde de\u011fi\u015ftirilmesini istedi. Murat Ayd\u0131n\u2019\u0131n bilginin payla\u015f\u0131lmas\u0131, e\u011fitime destek olunmas\u0131 ad\u0131na att\u0131\u011f\u0131 bu ad\u0131m t\u00fcm T\u00fcrkiye\u2019ye \u00f6rnek oldu ve Cumhurba\u015fkan\u0131 Recep Tayyip Erdo\u011fan\u2019\u0131n deste\u011fiyle benzer mekanlar a\u00e7\u0131lmaya ba\u015flad\u0131.<\/p>\n<p>7 g\u00fcn 24 saat a\u00e7\u0131k k\u00fct\u00fcphane konsepti<\/p>\n<p>7\/24 a\u00e7\u0131k k\u00fct\u00fcphane konsepti ile hizmet veren mekanlar\u0131n ilki olan Merkezefendi ve Seyyidnizam Millet K\u0131raathaneleri bug\u00fcn on binlerce kullan\u0131c\u0131ya adaptasyonu engelleyecek d\u0131\u015f etkenlerden uzak, rahat, g\u00fcvenli ve konforlu bir ortamda ders \u00e7al\u0131\u015fma, orada bulunan dok\u00fcmanlardan faydalanma imkan\u0131 veriyor. Bu mekanlar ayn\u0131 zamanda g\u00fcnde 3 kez \u00e7orba ve s\u0131n\u0131rs\u0131z \u00e7ay- kahve ikram\u0131n\u0131 da sunarak kullan\u0131c\u0131lar\u0131na kesintisiz ve verimli bir ders \u00e7al\u0131\u015fma ortam\u0131 sa\u011fl\u0131yor. Merkezefendi ve Seyyidnizam Millet K\u0131raathaneleri yaln\u0131zca Zeytinburnu\u2019nda ya\u015fayanlara de\u011fil \u00e7evre il\u00e7elerden gelen \u00f6\u011frencilere de hizmet veriyor. Millet K\u0131raathanelerinin ders \u00e7al\u0131\u015fma iste\u011fini art\u0131rd\u0131\u011f\u0131n\u0131 ve sundu\u011fu imkanlarla di\u011fer k\u00fct\u00fcphanelerden ayr\u0131ld\u0131\u011f\u0131n\u0131 s\u00f6yleyen \u00f6\u011frenciler bu t\u00fcr mek\u00e2nlar\u0131n say\u0131s\u0131n\u0131n art\u0131r\u0131lmas\u0131n\u0131 istiyor.<\/p>\n<p>Peki \u00f6\u011frenciler neden millet k\u0131raathanelerini tercih ediyor?<\/p>\n<p>Millet K\u0131raathanelerinin 7\/24 hizmet vermesi, konforlu, g\u00fcr\u00fclt\u00fcden uzak, g\u00fcvenilir bir ortama sahip olmas\u0131, s\u0131n\u0131rs\u0131z \u00e7ay- kahve, g\u00fcn\u00fcn belirli saatlerinde \u00e7orba ikramlar\u0131n\u0131n yap\u0131lmas\u0131 gibi bir\u00e7ok sebep \u00f6\u011frencileri buraya \u00e7ekiyor. Bu mekanlara gelip ders \u00e7al\u0131\u015fan \u00f6\u011frencilere Millet K\u0131raathaneleri hakk\u0131ndaki yorumlar\u0131 soruldu\u011funda verdikleri tepki, duyduklar\u0131 mutluluk ve memnuniyeti g\u00f6zler \u00f6n\u00fcne seriliyor.<\/p>\n<p>\u201cBuran\u0131n en b\u00fcy\u00fck \u00f6zelli\u011fi 7\/24 a\u00e7\u0131k olmas\u0131d\u0131r\u201d<\/p>\n<p>S\u0131nava say\u0131l\u0131 g\u00fcnler kald\u0131\u011f\u0131n\u0131 ve daha iyi adapte olabilmek i\u00e7in bu mekanda ders \u00e7al\u0131\u015fmay\u0131 tercih etti\u011fini s\u00f6yleyen Ali Haydar Gen\u00e7, \u201cSeyyidnizam Millet K\u00fct\u00fcphanesindeyiz. Hedeflerimiz var, b\u00fct\u00fcn arkada\u015flar\u0131m\u0131z \u00e7al\u0131\u015f\u0131yor, s\u0131nava da az bir s\u00fcre kald\u0131, tam gaz devam ediyoruz. Buras\u0131 7\/24 a\u00e7\u0131k, buray\u0131 bir\u00e7ok k\u00fct\u00fcphaneden ay\u0131ran en b\u00fcy\u00fck \u00f6zelli\u011fi budur. Burada belli saatlerde \u00e7orba veriliyor, ortam g\u00fczel, g\u00fczel imkanlar\u0131 var\u201d dedi.<\/p>\n<p>\u201cEsenler\u2019de bu kadar b\u00fcy\u00fck bir k\u00fct\u00fcphane yok\u201d<\/p>\n<p>Ya\u015fad\u0131\u011f\u0131 yerde buradakine benzer bir mekan bulunmad\u0131\u011f\u0131n\u0131 s\u00f6yleyen Yaren \u015eent\u00fcrk ise \u201cBuraya ilk kez geliyorum. \u0130lk g\u00f6rd\u00fc\u011f\u00fcmde buras\u0131 bana \u00e7ok b\u00fcy\u00fck geldi \u00e7\u00fcnk\u00fc Esenler\u2019de bu kadar b\u00fcy\u00fck bir k\u00fct\u00fcphane yok. Buras\u0131 \u00e7ok temiz ve ortam\u0131 \u00e7ok g\u00fczel. Molaya rahatl\u0131kla \u00e7\u0131kabiliyoruz\u201d \u015feklinde konu\u015ftu.<\/p>\n<p>\u201cG\u00f6nl\u00fcm ister ki \u0130stanbul\u2019un di\u011fer yerlerinde de bu tarz k\u00fct\u00fcphaneler olsun\u201d<\/p>\n<p>Millet K\u0131raathanesine gelen bir di\u011fer \u00f6\u011frenci Yasin Kaya da kendini burada \u00e7ok daha iyi hissetti\u011fini s\u00f6yleyerek, &#8220;Hedeflerim i\u00e7in buraday\u0131m. Burada eve nazaran daha iyi ders \u00e7al\u0131\u015fabildi\u011fimi hissediyorum. K\u0131raathanede g\u00fczel bir \u00e7al\u0131\u015fma ortam\u0131 var, yeni arkada\u015flar edinebiliyorum. Ayr\u0131ca \u00e7ay, \u00e7orba hizmeti de var. Buran\u0131n kitaplar\u0131ndan faydalanabiliyorum. K\u0131sacas\u0131 ben kendimi burada daha iyi hissediyorum, daha verimli oluyor. Buran\u0131n yap\u0131lmas\u0131nda eme\u011fi ge\u00e7enlerden Allah raz\u0131 olsun, sa\u011f olsunlar. G\u00f6nl\u00fcm ister ki \u0130stanbul\u2019un ba\u015fka yerlerinde de bu tarz k\u00fct\u00fcphaneler olsun. \u00c7\u00fcnk\u00fc \u00e7al\u0131\u015fmay\u0131 ger\u00e7ekten \u00e7ok olumlu y\u00f6nde etkiliyor\u201d ifadelerini kulland\u0131.<\/p>\n<p>\u201cKahve var, \u00e7ay var, her \u015fey \u00e7ok g\u00fczel ve \u00fccretsiz\u201d<\/p>\n<p>S\u0131nava haz\u0131rlanan bir ba\u015fka \u00f6\u011frenci Seda Nur G\u00fcrsoy, \u201cSaat 13.00\u2019da ve 18.00\u2019da \u00e7orba veriliyor, mola saatlerinde hava so\u011fuk olsa bile kafeteryada oturmak gibi bir imk\u00e2n\u0131m\u0131z var. \u00c7arda\u011fa \u00e7\u0131k\u0131p hava alabiliyoruz. Kahve var, \u00e7ay var, her \u015fey \u00e7ok g\u00fczel ve \u00fccretsiz\u201d dedi.<\/p>\n<p>\u201cBuras\u0131 benim ikinci evim oldu\u201d<\/p>\n<p>Buradaki ortam\u0131n olduk\u00e7a g\u00fcvenilir oldu\u011funu, buran\u0131n adeta ikinci evi haline geldi\u011fini s\u00f6yleyen Neslihan Durmaz, \u201cBuraya ders \u00e7al\u0131\u015fmaya geldim. Buradan arkada\u015flar\u0131m\u0131n tavsiyesi \u00fczerine haberim oldu. Bir kere geldikten sonra hep gelmeye ba\u015flad\u0131m. Buras\u0131 benim ikinci evim oldu. Evden \u00e7ok buraday\u0131m. G\u00fcng\u00f6ren\u2019den geliyorum, orada da k\u00fct\u00fcphaneler var tabii ama buran\u0131n imk\u00e2nlar\u0131 \u00e7ok g\u00fczel. Bir de buras\u0131 bana daha g\u00fcvenilir geliyor. G\u00fcvenlik g\u00f6revlileri 7\/24 burada, bu sayede aileden yana da hi\u00e7bir s\u0131k\u0131nt\u0131m\u0131z olmuyor\u201d diyerek ailelerin \u00e7ocuklar\u0131n\u0131 bu mekana g\u00f6n\u00fcl rahatl\u0131\u011f\u0131yla g\u00f6nderebileceklerini belirtti.<\/p>\n<p>\u201cBurada \u00e7ok daha fazla imkan var\u201d<\/p>\n<p>K\u0131raathanenin kendisine sundu\u011fu imk\u00e2nlar\u0131n olduk\u00e7a fazla oldu\u011funu s\u00f6yleyen T\u00fcrkan Karata\u015f, \u201cEvdeki \u00e7al\u0131\u015fma veriminin burada \u00e7ok daha fazlas\u0131n\u0131 alabiliyorum. \u00c7\u00fcnk\u00fc burada \u00e7ok daha rahat\u0131m, daha fazla imkan var. \u0130nternet, yiyecek, s\u0131n\u0131rs\u0131z kahve servisi mevcut ve burada herkes ders \u00e7al\u0131\u015ft\u0131\u011f\u0131 i\u00e7in daha iyi bir adaptasyon s\u00fcreci olmu\u015f oluyor\u201d \u015feklinde konu\u015ftu.<\/p>\n<p>\u201cEvde ders \u00e7al\u0131\u015fmak s\u0131k\u0131c\u0131, b\u00f6yle ortamlar\u0131 her \u00f6\u011frenci sever\u201d<\/p>\n<p>Merkezefendi\u2019de bulunan Millet K\u0131raathanesi\u2019ne Ba\u011fc\u0131lar\u2019dan geldi\u011fini s\u00f6yleyen Muhammed Talha Bulut, \u201cEvde ders \u00e7al\u0131\u015fmak s\u0131k\u0131c\u0131 oldu\u011fu i\u00e7in b\u00f6yle ortamlar\u0131 b\u00fct\u00fcn \u00f6\u011frenciler sever. B\u00f6yle ortamlar t\u00fcm \u00f6\u011frenciler i\u00e7in iyi olur \u00e7\u00fcnk\u00fc etraf\u0131ndaki herkes ders \u00e7al\u0131\u015f\u0131nca senin de ders \u00e7al\u0131\u015fma iste\u011fin geliyor. Ayd\u0131 zamanda evdeki g\u00fcr\u00fclt\u00fcl\u00fc ortamdan da bir nebze ka\u00e7m\u0131\u015f oluyoruz. Burada yeni arkada\u015fl\u0131klar, dostluklar ediniyoruz, beraber sohbet ediyoruz, ders \u00e7al\u0131\u015fmam\u0131z daha zevkli oluyor, yemekler ikram ediliyor\u201d ifadelerini kulland\u0131.<\/p>\n<p>\u201cBurada bir d\u00fczen var, bu y\u00fczden buraya geliyorum\u201d<\/p>\n<p>Di\u011fer k\u00fct\u00fcphanelerin \u00e7ok fazla g\u00fcr\u00fclt\u00fcl\u00fc olmas\u0131 nedeniyle Merkezefendi Millet K\u0131raathanesi\u2019ni tercih etti\u011fini belirten Rabia D\u00fcndar, \u201cYKS\u2019ye haz\u0131rlan\u0131yorum. Sabah gelip ak\u015fam \u00e7\u0131k\u0131yorum, s\u00fcrekli ders \u00e7al\u0131\u015f\u0131yorum. Ben Bah\u00e7elievler\u2019den geliyorum. Burada bir d\u00fczen var, di\u011fer k\u00fct\u00fcphaneler \u00e7ok kar\u0131\u015f\u0131k ve g\u00fcr\u00fclt\u00fcl\u00fc oluyor, bu y\u00fczden buray\u0131 tercih ediyorum\u201d dedi.<\/p>\n<p>Zeytinburnu Merkezefendi Millet K\u0131raathanesi M\u00fcd\u00fcr\u00fc Selahattin \u00d6zt\u00fcrk ise; buran\u0131n istatiksel verileri hakk\u0131nda bilgi vererek, kullan\u0131c\u0131lar\u0131na sa\u011flad\u0131\u011f\u0131 imkanlardan bahsetti.<\/p>\n<p>\u201c\u0130stanbul\u2019un di\u011fer il\u00e7elerinden buraya yo\u011fun talep var\u201d<\/p>\n<p>Selahattin \u00d6zt\u00fcrk, buraya \u00e7evre il\u00e7elerden de yo\u011fun bir ziyaret\u00e7i ak\u0131\u015f\u0131 oldu\u011funu s\u00f6yledi. \u00d6zt\u00fcrk \u201c\u015eu anda Zeytinburnu Belediyesi Merkezefendi Millet K\u0131raathanesi\u2019ndeyiz. Millet K\u0131raathanemiz 2016 y\u0131l\u0131n\u0131n May\u0131s ay\u0131nda hizmete a\u00e7\u0131ld\u0131. \u015eehir ve \u015fehircilik \u00fczerine bir ara\u015ft\u0131rma k\u00fct\u00fcphanesi olarak kurulan k\u00fct\u00fcphanemiz, 24 saat hizmet vererek kullan\u0131c\u0131lar\u0131n\u0131 a\u011f\u0131rlamaktad\u0131r. 121 kullan\u0131c\u0131 kapasiteli, bekleme salonu olan, s\u0131ral\u0131 numaras\u0131 al\u0131narak hizmet veren bir k\u00fct\u00fcphanedir. 24 saat hizmet verdi\u011fi i\u00e7in burada \u00e7al\u0131\u015fan, ara\u015ft\u0131rma yapanlara belediyemizin bir ikram\u0131 olarak, \u00e7ay, kahve ve \u00e7orba sunmaktay\u0131z. Kullan\u0131c\u0131lar\u0131m\u0131z i\u00e7eride bulunmak \u015fart\u0131yla g\u00fcnde 3 kez \u00e7orba ikram\u0131ndan yararlanabilmektedirler. Kullan\u0131c\u0131lar\u0131m\u0131za 20 binin \u00fczerinde kitapla hizmet veriyoruz. \u00d6d\u00fcn\u00e7 verme, internet eri\u015fimi ve on sayfaya kadar da fotokopi hizmeti kullan\u0131c\u0131lar\u0131m\u0131za sa\u011flanmaktad\u0131r. Millet k\u0131raathanemiz g\u00fcn\u00fcn 24 saati a\u00e7\u0131k oldu\u011fundan \u00e7evre il\u00e7elerden de kullan\u0131c\u0131lar\u0131m\u0131z buraya gelip \u00e7al\u0131\u015fmalar\u0131n\u0131 yapmaktad\u0131r. Toplamda 3 k\u00fct\u00fcphanemiz bulunmaktad\u0131r. Bunlardan ikisi 24 saat hizmet verdi\u011fi i\u00e7in kullan\u0131c\u0131 yo\u011funlu\u011fumuz da buna ba\u011fl\u0131 olarak artm\u0131\u015f durumdad\u0131r. 25 bin \u00fcyemizin 7 bin 500\u2019\u00fc Zeytinburnu\u2019nda ikamet etmekte, bunun d\u0131\u015f\u0131nda kalanlarsa \u0130stanbul\u2019un di\u011fer il\u00e7elerinden buraya gelmektedirler\u201d a\u00e7\u0131klamas\u0131nda bulundu.<\/p>\n<p>Binlerce kullan\u0131c\u0131ya konforlu, g\u00fcr\u00fclt\u00fcden uzak ve g\u00fcvenilir bir ortamda ders \u00e7al\u0131\u015fma imkan\u0131 sunan, bunun yan\u0131nda belirli saatlerde \u00e7orba ve s\u0131n\u0131rs\u0131z \u00e7ay, kahve servisi yapan Merkezefendi ve Seyyidnizam Millet K\u0131raathaneleri, her ge\u00e7en g\u00fcn \u00f6\u011frencilerin vazge\u00e7ilmezi haline gelmeye, hizmet etti\u011fi ki\u015fi say\u0131s\u0131n\u0131 art\u0131rmaya devam ediyor.<div class=\"tiled-gallery type-rectangular tiled-gallery-unresized\" data-original-width=\"500\" data-carousel-extra='null' itemscope itemtype=\"http:\/\/schema.org\/ImageGallery\" > <div class=\"gallery-row\" style=\"width: 500px; height: 224px;\" data-original-width=\"500\" data-original-height=\"224\" > <div class=\"gallery-group images-1\" style=\"width: 334px; height: 224px;\" data-original-width=\"334\" data-original-height=\"224\" > <div class=\"tiled-gallery-item tiled-gallery-item-large\" itemprop=\"associatedMedia\" itemscope itemtype=\"http:\/\/schema.org\/ImageObject\"> <a href=\"http:\/\/www.tvturk.com\/index.php\/sinavlara-hazirlanan-genclerin-yeni-mekani-millet-kiraathaneleri\/sinavlara-hazirlanan-genclerin-yeni-mekani-millet-kiraathaneleri-3\/\" border=\"0\" itemprop=\"url\"> <meta itemprop=\"width\" content=\"330\"> <meta itemprop=\"height\" content=\"220\"> <img decoding=\"async\" class=\"\" data-attachment-id=\"113108\" data-orig-file=\"http:\/\/www.tvturk.com\/wp-content\/uploads\/2019\/03\/sinavlara-hazirlanan-genclerin-yeni-mekani-millet-kiraathaneleri_2f557b0.jpg\" data-orig-size=\"1000,666\" data-comments-opened=\"\" data-image-meta=\"{&quot;aperture&quot;:&quot;0&quot;,&quot;credit&quot;:&quot;IHA&quot;,&quot;camera&quot;:&quot;&quot;,&quot;caption&quot;:&quot;ZEYT\\u0130NBURNU\\u2019NDA BULUNAN MERKEZEFEND\\u0130 VE SEYY\\u0130DN\\u0130ZAM M\\u0130LLET KIRAATHANELER\\u0130, G\\u00dcR\\u00dcLT\\u00dcDEN UZAK, KONFORLU VE G\\u00dcVENL\\u0130 ORTAMIYLA \\u00d6\\u011eRENC\\u0130LER\\u0130N DA\\u0130M\\u0130 MEKANI HAL\\u0130NE GELD\\u0130. (DO\\u011eAN CAN CESUR - YUNUS EMRE \\u015eEKER\\\/\\u0130STANBUL-\\u0130HA)&quot;,&quot;created_timestamp&quot;:&quot;0&quot;,&quot;copyright&quot;:&quot;\\u0130HLAS HABER AJANSI, www.iha.com.tr&quot;,&quot;focal_length&quot;:&quot;0&quot;,&quot;iso&quot;:&quot;0&quot;,&quot;shutter_speed&quot;:&quot;0&quot;,&quot;title&quot;:&quot;SINAVLARA HAZIRLANAN GEN\\u00c7LER\\u0130N YEN\\u0130 MEKANI \\u201cM\\u0130LLET KIRAATHANELER\\u0130\\u201d ZEYT\\u0130NBURNU MERKEZEFEND\\u0130 VE SEYY\\u0130DN\\u0130ZAM M\\u0130LLET KIRAATHANELER\\u0130 \\u00d6\\u011eRENC\\u0130LER\\u0130N U\\u011eRAK MEKANI OLDU&quot;,&quot;orientation&quot;:&quot;0&quot;}\" data-image-title=\"S\u0131navlara haz\u0131rlanan gen\u00e7lerin yeni mekan\u0131 \u201cMillet K\u0131raathaneleri\u201d\" data-image-description=\"&lt;p&gt;S\u0131navlara haz\u0131rlanan gen\u00e7lerin yeni mekan\u0131 \u201cMillet K\u0131raathaneleri\u201d&lt;\/p&gt; \" data-medium-file=\"https:\/\/i0.wp.com\/www.tvturk.com\/wp-content\/uploads\/2019\/03\/sinavlara-hazirlanan-genclerin-yeni-mekani-millet-kiraathaneleri_2f557b0.jpg?fit=300%2C200\" data-large-file=\"https:\/\/i0.wp.com\/www.tvturk.com\/wp-content\/uploads\/2019\/03\/sinavlara-hazirlanan-genclerin-yeni-mekani-millet-kiraathaneleri_2f557b0.jpg?fit=1000%2C666\" src=\"https:\/\/i0.wp.com\/www.tvturk.com\/wp-content\/uploads\/2019\/03\/sinavlara-hazirlanan-genclerin-yeni-mekani-millet-kiraathaneleri_2f557b0.jpg?w=330&#038;h=220\" srcset=\"https:\/\/i0.wp.com\/www.tvturk.com\/wp-content\/uploads\/2019\/03\/sinavlara-hazirlanan-genclerin-yeni-mekani-millet-kiraathaneleri_2f557b0.jpg?w=1000 1000w, https:\/\/i0.wp.com\/www.tvturk.com\/wp-content\/uploads\/2019\/03\/sinavlara-hazirlanan-genclerin-yeni-mekani-millet-kiraathaneleri_2f557b0.jpg?resize=150%2C100 150w, https:\/\/i0.wp.com\/www.tvturk.com\/wp-content\/uploads\/2019\/03\/sinavlara-hazirlanan-genclerin-yeni-mekani-millet-kiraathaneleri_2f557b0.jpg?resize=300%2C200 300w, https:\/\/i0.wp.com\/www.tvturk.com\/wp-content\/uploads\/2019\/03\/sinavlara-hazirlanan-genclerin-yeni-mekani-millet-kiraathaneleri_2f557b0.jpg?resize=768%2C511 768w, https:\/\/i0.wp.com\/www.tvturk.com\/wp-content\/uploads\/2019\/03\/sinavlara-hazirlanan-genclerin-yeni-mekani-millet-kiraathaneleri_2f557b0.jpg?resize=170%2C113 170w, https:\/\/i0.wp.com\/www.tvturk.com\/wp-content\/uploads\/2019\/03\/sinavlara-hazirlanan-genclerin-yeni-mekani-millet-kiraathaneleri_2f557b0.jpg?resize=120%2C80 120w\" width=\"330\" height=\"220\" loading=\"lazy\" data-original-width=\"330\" data-original-height=\"220\" itemprop=\"http:\/\/schema.org\/image\" title=\"S\u0131navlara haz\u0131rlanan gen\u00e7lerin yeni mekan\u0131 \u201cMillet K\u0131raathaneleri\u201d\" alt=\"S\u0131navlara haz\u0131rlanan gen\u00e7lerin yeni mekan\u0131 \u201cMillet K\u0131raathaneleri\u201d\" style=\"width: 330px; height: 220px;\" \/> <\/a> <\/div> <\/div> <!-- close group --> <div class=\"gallery-group images-2\" style=\"width: 166px; height: 224px;\" data-original-width=\"166\" data-original-height=\"224\" > <div class=\"tiled-gallery-item tiled-gallery-item-small\" itemprop=\"associatedMedia\" itemscope itemtype=\"http:\/\/schema.org\/ImageObject\"> <a href=\"http:\/\/www.tvturk.com\/index.php\/sinavlara-hazirlanan-genclerin-yeni-mekani-millet-kiraathaneleri\/sinavlara-hazirlanan-genclerin-yeni-mekani-millet-kiraathaneleri-4\/\" border=\"0\" itemprop=\"url\"> <meta itemprop=\"width\" content=\"162\"> <meta itemprop=\"height\" content=\"108\"> <img decoding=\"async\" class=\"\" data-attachment-id=\"113109\" data-orig-file=\"http:\/\/www.tvturk.com\/wp-content\/uploads\/2019\/03\/sinavlara-hazirlanan-genclerin-yeni-mekani-millet-kiraathaneleri_938fc48.jpg\" data-orig-size=\"1000,666\" data-comments-opened=\"\" data-image-meta=\"{&quot;aperture&quot;:&quot;0&quot;,&quot;credit&quot;:&quot;IHA&quot;,&quot;camera&quot;:&quot;&quot;,&quot;caption&quot;:&quot;ZEYT\\u0130NBURNU\\u2019NDA BULUNAN MERKEZEFEND\\u0130 VE SEYY\\u0130DN\\u0130ZAM M\\u0130LLET KIRAATHANELER\\u0130, G\\u00dcR\\u00dcLT\\u00dcDEN UZAK, KONFORLU VE G\\u00dcVENL\\u0130 ORTAMIYLA \\u00d6\\u011eRENC\\u0130LER\\u0130N DA\\u0130M\\u0130 MEKANI HAL\\u0130NE GELD\\u0130. (DO\\u011eAN CAN CESUR - YUNUS EMRE \\u015eEKER\\\/\\u0130STANBUL-\\u0130HA)&quot;,&quot;created_timestamp&quot;:&quot;0&quot;,&quot;copyright&quot;:&quot;\\u0130HLAS HABER AJANSI, www.iha.com.tr&quot;,&quot;focal_length&quot;:&quot;0&quot;,&quot;iso&quot;:&quot;0&quot;,&quot;shutter_speed&quot;:&quot;0&quot;,&quot;title&quot;:&quot;SINAVLARA HAZIRLANAN GEN\\u00c7LER\\u0130N YEN\\u0130 MEKANI \\u201cM\\u0130LLET KIRAATHANELER\\u0130\\u201d ZEYT\\u0130NBURNU MERKEZEFEND\\u0130 VE SEYY\\u0130DN\\u0130ZAM M\\u0130LLET KIRAATHANELER\\u0130 \\u00d6\\u011eRENC\\u0130LER\\u0130N U\\u011eRAK MEKANI OLDU&quot;,&quot;orientation&quot;:&quot;0&quot;}\" data-image-title=\"S\u0131navlara haz\u0131rlanan gen\u00e7lerin yeni mekan\u0131 \u201cMillet K\u0131raathaneleri\u201d\" data-image-description=\"&lt;p&gt;S\u0131navlara haz\u0131rlanan gen\u00e7lerin yeni mekan\u0131 \u201cMillet K\u0131raathaneleri\u201d&lt;\/p&gt; \" data-medium-file=\"https:\/\/i0.wp.com\/www.tvturk.com\/wp-content\/uploads\/2019\/03\/sinavlara-hazirlanan-genclerin-yeni-mekani-millet-kiraathaneleri_938fc48.jpg?fit=300%2C200\" data-large-file=\"https:\/\/i0.wp.com\/www.tvturk.com\/wp-content\/uploads\/2019\/03\/sinavlara-hazirlanan-genclerin-yeni-mekani-millet-kiraathaneleri_938fc48.jpg?fit=1000%2C666\" src=\"https:\/\/i0.wp.com\/www.tvturk.com\/wp-content\/uploads\/2019\/03\/sinavlara-hazirlanan-genclerin-yeni-mekani-millet-kiraathaneleri_938fc48.jpg?w=162&#038;h=108\" srcset=\"https:\/\/i0.wp.com\/www.tvturk.com\/wp-content\/uploads\/2019\/03\/sinavlara-hazirlanan-genclerin-yeni-mekani-millet-kiraathaneleri_938fc48.jpg?w=1000 1000w, https:\/\/i0.wp.com\/www.tvturk.com\/wp-content\/uploads\/2019\/03\/sinavlara-hazirlanan-genclerin-yeni-mekani-millet-kiraathaneleri_938fc48.jpg?resize=150%2C100 150w, https:\/\/i0.wp.com\/www.tvturk.com\/wp-content\/uploads\/2019\/03\/sinavlara-hazirlanan-genclerin-yeni-mekani-millet-kiraathaneleri_938fc48.jpg?resize=300%2C200 300w, https:\/\/i0.wp.com\/www.tvturk.com\/wp-content\/uploads\/2019\/03\/sinavlara-hazirlanan-genclerin-yeni-mekani-millet-kiraathaneleri_938fc48.jpg?resize=768%2C511 768w, https:\/\/i0.wp.com\/www.tvturk.com\/wp-content\/uploads\/2019\/03\/sinavlara-hazirlanan-genclerin-yeni-mekani-millet-kiraathaneleri_938fc48.jpg?resize=170%2C113 170w, https:\/\/i0.wp.com\/www.tvturk.com\/wp-content\/uploads\/2019\/03\/sinavlara-hazirlanan-genclerin-yeni-mekani-millet-kiraathaneleri_938fc48.jpg?resize=120%2C80 120w\" width=\"162\" height=\"108\" loading=\"lazy\" data-original-width=\"162\" data-original-height=\"108\" itemprop=\"http:\/\/schema.org\/image\" title=\"S\u0131navlara haz\u0131rlanan gen\u00e7lerin yeni mekan\u0131 \u201cMillet K\u0131raathaneleri\u201d\" alt=\"S\u0131navlara haz\u0131rlanan gen\u00e7lerin yeni mekan\u0131 \u201cMillet K\u0131raathaneleri\u201d\" style=\"width: 162px; height: 108px;\" \/> <\/a> <\/div> <div class=\"tiled-gallery-item tiled-gallery-item-small\" itemprop=\"associatedMedia\" itemscope itemtype=\"http:\/\/schema.org\/ImageObject\"> <a href=\"http:\/\/www.tvturk.com\/index.php\/sinavlara-hazirlanan-genclerin-yeni-mekani-millet-kiraathaneleri\/sinavlara-hazirlanan-genclerin-yeni-mekani-millet-kiraathaneleri-5\/\" border=\"0\" itemprop=\"url\"> <meta itemprop=\"width\" content=\"162\"> <meta itemprop=\"height\" content=\"108\"> <img decoding=\"async\" class=\"\" data-attachment-id=\"113110\" data-orig-file=\"http:\/\/www.tvturk.com\/wp-content\/uploads\/2019\/03\/sinavlara-hazirlanan-genclerin-yeni-mekani-millet-kiraathaneleri_093c0ee.jpg\" data-orig-size=\"1000,666\" data-comments-opened=\"\" data-image-meta=\"{&quot;aperture&quot;:&quot;0&quot;,&quot;credit&quot;:&quot;IHA&quot;,&quot;camera&quot;:&quot;&quot;,&quot;caption&quot;:&quot;ZEYT\\u0130NBURNU\\u2019NDA BULUNAN MERKEZEFEND\\u0130 VE SEYY\\u0130DN\\u0130ZAM M\\u0130LLET KIRAATHANELER\\u0130, G\\u00dcR\\u00dcLT\\u00dcDEN UZAK, KONFORLU VE G\\u00dcVENL\\u0130 ORTAMIYLA \\u00d6\\u011eRENC\\u0130LER\\u0130N DA\\u0130M\\u0130 MEKANI HAL\\u0130NE GELD\\u0130. (DO\\u011eAN CAN CESUR - YUNUS EMRE \\u015eEKER\\\/\\u0130STANBUL-\\u0130HA)&quot;,&quot;created_timestamp&quot;:&quot;0&quot;,&quot;copyright&quot;:&quot;\\u0130HLAS HABER AJANSI, www.iha.com.tr&quot;,&quot;focal_length&quot;:&quot;0&quot;,&quot;iso&quot;:&quot;0&quot;,&quot;shutter_speed&quot;:&quot;0&quot;,&quot;title&quot;:&quot;SINAVLARA HAZIRLANAN GEN\\u00c7LER\\u0130N YEN\\u0130 MEKANI \\u201cM\\u0130LLET KIRAATHANELER\\u0130\\u201d ZEYT\\u0130NBURNU MERKEZEFEND\\u0130 VE SEYY\\u0130DN\\u0130ZAM M\\u0130LLET KIRAATHANELER\\u0130 \\u00d6\\u011eRENC\\u0130LER\\u0130N U\\u011eRAK MEKANI OLDU&quot;,&quot;orientation&quot;:&quot;0&quot;}\" data-image-title=\"S\u0131navlara haz\u0131rlanan gen\u00e7lerin yeni mekan\u0131 \u201cMillet K\u0131raathaneleri\u201d\" data-image-description=\"&lt;p&gt;S\u0131navlara haz\u0131rlanan gen\u00e7lerin yeni mekan\u0131 \u201cMillet K\u0131raathaneleri\u201d&lt;\/p&gt; \" data-medium-file=\"https:\/\/i0.wp.com\/www.tvturk.com\/wp-content\/uploads\/2019\/03\/sinavlara-hazirlanan-genclerin-yeni-mekani-millet-kiraathaneleri_093c0ee.jpg?fit=300%2C200\" data-large-file=\"https:\/\/i0.wp.com\/www.tvturk.com\/wp-content\/uploads\/2019\/03\/sinavlara-hazirlanan-genclerin-yeni-mekani-millet-kiraathaneleri_093c0ee.jpg?fit=1000%2C666\" src=\"https:\/\/i0.wp.com\/www.tvturk.com\/wp-content\/uploads\/2019\/03\/sinavlara-hazirlanan-genclerin-yeni-mekani-millet-kiraathaneleri_093c0ee.jpg?w=162&#038;h=108\" srcset=\"https:\/\/i0.wp.com\/www.tvturk.com\/wp-content\/uploads\/2019\/03\/sinavlara-hazirlanan-genclerin-yeni-mekani-millet-kiraathaneleri_093c0ee.jpg?w=1000 1000w, https:\/\/i0.wp.com\/www.tvturk.com\/wp-content\/uploads\/2019\/03\/sinavlara-hazirlanan-genclerin-yeni-mekani-millet-kiraathaneleri_093c0ee.jpg?resize=150%2C100 150w, https:\/\/i0.wp.com\/www.tvturk.com\/wp-content\/uploads\/2019\/03\/sinavlara-hazirlanan-genclerin-yeni-mekani-millet-kiraathaneleri_093c0ee.jpg?resize=300%2C200 300w, https:\/\/i0.wp.com\/www.tvturk.com\/wp-content\/uploads\/2019\/03\/sinavlara-hazirlanan-genclerin-yeni-mekani-millet-kiraathaneleri_093c0ee.jpg?resize=768%2C511 768w, https:\/\/i0.wp.com\/www.tvturk.com\/wp-content\/uploads\/2019\/03\/sinavlara-hazirlanan-genclerin-yeni-mekani-millet-kiraathaneleri_093c0ee.jpg?resize=170%2C113 170w, https:\/\/i0.wp.com\/www.tvturk.com\/wp-content\/uploads\/2019\/03\/sinavlara-hazirlanan-genclerin-yeni-mekani-millet-kiraathaneleri_093c0ee.jpg?resize=120%2C80 120w\" width=\"162\" height=\"108\" loading=\"lazy\" data-original-width=\"162\" data-original-height=\"108\" itemprop=\"http:\/\/schema.org\/image\" title=\"S\u0131navlara haz\u0131rlanan gen\u00e7lerin yeni mekan\u0131 \u201cMillet K\u0131raathaneleri\u201d\" alt=\"S\u0131navlara haz\u0131rlanan gen\u00e7lerin yeni mekan\u0131 \u201cMillet K\u0131raathaneleri\u201d\" style=\"width: 162px; height: 108px;\" \/> <\/a> <\/div> <\/div> <!-- close group --> <\/div> <!-- close row --> <div class=\"gallery-row\" style=\"width: 500px; height: 112px;\" data-original-width=\"500\" data-original-height=\"112\" > <div class=\"gallery-group images-1\" style=\"width: 167px; height: 112px;\" data-original-width=\"167\" data-original-height=\"112\" > <div class=\"tiled-gallery-item tiled-gallery-item-small\" itemprop=\"associatedMedia\" itemscope itemtype=\"http:\/\/schema.org\/ImageObject\"> <a href=\"http:\/\/www.tvturk.com\/index.php\/sinavlara-hazirlanan-genclerin-yeni-mekani-millet-kiraathaneleri\/sinavlara-hazirlanan-genclerin-yeni-mekani-millet-kiraathaneleri-6\/\" border=\"0\" itemprop=\"url\"> <meta itemprop=\"width\" content=\"163\"> <meta itemprop=\"height\" content=\"108\"> <img decoding=\"async\" class=\"\" data-attachment-id=\"113111\" data-orig-file=\"http:\/\/www.tvturk.com\/wp-content\/uploads\/2019\/03\/sinavlara-hazirlanan-genclerin-yeni-mekani-millet-kiraathaneleri_2166fc8.jpg\" data-orig-size=\"1000,666\" data-comments-opened=\"\" data-image-meta=\"{&quot;aperture&quot;:&quot;0&quot;,&quot;credit&quot;:&quot;IHA&quot;,&quot;camera&quot;:&quot;&quot;,&quot;caption&quot;:&quot;ZEYT\\u0130NBURNU\\u2019NDA BULUNAN MERKEZEFEND\\u0130 VE SEYY\\u0130DN\\u0130ZAM M\\u0130LLET KIRAATHANELER\\u0130, G\\u00dcR\\u00dcLT\\u00dcDEN UZAK, KONFORLU VE G\\u00dcVENL\\u0130 ORTAMIYLA \\u00d6\\u011eRENC\\u0130LER\\u0130N DA\\u0130M\\u0130 MEKANI HAL\\u0130NE GELD\\u0130. (DO\\u011eAN CAN CESUR - YUNUS EMRE \\u015eEKER\\\/\\u0130STANBUL-\\u0130HA)&quot;,&quot;created_timestamp&quot;:&quot;0&quot;,&quot;copyright&quot;:&quot;\\u0130HLAS HABER AJANSI, www.iha.com.tr&quot;,&quot;focal_length&quot;:&quot;0&quot;,&quot;iso&quot;:&quot;0&quot;,&quot;shutter_speed&quot;:&quot;0&quot;,&quot;title&quot;:&quot;SINAVLARA HAZIRLANAN GEN\\u00c7LER\\u0130N YEN\\u0130 MEKANI \\u201cM\\u0130LLET KIRAATHANELER\\u0130\\u201d ZEYT\\u0130NBURNU MERKEZEFEND\\u0130 VE SEYY\\u0130DN\\u0130ZAM M\\u0130LLET KIRAATHANELER\\u0130 \\u00d6\\u011eRENC\\u0130LER\\u0130N U\\u011eRAK MEKANI OLDU&quot;,&quot;orientation&quot;:&quot;0&quot;}\" data-image-title=\"S\u0131navlara haz\u0131rlanan gen\u00e7lerin yeni mekan\u0131 \u201cMillet K\u0131raathaneleri\u201d\" data-image-description=\"&lt;p&gt;S\u0131navlara haz\u0131rlanan gen\u00e7lerin yeni mekan\u0131 \u201cMillet K\u0131raathaneleri\u201d&lt;\/p&gt; \" data-medium-file=\"https:\/\/i0.wp.com\/www.tvturk.com\/wp-content\/uploads\/2019\/03\/sinavlara-hazirlanan-genclerin-yeni-mekani-millet-kiraathaneleri_2166fc8.jpg?fit=300%2C200\" data-large-file=\"https:\/\/i0.wp.com\/www.tvturk.com\/wp-content\/uploads\/2019\/03\/sinavlara-hazirlanan-genclerin-yeni-mekani-millet-kiraathaneleri_2166fc8.jpg?fit=1000%2C666\" src=\"https:\/\/i0.wp.com\/www.tvturk.com\/wp-content\/uploads\/2019\/03\/sinavlara-hazirlanan-genclerin-yeni-mekani-millet-kiraathaneleri_2166fc8.jpg?w=163&#038;h=108\" srcset=\"https:\/\/i0.wp.com\/www.tvturk.com\/wp-content\/uploads\/2019\/03\/sinavlara-hazirlanan-genclerin-yeni-mekani-millet-kiraathaneleri_2166fc8.jpg?w=1000 1000w, https:\/\/i0.wp.com\/www.tvturk.com\/wp-content\/uploads\/2019\/03\/sinavlara-hazirlanan-genclerin-yeni-mekani-millet-kiraathaneleri_2166fc8.jpg?resize=150%2C100 150w, https:\/\/i0.wp.com\/www.tvturk.com\/wp-content\/uploads\/2019\/03\/sinavlara-hazirlanan-genclerin-yeni-mekani-millet-kiraathaneleri_2166fc8.jpg?resize=300%2C200 300w, https:\/\/i0.wp.com\/www.tvturk.com\/wp-content\/uploads\/2019\/03\/sinavlara-hazirlanan-genclerin-yeni-mekani-millet-kiraathaneleri_2166fc8.jpg?resize=768%2C511 768w, https:\/\/i0.wp.com\/www.tvturk.com\/wp-content\/uploads\/2019\/03\/sinavlara-hazirlanan-genclerin-yeni-mekani-millet-kiraathaneleri_2166fc8.jpg?resize=170%2C113 170w, https:\/\/i0.wp.com\/www.tvturk.com\/wp-content\/uploads\/2019\/03\/sinavlara-hazirlanan-genclerin-yeni-mekani-millet-kiraathaneleri_2166fc8.jpg?resize=120%2C80 120w\" width=\"163\" height=\"108\" loading=\"lazy\" data-original-width=\"163\" data-original-height=\"108\" itemprop=\"http:\/\/schema.org\/image\" title=\"S\u0131navlara haz\u0131rlanan gen\u00e7lerin yeni mekan\u0131 \u201cMillet K\u0131raathaneleri\u201d\" alt=\"S\u0131navlara haz\u0131rlanan gen\u00e7lerin yeni mekan\u0131 \u201cMillet K\u0131raathaneleri\u201d\" style=\"width: 163px; height: 108px;\" \/> <\/a> <\/div> <\/div> <!-- close group --> <div class=\"gallery-group images-1\" style=\"width: 167px; height: 112px;\" data-original-width=\"167\" data-original-height=\"112\" > <div class=\"tiled-gallery-item tiled-gallery-item-small\" itemprop=\"associatedMedia\" itemscope itemtype=\"http:\/\/schema.org\/ImageObject\"> <a href=\"http:\/\/www.tvturk.com\/index.php\/sinavlara-hazirlanan-genclerin-yeni-mekani-millet-kiraathaneleri\/sinavlara-hazirlanan-genclerin-yeni-mekani-millet-kiraathaneleri-7\/\" border=\"0\" itemprop=\"url\"> <meta itemprop=\"width\" content=\"163\"> <meta itemprop=\"height\" content=\"108\"> <img decoding=\"async\" class=\"\" data-attachment-id=\"113112\" data-orig-file=\"http:\/\/www.tvturk.com\/wp-content\/uploads\/2019\/03\/sinavlara-hazirlanan-genclerin-yeni-mekani-millet-kiraathaneleri_5f58e35.jpg\" data-orig-size=\"1000,666\" data-comments-opened=\"\" data-image-meta=\"{&quot;aperture&quot;:&quot;0&quot;,&quot;credit&quot;:&quot;IHA&quot;,&quot;camera&quot;:&quot;&quot;,&quot;caption&quot;:&quot;ZEYT\\u0130NBURNU\\u2019NDA BULUNAN MERKEZEFEND\\u0130 VE SEYY\\u0130DN\\u0130ZAM M\\u0130LLET KIRAATHANELER\\u0130, G\\u00dcR\\u00dcLT\\u00dcDEN UZAK, KONFORLU VE G\\u00dcVENL\\u0130 ORTAMIYLA \\u00d6\\u011eRENC\\u0130LER\\u0130N DA\\u0130M\\u0130 MEKANI HAL\\u0130NE GELD\\u0130. (DO\\u011eAN CAN CESUR - YUNUS EMRE \\u015eEKER\\\/\\u0130STANBUL-\\u0130HA)&quot;,&quot;created_timestamp&quot;:&quot;0&quot;,&quot;copyright&quot;:&quot;\\u0130HLAS HABER AJANSI, www.iha.com.tr&quot;,&quot;focal_length&quot;:&quot;0&quot;,&quot;iso&quot;:&quot;0&quot;,&quot;shutter_speed&quot;:&quot;0&quot;,&quot;title&quot;:&quot;SINAVLARA HAZIRLANAN GEN\\u00c7LER\\u0130N YEN\\u0130 MEKANI \\u201cM\\u0130LLET KIRAATHANELER\\u0130\\u201d ZEYT\\u0130NBURNU MERKEZEFEND\\u0130 VE SEYY\\u0130DN\\u0130ZAM M\\u0130LLET KIRAATHANELER\\u0130 \\u00d6\\u011eRENC\\u0130LER\\u0130N U\\u011eRAK MEKANI OLDU&quot;,&quot;orientation&quot;:&quot;0&quot;}\" data-image-title=\"S\u0131navlara haz\u0131rlanan gen\u00e7lerin yeni mekan\u0131 \u201cMillet K\u0131raathaneleri\u201d\" data-image-description=\"&lt;p&gt;S\u0131navlara haz\u0131rlanan gen\u00e7lerin yeni mekan\u0131 \u201cMillet K\u0131raathaneleri\u201d&lt;\/p&gt; \" data-medium-file=\"https:\/\/i0.wp.com\/www.tvturk.com\/wp-content\/uploads\/2019\/03\/sinavlara-hazirlanan-genclerin-yeni-mekani-millet-kiraathaneleri_5f58e35.jpg?fit=300%2C200\" data-large-file=\"https:\/\/i0.wp.com\/www.tvturk.com\/wp-content\/uploads\/2019\/03\/sinavlara-hazirlanan-genclerin-yeni-mekani-millet-kiraathaneleri_5f58e35.jpg?fit=1000%2C666\" src=\"https:\/\/i0.wp.com\/www.tvturk.com\/wp-content\/uploads\/2019\/03\/sinavlara-hazirlanan-genclerin-yeni-mekani-millet-kiraathaneleri_5f58e35.jpg?w=163&#038;h=108\" srcset=\"https:\/\/i0.wp.com\/www.tvturk.com\/wp-content\/uploads\/2019\/03\/sinavlara-hazirlanan-genclerin-yeni-mekani-millet-kiraathaneleri_5f58e35.jpg?w=1000 1000w, https:\/\/i0.wp.com\/www.tvturk.com\/wp-content\/uploads\/2019\/03\/sinavlara-hazirlanan-genclerin-yeni-mekani-millet-kiraathaneleri_5f58e35.jpg?resize=150%2C100 150w, https:\/\/i0.wp.com\/www.tvturk.com\/wp-content\/uploads\/2019\/03\/sinavlara-hazirlanan-genclerin-yeni-mekani-millet-kiraathaneleri_5f58e35.jpg?resize=300%2C200 300w, https:\/\/i0.wp.com\/www.tvturk.com\/wp-content\/uploads\/2019\/03\/sinavlara-hazirlanan-genclerin-yeni-mekani-millet-kiraathaneleri_5f58e35.jpg?resize=768%2C511 768w, https:\/\/i0.wp.com\/www.tvturk.com\/wp-content\/uploads\/2019\/03\/sinavlara-hazirlanan-genclerin-yeni-mekani-millet-kiraathaneleri_5f58e35.jpg?resize=170%2C113 170w, https:\/\/i0.wp.com\/www.tvturk.com\/wp-content\/uploads\/2019\/03\/sinavlara-hazirlanan-genclerin-yeni-mekani-millet-kiraathaneleri_5f58e35.jpg?resize=120%2C80 120w\" width=\"163\" height=\"108\" loading=\"lazy\" data-original-width=\"163\" data-original-height=\"108\" itemprop=\"http:\/\/schema.org\/image\" title=\"S\u0131navlara haz\u0131rlanan gen\u00e7lerin yeni mekan\u0131 \u201cMillet K\u0131raathaneleri\u201d\" alt=\"S\u0131navlara haz\u0131rlanan gen\u00e7lerin yeni mekan\u0131 \u201cMillet K\u0131raathaneleri\u201d\" style=\"width: 163px; height: 108px;\" \/> <\/a> <\/div> <\/div> <!-- close group --> <div class=\"gallery-group images-1\" style=\"width: 166px; height: 112px;\" data-original-width=\"166\" data-original-height=\"112\" > <div class=\"tiled-gallery-item tiled-gallery-item-small\" itemprop=\"associatedMedia\" itemscope itemtype=\"http:\/\/schema.org\/ImageObject\"> <a href=\"http:\/\/www.tvturk.com\/index.php\/sinavlara-hazirlanan-genclerin-yeni-mekani-millet-kiraathaneleri\/sinavlara-hazirlanan-genclerin-yeni-mekani-millet-kiraathaneleri-8\/\" border=\"0\" itemprop=\"url\"> <meta itemprop=\"width\" content=\"162\"> <meta itemprop=\"height\" content=\"108\"> <img decoding=\"async\" class=\"\" data-attachment-id=\"113113\" data-orig-file=\"http:\/\/www.tvturk.com\/wp-content\/uploads\/2019\/03\/sinavlara-hazirlanan-genclerin-yeni-mekani-millet-kiraathaneleri_7ab848b.jpg\" data-orig-size=\"1000,666\" data-comments-opened=\"\" data-image-meta=\"{&quot;aperture&quot;:&quot;0&quot;,&quot;credit&quot;:&quot;IHA&quot;,&quot;camera&quot;:&quot;&quot;,&quot;caption&quot;:&quot;ZEYT\\u0130NBURNU\\u2019NDA BULUNAN MERKEZEFEND\\u0130 VE SEYY\\u0130DN\\u0130ZAM M\\u0130LLET KIRAATHANELER\\u0130, G\\u00dcR\\u00dcLT\\u00dcDEN UZAK, KONFORLU VE G\\u00dcVENL\\u0130 ORTAMIYLA \\u00d6\\u011eRENC\\u0130LER\\u0130N DA\\u0130M\\u0130 MEKANI HAL\\u0130NE GELD\\u0130. (DO\\u011eAN CAN CESUR - YUNUS EMRE \\u015eEKER\\\/\\u0130STANBUL-\\u0130HA)&quot;,&quot;created_timestamp&quot;:&quot;0&quot;,&quot;copyright&quot;:&quot;\\u0130HLAS HABER AJANSI, www.iha.com.tr&quot;,&quot;focal_length&quot;:&quot;0&quot;,&quot;iso&quot;:&quot;0&quot;,&quot;shutter_speed&quot;:&quot;0&quot;,&quot;title&quot;:&quot;SINAVLARA HAZIRLANAN GEN\\u00c7LER\\u0130N YEN\\u0130 MEKANI \\u201cM\\u0130LLET KIRAATHANELER\\u0130\\u201d ZEYT\\u0130NBURNU MERKEZEFEND\\u0130 VE SEYY\\u0130DN\\u0130ZAM M\\u0130LLET KIRAATHANELER\\u0130 \\u00d6\\u011eRENC\\u0130LER\\u0130N U\\u011eRAK MEKANI OLDU&quot;,&quot;orientation&quot;:&quot;0&quot;}\" data-image-title=\"S\u0131navlara haz\u0131rlanan gen\u00e7lerin yeni mekan\u0131 \u201cMillet K\u0131raathaneleri\u201d\" data-image-description=\"&lt;p&gt;S\u0131navlara haz\u0131rlanan gen\u00e7lerin yeni mekan\u0131 \u201cMillet K\u0131raathaneleri\u201d&lt;\/p&gt; \" data-medium-file=\"https:\/\/i0.wp.com\/www.tvturk.com\/wp-content\/uploads\/2019\/03\/sinavlara-hazirlanan-genclerin-yeni-mekani-millet-kiraathaneleri_7ab848b.jpg?fit=300%2C200\" data-large-file=\"https:\/\/i0.wp.com\/www.tvturk.com\/wp-content\/uploads\/2019\/03\/sinavlara-hazirlanan-genclerin-yeni-mekani-millet-kiraathaneleri_7ab848b.jpg?fit=1000%2C666\" src=\"https:\/\/i0.wp.com\/www.tvturk.com\/wp-content\/uploads\/2019\/03\/sinavlara-hazirlanan-genclerin-yeni-mekani-millet-kiraathaneleri_7ab848b.jpg?w=162&#038;h=108\" srcset=\"https:\/\/i0.wp.com\/www.tvturk.com\/wp-content\/uploads\/2019\/03\/sinavlara-hazirlanan-genclerin-yeni-mekani-millet-kiraathaneleri_7ab848b.jpg?w=1000 1000w, https:\/\/i0.wp.com\/www.tvturk.com\/wp-content\/uploads\/2019\/03\/sinavlara-hazirlanan-genclerin-yeni-mekani-millet-kiraathaneleri_7ab848b.jpg?resize=150%2C100 150w, https:\/\/i0.wp.com\/www.tvturk.com\/wp-content\/uploads\/2019\/03\/sinavlara-hazirlanan-genclerin-yeni-mekani-millet-kiraathaneleri_7ab848b.jpg?resize=300%2C200 300w, https:\/\/i0.wp.com\/www.tvturk.com\/wp-content\/uploads\/2019\/03\/sinavlara-hazirlanan-genclerin-yeni-mekani-millet-kiraathaneleri_7ab848b.jpg?resize=768%2C511 768w, https:\/\/i0.wp.com\/www.tvturk.com\/wp-content\/uploads\/2019\/03\/sinavlara-hazirlanan-genclerin-yeni-mekani-millet-kiraathaneleri_7ab848b.jpg?resize=170%2C113 170w, https:\/\/i0.wp.com\/www.tvturk.com\/wp-content\/uploads\/2019\/03\/sinavlara-hazirlanan-genclerin-yeni-mekani-millet-kiraathaneleri_7ab848b.jpg?resize=120%2C80 120w\" width=\"162\" height=\"108\" loading=\"lazy\" data-original-width=\"162\" data-original-height=\"108\" itemprop=\"http:\/\/schema.org\/image\" title=\"S\u0131navlara haz\u0131rlanan gen\u00e7lerin yeni mekan\u0131 \u201cMillet K\u0131raathaneleri\u201d\" alt=\"S\u0131navlara haz\u0131rlanan gen\u00e7lerin yeni mekan\u0131 \u201cMillet K\u0131raathaneleri\u201d\" style=\"width: 162px; height: 108px;\" \/> <\/a> <\/div> <\/div> <!-- close group --> <\/div> <!-- close row --> <div class=\"gallery-row\" style=\"width: 500px; height: 231px;\" data-original-width=\"500\" data-original-height=\"231\" > <div class=\"gallery-group images-1\" style=\"width: 345px; height: 231px;\" data-original-width=\"345\" data-original-height=\"231\" > <div class=\"tiled-gallery-item tiled-gallery-item-large\" itemprop=\"associatedMedia\" itemscope itemtype=\"http:\/\/schema.org\/ImageObject\"> <a href=\"http:\/\/www.tvturk.com\/index.php\/sinavlara-hazirlanan-genclerin-yeni-mekani-millet-kiraathaneleri\/sinavlara-hazirlanan-genclerin-yeni-mekani-millet-kiraathaneleri-9\/\" border=\"0\" itemprop=\"url\"> <meta itemprop=\"width\" content=\"341\"> <meta itemprop=\"height\" content=\"227\"> <img decoding=\"async\" class=\"\" data-attachment-id=\"113114\" data-orig-file=\"http:\/\/www.tvturk.com\/wp-content\/uploads\/2019\/03\/sinavlara-hazirlanan-genclerin-yeni-mekani-millet-kiraathaneleri_995358e.jpg\" data-orig-size=\"1000,666\" data-comments-opened=\"\" data-image-meta=\"{&quot;aperture&quot;:&quot;0&quot;,&quot;credit&quot;:&quot;IHA&quot;,&quot;camera&quot;:&quot;&quot;,&quot;caption&quot;:&quot;ZEYT\\u0130NBURNU\\u2019NDA BULUNAN MERKEZEFEND\\u0130 VE SEYY\\u0130DN\\u0130ZAM M\\u0130LLET KIRAATHANELER\\u0130, G\\u00dcR\\u00dcLT\\u00dcDEN UZAK, KONFORLU VE G\\u00dcVENL\\u0130 ORTAMIYLA \\u00d6\\u011eRENC\\u0130LER\\u0130N DA\\u0130M\\u0130 MEKANI HAL\\u0130NE GELD\\u0130. (DO\\u011eAN CAN CESUR - YUNUS EMRE \\u015eEKER\\\/\\u0130STANBUL-\\u0130HA)&quot;,&quot;created_timestamp&quot;:&quot;0&quot;,&quot;copyright&quot;:&quot;\\u0130HLAS HABER AJANSI, www.iha.com.tr&quot;,&quot;focal_length&quot;:&quot;0&quot;,&quot;iso&quot;:&quot;0&quot;,&quot;shutter_speed&quot;:&quot;0&quot;,&quot;title&quot;:&quot;SINAVLARA HAZIRLANAN GEN\\u00c7LER\\u0130N YEN\\u0130 MEKANI \\u201cM\\u0130LLET KIRAATHANELER\\u0130\\u201d ZEYT\\u0130NBURNU MERKEZEFEND\\u0130 VE SEYY\\u0130DN\\u0130ZAM M\\u0130LLET KIRAATHANELER\\u0130 \\u00d6\\u011eRENC\\u0130LER\\u0130N U\\u011eRAK MEKANI OLDU&quot;,&quot;orientation&quot;:&quot;0&quot;}\" data-image-title=\"S\u0131navlara haz\u0131rlanan gen\u00e7lerin yeni mekan\u0131 \u201cMillet K\u0131raathaneleri\u201d\" data-image-description=\"&lt;p&gt;S\u0131navlara haz\u0131rlanan gen\u00e7lerin yeni mekan\u0131 \u201cMillet K\u0131raathaneleri\u201d&lt;\/p&gt; \" data-medium-file=\"https:\/\/i0.wp.com\/www.tvturk.com\/wp-content\/uploads\/2019\/03\/sinavlara-hazirlanan-genclerin-yeni-mekani-millet-kiraathaneleri_995358e.jpg?fit=300%2C200\" data-large-file=\"https:\/\/i0.wp.com\/www.tvturk.com\/wp-content\/uploads\/2019\/03\/sinavlara-hazirlanan-genclerin-yeni-mekani-millet-kiraathaneleri_995358e.jpg?fit=1000%2C666\" src=\"https:\/\/i0.wp.com\/www.tvturk.com\/wp-content\/uploads\/2019\/03\/sinavlara-hazirlanan-genclerin-yeni-mekani-millet-kiraathaneleri_995358e.jpg?w=341&#038;h=227\" srcset=\"https:\/\/i0.wp.com\/www.tvturk.com\/wp-content\/uploads\/2019\/03\/sinavlara-hazirlanan-genclerin-yeni-mekani-millet-kiraathaneleri_995358e.jpg?w=1000 1000w, https:\/\/i0.wp.com\/www.tvturk.com\/wp-content\/uploads\/2019\/03\/sinavlara-hazirlanan-genclerin-yeni-mekani-millet-kiraathaneleri_995358e.jpg?resize=150%2C100 150w, https:\/\/i0.wp.com\/www.tvturk.com\/wp-content\/uploads\/2019\/03\/sinavlara-hazirlanan-genclerin-yeni-mekani-millet-kiraathaneleri_995358e.jpg?resize=300%2C200 300w, https:\/\/i0.wp.com\/www.tvturk.com\/wp-content\/uploads\/2019\/03\/sinavlara-hazirlanan-genclerin-yeni-mekani-millet-kiraathaneleri_995358e.jpg?resize=768%2C511 768w, https:\/\/i0.wp.com\/www.tvturk.com\/wp-content\/uploads\/2019\/03\/sinavlara-hazirlanan-genclerin-yeni-mekani-millet-kiraathaneleri_995358e.jpg?resize=170%2C113 170w, https:\/\/i0.wp.com\/www.tvturk.com\/wp-content\/uploads\/2019\/03\/sinavlara-hazirlanan-genclerin-yeni-mekani-millet-kiraathaneleri_995358e.jpg?resize=120%2C80 120w\" width=\"341\" height=\"227\" loading=\"lazy\" data-original-width=\"341\" data-original-height=\"227\" itemprop=\"http:\/\/schema.org\/image\" title=\"S\u0131navlara haz\u0131rlanan gen\u00e7lerin yeni mekan\u0131 \u201cMillet K\u0131raathaneleri\u201d\" alt=\"S\u0131navlara haz\u0131rlanan gen\u00e7lerin yeni mekan\u0131 \u201cMillet K\u0131raathaneleri\u201d\" style=\"width: 341px; height: 227px;\" \/> <\/a> <\/div> <\/div> <!-- close group --> <div class=\"gallery-group images-1\" style=\"width: 155px; height: 231px;\" data-original-width=\"155\" data-original-height=\"231\" > <div class=\"tiled-gallery-item tiled-gallery-item-small\" itemprop=\"associatedMedia\" itemscope itemtype=\"http:\/\/schema.org\/ImageObject\"> <a href=\"http:\/\/www.tvturk.com\/index.php\/sinavlara-hazirlanan-genclerin-yeni-mekani-millet-kiraathaneleri\/sinavlara-hazirlanan-genclerin-yeni-mekani-millet-kiraathaneleri-10\/\" border=\"0\" itemprop=\"url\"> <meta itemprop=\"width\" content=\"151\"> <meta itemprop=\"height\" content=\"227\"> <img decoding=\"async\" class=\"\" data-attachment-id=\"113115\" data-orig-file=\"http:\/\/www.tvturk.com\/wp-content\/uploads\/2019\/03\/sinavlara-hazirlanan-genclerin-yeni-mekani-millet-kiraathaneleri_9b49b58.jpg\" data-orig-size=\"666,1000\" data-comments-opened=\"\" data-image-meta=\"{&quot;aperture&quot;:&quot;0&quot;,&quot;credit&quot;:&quot;IHA&quot;,&quot;camera&quot;:&quot;&quot;,&quot;caption&quot;:&quot;ZEYT\\u0130NBURNU\\u2019NDA BULUNAN MERKEZEFEND\\u0130 VE SEYY\\u0130DN\\u0130ZAM M\\u0130LLET KIRAATHANELER\\u0130, G\\u00dcR\\u00dcLT\\u00dcDEN UZAK, KONFORLU VE G\\u00dcVENL\\u0130 ORTAMIYLA \\u00d6\\u011eRENC\\u0130LER\\u0130N DA\\u0130M\\u0130 MEKANI HAL\\u0130NE GELD\\u0130. (DO\\u011eAN CAN CESUR - YUNUS EMRE \\u015eEKER\\\/\\u0130STANBUL-\\u0130HA)&quot;,&quot;created_timestamp&quot;:&quot;0&quot;,&quot;copyright&quot;:&quot;\\u0130HLAS HABER AJANSI, www.iha.com.tr&quot;,&quot;focal_length&quot;:&quot;0&quot;,&quot;iso&quot;:&quot;0&quot;,&quot;shutter_speed&quot;:&quot;0&quot;,&quot;title&quot;:&quot;SINAVLARA HAZIRLANAN GEN\\u00c7LER\\u0130N YEN\\u0130 MEKANI \\u201cM\\u0130LLET KIRAATHANELER\\u0130\\u201d ZEYT\\u0130NBURNU MERKEZEFEND\\u0130 VE SEYY\\u0130DN\\u0130ZAM M\\u0130LLET KIRAATHANELER\\u0130 \\u00d6\\u011eRENC\\u0130LER\\u0130N U\\u011eRAK MEKANI OLDU&quot;,&quot;orientation&quot;:&quot;0&quot;}\" data-image-title=\"S\u0131navlara haz\u0131rlanan gen\u00e7lerin yeni mekan\u0131 \u201cMillet K\u0131raathaneleri\u201d\" data-image-description=\"&lt;p&gt;S\u0131navlara haz\u0131rlanan gen\u00e7lerin yeni mekan\u0131 \u201cMillet K\u0131raathaneleri\u201d&lt;\/p&gt; \" data-medium-file=\"https:\/\/i0.wp.com\/www.tvturk.com\/wp-content\/uploads\/2019\/03\/sinavlara-hazirlanan-genclerin-yeni-mekani-millet-kiraathaneleri_9b49b58.jpg?fit=200%2C300\" data-large-file=\"https:\/\/i0.wp.com\/www.tvturk.com\/wp-content\/uploads\/2019\/03\/sinavlara-hazirlanan-genclerin-yeni-mekani-millet-kiraathaneleri_9b49b58.jpg?fit=666%2C1000\" src=\"https:\/\/i0.wp.com\/www.tvturk.com\/wp-content\/uploads\/2019\/03\/sinavlara-hazirlanan-genclerin-yeni-mekani-millet-kiraathaneleri_9b49b58.jpg?w=151&#038;h=227\" srcset=\"https:\/\/i0.wp.com\/www.tvturk.com\/wp-content\/uploads\/2019\/03\/sinavlara-hazirlanan-genclerin-yeni-mekani-millet-kiraathaneleri_9b49b58.jpg?w=666 666w, https:\/\/i0.wp.com\/www.tvturk.com\/wp-content\/uploads\/2019\/03\/sinavlara-hazirlanan-genclerin-yeni-mekani-millet-kiraathaneleri_9b49b58.jpg?resize=100%2C150 100w, https:\/\/i0.wp.com\/www.tvturk.com\/wp-content\/uploads\/2019\/03\/sinavlara-hazirlanan-genclerin-yeni-mekani-millet-kiraathaneleri_9b49b58.jpg?resize=200%2C300 200w\" width=\"151\" height=\"227\" loading=\"lazy\" data-original-width=\"151\" data-original-height=\"227\" itemprop=\"http:\/\/schema.org\/image\" title=\"S\u0131navlara haz\u0131rlanan gen\u00e7lerin yeni mekan\u0131 \u201cMillet K\u0131raathaneleri\u201d\" alt=\"S\u0131navlara haz\u0131rlanan gen\u00e7lerin yeni mekan\u0131 \u201cMillet K\u0131raathaneleri\u201d\" style=\"width: 151px; height: 227px;\" \/> <\/a> <\/div> <\/div> <!-- close group --> <\/div> <!-- close row --> <\/div><\/p>\n","protected":false},"excerpt":{"rendered":"<p>ZEYT\u0130NBURNU\u2019NDA BULUNAN MERKEZEFEND\u0130 VE SEYY\u0130DN\u0130ZAM M\u0130LLET KIRAATHANELER\u0130, G\u00dcR\u00dcLT\u00dcDEN UZAK, KONFORLU VE G\u00dcVENL\u0130 ORTAMIYLA \u00d6\u011eRENC\u0130LER\u0130N DA\u0130M\u0130 MEKANI HAL\u0130NE GELD\u0130.<\/p>\n","protected":false},"author":1,"featured_media":113107,"comment_status":"closed","ping_status":"open","sticky":false,"template":"","format":"standard","meta":{"jetpack_post_was_ever_published":false,"_jetpack_newsletter_access":"","_jetpack_dont_email_post_to_subs":false,"_jetpack_newsletter_tier_id":0,"_jetpack_memberships_contains_paywalled_content":false,"_jetpack_memberships_contains_paid_content":false,"footnotes":"","jetpack_publicize_message":"","jetpack_publicize_feature_enabled":true,"jetpack_social_post_already_shared":true,"jetpack_social_options":{"image_generator_settings":{"template":"highway","default_image_id":0,"font":"","enabled":false},"version":2}},"categories":[1],"tags":[2901,9313,27828,24185,3276,27827,87],"class_list":["post-113106","post","type-post","status-publish","format-standard","has-post-thumbnail","hentry","category-genel","tag-genclerin","tag-hazirlanan","tag-kiraathaneleri","tag-mekani","tag-millet","tag-sinavlara","tag-yeni"],"jetpack_publicize_connections":[],"jetpack_featured_media_url":"https:\/\/i0.wp.com\/www.tvturk.com\/wp-content\/uploads\/2019\/03\/sinavlara-hazirlanan-genclerin-yeni-mekani-millet-kiraathaneleri_1d8026a.jpg?fit=1000%2C666","jetpack_sharing_enabled":true,"jetpack_shortlink":"https:\/\/wp.me\/paKIfm-tqi","_links":{"self":[{"href":"http:\/\/www.tvturk.com\/index.php\/wp-json\/wp\/v2\/posts\/113106","targetHints":{"allow":["GET"]}}],"collection":[{"href":"http:\/\/www.tvturk.com\/index.php\/wp-json\/wp\/v2\/posts"}],"about":[{"href":"http:\/\/www.tvturk.com\/index.php\/wp-json\/wp\/v2\/types\/post"}],"author":[{"embeddable":true,"href":"http:\/\/www.tvturk.com\/index.php\/wp-json\/wp\/v2\/users\/1"}],"replies":[{"embeddable":true,"href":"http:\/\/www.tvturk.com\/index.php\/wp-json\/wp\/v2\/comments?post=113106"}],"version-history":[{"count":1,"href":"http:\/\/www.tvturk.com\/index.php\/wp-json\/wp\/v2\/posts\/113106\/revisions"}],"predecessor-version":[{"id":113116,"href":"http:\/\/www.tvturk.com\/index.php\/wp-json\/wp\/v2\/posts\/113106\/revisions\/113116"}],"wp:featuredmedia":[{"embeddable":true,"href":"http:\/\/www.tvturk.com\/index.php\/wp-json\/wp\/v2\/media\/113107"}],"wp:attachment":[{"href":"http:\/\/www.tvturk.com\/index.php\/wp-json\/wp\/v2\/media?parent=113106"}],"wp:term":[{"taxonomy":"category","embeddable":true,"href":"http:\/\/www.tvturk.com\/index.php\/wp-json\/wp\/v2\/categories?post=113106"},{"taxonomy":"post_tag","embeddable":true,"href":"http:\/\/www.tvturk.com\/index.php\/wp-json\/wp\/v2\/tags?post=113106"}],"curies":[{"name":"wp","href":"https:\/\/api.w.org\/{rel}","templated":true}]}}