{"id":113451,"date":"2019-03-26T11:35:09","date_gmt":"2019-03-26T08:35:09","guid":{"rendered":"http:\/\/www.tvturk.com\/index.php\/uludere-kayyumu-vatandaslari-mutlu-gununde-yalniz-birakmiyor\/"},"modified":"2019-03-26T11:35:12","modified_gmt":"2019-03-26T08:35:12","slug":"uludere-kayyumu-vatandaslari-mutlu-gununde-yalniz-birakmiyor","status":"publish","type":"post","link":"http:\/\/www.tvturk.com\/index.php\/uludere-kayyumu-vatandaslari-mutlu-gununde-yalniz-birakmiyor\/","title":{"rendered":"Uludere kayyumu, vatanda\u015flar\u0131 mutlu g\u00fcn\u00fcnde yaln\u0131z b\u0131rakm\u0131yor"},"content":{"rendered":"<p>\u015e\u0131rnak\u2019\u0131n Uludere \u0130l\u00e7e Belediyesine kayyum olarak atanan Kaymakam Mehmet Fatih Yak\u0131no\u011flu, evlenen \u00e7iftleri mutlu g\u00fcnlerinde yaln\u0131z b\u0131rakm\u0131yor. Halaylara e\u015flik eden Kaymakam Yak\u0131no\u011flu, \u00e7iftlere alt\u0131n takmay\u0131 da ihmal etmiyor.<\/p>\n<p>Uludere Kaymakam\u0131 ve Belediye Ba\u015fkan Vekili Mehmet Fatih Yak\u0131no\u011flu, Uludere \u0130l\u00e7e Belediyesine kayyum olarak atand\u0131\u011f\u0131 g\u00fcnden bu yana evlenen \u00e7iftleri mutlu g\u00fcnlerinde yaln\u0131z b\u0131rakm\u0131yor. T\u00fcrk\u00e7e ve K\u00fcrt\u00e7e s\u00f6ylenen \u015fark\u0131lar e\u015fli\u011finde halay \u00e7eken Kaymakam Yak\u0131no\u011flu, \u00e7iftlere alt\u0131n takmay\u0131 da ihmal etmiyor. \u0130l\u00e7ede 7\u2019den 70\u2019e herkesin g\u00f6nl\u00fcn\u00fc kazanan Kaymakam Yak\u0131no\u011flu, kentin d\u00fc\u011f\u00fcnlerinin T\u00fcrkiye \u00e7ap\u0131nda \u00e7ok me\u015fhur oldu\u011funu s\u00f6yledi.<\/p>\n<p>Kaymakam Yak\u0131no\u011flu, \u201cBinlerce insan\u0131n kat\u0131l\u0131m\u0131yla halaylar \u00e7ekilir ve evlenen \u00e7iftlerin mutlulu\u011fu payla\u015f\u0131l\u0131r. Biz de bug\u00fcn F\u0131rat karde\u015fimizin d\u00fc\u011f\u00fcn\u00fcne kat\u0131larak onun bu mutlulu\u011funu payla\u015fmak istedik. Her iki gencimizin ailelerine hay\u0131rl\u0131 u\u011furlu olsun diyorum. Bir \u00f6m\u00fcr boyu mutluluklar diler tebrik ediyorum. B\u00f6lgemizin insan\u0131 ana dili K\u00fcrt\u00e7e, hepimiz bu \u00fclkenin vatanda\u015f\u0131y\u0131z. T\u00fcrk\u2019\u00fcyle, K\u00fcrt\u2019\u00fcyle, \u00c7erkez\u2019iyle, Laz\u2019\u0131yla hepimiz bu vatan\u0131n e\u015fit \u00fcyeleriyiz\u201d dedi.<\/p>\n<p>D\u00fc\u011f\u00fcn gecenin ge\u00e7 saatlerine kadar devam etti.<div class=\"tiled-gallery type-rectangular tiled-gallery-unresized\" data-original-width=\"500\" data-carousel-extra='null' itemscope itemtype=\"http:\/\/schema.org\/ImageGallery\" > <div class=\"gallery-row\" style=\"width: 500px; height: 168px;\" data-original-width=\"500\" data-original-height=\"168\" > <div class=\"gallery-group images-1\" style=\"width: 250px; height: 168px;\" data-original-width=\"250\" data-original-height=\"168\" > <div class=\"tiled-gallery-item tiled-gallery-item-small\" itemprop=\"associatedMedia\" itemscope itemtype=\"http:\/\/schema.org\/ImageObject\"> <a href=\"http:\/\/www.tvturk.com\/index.php\/uludere-kayyumu-vatandaslari-mutlu-gununde-yalniz-birakmiyor\/uludere-kayyumu-vatandaslari-mutlu-gununde-yalniz-birakmiyor-3\/\" border=\"0\" itemprop=\"url\"> <meta itemprop=\"width\" content=\"246\"> <meta itemprop=\"height\" content=\"164\"> <img decoding=\"async\" class=\"\" data-attachment-id=\"113453\" data-orig-file=\"http:\/\/www.tvturk.com\/wp-content\/uploads\/2019\/03\/uludere-kayyumu-vatandaslari-mutlu-gununde-yalniz-birakmiyor_f77d528.jpg\" data-orig-size=\"960,639\" data-comments-opened=\"\" data-image-meta=\"{&quot;aperture&quot;:&quot;0&quot;,&quot;credit&quot;:&quot;IHA&quot;,&quot;camera&quot;:&quot;&quot;,&quot;caption&quot;:&quot;\\u015eIRNAK\\u2019IN ULUDERE \\u0130L\\u00c7ES\\u0130NDE YAZ KI\\u015e DEMEDEN D\\u00dc\\u011e\\u00dcNLER\\u0130N\\u0130 YAPAN VATANDA\\u015eLARIN ARASINA KATILAN KAYMAKAM AYNI ZAMANDA BELED\\u0130YE BA\\u015eKAN VEK\\u0130L\\u0130 D\\u00dc\\u011e\\u00dcNLERE KATILARAK YEN\\u0130 EVLENEN \\u00c7\\u0130FTLERE ALTIN TAKARAK K\\u00dcRT\\u00c7E T\\u00dcRK\\u00c7E \\u015eARKILAR E\\u015eL\\u0130\\u011e\\u0130NDE HALAYLAR \\u00c7EK\\u0130YOR. (SERDAR G\\u00dcK\\u00c7E\\\/\\u015eIRNAK-\\u0130HA)&quot;,&quot;created_timestamp&quot;:&quot;1553628660&quot;,&quot;copyright&quot;:&quot;\\u0130HLAS HABER AJANSI, www.iha.com.tr&quot;,&quot;focal_length&quot;:&quot;0&quot;,&quot;iso&quot;:&quot;0&quot;,&quot;shutter_speed&quot;:&quot;0&quot;,&quot;title&quot;:&quot;ULUDERE KAYYUMU, VATANDA\\u015eLARI MUTLU G\\u00dcN\\u00dcNDE YALNIZ BIRAKMIYOR ULUDERE KAYMAKAMI VE BELED\\u0130YE BA\\u015eKAN VEK\\u0130L\\u0130 MEHMET FAT\\u0130H YAKINO\\u011eLU, \\u0130L\\u00c7EDEK\\u0130 D\\u00dc\\u011e\\u00dcNLERE KATILARAK VATANDA\\u015eLARLA B\\u0130RL\\u0130KTE HALAY \\u00c7EK\\u0130YOR KAYMAKAM YAKINO\\u011eLU, D\\u00dc\\u011e\\u00dcNLERDE \\u00c7\\u0130FTLERE ALTIN TAKMAYI DA \\u0130HMAL ETM\\u0130YOR&quot;,&quot;orientation&quot;:&quot;0&quot;}\" data-image-title=\"Uludere kayyumu, vatanda\u015flar\u0131 mutlu g\u00fcn\u00fcnde yaln\u0131z b\u0131rakm\u0131yor\" data-image-description=\"&lt;p&gt;Uludere kayyumu, vatanda\u015flar\u0131 mutlu g\u00fcn\u00fcnde yaln\u0131z b\u0131rakm\u0131yor&lt;\/p&gt; \" data-medium-file=\"https:\/\/i0.wp.com\/www.tvturk.com\/wp-content\/uploads\/2019\/03\/uludere-kayyumu-vatandaslari-mutlu-gununde-yalniz-birakmiyor_f77d528.jpg?fit=300%2C200\" data-large-file=\"https:\/\/i0.wp.com\/www.tvturk.com\/wp-content\/uploads\/2019\/03\/uludere-kayyumu-vatandaslari-mutlu-gununde-yalniz-birakmiyor_f77d528.jpg?fit=960%2C639\" src=\"https:\/\/i0.wp.com\/www.tvturk.com\/wp-content\/uploads\/2019\/03\/uludere-kayyumu-vatandaslari-mutlu-gununde-yalniz-birakmiyor_f77d528.jpg?w=246&#038;h=164\" srcset=\"https:\/\/i0.wp.com\/www.tvturk.com\/wp-content\/uploads\/2019\/03\/uludere-kayyumu-vatandaslari-mutlu-gununde-yalniz-birakmiyor_f77d528.jpg?w=960 960w, https:\/\/i0.wp.com\/www.tvturk.com\/wp-content\/uploads\/2019\/03\/uludere-kayyumu-vatandaslari-mutlu-gununde-yalniz-birakmiyor_f77d528.jpg?resize=150%2C100 150w, https:\/\/i0.wp.com\/www.tvturk.com\/wp-content\/uploads\/2019\/03\/uludere-kayyumu-vatandaslari-mutlu-gununde-yalniz-birakmiyor_f77d528.jpg?resize=300%2C200 300w, https:\/\/i0.wp.com\/www.tvturk.com\/wp-content\/uploads\/2019\/03\/uludere-kayyumu-vatandaslari-mutlu-gununde-yalniz-birakmiyor_f77d528.jpg?resize=768%2C511 768w, https:\/\/i0.wp.com\/www.tvturk.com\/wp-content\/uploads\/2019\/03\/uludere-kayyumu-vatandaslari-mutlu-gununde-yalniz-birakmiyor_f77d528.jpg?resize=170%2C113 170w, https:\/\/i0.wp.com\/www.tvturk.com\/wp-content\/uploads\/2019\/03\/uludere-kayyumu-vatandaslari-mutlu-gununde-yalniz-birakmiyor_f77d528.jpg?resize=120%2C80 120w\" width=\"246\" height=\"164\" loading=\"lazy\" data-original-width=\"246\" data-original-height=\"164\" itemprop=\"http:\/\/schema.org\/image\" title=\"Uludere kayyumu, vatanda\u015flar\u0131 mutlu g\u00fcn\u00fcnde yaln\u0131z b\u0131rakm\u0131yor\" alt=\"Uludere kayyumu, vatanda\u015flar\u0131 mutlu g\u00fcn\u00fcnde yaln\u0131z b\u0131rakm\u0131yor\" style=\"width: 246px; height: 164px;\" \/> <\/a> <\/div> <\/div> <!-- close group --> <div class=\"gallery-group images-1\" style=\"width: 250px; height: 168px;\" data-original-width=\"250\" data-original-height=\"168\" > <div class=\"tiled-gallery-item tiled-gallery-item-small\" itemprop=\"associatedMedia\" itemscope itemtype=\"http:\/\/schema.org\/ImageObject\"> <a href=\"http:\/\/www.tvturk.com\/index.php\/uludere-kayyumu-vatandaslari-mutlu-gununde-yalniz-birakmiyor\/uludere-kayyumu-vatandaslari-mutlu-gununde-yalniz-birakmiyor-4\/\" border=\"0\" itemprop=\"url\"> <meta itemprop=\"width\" content=\"246\"> <meta itemprop=\"height\" content=\"164\"> <img decoding=\"async\" class=\"\" data-attachment-id=\"113454\" data-orig-file=\"http:\/\/www.tvturk.com\/wp-content\/uploads\/2019\/03\/uludere-kayyumu-vatandaslari-mutlu-gununde-yalniz-birakmiyor_8ab31d0.jpg\" data-orig-size=\"960,639\" data-comments-opened=\"\" data-image-meta=\"{&quot;aperture&quot;:&quot;0&quot;,&quot;credit&quot;:&quot;IHA&quot;,&quot;camera&quot;:&quot;&quot;,&quot;caption&quot;:&quot;\\u015eIRNAK\\u2019IN ULUDERE \\u0130L\\u00c7E BELED\\u0130YES\\u0130\\u2019NE KAYYUM OLARAK ATANAN KAYMAKAM MEHMET FAT\\u0130H YAKINO\\u011eLU, EVLENEN \\u00c7\\u0130FTLER\\u0130 MUTLU G\\u00dcNLER\\u0130NDE YALNIZ BIRAKMIYOR. HALAYLARA E\\u015eL\\u0130K EDEN KAYMAKAM YAKINO\\u011eLU, \\u00c7\\u0130FTLERE ALTIN TAKMAYI DA \\u0130HMAL ETM\\u0130YOR. (SERDAR G\\u00dcK\\u00c7E\\\/\\u015eIRNAK-\\u0130HA)&quot;,&quot;created_timestamp&quot;:&quot;1553628660&quot;,&quot;copyright&quot;:&quot;\\u0130HLAS HABER AJANSI, www.iha.com.tr&quot;,&quot;focal_length&quot;:&quot;0&quot;,&quot;iso&quot;:&quot;0&quot;,&quot;shutter_speed&quot;:&quot;0&quot;,&quot;title&quot;:&quot;ULUDERE KAYYUMU, VATANDA\\u015eLARI MUTLU G\\u00dcN\\u00dcNDE YALNIZ BIRAKMIYOR ULUDERE KAYMAKAMI VE BELED\\u0130YE BA\\u015eKAN VEK\\u0130L\\u0130 MEHMET FAT\\u0130H YAKINO\\u011eLU, \\u0130L\\u00c7EDEK\\u0130 D\\u00dc\\u011e\\u00dcNLERE KATILARAK VATANDA\\u015eLARLA B\\u0130RL\\u0130KTE HALAY \\u00c7EK\\u0130YOR KAYMAKAM YAKINO\\u011eLU, D\\u00dc\\u011e\\u00dcNLERDE \\u00c7\\u0130FTLERE ALTIN TAKMAYI DA \\u0130HMAL ETM\\u0130YOR&quot;,&quot;orientation&quot;:&quot;0&quot;}\" data-image-title=\"Uludere kayyumu, vatanda\u015flar\u0131 mutlu g\u00fcn\u00fcnde yaln\u0131z b\u0131rakm\u0131yor\" data-image-description=\"&lt;p&gt;Uludere kayyumu, vatanda\u015flar\u0131 mutlu g\u00fcn\u00fcnde yaln\u0131z b\u0131rakm\u0131yor&lt;\/p&gt; \" data-medium-file=\"https:\/\/i0.wp.com\/www.tvturk.com\/wp-content\/uploads\/2019\/03\/uludere-kayyumu-vatandaslari-mutlu-gununde-yalniz-birakmiyor_8ab31d0.jpg?fit=300%2C200\" data-large-file=\"https:\/\/i0.wp.com\/www.tvturk.com\/wp-content\/uploads\/2019\/03\/uludere-kayyumu-vatandaslari-mutlu-gununde-yalniz-birakmiyor_8ab31d0.jpg?fit=960%2C639\" src=\"https:\/\/i0.wp.com\/www.tvturk.com\/wp-content\/uploads\/2019\/03\/uludere-kayyumu-vatandaslari-mutlu-gununde-yalniz-birakmiyor_8ab31d0.jpg?w=246&#038;h=164\" srcset=\"https:\/\/i0.wp.com\/www.tvturk.com\/wp-content\/uploads\/2019\/03\/uludere-kayyumu-vatandaslari-mutlu-gununde-yalniz-birakmiyor_8ab31d0.jpg?w=960 960w, https:\/\/i0.wp.com\/www.tvturk.com\/wp-content\/uploads\/2019\/03\/uludere-kayyumu-vatandaslari-mutlu-gununde-yalniz-birakmiyor_8ab31d0.jpg?resize=150%2C100 150w, https:\/\/i0.wp.com\/www.tvturk.com\/wp-content\/uploads\/2019\/03\/uludere-kayyumu-vatandaslari-mutlu-gununde-yalniz-birakmiyor_8ab31d0.jpg?resize=300%2C200 300w, https:\/\/i0.wp.com\/www.tvturk.com\/wp-content\/uploads\/2019\/03\/uludere-kayyumu-vatandaslari-mutlu-gununde-yalniz-birakmiyor_8ab31d0.jpg?resize=768%2C511 768w, https:\/\/i0.wp.com\/www.tvturk.com\/wp-content\/uploads\/2019\/03\/uludere-kayyumu-vatandaslari-mutlu-gununde-yalniz-birakmiyor_8ab31d0.jpg?resize=170%2C113 170w, https:\/\/i0.wp.com\/www.tvturk.com\/wp-content\/uploads\/2019\/03\/uludere-kayyumu-vatandaslari-mutlu-gununde-yalniz-birakmiyor_8ab31d0.jpg?resize=120%2C80 120w\" width=\"246\" height=\"164\" loading=\"lazy\" data-original-width=\"246\" data-original-height=\"164\" itemprop=\"http:\/\/schema.org\/image\" title=\"Uludere kayyumu, vatanda\u015flar\u0131 mutlu g\u00fcn\u00fcnde yaln\u0131z b\u0131rakm\u0131yor\" alt=\"Uludere kayyumu, vatanda\u015flar\u0131 mutlu g\u00fcn\u00fcnde yaln\u0131z b\u0131rakm\u0131yor\" style=\"width: 246px; height: 164px;\" \/> <\/a> <\/div> <\/div> <!-- close group --> <\/div> <!-- close row --> <\/div><\/p>\n","protected":false},"excerpt":{"rendered":"<p>\u015eIRNAK\u2019IN ULUDERE \u0130L\u00c7E BELED\u0130YES\u0130\u2019NE KAYYUM OLARAK ATANAN KAYMAKAM MEHMET FAT\u0130H YAKINO\u011eLU (SA\u011eDAN \u0130K\u0130NC\u0130), EVLENEN \u00c7\u0130FTLER\u0130 MUTLU G\u00dcNLER\u0130NDE YALNIZ BIRAKMIYOR. HALAYLARA E\u015eL\u0130K EDEN KAYMAKAM YAKINO\u011eLU, \u00c7\u0130FTLERE ALTIN TAKMAYI DA \u0130HMAL ETM\u0130YOR.<\/p>\n","protected":false},"author":1,"featured_media":113452,"comment_status":"closed","ping_status":"open","sticky":false,"template":"","format":"standard","meta":{"jetpack_post_was_ever_published":false,"_jetpack_newsletter_access":"","_jetpack_dont_email_post_to_subs":false,"_jetpack_newsletter_tier_id":0,"_jetpack_memberships_contains_paywalled_content":false,"_jetpack_memberships_contains_paid_content":false,"footnotes":"","jetpack_publicize_message":"","jetpack_publicize_feature_enabled":true,"jetpack_social_post_already_shared":true,"jetpack_social_options":{"image_generator_settings":{"template":"highway","default_image_id":0,"font":"","enabled":false},"version":2}},"categories":[1],"tags":[15691,2246,27895,4828,518,922,3461],"class_list":["post-113451","post","type-post","status-publish","format-standard","has-post-thumbnail","hentry","category-genel","tag-birakmiyor","tag-gununde","tag-kayyumu","tag-mutlu","tag-uludere","tag-vatandaslari","tag-yalniz"],"jetpack_publicize_connections":[],"jetpack_featured_media_url":"https:\/\/i0.wp.com\/www.tvturk.com\/wp-content\/uploads\/2019\/03\/uludere-kayyumu-vatandaslari-mutlu-gununde-yalniz-birakmiyor_74998f5.jpg?fit=960%2C639","jetpack_sharing_enabled":true,"jetpack_shortlink":"https:\/\/wp.me\/paKIfm-tvR","_links":{"self":[{"href":"http:\/\/www.tvturk.com\/index.php\/wp-json\/wp\/v2\/posts\/113451","targetHints":{"allow":["GET"]}}],"collection":[{"href":"http:\/\/www.tvturk.com\/index.php\/wp-json\/wp\/v2\/posts"}],"about":[{"href":"http:\/\/www.tvturk.com\/index.php\/wp-json\/wp\/v2\/types\/post"}],"author":[{"embeddable":true,"href":"http:\/\/www.tvturk.com\/index.php\/wp-json\/wp\/v2\/users\/1"}],"replies":[{"embeddable":true,"href":"http:\/\/www.tvturk.com\/index.php\/wp-json\/wp\/v2\/comments?post=113451"}],"version-history":[{"count":1,"href":"http:\/\/www.tvturk.com\/index.php\/wp-json\/wp\/v2\/posts\/113451\/revisions"}],"predecessor-version":[{"id":113455,"href":"http:\/\/www.tvturk.com\/index.php\/wp-json\/wp\/v2\/posts\/113451\/revisions\/113455"}],"wp:featuredmedia":[{"embeddable":true,"href":"http:\/\/www.tvturk.com\/index.php\/wp-json\/wp\/v2\/media\/113452"}],"wp:attachment":[{"href":"http:\/\/www.tvturk.com\/index.php\/wp-json\/wp\/v2\/media?parent=113451"}],"wp:term":[{"taxonomy":"category","embeddable":true,"href":"http:\/\/www.tvturk.com\/index.php\/wp-json\/wp\/v2\/categories?post=113451"},{"taxonomy":"post_tag","embeddable":true,"href":"http:\/\/www.tvturk.com\/index.php\/wp-json\/wp\/v2\/tags?post=113451"}],"curies":[{"name":"wp","href":"https:\/\/api.w.org\/{rel}","templated":true}]}}