{"id":113536,"date":"2019-03-26T12:29:32","date_gmt":"2019-03-26T09:29:32","guid":{"rendered":"http:\/\/www.tvturk.com\/index.php\/matlidan-sehit-omer-halisdemir-mesleki-ve-teknik-anadolu-lisesine-ziyaret\/"},"modified":"2019-03-26T12:29:32","modified_gmt":"2019-03-26T09:29:32","slug":"matlidan-sehit-omer-halisdemir-mesleki-ve-teknik-anadolu-lisesine-ziyaret","status":"publish","type":"post","link":"http:\/\/www.tvturk.com\/index.php\/matlidan-sehit-omer-halisdemir-mesleki-ve-teknik-anadolu-lisesine-ziyaret\/","title":{"rendered":"Matl\u0131\u2019dan \u015eehit \u00d6mer Halisdemir Meslek\u00ee ve Teknik Anadolu Lisesi\u2019ne ziyaret"},"content":{"rendered":"<p>Bursa Ticaret Borsas\u0131 (BTB) Y\u00f6netim Kurulu Ba\u015fkan\u0131 ve TOBB Y\u00f6netim Kurulu \u00dcyesi \u00d6zer Matl\u0131, Milli E\u011fitim Bakanl\u0131\u011f\u0131, T\u00fcrkiye Odalar ve Borsalar Birli\u011fi (TOBB) ve TOBB Ekonomi ve Teknoloji \u00dcniversitesi aras\u0131nda imzalan \u201cMeslek\u00ee E\u011fitim \u0130\u015f Birli\u011fi Protokol\u00fc\u201d d\u00e2hilinde Bursa\u2019da pilot okul se\u00e7ilen \u015eehit \u00d6mer Halisdemir Mesleki ve Teknik Anadolu Lisesi`ni ziyaret etti.<\/p>\n<p>Okul M\u00fcd\u00fcr\u00fc \u0130lyas K\u00fc\u00e7\u00fck taraf\u0131ndan kar\u015f\u0131lanan TOBB Y\u00f6netim Kurulu \u00dcyesi \u00d6zer Matl\u0131, s\u0131n\u0131flar\u0131, at\u00f6lyeleri ve sosyal alanlar\u0131 inceledikten sonra yetkililerden okul hakk\u0131nda bilgi ald\u0131. \u00d6\u011frencilerin yapt\u0131\u011f\u0131 at\u00f6lye \u00e7al\u0131\u015fmalar\u0131n\u0131 yak\u0131ndan inceleyen \u00d6zer Matl\u0131, \u00f6\u011frencilerle yapt\u0131\u011f\u0131 sohbetin ard\u0131ndan protokolle ilgili bilgilendirmelerde bulundu.<\/p>\n<p>81 ilde sekt\u00f6r\u00fcn ihtiya\u00e7 duydu\u011fu vas\u0131fl\u0131 insan g\u00fcc\u00fcn\u00fcn yeti\u015ftirilmesinin projenin en b\u00fcy\u00fck hedefi oldu\u011funu belirten \u00d6zer Matl\u0131, \u201cBu protokolle, okullarda e\u011fitimi verilen meslek\u00ee e\u011fitim alanlar\u0131nda \u00f6\u011frenci ve \u00f6\u011fretmenlerin, sosyal ve zihinsel becerilerinin geli\u015ftirilmesi ile mesleki bilgi, beceri ve yabanc\u0131 dil yeterlilikleri artmas\u0131 sa\u011flanacakt\u0131r\u201d dedi.<\/p>\n<p>Matl\u0131, okullar\u0131n at\u00f6lye ve laboratuvarlar\u0131n kurulmas\u0131, e\u011fitim i\u00e7eriklerinin haz\u0131rlanmas\u0131 ve nitelikli i\u015f g\u00fcc\u00fcn\u00fcn yeti\u015ftirilmesine y\u00f6nelik yap\u0131lacak olan meslek\u00ee ve teknik e\u011fitim faaliyetlerine ili\u015fkin usul ve esaslar\u0131n protokol kapsam\u0131nda yer ald\u0131\u011f\u0131n\u0131 vurgulad\u0131.<\/p>\n","protected":false},"excerpt":{"rendered":"<p>TOBB Y\u00d6NET\u0130M KURULU \u00dcYES\u0130 \u00d6ZER MATLI, SINIFLARI, AT\u00d6LYELER\u0130 VE SOSYAL ALANLARI \u0130NCELED\u0130KTEN SONRA YETK\u0130L\u0130LERDEN OKUL HAKKINDA B\u0130LG\u0130 ALDI<\/p>\n","protected":false},"author":1,"featured_media":113537,"comment_status":"closed","ping_status":"open","sticky":false,"template":"","format":"standard","meta":{"jetpack_post_was_ever_published":false,"_jetpack_newsletter_access":"","_jetpack_dont_email_post_to_subs":false,"_jetpack_newsletter_tier_id":0,"_jetpack_memberships_contains_paywalled_content":false,"_jetpack_memberships_contains_paid_content":false,"footnotes":"","jetpack_publicize_message":"","jetpack_publicize_feature_enabled":true,"jetpack_social_post_already_shared":true,"jetpack_social_options":{"image_generator_settings":{"template":"highway","default_image_id":0,"font":"","enabled":false},"version":2}},"categories":[1],"tags":[1223,27911,15881,16168,6605,1040,237,2082,150],"class_list":["post-113536","post","type-post","status-publish","format-standard","has-post-thumbnail","hentry","category-genel","tag-anadolu","tag-halisdemir","tag-lisesine","tag-matlidan","tag-mesleki","tag-omer","tag-sehit","tag-teknik","tag-ziyaret"],"jetpack_publicize_connections":[],"jetpack_featured_media_url":"https:\/\/i0.wp.com\/www.tvturk.com\/wp-content\/uploads\/2019\/03\/matlidan-sehit-omer-halisdemir-meslek-ve-teknik-anadolu-lisesine-ziyaret_cd7dca8.jpg?fit=1000%2C750","jetpack_sharing_enabled":true,"jetpack_shortlink":"https:\/\/wp.me\/paKIfm-txe","_links":{"self":[{"href":"http:\/\/www.tvturk.com\/index.php\/wp-json\/wp\/v2\/posts\/113536","targetHints":{"allow":["GET"]}}],"collection":[{"href":"http:\/\/www.tvturk.com\/index.php\/wp-json\/wp\/v2\/posts"}],"about":[{"href":"http:\/\/www.tvturk.com\/index.php\/wp-json\/wp\/v2\/types\/post"}],"author":[{"embeddable":true,"href":"http:\/\/www.tvturk.com\/index.php\/wp-json\/wp\/v2\/users\/1"}],"replies":[{"embeddable":true,"href":"http:\/\/www.tvturk.com\/index.php\/wp-json\/wp\/v2\/comments?post=113536"}],"version-history":[{"count":0,"href":"http:\/\/www.tvturk.com\/index.php\/wp-json\/wp\/v2\/posts\/113536\/revisions"}],"wp:featuredmedia":[{"embeddable":true,"href":"http:\/\/www.tvturk.com\/index.php\/wp-json\/wp\/v2\/media\/113537"}],"wp:attachment":[{"href":"http:\/\/www.tvturk.com\/index.php\/wp-json\/wp\/v2\/media?parent=113536"}],"wp:term":[{"taxonomy":"category","embeddable":true,"href":"http:\/\/www.tvturk.com\/index.php\/wp-json\/wp\/v2\/categories?post=113536"},{"taxonomy":"post_tag","embeddable":true,"href":"http:\/\/www.tvturk.com\/index.php\/wp-json\/wp\/v2\/tags?post=113536"}],"curies":[{"name":"wp","href":"https:\/\/api.w.org\/{rel}","templated":true}]}}