{"id":11369,"date":"2019-02-08T11:17:11","date_gmt":"2019-02-08T08:17:11","guid":{"rendered":"http:\/\/www.tvturk.com\/index.php\/chp-izmirde-beklenmeyen-istifa\/"},"modified":"2019-02-08T11:17:11","modified_gmt":"2019-02-08T08:17:11","slug":"chp-izmirde-beklenmeyen-istifa","status":"publish","type":"post","link":"http:\/\/www.tvturk.com\/index.php\/chp-izmirde-beklenmeyen-istifa\/","title":{"rendered":"CHP \u0130zmir\u2019de beklenmeyen istifa"},"content":{"rendered":"<p>CHP\u2019nin Sel\u00e7uk \u0130l\u00e7e Ba\u015fkan\u0131 Merve \u00c7al\u0131\u015fkan, bir y\u0131ld\u0131r s\u00fcrd\u00fcrd\u00fc\u011f\u00fc g\u00f6revinden istifa etti\u011fini a\u00e7\u0131klad\u0131. \u00c7al\u0131\u015fkan, &#8220;Y\u00f6netim kurulum, kad\u0131n kollar\u0131 ve gen\u00e7lik kollar\u0131 ba\u015fkan ve y\u00f6netim kurullar\u0131 da bu ko\u015fullarda g\u00f6revlerini devam ettiremeyeceklerini bildirmi\u015ftir&#8221; dedi.<\/p>\n<p>CHP\u2019nin Sel\u00e7uk \u0130l\u00e7e Ba\u015fkan\u0131 Merve \u00c7al\u0131\u015fkan g\u00f6revinden istifa etti\u011fini duyurdu. Sel\u00e7uk, istifalar\u0131n arkas\u0131n\u0131n gelece\u011fine de i\u015faret etti ve y\u00f6netim kurulu, kad\u0131n kollar\u0131 ve gen\u00e7lik kollar\u0131 ba\u015fkan ve y\u00f6netim kurullar\u0131n\u0131n da g\u00f6revlerine devam edemeyeceklerini dile getirdi.<\/p>\n<p>Merve \u00c7al\u0131\u015fkan, yapt\u0131\u011f\u0131 yaz\u0131l\u0131 a\u00e7\u0131klamada \u015fu ifadelere yer verdi:<\/p>\n<p>&#8220;Cumhuriyet Halk Partisi kurulu\u015fundan itibaren demokrasi m\u00fccadelesi vermi\u015f bir partidir. \u00c7a\u011fda\u015f demokratik hi\u00e7bir sistemde il\u00e7e \u00f6rg\u00fctlerinin dahli d\u0131\u015f\u0131nda il\u00e7elerin yerel y\u00f6netim kadrolar\u0131n\u0131n merkezi otorite taraf\u0131ndan belirlenmesinin \u00f6rne\u011fi yoktur. 28 bin se\u00e7menli bir il\u00e7enin belediye meclis \u00fcyeleri dahi genel merkez taraf\u0131ndan atanmak istenmektedir. Bunun anlam\u0131 yerel demokrasi ve yerel \u00f6rg\u00fctlenmenin tasfiyesinden ba\u015fka bir \u015fekilde a\u00e7\u0131klanamaz. Cumhuriyet Halk Partili olmam\u0131z\u0131n yegane sebebi evrensel demokrasi ve \u00e7a\u011fda\u015f hukuk talebimizdir. Cumhuriyet Halk Partisi bu taleplerinden hi\u00e7bir zaman vazge\u00e7meyecek bir parti olmakla birlikte Genel Merkez y\u00f6neticilerinin bir b\u00f6l\u00fcm\u00fcn\u00fcn bu ideallerden uzakla\u015ft\u0131\u011f\u0131 a\u00e7\u0131kt\u0131r. Bu nedenle, antidemokratik bu s\u00fcre\u00e7te il\u00e7e ba\u015fkanl\u0131\u011f\u0131 g\u00f6revini y\u00fcr\u00fctemeyece\u011fimi kamuoyuyla payla\u015f\u0131yorum. Y\u00f6netim Kurulum, Kad\u0131n Kollar\u0131 ve Gen\u00e7lik Kollar\u0131 ba\u015fkan ve y\u00f6netim kurullar\u0131 da bu ko\u015fullarda g\u00f6revlerini devam ettiremeyeceklerini bildirmi\u015ftir. Partimizin ve \u00fclkemizin hak etti\u011fi demokrasi k\u00fclt\u00fcr\u00fcne ula\u015fmas\u0131 i\u00e7in hep birlikte \u00e7al\u0131\u015fmaya devam edece\u011fiz. Bu s\u00fcre\u00e7te beraber yol y\u00fcr\u00fcd\u00fc\u011f\u00fcm t\u00fcm partililerimize te\u015fekk\u00fcr ederim.&#8221;<\/p>\n","protected":false},"excerpt":{"rendered":"<p>CHP SEL\u00c7UK \u0130L\u00c7E BA\u015eKANI MERVE \u00c7ALI\u015eKAN,  B\u0130R YILDIR S\u00dcRD\u00dcRD\u00dc\u011e\u00dc G\u00d6REV\u0130NDEN \u0130ST\u0130FA ETT\u0130\u011e\u0130N\u0130  A\u00c7IKLADI. \u00c7ALI\u015eKAN,  &#8220;Y\u00d6NET\u0130M KURULUM, KADIN KOLLARI VE GEN\u00c7L\u0130K KOLLARI BA\u015eKAN VE Y\u00d6NET\u0130M KURULLARI DA BU KO\u015eULLARDA G\u00d6REVLER\u0130N\u0130 DEVAM ETT\u0130REMEYECEKLER\u0130N\u0130 B\u0130LD\u0130RM\u0130\u015eT\u0130R&#8221; DED\u0130.<\/p>\n","protected":false},"author":1,"featured_media":11370,"comment_status":"closed","ping_status":"open","sticky":false,"template":"","format":"standard","meta":{"jetpack_post_was_ever_published":false,"_jetpack_newsletter_access":"","_jetpack_dont_email_post_to_subs":false,"_jetpack_newsletter_tier_id":0,"_jetpack_memberships_contains_paywalled_content":false,"_jetpack_memberships_contains_paid_content":false,"footnotes":"","jetpack_publicize_message":"","jetpack_publicize_feature_enabled":true,"jetpack_social_post_already_shared":false,"jetpack_social_options":{"image_generator_settings":{"template":"highway","default_image_id":0,"font":"","enabled":false},"version":2}},"categories":[9],"tags":[5863,30,31,1554],"class_list":["post-11369","post","type-post","status-publish","format-standard","has-post-thumbnail","hentry","category-siyaset","tag-beklenmeyen","tag-chp","tag-istifa","tag-izmirde"],"jetpack_publicize_connections":[],"jetpack_featured_media_url":"https:\/\/i0.wp.com\/www.tvturk.com\/wp-content\/uploads\/2019\/02\/chp-izmirde-beklenmeyen-istifa_499c1c8.jpg?fit=1000%2C701","jetpack_sharing_enabled":true,"jetpack_shortlink":"https:\/\/wp.me\/paKIfm-2Xn","_links":{"self":[{"href":"http:\/\/www.tvturk.com\/index.php\/wp-json\/wp\/v2\/posts\/11369","targetHints":{"allow":["GET"]}}],"collection":[{"href":"http:\/\/www.tvturk.com\/index.php\/wp-json\/wp\/v2\/posts"}],"about":[{"href":"http:\/\/www.tvturk.com\/index.php\/wp-json\/wp\/v2\/types\/post"}],"author":[{"embeddable":true,"href":"http:\/\/www.tvturk.com\/index.php\/wp-json\/wp\/v2\/users\/1"}],"replies":[{"embeddable":true,"href":"http:\/\/www.tvturk.com\/index.php\/wp-json\/wp\/v2\/comments?post=11369"}],"version-history":[{"count":0,"href":"http:\/\/www.tvturk.com\/index.php\/wp-json\/wp\/v2\/posts\/11369\/revisions"}],"wp:featuredmedia":[{"embeddable":true,"href":"http:\/\/www.tvturk.com\/index.php\/wp-json\/wp\/v2\/media\/11370"}],"wp:attachment":[{"href":"http:\/\/www.tvturk.com\/index.php\/wp-json\/wp\/v2\/media?parent=11369"}],"wp:term":[{"taxonomy":"category","embeddable":true,"href":"http:\/\/www.tvturk.com\/index.php\/wp-json\/wp\/v2\/categories?post=11369"},{"taxonomy":"post_tag","embeddable":true,"href":"http:\/\/www.tvturk.com\/index.php\/wp-json\/wp\/v2\/tags?post=11369"}],"curies":[{"name":"wp","href":"https:\/\/api.w.org\/{rel}","templated":true}]}}