{"id":114081,"date":"2019-03-26T17:28:29","date_gmt":"2019-03-26T14:28:29","guid":{"rendered":"http:\/\/www.tvturk.com\/index.php\/ravci-kazancli-bir-kamp-sureci-geciriyoruz\/"},"modified":"2019-03-26T17:28:31","modified_gmt":"2019-03-26T14:28:31","slug":"ravci-kazancli-bir-kamp-sureci-geciriyoruz","status":"publish","type":"post","link":"http:\/\/www.tvturk.com\/index.php\/ravci-kazancli-bir-kamp-sureci-geciriyoruz\/","title":{"rendered":"Ravc\u0131: \u201cKazan\u00e7l\u0131 bir kamp s\u00fcreci ge\u00e7iriyoruz\u201d"},"content":{"rendered":"<p>Milli aray\u0131 Antalya Belek\u2019te kamp yaparak de\u011ferlendiren Evkur Yeni Malatyaspor, g\u00fcn\u00fc sabah ve ak\u015fam yapt\u0131\u011f\u0131 \u00e7ift antrenmanla ge\u00e7irdi. Sportif Direkt\u00f6r Ali Ravc\u0131, kazan\u00e7l\u0131 bir kamp s\u00fcreci ge\u00e7irdiklerini s\u00f6yledi.<\/p>\n<p>Kampta 5. g\u00fcn\u00fc geriden b\u0131rakan sar\u0131-k\u0131rm\u0131z\u0131l\u0131larda \u0130stanbul\u2019daki tedavisini tamamlayan golc\u00fc futbolcu Aboubakar Kamara\u2019n\u0131n yar\u0131ndan itibaren \u00e7al\u0131\u015fmalara ba\u015flayaca\u011f\u0131 kaydedildi. Teknik Direkt\u00f6r Erol Bulut y\u00f6netiminde g\u00fc\u00e7 ve koordinasyon a\u011f\u0131rl\u0131kl\u0131 \u00e7al\u0131\u015fmalar yapan Malatya ekibinin yar\u0131ndan itibaren tek antrenman temposuna inece\u011fi bildirildi. E.Yeni Malatyaspor, Antalya kamp\u0131 kapsam\u0131nda bir haz\u0131rl\u0131k m\u00fcsabakas\u0131 da oynayacak. Sar\u0131-k\u0131rm\u0131z\u0131l\u0131 tak\u0131m, \u0130zlanda S\u00fcper Lig ekibi FC. IBV ile 29 Mart Cuma g\u00fcn\u00fc saat 17.00\u2019de \u00f6zel ma\u00e7ta kar\u015f\u0131 kar\u015f\u0131ya gelecek.<\/p>\n<p>\u201cOlduk\u00e7a kazan\u00e7l\u0131 bir kamp s\u00fcreci ge\u00e7iriyoruz\u201d<\/p>\n<p>Antalya kamp\u0131yla ilgili a\u00e7\u0131klamalarda bulunan Sportif Direkt\u00f6r Ali Ravc\u0131, verimli bir haz\u0131rl\u0131k s\u00fcreci ge\u00e7irdiklerini ifade etti. Galatasaray ile kupada ve ligde oynayacaklar\u0131 ma\u00e7lara en iyi \u015fekilde haz\u0131rland\u0131klar\u0131n\u0131 kaydeden Ravc\u0131, \u201cAntalya kamp\u0131m\u0131zda 5. g\u00fcn\u00fc geride b\u0131rakt\u0131k. Sakat oyuncular\u0131m\u0131z\u0131n tak\u0131ma yeniden d\u00f6nmeleri ad\u0131na olduk\u00e7a kazan\u00e7l\u0131 bir kamp s\u00fcreci ge\u00e7iriyoruz. \u015eu anda Bifouma ve Mina tak\u0131mla birlikte \u00e7al\u0131\u015f\u0131rken, Yi\u011fithan ise tak\u0131mdan ayr\u0131 olarak \u00e7al\u0131\u015fmalar\u0131na devam ediyor. Kamara ise \u0130stanbul\u2019daki tedavisini tamamlad\u0131 ve yar\u0131n aram\u0131za kat\u0131lmas\u0131n\u0131 bekliyoruz. Kamp \u00e7er\u00e7evesinde cuma g\u00fcn\u00fc \u0130zlanda S\u00fcper Lig\u2019inden FC. \u0130BV tak\u0131m\u0131yla bir haz\u0131rl\u0131k m\u00fcsabakas\u0131 oynayaca\u011f\u0131z. \u0130n\u015fallah tak\u0131m\u0131m\u0131z milli aradan en verimli \u015fekilde \u00e7\u0131kacakt\u0131r\u201d diye konu\u015ftu.<div class=\"tiled-gallery type-rectangular tiled-gallery-unresized\" data-original-width=\"500\" data-carousel-extra='null' itemscope itemtype=\"http:\/\/schema.org\/ImageGallery\" > <div class=\"gallery-row\" style=\"width: 500px; height: 168px;\" data-original-width=\"500\" data-original-height=\"168\" > <div class=\"gallery-group images-1\" style=\"width: 250px; height: 168px;\" data-original-width=\"250\" data-original-height=\"168\" > <div class=\"tiled-gallery-item tiled-gallery-item-small\" itemprop=\"associatedMedia\" itemscope itemtype=\"http:\/\/schema.org\/ImageObject\"> <a href=\"http:\/\/www.tvturk.com\/index.php\/ravci-kazancli-bir-kamp-sureci-geciriyoruz\/ravci-kazancli-bir-kamp-sureci-geciriyoruz-3\/\" border=\"0\" itemprop=\"url\"> <meta itemprop=\"width\" content=\"246\"> <meta itemprop=\"height\" content=\"164\"> <img decoding=\"async\" class=\"\" data-attachment-id=\"114083\" data-orig-file=\"http:\/\/www.tvturk.com\/wp-content\/uploads\/2019\/03\/ravci-kazancli-bir-kamp-sureci-geciriyoruz_b27c451.jpg\" data-orig-size=\"960,639\" data-comments-opened=\"\" data-image-meta=\"{&quot;aperture&quot;:&quot;0&quot;,&quot;credit&quot;:&quot;IHA&quot;,&quot;camera&quot;:&quot;&quot;,&quot;caption&quot;:&quot;M\\u0130LL\\u0130 ARAYI ANTALYA BELEK\\u2019TE KAMP YAPARAK DE\\u011eERLEND\\u0130REN E.YEN\\u0130 MALATYASPOR, G\\u00dcN\\u00dc SABAH VE AK\\u015eAM YAPTI\\u011eI \\u00c7\\u0130FT ANTRENMANLA GE\\u00c7\\u0130RD\\u0130. (MEHMET T\\u00dcREL\\\/MALATYA-\\u0130HA)&quot;,&quot;created_timestamp&quot;:&quot;1553649780&quot;,&quot;copyright&quot;:&quot;\\u0130HLAS HABER AJANSI, www.iha.com.tr&quot;,&quot;focal_length&quot;:&quot;0&quot;,&quot;iso&quot;:&quot;0&quot;,&quot;shutter_speed&quot;:&quot;0&quot;,&quot;title&quot;:&quot;RAVCI: \\u201cKAZAN\\u00c7LI B\\u0130R KAMP S\\u00dcREC\\u0130 GE\\u00c7\\u0130R\\u0130YORUZ\\u201d&quot;,&quot;orientation&quot;:&quot;0&quot;}\" data-image-title=\"Ravc\u0131: \u201cKazan\u00e7l\u0131 bir kamp s\u00fcreci ge\u00e7iriyoruz\u201d\" data-image-description=\"&lt;p&gt;Ravc\u0131: \u201cKazan\u00e7l\u0131 bir kamp s\u00fcreci ge\u00e7iriyoruz\u201d&lt;\/p&gt; \" data-medium-file=\"https:\/\/i0.wp.com\/www.tvturk.com\/wp-content\/uploads\/2019\/03\/ravci-kazancli-bir-kamp-sureci-geciriyoruz_b27c451.jpg?fit=300%2C200\" data-large-file=\"https:\/\/i0.wp.com\/www.tvturk.com\/wp-content\/uploads\/2019\/03\/ravci-kazancli-bir-kamp-sureci-geciriyoruz_b27c451.jpg?fit=960%2C639\" src=\"https:\/\/i0.wp.com\/www.tvturk.com\/wp-content\/uploads\/2019\/03\/ravci-kazancli-bir-kamp-sureci-geciriyoruz_b27c451.jpg?w=246&#038;h=164\" srcset=\"https:\/\/i0.wp.com\/www.tvturk.com\/wp-content\/uploads\/2019\/03\/ravci-kazancli-bir-kamp-sureci-geciriyoruz_b27c451.jpg?w=960 960w, https:\/\/i0.wp.com\/www.tvturk.com\/wp-content\/uploads\/2019\/03\/ravci-kazancli-bir-kamp-sureci-geciriyoruz_b27c451.jpg?resize=150%2C100 150w, https:\/\/i0.wp.com\/www.tvturk.com\/wp-content\/uploads\/2019\/03\/ravci-kazancli-bir-kamp-sureci-geciriyoruz_b27c451.jpg?resize=300%2C200 300w, https:\/\/i0.wp.com\/www.tvturk.com\/wp-content\/uploads\/2019\/03\/ravci-kazancli-bir-kamp-sureci-geciriyoruz_b27c451.jpg?resize=768%2C511 768w, https:\/\/i0.wp.com\/www.tvturk.com\/wp-content\/uploads\/2019\/03\/ravci-kazancli-bir-kamp-sureci-geciriyoruz_b27c451.jpg?resize=170%2C113 170w, https:\/\/i0.wp.com\/www.tvturk.com\/wp-content\/uploads\/2019\/03\/ravci-kazancli-bir-kamp-sureci-geciriyoruz_b27c451.jpg?resize=120%2C80 120w\" width=\"246\" height=\"164\" loading=\"lazy\" data-original-width=\"246\" data-original-height=\"164\" itemprop=\"http:\/\/schema.org\/image\" title=\"Ravc\u0131: \u201cKazan\u00e7l\u0131 bir kamp s\u00fcreci ge\u00e7iriyoruz\u201d\" alt=\"Ravc\u0131: \u201cKazan\u00e7l\u0131 bir kamp s\u00fcreci ge\u00e7iriyoruz\u201d\" style=\"width: 246px; height: 164px;\" \/> <\/a> <\/div> <\/div> <!-- close group --> <div class=\"gallery-group images-1\" style=\"width: 250px; height: 168px;\" data-original-width=\"250\" data-original-height=\"168\" > <div class=\"tiled-gallery-item tiled-gallery-item-small\" itemprop=\"associatedMedia\" itemscope itemtype=\"http:\/\/schema.org\/ImageObject\"> <a href=\"http:\/\/www.tvturk.com\/index.php\/ravci-kazancli-bir-kamp-sureci-geciriyoruz\/ravci-kazancli-bir-kamp-sureci-geciriyoruz-4\/\" border=\"0\" itemprop=\"url\"> <meta itemprop=\"width\" content=\"246\"> <meta itemprop=\"height\" content=\"164\"> <img decoding=\"async\" class=\"\" data-attachment-id=\"114084\" data-orig-file=\"http:\/\/www.tvturk.com\/wp-content\/uploads\/2019\/03\/ravci-kazancli-bir-kamp-sureci-geciriyoruz_58154df.jpg\" data-orig-size=\"960,639\" data-comments-opened=\"\" data-image-meta=\"{&quot;aperture&quot;:&quot;0&quot;,&quot;credit&quot;:&quot;IHA&quot;,&quot;camera&quot;:&quot;&quot;,&quot;caption&quot;:&quot;M\\u0130LL\\u0130 ARAYI ANTALYA BELEK\\u2019TE KAMP YAPARAK DE\\u011eERLEND\\u0130REN E.YEN\\u0130 MALATYASPOR, G\\u00dcN\\u00dc SABAH VE AK\\u015eAM YAPTI\\u011eI \\u00c7\\u0130FT ANTRENMANLA GE\\u00c7\\u0130RD\\u0130. (MEHMET T\\u00dcREL\\\/MALATYA-\\u0130HA)&quot;,&quot;created_timestamp&quot;:&quot;1553649780&quot;,&quot;copyright&quot;:&quot;\\u0130HLAS HABER AJANSI, www.iha.com.tr&quot;,&quot;focal_length&quot;:&quot;0&quot;,&quot;iso&quot;:&quot;0&quot;,&quot;shutter_speed&quot;:&quot;0&quot;,&quot;title&quot;:&quot;RAVCI: \\u201cKAZAN\\u00c7LI B\\u0130R KAMP S\\u00dcREC\\u0130 GE\\u00c7\\u0130R\\u0130YORUZ\\u201d&quot;,&quot;orientation&quot;:&quot;0&quot;}\" data-image-title=\"Ravc\u0131: \u201cKazan\u00e7l\u0131 bir kamp s\u00fcreci ge\u00e7iriyoruz\u201d\" data-image-description=\"&lt;p&gt;Ravc\u0131: \u201cKazan\u00e7l\u0131 bir kamp s\u00fcreci ge\u00e7iriyoruz\u201d&lt;\/p&gt; \" data-medium-file=\"https:\/\/i0.wp.com\/www.tvturk.com\/wp-content\/uploads\/2019\/03\/ravci-kazancli-bir-kamp-sureci-geciriyoruz_58154df.jpg?fit=300%2C200\" data-large-file=\"https:\/\/i0.wp.com\/www.tvturk.com\/wp-content\/uploads\/2019\/03\/ravci-kazancli-bir-kamp-sureci-geciriyoruz_58154df.jpg?fit=960%2C639\" src=\"https:\/\/i0.wp.com\/www.tvturk.com\/wp-content\/uploads\/2019\/03\/ravci-kazancli-bir-kamp-sureci-geciriyoruz_58154df.jpg?w=246&#038;h=164\" srcset=\"https:\/\/i0.wp.com\/www.tvturk.com\/wp-content\/uploads\/2019\/03\/ravci-kazancli-bir-kamp-sureci-geciriyoruz_58154df.jpg?w=960 960w, https:\/\/i0.wp.com\/www.tvturk.com\/wp-content\/uploads\/2019\/03\/ravci-kazancli-bir-kamp-sureci-geciriyoruz_58154df.jpg?resize=150%2C100 150w, https:\/\/i0.wp.com\/www.tvturk.com\/wp-content\/uploads\/2019\/03\/ravci-kazancli-bir-kamp-sureci-geciriyoruz_58154df.jpg?resize=300%2C200 300w, https:\/\/i0.wp.com\/www.tvturk.com\/wp-content\/uploads\/2019\/03\/ravci-kazancli-bir-kamp-sureci-geciriyoruz_58154df.jpg?resize=768%2C511 768w, https:\/\/i0.wp.com\/www.tvturk.com\/wp-content\/uploads\/2019\/03\/ravci-kazancli-bir-kamp-sureci-geciriyoruz_58154df.jpg?resize=170%2C113 170w, https:\/\/i0.wp.com\/www.tvturk.com\/wp-content\/uploads\/2019\/03\/ravci-kazancli-bir-kamp-sureci-geciriyoruz_58154df.jpg?resize=120%2C80 120w\" width=\"246\" height=\"164\" loading=\"lazy\" data-original-width=\"246\" data-original-height=\"164\" itemprop=\"http:\/\/schema.org\/image\" title=\"Ravc\u0131: \u201cKazan\u00e7l\u0131 bir kamp s\u00fcreci ge\u00e7iriyoruz\u201d\" alt=\"Ravc\u0131: \u201cKazan\u00e7l\u0131 bir kamp s\u00fcreci ge\u00e7iriyoruz\u201d\" style=\"width: 246px; height: 164px;\" \/> <\/a> <\/div> <\/div> <!-- close group --> <\/div> <!-- close row --> <\/div><\/p>\n","protected":false},"excerpt":{"rendered":"<p>M\u0130LL\u0130 ARAYI ANTALYA BELEK\u2019TE KAMP YAPARAK DE\u011eERLEND\u0130REN E.YEN\u0130 MALATYASPOR, G\u00dcN\u00dc SABAH VE AK\u015eAM YAPTI\u011eI \u00c7\u0130FT ANTRENMANLA GE\u00c7\u0130RD\u0130.<\/p>\n","protected":false},"author":1,"featured_media":114082,"comment_status":"closed","ping_status":"open","sticky":false,"template":"","format":"standard","meta":{"jetpack_post_was_ever_published":false,"_jetpack_newsletter_access":"","_jetpack_dont_email_post_to_subs":false,"_jetpack_newsletter_tier_id":0,"_jetpack_memberships_contains_paywalled_content":false,"_jetpack_memberships_contains_paid_content":false,"footnotes":"","jetpack_publicize_message":"","jetpack_publicize_feature_enabled":true,"jetpack_social_post_already_shared":true,"jetpack_social_options":{"image_generator_settings":{"template":"highway","default_image_id":0,"font":"","enabled":false},"version":2}},"categories":[657],"tags":[28016,125,28017,1101,28015,154],"class_list":["post-114081","post","type-post","status-publish","format-standard","has-post-thumbnail","hentry","category-spor","tag-kazancli","tag-bir","tag-geciriyoruz","tag-kamp","tag-ravci","tag-sureci"],"jetpack_publicize_connections":[],"jetpack_featured_media_url":"https:\/\/i0.wp.com\/www.tvturk.com\/wp-content\/uploads\/2019\/03\/ravci-kazancli-bir-kamp-sureci-geciriyoruz_59ad045.jpg?fit=960%2C639","jetpack_sharing_enabled":true,"jetpack_shortlink":"https:\/\/wp.me\/paKIfm-tG1","_links":{"self":[{"href":"http:\/\/www.tvturk.com\/index.php\/wp-json\/wp\/v2\/posts\/114081","targetHints":{"allow":["GET"]}}],"collection":[{"href":"http:\/\/www.tvturk.com\/index.php\/wp-json\/wp\/v2\/posts"}],"about":[{"href":"http:\/\/www.tvturk.com\/index.php\/wp-json\/wp\/v2\/types\/post"}],"author":[{"embeddable":true,"href":"http:\/\/www.tvturk.com\/index.php\/wp-json\/wp\/v2\/users\/1"}],"replies":[{"embeddable":true,"href":"http:\/\/www.tvturk.com\/index.php\/wp-json\/wp\/v2\/comments?post=114081"}],"version-history":[{"count":1,"href":"http:\/\/www.tvturk.com\/index.php\/wp-json\/wp\/v2\/posts\/114081\/revisions"}],"predecessor-version":[{"id":114085,"href":"http:\/\/www.tvturk.com\/index.php\/wp-json\/wp\/v2\/posts\/114081\/revisions\/114085"}],"wp:featuredmedia":[{"embeddable":true,"href":"http:\/\/www.tvturk.com\/index.php\/wp-json\/wp\/v2\/media\/114082"}],"wp:attachment":[{"href":"http:\/\/www.tvturk.com\/index.php\/wp-json\/wp\/v2\/media?parent=114081"}],"wp:term":[{"taxonomy":"category","embeddable":true,"href":"http:\/\/www.tvturk.com\/index.php\/wp-json\/wp\/v2\/categories?post=114081"},{"taxonomy":"post_tag","embeddable":true,"href":"http:\/\/www.tvturk.com\/index.php\/wp-json\/wp\/v2\/tags?post=114081"}],"curies":[{"name":"wp","href":"https:\/\/api.w.org\/{rel}","templated":true}]}}