{"id":114189,"date":"2019-03-26T21:06:56","date_gmt":"2019-03-26T18:06:56","guid":{"rendered":"http:\/\/www.tvturk.com\/index.php\/irakin-basra-kentinde-sel-felaketi-1-olu\/"},"modified":"2019-03-26T21:06:58","modified_gmt":"2019-03-26T18:06:58","slug":"irakin-basra-kentinde-sel-felaketi-1-olu","status":"publish","type":"post","link":"http:\/\/www.tvturk.com\/index.php\/irakin-basra-kentinde-sel-felaketi-1-olu\/","title":{"rendered":"Irak\u2019\u0131n Basra kentinde sel felaketi: 1 \u00f6l\u00fc"},"content":{"rendered":"<p>Irak\u2019ta 3 g\u00fcnd\u00fcr etkili olan \u015fiddetli ya\u011f\u0131\u015flar\u0131n Basra kentinde yol a\u00e7t\u0131\u011f\u0131 sel felaketi nedeniyle bir \u00e7ocuk hayat\u0131n\u0131 kaybetti.<\/p>\n<p>Irak\u2019ta etkili olan \u015fiddetli ya\u011f\u0131\u015flar Basra\u2019da sel bask\u0131nlar\u0131na neden oldu. Basra \u0130l Meclisi, \u015eatt\u00fclarap nehrinde su miktar\u0131n\u0131n y\u00fckselmesi nedeniyle Ebu-Hasib, Fav ve Seyib b\u00f6lgelerindeki evlerin sular alt\u0131nda kald\u0131\u011f\u0131n\u0131 belirterek sivil savunma ekiplerinin mahsur kalan aileleri kurtard\u0131\u011f\u0131n\u0131 belirtti. Basra\u2019n\u0131n Ebu-Hasib b\u00f6lgesinde ise bir \u00e7ocu\u011fun bo\u011fularak hayat\u0131n\u0131 kaybetti\u011fi a\u00e7\u0131kland\u0131.<\/p>\n<p>Irak Meclisi\u2019ndeki Basra milletvekilleri, \u015fiddetli ya\u011fmur sonucu meydana gelebilecek sel felaketine kar\u015f\u0131 h\u00fck\u00fcmeti uyararak gerekli tedbirlerin al\u0131nmas\u0131 \u00e7a\u011fr\u0131s\u0131 yapt\u0131.<div class=\"tiled-gallery type-rectangular tiled-gallery-unresized\" data-original-width=\"500\" data-carousel-extra='null' itemscope itemtype=\"http:\/\/schema.org\/ImageGallery\" > <div class=\"gallery-row\" style=\"width: 500px; height: 734px;\" data-original-width=\"500\" data-original-height=\"734\" > <div class=\"gallery-group images-1\" style=\"width: 500px; height: 734px;\" data-original-width=\"500\" data-original-height=\"734\" > <div class=\"tiled-gallery-item tiled-gallery-item-large\" itemprop=\"associatedMedia\" itemscope itemtype=\"http:\/\/schema.org\/ImageObject\"> <a href=\"http:\/\/www.tvturk.com\/index.php\/irakin-basra-kentinde-sel-felaketi-1-olu\/irakin-basra-kentinde-sel-felaketi-1-olu-3\/\" border=\"0\" itemprop=\"url\"> <meta itemprop=\"width\" content=\"496\"> <meta itemprop=\"height\" content=\"730\"> <img decoding=\"async\" class=\"\" data-attachment-id=\"114191\" data-orig-file=\"http:\/\/www.tvturk.com\/wp-content\/uploads\/2019\/03\/irakin-basra-kentinde-sel-felaketi-1-olu_121cd9c.jpg\" data-orig-size=\"652,960\" data-comments-opened=\"\" data-image-meta=\"{&quot;aperture&quot;:&quot;0&quot;,&quot;credit&quot;:&quot;IHA&quot;,&quot;camera&quot;:&quot;&quot;,&quot;caption&quot;:&quot;IRAK\\u2019IN B\\u0130R\\u00c7OK B\\u00d6LGES\\u0130NDE \\u00dc\\u00c7 G\\u00dcND\\u00dcR ETK\\u0130L\\u0130 OLAN \\u015e\\u0130DDETL\\u0130 YA\\u011eI\\u015eLARIN BASRA KENT\\u0130NDE YOL A\\u00c7TI\\u011eI SEL FELAKET\\u0130 NEDEN\\u0130YLE B\\u0130R \\u00c7OCUK HAYATINI KAYBETT\\u0130. (ABDULKAD\\u0130R HACIO\\u011eLU\\\/ERB\\u0130L-\\u0130HA)&quot;,&quot;created_timestamp&quot;:&quot;0&quot;,&quot;copyright&quot;:&quot;\\u0130HLAS HABER AJANSI, www.iha.com.tr&quot;,&quot;focal_length&quot;:&quot;0&quot;,&quot;iso&quot;:&quot;0&quot;,&quot;shutter_speed&quot;:&quot;0&quot;,&quot;title&quot;:&quot;IRAK\\u2019IN BASRA KENT\\u0130NDE SEL FELAKET\\u0130: 1 \\u00d6L\\u00dc&quot;,&quot;orientation&quot;:&quot;0&quot;}\" data-image-title=\"Irak\u2019\u0131n Basra kentinde sel felaketi: 1 \u00f6l\u00fc\" data-image-description=\"&lt;p&gt;Irak\u2019\u0131n Basra kentinde sel felaketi: 1 \u00f6l\u00fc&lt;\/p&gt; \" data-medium-file=\"https:\/\/i0.wp.com\/www.tvturk.com\/wp-content\/uploads\/2019\/03\/irakin-basra-kentinde-sel-felaketi-1-olu_121cd9c.jpg?fit=204%2C300\" data-large-file=\"https:\/\/i0.wp.com\/www.tvturk.com\/wp-content\/uploads\/2019\/03\/irakin-basra-kentinde-sel-felaketi-1-olu_121cd9c.jpg?fit=652%2C960\" src=\"https:\/\/i0.wp.com\/www.tvturk.com\/wp-content\/uploads\/2019\/03\/irakin-basra-kentinde-sel-felaketi-1-olu_121cd9c.jpg?w=496&#038;h=730\" srcset=\"https:\/\/i0.wp.com\/www.tvturk.com\/wp-content\/uploads\/2019\/03\/irakin-basra-kentinde-sel-felaketi-1-olu_121cd9c.jpg?w=652 652w, https:\/\/i0.wp.com\/www.tvturk.com\/wp-content\/uploads\/2019\/03\/irakin-basra-kentinde-sel-felaketi-1-olu_121cd9c.jpg?resize=102%2C150 102w, https:\/\/i0.wp.com\/www.tvturk.com\/wp-content\/uploads\/2019\/03\/irakin-basra-kentinde-sel-felaketi-1-olu_121cd9c.jpg?resize=204%2C300 204w\" width=\"496\" height=\"730\" loading=\"lazy\" data-original-width=\"496\" data-original-height=\"730\" itemprop=\"http:\/\/schema.org\/image\" title=\"Irak\u2019\u0131n Basra kentinde sel felaketi: 1 \u00f6l\u00fc\" alt=\"Irak\u2019\u0131n Basra kentinde sel felaketi: 1 \u00f6l\u00fc\" style=\"width: 496px; height: 730px;\" \/> <\/a> <\/div> <\/div> <!-- close group --> <\/div> <!-- close row --> <\/div><\/p>\n","protected":false},"excerpt":{"rendered":"<p>IRAK\u2019IN B\u0130R\u00c7OK B\u00d6LGES\u0130NDE \u00dc\u00c7 G\u00dcND\u00dcR ETK\u0130L\u0130 OLAN \u015e\u0130DDETL\u0130 YA\u011eI\u015eLARIN BASRA KENT\u0130NDE YOL A\u00c7TI\u011eI SEL FELAKET\u0130 NEDEN\u0130YLE B\u0130R \u00c7OCUK HAYATINI KAYBETT\u0130.<\/p>\n","protected":false},"author":1,"featured_media":114190,"comment_status":"closed","ping_status":"open","sticky":false,"template":"","format":"standard","meta":{"jetpack_post_was_ever_published":false,"_jetpack_newsletter_access":"","_jetpack_dont_email_post_to_subs":false,"_jetpack_newsletter_tier_id":0,"_jetpack_memberships_contains_paywalled_content":false,"_jetpack_memberships_contains_paid_content":false,"footnotes":"","jetpack_publicize_message":"","jetpack_publicize_feature_enabled":true,"jetpack_social_post_already_shared":true,"jetpack_social_options":{"image_generator_settings":{"template":"highway","default_image_id":0,"font":"","enabled":false},"version":2}},"categories":[10],"tags":[695,28031,16494,7859,20534,1664],"class_list":["post-114189","post","type-post","status-publish","format-standard","has-post-thumbnail","hentry","category-dunya","tag-sel","tag-basra","tag-felaketi","tag-irakin","tag-kentinde","tag-olu"],"jetpack_publicize_connections":[],"jetpack_featured_media_url":"https:\/\/i0.wp.com\/www.tvturk.com\/wp-content\/uploads\/2019\/03\/irakin-basra-kentinde-sel-felaketi-1-olu_4fdc76f.jpg?fit=960%2C677","jetpack_sharing_enabled":true,"jetpack_shortlink":"https:\/\/wp.me\/paKIfm-tHL","_links":{"self":[{"href":"http:\/\/www.tvturk.com\/index.php\/wp-json\/wp\/v2\/posts\/114189","targetHints":{"allow":["GET"]}}],"collection":[{"href":"http:\/\/www.tvturk.com\/index.php\/wp-json\/wp\/v2\/posts"}],"about":[{"href":"http:\/\/www.tvturk.com\/index.php\/wp-json\/wp\/v2\/types\/post"}],"author":[{"embeddable":true,"href":"http:\/\/www.tvturk.com\/index.php\/wp-json\/wp\/v2\/users\/1"}],"replies":[{"embeddable":true,"href":"http:\/\/www.tvturk.com\/index.php\/wp-json\/wp\/v2\/comments?post=114189"}],"version-history":[{"count":1,"href":"http:\/\/www.tvturk.com\/index.php\/wp-json\/wp\/v2\/posts\/114189\/revisions"}],"predecessor-version":[{"id":114192,"href":"http:\/\/www.tvturk.com\/index.php\/wp-json\/wp\/v2\/posts\/114189\/revisions\/114192"}],"wp:featuredmedia":[{"embeddable":true,"href":"http:\/\/www.tvturk.com\/index.php\/wp-json\/wp\/v2\/media\/114190"}],"wp:attachment":[{"href":"http:\/\/www.tvturk.com\/index.php\/wp-json\/wp\/v2\/media?parent=114189"}],"wp:term":[{"taxonomy":"category","embeddable":true,"href":"http:\/\/www.tvturk.com\/index.php\/wp-json\/wp\/v2\/categories?post=114189"},{"taxonomy":"post_tag","embeddable":true,"href":"http:\/\/www.tvturk.com\/index.php\/wp-json\/wp\/v2\/tags?post=114189"}],"curies":[{"name":"wp","href":"https:\/\/api.w.org\/{rel}","templated":true}]}}