{"id":11421,"date":"2019-02-08T11:23:05","date_gmt":"2019-02-08T08:23:05","guid":{"rendered":"http:\/\/www.tvturk.com\/index.php\/buyukcekmecede-parka-cirkin-saldiri\/"},"modified":"2019-02-08T11:23:06","modified_gmt":"2019-02-08T08:23:06","slug":"buyukcekmecede-parka-cirkin-saldiri","status":"publish","type":"post","link":"http:\/\/www.tvturk.com\/index.php\/buyukcekmecede-parka-cirkin-saldiri\/","title":{"rendered":"B\u00fcy\u00fck\u00e7ekmece\u2019de parka \u00e7irkin sald\u0131r\u0131"},"content":{"rendered":"<p>\u0130stanbul\u2019un en b\u00fcy\u00fck mahalle parklar\u0131ndan olan Atat\u00fcrk Park\u0131, d\u00fcn gece baz\u0131 ki\u015filer taraf\u0131ndan tahrip edildi.<\/p>\n<p>Parkta yer alan \u00e7i\u00e7eklikler, heykeller ve kitapl\u0131klar\u0131 par\u00e7alayan ki\u015filer hakk\u0131nda yasal i\u015flem ba\u015flat\u0131lacak.<\/p>\n<p>T\u00fcrkiye\u2019nin en \u00f6zel parklar\u0131ndan biri olarak kabul edilen B\u00fcy\u00fck\u00e7ekmece Atat\u00fcrk Park\u0131, d\u00fcn gece baz\u0131 ki\u015filer taraf\u0131ndan tahrip edildi. Parkta bulunan saks\u0131lar, heykel ve k\u00fct\u00fcphaneyi par\u00e7alayan ki\u015filerin yakalanabilmesi i\u00e7in harekete ge\u00e7en B\u00fcy\u00fck\u00e7ekmece Belediyesi, parka maddi zarar veren sald\u0131rganlar i\u00e7in su\u00e7 duyurusunda bulunacak.<\/p>\n<p>\u201cPe\u015flerini b\u0131rakmayaca\u011f\u0131z\u201d<\/p>\n<p>Duruma sert tepki g\u00f6steren B\u00fcy\u00fck\u00e7ekmece Belediye Ba\u015fkan\u0131 Dr. Hasan Akg\u00fcn, \u201cAtat\u00fcrk Park\u0131\u2019na yap\u0131lan bu \u00e7irkin sald\u0131r\u0131y\u0131 \u015fiddetle k\u0131n\u0131yoruz. Ancak bu sald\u0131r\u0131y\u0131 yapanlar\u0131n pe\u015fini de b\u0131rakmayaca\u011f\u0131z, sonuna kadar takip\u00e7isi olaca\u011f\u0131z. Yasalar \u00f6n\u00fcnde gereken cezay\u0131 almalar\u0131 i\u00e7in ne gerekiyorsa yap\u0131lacak\u201d dedi.<div class=\"tiled-gallery type-rectangular tiled-gallery-unresized\" data-original-width=\"500\" data-carousel-extra='null' itemscope itemtype=\"http:\/\/schema.org\/ImageGallery\" > <div class=\"gallery-row\" style=\"width: 500px; height: 332px;\" data-original-width=\"500\" data-original-height=\"332\" > <div class=\"gallery-group images-1\" style=\"width: 250px; height: 332px;\" data-original-width=\"250\" data-original-height=\"332\" > <div class=\"tiled-gallery-item tiled-gallery-item-small\" itemprop=\"associatedMedia\" itemscope itemtype=\"http:\/\/schema.org\/ImageObject\"> <a href=\"http:\/\/www.tvturk.com\/index.php\/buyukcekmecede-parka-cirkin-saldiri\/buyukcekmecede-parka-cirkin-saldiri-3\/\" border=\"0\" itemprop=\"url\"> <meta itemprop=\"width\" content=\"246\"> <meta itemprop=\"height\" content=\"328\"> <img decoding=\"async\" class=\"\" data-attachment-id=\"11423\" data-orig-file=\"http:\/\/www.tvturk.com\/wp-content\/uploads\/2019\/02\/buyukcekmecede-parka-cirkin-saldiri_d7fbadf.jpg\" data-orig-size=\"720,960\" data-comments-opened=\"\" data-image-meta=\"{&quot;aperture&quot;:&quot;0&quot;,&quot;credit&quot;:&quot;IHA&quot;,&quot;camera&quot;:&quot;&quot;,&quot;caption&quot;:&quot;\\u0130STANBUL\\u0027UN EN B\\u00dcY\\u00dcK MAHALLE PARKLARINDAN OLAN ATAT\\u00dcRK PARKI, D\\u00dcN GECE BAZI K\\u0130\\u015e\\u0130LER TARAFINDAN TAHR\\u0130P ED\\u0130LD\\u0130. (\\u0130HA\\\/\\u0130STANBUL-\\u0130HA)&quot;,&quot;created_timestamp&quot;:&quot;0&quot;,&quot;copyright&quot;:&quot;\\u0130HLAS HABER AJANSI, www.iha.com.tr&quot;,&quot;focal_length&quot;:&quot;0&quot;,&quot;iso&quot;:&quot;0&quot;,&quot;shutter_speed&quot;:&quot;0&quot;,&quot;title&quot;:&quot;B\\u00dcY\\u00dcK\\u00c7EKMECE\\u0027DE PARKA \\u00c7\\u0130RK\\u0130N SALDIRI&quot;,&quot;orientation&quot;:&quot;0&quot;}\" data-image-title=\"B\u00fcy\u00fck\u00e7ekmece\u2019de parka \u00e7irkin sald\u0131r\u0131\" data-image-description=\"&lt;p&gt;B\u00fcy\u00fck\u00e7ekmece\u2019de parka \u00e7irkin sald\u0131r\u0131&lt;\/p&gt; \" data-medium-file=\"https:\/\/i0.wp.com\/www.tvturk.com\/wp-content\/uploads\/2019\/02\/buyukcekmecede-parka-cirkin-saldiri_d7fbadf.jpg?fit=225%2C300\" data-large-file=\"https:\/\/i0.wp.com\/www.tvturk.com\/wp-content\/uploads\/2019\/02\/buyukcekmecede-parka-cirkin-saldiri_d7fbadf.jpg?fit=720%2C960\" src=\"https:\/\/i0.wp.com\/www.tvturk.com\/wp-content\/uploads\/2019\/02\/buyukcekmecede-parka-cirkin-saldiri_d7fbadf.jpg?w=246&#038;h=328\" srcset=\"https:\/\/i0.wp.com\/www.tvturk.com\/wp-content\/uploads\/2019\/02\/buyukcekmecede-parka-cirkin-saldiri_d7fbadf.jpg?w=720 720w, https:\/\/i0.wp.com\/www.tvturk.com\/wp-content\/uploads\/2019\/02\/buyukcekmecede-parka-cirkin-saldiri_d7fbadf.jpg?resize=113%2C150 113w, https:\/\/i0.wp.com\/www.tvturk.com\/wp-content\/uploads\/2019\/02\/buyukcekmecede-parka-cirkin-saldiri_d7fbadf.jpg?resize=225%2C300 225w\" width=\"246\" height=\"328\" loading=\"lazy\" data-original-width=\"246\" data-original-height=\"328\" itemprop=\"http:\/\/schema.org\/image\" title=\"B\u00fcy\u00fck\u00e7ekmece\u2019de parka \u00e7irkin sald\u0131r\u0131\" alt=\"B\u00fcy\u00fck\u00e7ekmece\u2019de parka \u00e7irkin sald\u0131r\u0131\" style=\"width: 246px; height: 328px;\" \/> <\/a> <\/div> <\/div> <!-- close group --> <div class=\"gallery-group images-1\" style=\"width: 250px; height: 332px;\" data-original-width=\"250\" data-original-height=\"332\" > <div class=\"tiled-gallery-item tiled-gallery-item-small\" itemprop=\"associatedMedia\" itemscope itemtype=\"http:\/\/schema.org\/ImageObject\"> <a href=\"http:\/\/www.tvturk.com\/index.php\/buyukcekmecede-parka-cirkin-saldiri\/buyukcekmecede-parka-cirkin-saldiri-4\/\" border=\"0\" itemprop=\"url\"> <meta itemprop=\"width\" content=\"246\"> <meta itemprop=\"height\" content=\"328\"> <img decoding=\"async\" class=\"\" data-attachment-id=\"11424\" data-orig-file=\"http:\/\/www.tvturk.com\/wp-content\/uploads\/2019\/02\/buyukcekmecede-parka-cirkin-saldiri_5fbbafd.jpg\" data-orig-size=\"612,816\" data-comments-opened=\"\" data-image-meta=\"{&quot;aperture&quot;:&quot;0&quot;,&quot;credit&quot;:&quot;IHA&quot;,&quot;camera&quot;:&quot;&quot;,&quot;caption&quot;:&quot;\\u0130STANBUL\\u0027UN EN B\\u00dcY\\u00dcK MAHALLE PARKLARINDAN OLAN ATAT\\u00dcRK PARKI, D\\u00dcN GECE BAZI K\\u0130\\u015e\\u0130LER TARAFINDAN TAHR\\u0130P ED\\u0130LD\\u0130. (\\u0130HA\\\/\\u0130STANBUL-\\u0130HA)&quot;,&quot;created_timestamp&quot;:&quot;0&quot;,&quot;copyright&quot;:&quot;\\u0130HLAS HABER AJANSI, www.iha.com.tr&quot;,&quot;focal_length&quot;:&quot;0&quot;,&quot;iso&quot;:&quot;0&quot;,&quot;shutter_speed&quot;:&quot;0&quot;,&quot;title&quot;:&quot;B\\u00dcY\\u00dcK\\u00c7EKMECE\\u0027DE PARKA \\u00c7\\u0130RK\\u0130N SALDIRI&quot;,&quot;orientation&quot;:&quot;0&quot;}\" data-image-title=\"B\u00fcy\u00fck\u00e7ekmece\u2019de parka \u00e7irkin sald\u0131r\u0131\" data-image-description=\"&lt;p&gt;B\u00fcy\u00fck\u00e7ekmece\u2019de parka \u00e7irkin sald\u0131r\u0131&lt;\/p&gt; \" data-medium-file=\"https:\/\/i0.wp.com\/www.tvturk.com\/wp-content\/uploads\/2019\/02\/buyukcekmecede-parka-cirkin-saldiri_5fbbafd.jpg?fit=225%2C300\" data-large-file=\"https:\/\/i0.wp.com\/www.tvturk.com\/wp-content\/uploads\/2019\/02\/buyukcekmecede-parka-cirkin-saldiri_5fbbafd.jpg?fit=612%2C816\" src=\"https:\/\/i0.wp.com\/www.tvturk.com\/wp-content\/uploads\/2019\/02\/buyukcekmecede-parka-cirkin-saldiri_5fbbafd.jpg?w=246&#038;h=328\" srcset=\"https:\/\/i0.wp.com\/www.tvturk.com\/wp-content\/uploads\/2019\/02\/buyukcekmecede-parka-cirkin-saldiri_5fbbafd.jpg?w=612 612w, https:\/\/i0.wp.com\/www.tvturk.com\/wp-content\/uploads\/2019\/02\/buyukcekmecede-parka-cirkin-saldiri_5fbbafd.jpg?resize=113%2C150 113w, https:\/\/i0.wp.com\/www.tvturk.com\/wp-content\/uploads\/2019\/02\/buyukcekmecede-parka-cirkin-saldiri_5fbbafd.jpg?resize=225%2C300 225w\" width=\"246\" height=\"328\" loading=\"lazy\" data-original-width=\"246\" data-original-height=\"328\" itemprop=\"http:\/\/schema.org\/image\" title=\"B\u00fcy\u00fck\u00e7ekmece\u2019de parka \u00e7irkin sald\u0131r\u0131\" alt=\"B\u00fcy\u00fck\u00e7ekmece\u2019de parka \u00e7irkin sald\u0131r\u0131\" style=\"width: 246px; height: 328px;\" \/> <\/a> <\/div> <\/div> <!-- close group --> <\/div> <!-- close row --> <\/div><\/p>\n","protected":false},"excerpt":{"rendered":"<p>\u0130STANBUL&#8217;UN EN B\u00dcY\u00dcK MAHALLE PARKLARINDAN OLAN ATAT\u00dcRK PARKI, D\u00dcN GECE BAZI K\u0130\u015e\u0130LER TARAFINDAN TAHR\u0130P ED\u0130LD\u0130.<\/p>\n","protected":false},"author":1,"featured_media":11422,"comment_status":"closed","ping_status":"open","sticky":false,"template":"","format":"standard","meta":{"jetpack_post_was_ever_published":false,"_jetpack_newsletter_access":"","_jetpack_dont_email_post_to_subs":false,"_jetpack_newsletter_tier_id":0,"_jetpack_memberships_contains_paywalled_content":false,"_jetpack_memberships_contains_paid_content":false,"footnotes":"","jetpack_publicize_message":"","jetpack_publicize_feature_enabled":true,"jetpack_social_post_already_shared":false,"jetpack_social_options":{"image_generator_settings":{"template":"highway","default_image_id":0,"font":"","enabled":false},"version":2}},"categories":[655],"tags":[5881,5883,5882,999],"class_list":["post-11421","post","type-post","status-publish","format-standard","has-post-thumbnail","hentry","category-son-dakika","tag-buyukcekmecede","tag-cirkin","tag-parka","tag-saldiri"],"jetpack_publicize_connections":[],"jetpack_featured_media_url":"https:\/\/i0.wp.com\/www.tvturk.com\/wp-content\/uploads\/2019\/02\/buyukcekmecede-parka-cirkin-saldiri_d45fb76.jpg?fit=720%2C960","jetpack_sharing_enabled":true,"jetpack_shortlink":"https:\/\/wp.me\/paKIfm-2Yd","_links":{"self":[{"href":"http:\/\/www.tvturk.com\/index.php\/wp-json\/wp\/v2\/posts\/11421","targetHints":{"allow":["GET"]}}],"collection":[{"href":"http:\/\/www.tvturk.com\/index.php\/wp-json\/wp\/v2\/posts"}],"about":[{"href":"http:\/\/www.tvturk.com\/index.php\/wp-json\/wp\/v2\/types\/post"}],"author":[{"embeddable":true,"href":"http:\/\/www.tvturk.com\/index.php\/wp-json\/wp\/v2\/users\/1"}],"replies":[{"embeddable":true,"href":"http:\/\/www.tvturk.com\/index.php\/wp-json\/wp\/v2\/comments?post=11421"}],"version-history":[{"count":1,"href":"http:\/\/www.tvturk.com\/index.php\/wp-json\/wp\/v2\/posts\/11421\/revisions"}],"predecessor-version":[{"id":11425,"href":"http:\/\/www.tvturk.com\/index.php\/wp-json\/wp\/v2\/posts\/11421\/revisions\/11425"}],"wp:featuredmedia":[{"embeddable":true,"href":"http:\/\/www.tvturk.com\/index.php\/wp-json\/wp\/v2\/media\/11422"}],"wp:attachment":[{"href":"http:\/\/www.tvturk.com\/index.php\/wp-json\/wp\/v2\/media?parent=11421"}],"wp:term":[{"taxonomy":"category","embeddable":true,"href":"http:\/\/www.tvturk.com\/index.php\/wp-json\/wp\/v2\/categories?post=11421"},{"taxonomy":"post_tag","embeddable":true,"href":"http:\/\/www.tvturk.com\/index.php\/wp-json\/wp\/v2\/tags?post=11421"}],"curies":[{"name":"wp","href":"https:\/\/api.w.org\/{rel}","templated":true}]}}