{"id":114387,"date":"2019-03-27T09:54:02","date_gmt":"2019-03-27T06:54:02","guid":{"rendered":"http:\/\/www.tvturk.com\/index.php\/ozel-bu-kitabi-149-kisi-yazdi\/"},"modified":"2019-03-27T09:54:05","modified_gmt":"2019-03-27T06:54:05","slug":"ozel-bu-kitabi-149-kisi-yazdi","status":"publish","type":"post","link":"http:\/\/www.tvturk.com\/index.php\/ozel-bu-kitabi-149-kisi-yazdi\/","title":{"rendered":"(\u00d6zel) Bu kitab\u0131 149 ki\u015fi yazd\u0131"},"content":{"rendered":"<p>Bal\u0131kesir\u2019in Edremit il\u00e7esinde 149 gen\u00e7 yazar bir araya gelerek \u201cKayda De\u011fer\u201d isimli kitaba imza att\u0131.<\/p>\n<p>Bal\u0131kesir\u2019den y\u00fcr\u00fct\u00fclen BENG\u0130 Projesi kapsam\u0131nda Edremit il\u00e7esinde 149 lise \u00f6\u011frencisinin yaz\u0131lar\u0131ndan olu\u015fan bir kitap bas\u0131larak okurla bulu\u015ftu. 149 imzal\u0131 bu kitapta \u00f6\u011frencilerin denemeleri, hikayeleri ve \u015fiirleri yer al\u0131yor.<\/p>\n<p>T\u00fcrk Dili ve Edebiyat\u0131 \u00d6\u011fretmeni Cavit K\u0131rc\u0131, \u201cOkullar\u0131m\u0131zda yakla\u015f\u0131k 750 kadar \u00f6\u011frencimiz eser yaz\u0131m\u0131na katk\u0131 sa\u011flam\u0131\u015ft\u0131r. B\u00fclten komisyonumuzca 149 eser g\u00f6nderilmi\u015f ve 149 eserin tamam\u0131 redakte edildikten sonra kitab\u0131m\u0131za kayda de\u011fer olarak yer alm\u0131\u015ft\u0131r\u201d dedi.<\/p>\n<p>\u00c7al\u0131\u015fma hakk\u0131nda bilgi veren Edremit Milli E\u011fitim M\u00fcd\u00fcr\u00fc Yusuf Ko\u00e7, \u201cValili\u011fimizin 3 y\u0131ld\u0131r y\u00fcr\u00fctm\u00fc\u015f oldu\u011fu BENG\u0130 Projesi kapsam\u0131nda biz de Edremit \u0130l\u00e7e Milli E\u011fitim M\u00fcd\u00fcrl\u00fc\u011f\u00fc olarak \u201cDe\u011ferlerimizle Ad\u0131m Ad\u0131m\u201d projesini geli\u015ftirdik. Bu proje kapsam\u0131nda 33 okulumuzda orta okul ve liselerimizin tamam\u0131nda y\u0131lda iki kez iki d\u00f6nem okul b\u00fcltenleri ve dergileri \u00e7\u0131karmaktay\u0131z. Bu dergilerde, b\u00fcltenlerde \u00f6\u011frencilerimizin tabiiki yaz\u0131lar\u0131 var. Bizde buradan hareketle dedik ki \u00f6\u011frencilerimizin yaz\u0131lar\u0131n\u0131 bir kitapta toplarsak belki gelece\u011fin yazarlar\u0131 buradan yeti\u015fir. \u00d6\u011frencilerimizin yazarl\u0131k konusunda \u00f6nlerini a\u00e7m\u0131\u015f oluruz diye d\u00fc\u015f\u00fcnd\u00fck. Bu d\u00fc\u015f\u00fcnce ile yola \u00e7\u0131kt\u0131k. Elimizdeki Kayda De\u011fer ismindeki kitab\u0131m\u0131z 149 \u00f6\u011frencimizin i\u00e7inde yaz\u0131s\u0131 var. \u00d6\u011frencilerimiz somut bir \u015fekilde ellerine ald\u0131klar\u0131 kitapta art\u0131k kendilerini bir yazar olarak g\u00f6rd\u00fcler. 149 tane \u00f6\u011frencimiz, art\u0131k biz onlara yazarda diyebiliyoruz. Olumlu tepkiler ald\u0131k. Amac\u0131na ula\u015ft\u0131\u011f\u0131n\u0131 d\u00fc\u015f\u00fcn\u00fcyorum. Bu kayde de\u011fer isimli kitaptan bin adet bast\u0131rd\u0131k\u201d diye konu\u015ftu.<\/p>\n<p>Bin adet bas\u0131lan Kayda De\u011fer isimli kitap T\u00fcrkiye \u00e7ap\u0131ndaki milli e\u011fitim m\u00fcd\u00fcrl\u00fcklerine g\u00f6nderilerek okul k\u00fct\u00fcphanelerine ula\u015ft\u0131r\u0131l\u0131yor.<div class=\"tiled-gallery type-rectangular tiled-gallery-unresized\" data-original-width=\"500\" data-carousel-extra='null' itemscope itemtype=\"http:\/\/schema.org\/ImageGallery\" > <div class=\"gallery-row\" style=\"width: 500px; height: 142px;\" data-original-width=\"500\" data-original-height=\"142\" > <div class=\"gallery-group images-1\" style=\"width: 250px; height: 142px;\" data-original-width=\"250\" data-original-height=\"142\" > <div class=\"tiled-gallery-item tiled-gallery-item-small\" itemprop=\"associatedMedia\" itemscope itemtype=\"http:\/\/schema.org\/ImageObject\"> <a href=\"http:\/\/www.tvturk.com\/index.php\/ozel-bu-kitabi-149-kisi-yazdi\/ozel-bu-kitabi-149-kisi-yazdi-3\/\" border=\"0\" itemprop=\"url\"> <meta itemprop=\"width\" content=\"246\"> <meta itemprop=\"height\" content=\"138\"> <img decoding=\"async\" class=\"\" data-attachment-id=\"114389\" data-orig-file=\"http:\/\/www.tvturk.com\/wp-content\/uploads\/2019\/03\/ozel-bu-kitabi-149-kisi-yazdi_19251a1.jpg\" data-orig-size=\"1000,563\" data-comments-opened=\"\" data-image-meta=\"{&quot;aperture&quot;:&quot;0&quot;,&quot;credit&quot;:&quot;IHA&quot;,&quot;camera&quot;:&quot;&quot;,&quot;caption&quot;:&quot;BALIKES\\u0130R\\u2019\\u0130N EDREM\\u0130T \\u0130L\\u00c7ES\\u0130NDE 149 GEN\\u00c7 YAZAR B\\u0130R ARAYA GELEREK \\u201cKAYDA DE\\u011eER\\u201d \\u0130S\\u0130ML\\u0130 K\\u0130TABA \\u0130MZA ATTILAR. (EMRAH ELMAS\\\/BALIKES\\u0130R-\\u0130HA)&quot;,&quot;created_timestamp&quot;:&quot;0&quot;,&quot;copyright&quot;:&quot;\\u0130HLAS HABER AJANSI, www.iha.com.tr&quot;,&quot;focal_length&quot;:&quot;0&quot;,&quot;iso&quot;:&quot;0&quot;,&quot;shutter_speed&quot;:&quot;0&quot;,&quot;title&quot;:&quot;(\\u00d6ZEL) BU K\\u0130TABI 149 K\\u0130\\u015e\\u0130 YAZDI 149 GEN\\u00c7 B\\u0130R ARAYA GELEREK K\\u0130TAP YAZDILAR&quot;,&quot;orientation&quot;:&quot;0&quot;}\" data-image-title=\"(\u00d6zel) Bu kitab\u0131 149 ki\u015fi yazd\u0131\" data-image-description=\"&lt;p&gt;(\u00d6zel) Bu kitab\u0131 149 ki\u015fi yazd\u0131&lt;\/p&gt; \" data-medium-file=\"https:\/\/i0.wp.com\/www.tvturk.com\/wp-content\/uploads\/2019\/03\/ozel-bu-kitabi-149-kisi-yazdi_19251a1.jpg?fit=300%2C169\" data-large-file=\"https:\/\/i0.wp.com\/www.tvturk.com\/wp-content\/uploads\/2019\/03\/ozel-bu-kitabi-149-kisi-yazdi_19251a1.jpg?fit=1000%2C563\" src=\"https:\/\/i0.wp.com\/www.tvturk.com\/wp-content\/uploads\/2019\/03\/ozel-bu-kitabi-149-kisi-yazdi_19251a1.jpg?w=246&#038;h=138\" srcset=\"https:\/\/i0.wp.com\/www.tvturk.com\/wp-content\/uploads\/2019\/03\/ozel-bu-kitabi-149-kisi-yazdi_19251a1.jpg?w=1000 1000w, https:\/\/i0.wp.com\/www.tvturk.com\/wp-content\/uploads\/2019\/03\/ozel-bu-kitabi-149-kisi-yazdi_19251a1.jpg?resize=150%2C84 150w, https:\/\/i0.wp.com\/www.tvturk.com\/wp-content\/uploads\/2019\/03\/ozel-bu-kitabi-149-kisi-yazdi_19251a1.jpg?resize=300%2C169 300w, https:\/\/i0.wp.com\/www.tvturk.com\/wp-content\/uploads\/2019\/03\/ozel-bu-kitabi-149-kisi-yazdi_19251a1.jpg?resize=768%2C432 768w, https:\/\/i0.wp.com\/www.tvturk.com\/wp-content\/uploads\/2019\/03\/ozel-bu-kitabi-149-kisi-yazdi_19251a1.jpg?resize=200%2C113 200w\" width=\"246\" height=\"138\" loading=\"lazy\" data-original-width=\"246\" data-original-height=\"138\" itemprop=\"http:\/\/schema.org\/image\" title=\"(\u00d6zel) Bu kitab\u0131 149 ki\u015fi yazd\u0131\" alt=\"(\u00d6zel) Bu kitab\u0131 149 ki\u015fi yazd\u0131\" style=\"width: 246px; height: 138px;\" \/> <\/a> <\/div> <\/div> <!-- close group --> <div class=\"gallery-group images-1\" style=\"width: 250px; height: 142px;\" data-original-width=\"250\" data-original-height=\"142\" > <div class=\"tiled-gallery-item tiled-gallery-item-small\" itemprop=\"associatedMedia\" itemscope itemtype=\"http:\/\/schema.org\/ImageObject\"> <a href=\"http:\/\/www.tvturk.com\/index.php\/ozel-bu-kitabi-149-kisi-yazdi\/ozel-bu-kitabi-149-kisi-yazdi-4\/\" border=\"0\" itemprop=\"url\"> <meta itemprop=\"width\" content=\"246\"> <meta itemprop=\"height\" content=\"138\"> <img decoding=\"async\" class=\"\" data-attachment-id=\"114390\" data-orig-file=\"http:\/\/www.tvturk.com\/wp-content\/uploads\/2019\/03\/ozel-bu-kitabi-149-kisi-yazdi_3670e18.jpg\" data-orig-size=\"1000,563\" data-comments-opened=\"\" data-image-meta=\"{&quot;aperture&quot;:&quot;0&quot;,&quot;credit&quot;:&quot;IHA&quot;,&quot;camera&quot;:&quot;&quot;,&quot;caption&quot;:&quot;BALIKES\\u0130R\\u2019\\u0130N EDREM\\u0130T \\u0130L\\u00c7ES\\u0130NDE 149 GEN\\u00c7 YAZAR B\\u0130R ARAYA GELEREK \\u201cKAYDA DE\\u011eER\\u201d \\u0130S\\u0130ML\\u0130 K\\u0130TABA \\u0130MZA ATTILAR. (EMRAH ELMAS\\\/BALIKES\\u0130R-\\u0130HA)&quot;,&quot;created_timestamp&quot;:&quot;0&quot;,&quot;copyright&quot;:&quot;\\u0130HLAS HABER AJANSI, www.iha.com.tr&quot;,&quot;focal_length&quot;:&quot;0&quot;,&quot;iso&quot;:&quot;0&quot;,&quot;shutter_speed&quot;:&quot;0&quot;,&quot;title&quot;:&quot;(\\u00d6ZEL) BU K\\u0130TABI 149 K\\u0130\\u015e\\u0130 YAZDI 149 GEN\\u00c7 B\\u0130R ARAYA GELEREK K\\u0130TAP YAZDILAR&quot;,&quot;orientation&quot;:&quot;0&quot;}\" data-image-title=\"(\u00d6zel) Bu kitab\u0131 149 ki\u015fi yazd\u0131\" data-image-description=\"&lt;p&gt;(\u00d6zel) Bu kitab\u0131 149 ki\u015fi yazd\u0131&lt;\/p&gt; \" data-medium-file=\"https:\/\/i0.wp.com\/www.tvturk.com\/wp-content\/uploads\/2019\/03\/ozel-bu-kitabi-149-kisi-yazdi_3670e18.jpg?fit=300%2C169\" data-large-file=\"https:\/\/i0.wp.com\/www.tvturk.com\/wp-content\/uploads\/2019\/03\/ozel-bu-kitabi-149-kisi-yazdi_3670e18.jpg?fit=1000%2C563\" src=\"https:\/\/i0.wp.com\/www.tvturk.com\/wp-content\/uploads\/2019\/03\/ozel-bu-kitabi-149-kisi-yazdi_3670e18.jpg?w=246&#038;h=138\" srcset=\"https:\/\/i0.wp.com\/www.tvturk.com\/wp-content\/uploads\/2019\/03\/ozel-bu-kitabi-149-kisi-yazdi_3670e18.jpg?w=1000 1000w, https:\/\/i0.wp.com\/www.tvturk.com\/wp-content\/uploads\/2019\/03\/ozel-bu-kitabi-149-kisi-yazdi_3670e18.jpg?resize=150%2C84 150w, https:\/\/i0.wp.com\/www.tvturk.com\/wp-content\/uploads\/2019\/03\/ozel-bu-kitabi-149-kisi-yazdi_3670e18.jpg?resize=300%2C169 300w, https:\/\/i0.wp.com\/www.tvturk.com\/wp-content\/uploads\/2019\/03\/ozel-bu-kitabi-149-kisi-yazdi_3670e18.jpg?resize=768%2C432 768w, https:\/\/i0.wp.com\/www.tvturk.com\/wp-content\/uploads\/2019\/03\/ozel-bu-kitabi-149-kisi-yazdi_3670e18.jpg?resize=200%2C113 200w\" width=\"246\" height=\"138\" loading=\"lazy\" data-original-width=\"246\" data-original-height=\"138\" itemprop=\"http:\/\/schema.org\/image\" title=\"(\u00d6zel) Bu kitab\u0131 149 ki\u015fi yazd\u0131\" alt=\"(\u00d6zel) Bu kitab\u0131 149 ki\u015fi yazd\u0131\" style=\"width: 246px; height: 138px;\" \/> <\/a> <\/div> <\/div> <!-- close group --> <\/div> <!-- close row --> <div class=\"gallery-row\" style=\"width: 500px; height: 142px;\" data-original-width=\"500\" data-original-height=\"142\" > <div class=\"gallery-group images-1\" style=\"width: 250px; height: 142px;\" data-original-width=\"250\" data-original-height=\"142\" > <div class=\"tiled-gallery-item tiled-gallery-item-small\" itemprop=\"associatedMedia\" itemscope itemtype=\"http:\/\/schema.org\/ImageObject\"> <a href=\"http:\/\/www.tvturk.com\/index.php\/ozel-bu-kitabi-149-kisi-yazdi\/ozel-bu-kitabi-149-kisi-yazdi-5\/\" border=\"0\" itemprop=\"url\"> <meta itemprop=\"width\" content=\"246\"> <meta itemprop=\"height\" content=\"138\"> <img decoding=\"async\" class=\"\" data-attachment-id=\"114391\" data-orig-file=\"http:\/\/www.tvturk.com\/wp-content\/uploads\/2019\/03\/ozel-bu-kitabi-149-kisi-yazdi_e398c39.jpg\" data-orig-size=\"1000,563\" data-comments-opened=\"\" data-image-meta=\"{&quot;aperture&quot;:&quot;0&quot;,&quot;credit&quot;:&quot;IHA&quot;,&quot;camera&quot;:&quot;&quot;,&quot;caption&quot;:&quot;BALIKES\\u0130R\\u2019\\u0130N EDREM\\u0130T \\u0130L\\u00c7ES\\u0130NDE 149 GEN\\u00c7 YAZAR B\\u0130R ARAYA GELEREK \\u201cKAYDA DE\\u011eER\\u201d \\u0130S\\u0130ML\\u0130 K\\u0130TABA \\u0130MZA ATTILAR. (EMRAH ELMAS\\\/BALIKES\\u0130R-\\u0130HA)&quot;,&quot;created_timestamp&quot;:&quot;0&quot;,&quot;copyright&quot;:&quot;\\u0130HLAS HABER AJANSI, www.iha.com.tr&quot;,&quot;focal_length&quot;:&quot;0&quot;,&quot;iso&quot;:&quot;0&quot;,&quot;shutter_speed&quot;:&quot;0&quot;,&quot;title&quot;:&quot;(\\u00d6ZEL) BU K\\u0130TABI 149 K\\u0130\\u015e\\u0130 YAZDI 149 GEN\\u00c7 B\\u0130R ARAYA GELEREK K\\u0130TAP YAZDILAR&quot;,&quot;orientation&quot;:&quot;0&quot;}\" data-image-title=\"(\u00d6zel) Bu kitab\u0131 149 ki\u015fi yazd\u0131\" data-image-description=\"&lt;p&gt;(\u00d6zel) Bu kitab\u0131 149 ki\u015fi yazd\u0131&lt;\/p&gt; \" data-medium-file=\"https:\/\/i0.wp.com\/www.tvturk.com\/wp-content\/uploads\/2019\/03\/ozel-bu-kitabi-149-kisi-yazdi_e398c39.jpg?fit=300%2C169\" data-large-file=\"https:\/\/i0.wp.com\/www.tvturk.com\/wp-content\/uploads\/2019\/03\/ozel-bu-kitabi-149-kisi-yazdi_e398c39.jpg?fit=1000%2C563\" src=\"https:\/\/i0.wp.com\/www.tvturk.com\/wp-content\/uploads\/2019\/03\/ozel-bu-kitabi-149-kisi-yazdi_e398c39.jpg?w=246&#038;h=138\" srcset=\"https:\/\/i0.wp.com\/www.tvturk.com\/wp-content\/uploads\/2019\/03\/ozel-bu-kitabi-149-kisi-yazdi_e398c39.jpg?w=1000 1000w, https:\/\/i0.wp.com\/www.tvturk.com\/wp-content\/uploads\/2019\/03\/ozel-bu-kitabi-149-kisi-yazdi_e398c39.jpg?resize=150%2C84 150w, https:\/\/i0.wp.com\/www.tvturk.com\/wp-content\/uploads\/2019\/03\/ozel-bu-kitabi-149-kisi-yazdi_e398c39.jpg?resize=300%2C169 300w, https:\/\/i0.wp.com\/www.tvturk.com\/wp-content\/uploads\/2019\/03\/ozel-bu-kitabi-149-kisi-yazdi_e398c39.jpg?resize=768%2C432 768w, https:\/\/i0.wp.com\/www.tvturk.com\/wp-content\/uploads\/2019\/03\/ozel-bu-kitabi-149-kisi-yazdi_e398c39.jpg?resize=200%2C113 200w\" width=\"246\" height=\"138\" loading=\"lazy\" data-original-width=\"246\" data-original-height=\"138\" itemprop=\"http:\/\/schema.org\/image\" title=\"(\u00d6zel) Bu kitab\u0131 149 ki\u015fi yazd\u0131\" alt=\"(\u00d6zel) Bu kitab\u0131 149 ki\u015fi yazd\u0131\" style=\"width: 246px; height: 138px;\" \/> <\/a> <\/div> <\/div> <!-- close group --> <div class=\"gallery-group images-1\" style=\"width: 250px; height: 142px;\" data-original-width=\"250\" data-original-height=\"142\" > <div class=\"tiled-gallery-item tiled-gallery-item-small\" itemprop=\"associatedMedia\" itemscope itemtype=\"http:\/\/schema.org\/ImageObject\"> <a href=\"http:\/\/www.tvturk.com\/index.php\/ozel-bu-kitabi-149-kisi-yazdi\/ozel-bu-kitabi-149-kisi-yazdi-6\/\" border=\"0\" itemprop=\"url\"> <meta itemprop=\"width\" content=\"246\"> <meta itemprop=\"height\" content=\"138\"> <img decoding=\"async\" class=\"\" data-attachment-id=\"114392\" data-orig-file=\"http:\/\/www.tvturk.com\/wp-content\/uploads\/2019\/03\/ozel-bu-kitabi-149-kisi-yazdi_707d419.jpg\" data-orig-size=\"1000,563\" data-comments-opened=\"\" data-image-meta=\"{&quot;aperture&quot;:&quot;0&quot;,&quot;credit&quot;:&quot;IHA&quot;,&quot;camera&quot;:&quot;&quot;,&quot;caption&quot;:&quot;BALIKES\\u0130R\\u2019\\u0130N EDREM\\u0130T \\u0130L\\u00c7ES\\u0130NDE 149 GEN\\u00c7 YAZAR B\\u0130R ARAYA GELEREK \\u201cKAYDA DE\\u011eER\\u201d \\u0130S\\u0130ML\\u0130 K\\u0130TABA \\u0130MZA ATTILAR. (EMRAH ELMAS\\\/BALIKES\\u0130R-\\u0130HA)&quot;,&quot;created_timestamp&quot;:&quot;0&quot;,&quot;copyright&quot;:&quot;\\u0130HLAS HABER AJANSI, www.iha.com.tr&quot;,&quot;focal_length&quot;:&quot;0&quot;,&quot;iso&quot;:&quot;0&quot;,&quot;shutter_speed&quot;:&quot;0&quot;,&quot;title&quot;:&quot;(\\u00d6ZEL) BU K\\u0130TABI 149 K\\u0130\\u015e\\u0130 YAZDI 149 GEN\\u00c7 B\\u0130R ARAYA GELEREK K\\u0130TAP YAZDILAR&quot;,&quot;orientation&quot;:&quot;0&quot;}\" data-image-title=\"(\u00d6zel) Bu kitab\u0131 149 ki\u015fi yazd\u0131\" data-image-description=\"&lt;p&gt;(\u00d6zel) Bu kitab\u0131 149 ki\u015fi yazd\u0131&lt;\/p&gt; \" data-medium-file=\"https:\/\/i0.wp.com\/www.tvturk.com\/wp-content\/uploads\/2019\/03\/ozel-bu-kitabi-149-kisi-yazdi_707d419.jpg?fit=300%2C169\" data-large-file=\"https:\/\/i0.wp.com\/www.tvturk.com\/wp-content\/uploads\/2019\/03\/ozel-bu-kitabi-149-kisi-yazdi_707d419.jpg?fit=1000%2C563\" src=\"https:\/\/i0.wp.com\/www.tvturk.com\/wp-content\/uploads\/2019\/03\/ozel-bu-kitabi-149-kisi-yazdi_707d419.jpg?w=246&#038;h=138\" srcset=\"https:\/\/i0.wp.com\/www.tvturk.com\/wp-content\/uploads\/2019\/03\/ozel-bu-kitabi-149-kisi-yazdi_707d419.jpg?w=1000 1000w, https:\/\/i0.wp.com\/www.tvturk.com\/wp-content\/uploads\/2019\/03\/ozel-bu-kitabi-149-kisi-yazdi_707d419.jpg?resize=150%2C84 150w, https:\/\/i0.wp.com\/www.tvturk.com\/wp-content\/uploads\/2019\/03\/ozel-bu-kitabi-149-kisi-yazdi_707d419.jpg?resize=300%2C169 300w, https:\/\/i0.wp.com\/www.tvturk.com\/wp-content\/uploads\/2019\/03\/ozel-bu-kitabi-149-kisi-yazdi_707d419.jpg?resize=768%2C432 768w, https:\/\/i0.wp.com\/www.tvturk.com\/wp-content\/uploads\/2019\/03\/ozel-bu-kitabi-149-kisi-yazdi_707d419.jpg?resize=200%2C113 200w\" width=\"246\" height=\"138\" loading=\"lazy\" data-original-width=\"246\" data-original-height=\"138\" itemprop=\"http:\/\/schema.org\/image\" title=\"(\u00d6zel) Bu kitab\u0131 149 ki\u015fi yazd\u0131\" alt=\"(\u00d6zel) Bu kitab\u0131 149 ki\u015fi yazd\u0131\" style=\"width: 246px; height: 138px;\" \/> <\/a> <\/div> <\/div> <!-- close group --> <\/div> <!-- close row --> <\/div><\/p>\n","protected":false},"excerpt":{"rendered":"<p>BALIKES\u0130R\u2019\u0130N EDREM\u0130T \u0130L\u00c7ES\u0130NDE 149 GEN\u00c7 YAZAR B\u0130R ARAYA GELEREK \u201cKAYDA DE\u011eER\u201d \u0130S\u0130ML\u0130 K\u0130TABA \u0130MZA ATTILAR.<\/p>\n","protected":false},"author":1,"featured_media":114388,"comment_status":"closed","ping_status":"open","sticky":false,"template":"","format":"standard","meta":{"jetpack_post_was_ever_published":false,"_jetpack_newsletter_access":"","_jetpack_dont_email_post_to_subs":false,"_jetpack_newsletter_tier_id":0,"_jetpack_memberships_contains_paywalled_content":false,"_jetpack_memberships_contains_paid_content":false,"footnotes":"","jetpack_publicize_message":"","jetpack_publicize_feature_enabled":true,"jetpack_social_post_already_shared":true,"jetpack_social_options":{"image_generator_settings":{"template":"highway","default_image_id":0,"font":"","enabled":false},"version":2}},"categories":[1],"tags":[1073,24946,1012,1467,15361],"class_list":["post-114387","post","type-post","status-publish","format-standard","has-post-thumbnail","hentry","category-genel","tag-ozel","tag-24946","tag-kisi","tag-kitabi","tag-yazdi"],"jetpack_publicize_connections":[],"jetpack_featured_media_url":"https:\/\/i0.wp.com\/www.tvturk.com\/wp-content\/uploads\/2019\/03\/ozel-bu-kitabi-149-kisi-yazdi_51a19d8.jpg?fit=1000%2C563","jetpack_sharing_enabled":true,"jetpack_shortlink":"https:\/\/wp.me\/paKIfm-tKX","_links":{"self":[{"href":"http:\/\/www.tvturk.com\/index.php\/wp-json\/wp\/v2\/posts\/114387","targetHints":{"allow":["GET"]}}],"collection":[{"href":"http:\/\/www.tvturk.com\/index.php\/wp-json\/wp\/v2\/posts"}],"about":[{"href":"http:\/\/www.tvturk.com\/index.php\/wp-json\/wp\/v2\/types\/post"}],"author":[{"embeddable":true,"href":"http:\/\/www.tvturk.com\/index.php\/wp-json\/wp\/v2\/users\/1"}],"replies":[{"embeddable":true,"href":"http:\/\/www.tvturk.com\/index.php\/wp-json\/wp\/v2\/comments?post=114387"}],"version-history":[{"count":1,"href":"http:\/\/www.tvturk.com\/index.php\/wp-json\/wp\/v2\/posts\/114387\/revisions"}],"predecessor-version":[{"id":114393,"href":"http:\/\/www.tvturk.com\/index.php\/wp-json\/wp\/v2\/posts\/114387\/revisions\/114393"}],"wp:featuredmedia":[{"embeddable":true,"href":"http:\/\/www.tvturk.com\/index.php\/wp-json\/wp\/v2\/media\/114388"}],"wp:attachment":[{"href":"http:\/\/www.tvturk.com\/index.php\/wp-json\/wp\/v2\/media?parent=114387"}],"wp:term":[{"taxonomy":"category","embeddable":true,"href":"http:\/\/www.tvturk.com\/index.php\/wp-json\/wp\/v2\/categories?post=114387"},{"taxonomy":"post_tag","embeddable":true,"href":"http:\/\/www.tvturk.com\/index.php\/wp-json\/wp\/v2\/tags?post=114387"}],"curies":[{"name":"wp","href":"https:\/\/api.w.org\/{rel}","templated":true}]}}