{"id":114466,"date":"2019-03-27T10:23:56","date_gmt":"2019-03-27T07:23:56","guid":{"rendered":"http:\/\/www.tvturk.com\/index.php\/uluslararasi-bor-sempozyumu-icin-geri-sayim-basladi\/"},"modified":"2019-03-27T10:23:56","modified_gmt":"2019-03-27T07:23:56","slug":"uluslararasi-bor-sempozyumu-icin-geri-sayim-basladi","status":"publish","type":"post","link":"http:\/\/www.tvturk.com\/index.php\/uluslararasi-bor-sempozyumu-icin-geri-sayim-basladi\/","title":{"rendered":"Uluslararas\u0131 Bor Sempozyumu i\u00e7in geri say\u0131m ba\u015flad\u0131"},"content":{"rendered":"<p>Bor madeninin t\u00fcm y\u00f6nleriyle ele al\u0131naca\u011f\u0131 Uluslararas\u0131 Bor Sempozyumu (BORON2019), 17-19 Nisan tarihleri aras\u0131nda Nev\u015fehir\u2019de d\u00fczenlenecek.<\/p>\n<p>BORON2019, Ulusal Bor Ara\u015ft\u0131rma Enstit\u00fcs\u00fc (BOREN) taraf\u0131ndan Eti Maden \u0130\u015fletmeleri Genel M\u00fcd\u00fcrl\u00fc\u011f\u00fc ve Nev\u015fehir Hac\u0131 Bekta\u015f Veli \u00dcniversitesi i\u015fbirli\u011fi ile 17-19 Nisan tarihleri aras\u0131nda Nev\u015fehir\u2019de d\u00fczenlenecek. Borun her y\u00f6n\u00fcyle ele al\u0131naca\u011f\u0131 sempozyumda ulusal ve uluslararas\u0131 bilim camias\u0131nda bor konusunda uzman yerli ve yabanc\u0131 35 konu\u015fmac\u0131 ile kamu ve \u00f6zel sekt\u00f6r temsilcilerinin yan\u0131 s\u0131ra ara\u015ft\u0131rmac\u0131lar, bilim insanlar\u0131 ve uzmanlar taraf\u0131ndan bora dayal\u0131 Ar-Ge ve \u00dcr-Ge \u00e7al\u0131\u015fmalar\u0131, borun genel ve stratejik kullan\u0131m alanlar\u0131na y\u00f6nelik y\u00fcr\u00fct\u00fclen faaliyetler, bor end\u00fcstrisinde gelinen nihai durum ve gelecekteki projeksiyonlar\u0131 tart\u0131\u015f\u0131lacak.<\/p>\n<p>Kamu ve \u00f6zel sekt\u00f6r\u00fcn destekleriyle 10 y\u0131l sonra tekrar d\u00fczenleniyor olmas\u0131 sempozyumun \u00f6nemini daha da art\u0131r\u0131rken, sempozyuma \u015fu ana kadar 200 makale ba\u015fvurusu g\u00f6nderildi. Kabul edilen bildirilerin tam metinleri elektronik olarak yay\u0131nlanacak. Etkinli\u011fe ili\u015fkin ayr\u0131nt\u0131l\u0131 bilgiye ise http:\/\/www.boron2019.com adresinden ula\u015f\u0131labiliyor.<\/p>\n<p>Sempozyum Organizasyon Komitesi, d\u00fcnyan\u0131n en b\u00fcy\u00fck rezervine sahip olan, bir anlamda borun ana vatan\u0131 olan T\u00fcrkiye\u2019nin bu de\u011ferinden hak etti\u011fi \u015fekilde faydalanabilmesinin yolunun katma de\u011feri y\u00fcksek \u00fcr\u00fcnler ortaya koyabilmesi i\u00e7in bilgi ve tekni\u011fin payla\u015f\u0131lmas\u0131 ve geli\u015ftirilmesi, Ar-Ge yap\u0131lmas\u0131, k\u0131saca bor madenine gereken \u00f6nemin verilmesinden ge\u00e7ti\u011fini belirtti.<\/p>\n<p>Bor farkl\u0131 \u00f6zellikleri nedeniyle ah\u015fap emprenye sekt\u00f6r\u00fcnden in\u015faat ve yap\u0131 malzemeleri sekt\u00f6r\u00fcne, sa\u011fl\u0131k sekt\u00f6r\u00fcnden seramik sekt\u00f6r\u00fcne, temizlik sekt\u00f6r\u00fcnden tar\u0131m sekt\u00f6r\u00fcne, metal\u00fcrji sekt\u00f6r\u00fcnden uzay ve havac\u0131l\u0131k sekt\u00f6r\u00fcne kadar sanayinin 250\u2019den fazla alan\u0131nda kullan\u0131lmaktad\u0131r. Bu nedenle bor, \u00fczerinde farkl\u0131 disiplinlerde disiplinler aras\u0131 i\u015fbirli\u011fi ile Ar-Ge faaliyetlerinin yap\u0131ld\u0131\u011f\u0131, yeni \u00fcr\u00fcn ve kullan\u0131m alanlar\u0131na y\u00f6nelik ara\u015ft\u0131rmalar\u0131n artarak devam etti\u011fi bir element.<\/p>\n","protected":false},"excerpt":{"rendered":"<p>BOR MADEN\u0130N\u0130N T\u00dcM Y\u00d6NLER\u0130YLE ELE ALINACA\u011eI ULUSLARARASI BOR SEMPOZYUMU (BORON2019), 17-19 N\u0130SAN TAR\u0130HLER\u0130 ARASINDA NEV\u015eEH\u0130R\u2019DE D\u00dcZENLENECEK.<\/p>\n","protected":false},"author":1,"featured_media":114467,"comment_status":"closed","ping_status":"open","sticky":false,"template":"","format":"standard","meta":{"jetpack_post_was_ever_published":false,"_jetpack_newsletter_access":"","_jetpack_dont_email_post_to_subs":false,"_jetpack_newsletter_tier_id":0,"_jetpack_memberships_contains_paywalled_content":false,"_jetpack_memberships_contains_paid_content":false,"footnotes":"","jetpack_publicize_message":"","jetpack_publicize_feature_enabled":true,"jetpack_social_post_already_shared":true,"jetpack_social_options":{"image_generator_settings":{"template":"highway","default_image_id":0,"font":"","enabled":false},"version":2}},"categories":[19],"tags":[4839,55,28081,592,44,5604,4841],"class_list":["post-114466","post","type-post","status-publish","format-standard","has-post-thumbnail","hentry","category-ekonomi","tag-uluslararasi","tag-basladi","tag-bor","tag-geri","tag-icin","tag-sayim","tag-sempozyumu"],"jetpack_publicize_connections":[],"jetpack_featured_media_url":"https:\/\/i0.wp.com\/www.tvturk.com\/wp-content\/uploads\/2019\/03\/uluslararasi-bor-sempozyumu-icin-geri-sayim-basladi_bd64012.jpg?fit=685%2C1000","jetpack_sharing_enabled":true,"jetpack_shortlink":"https:\/\/wp.me\/paKIfm-tMe","_links":{"self":[{"href":"http:\/\/www.tvturk.com\/index.php\/wp-json\/wp\/v2\/posts\/114466","targetHints":{"allow":["GET"]}}],"collection":[{"href":"http:\/\/www.tvturk.com\/index.php\/wp-json\/wp\/v2\/posts"}],"about":[{"href":"http:\/\/www.tvturk.com\/index.php\/wp-json\/wp\/v2\/types\/post"}],"author":[{"embeddable":true,"href":"http:\/\/www.tvturk.com\/index.php\/wp-json\/wp\/v2\/users\/1"}],"replies":[{"embeddable":true,"href":"http:\/\/www.tvturk.com\/index.php\/wp-json\/wp\/v2\/comments?post=114466"}],"version-history":[{"count":0,"href":"http:\/\/www.tvturk.com\/index.php\/wp-json\/wp\/v2\/posts\/114466\/revisions"}],"wp:featuredmedia":[{"embeddable":true,"href":"http:\/\/www.tvturk.com\/index.php\/wp-json\/wp\/v2\/media\/114467"}],"wp:attachment":[{"href":"http:\/\/www.tvturk.com\/index.php\/wp-json\/wp\/v2\/media?parent=114466"}],"wp:term":[{"taxonomy":"category","embeddable":true,"href":"http:\/\/www.tvturk.com\/index.php\/wp-json\/wp\/v2\/categories?post=114466"},{"taxonomy":"post_tag","embeddable":true,"href":"http:\/\/www.tvturk.com\/index.php\/wp-json\/wp\/v2\/tags?post=114466"}],"curies":[{"name":"wp","href":"https:\/\/api.w.org\/{rel}","templated":true}]}}