{"id":11453,"date":"2019-02-08T11:31:09","date_gmt":"2019-02-08T08:31:09","guid":{"rendered":"http:\/\/www.tvturk.com\/index.php\/keso-yonetimi-birinci-yilini-kutladi\/"},"modified":"2019-02-08T11:31:10","modified_gmt":"2019-02-08T08:31:10","slug":"keso-yonetimi-birinci-yilini-kutladi","status":"publish","type":"post","link":"http:\/\/www.tvturk.com\/index.php\/keso-yonetimi-birinci-yilini-kutladi\/","title":{"rendered":"KESO y\u00f6netimi birinci y\u0131l\u0131n\u0131 kutlad\u0131"},"content":{"rendered":"<p>Ku\u015fadas\u0131 Esnaf ve Sanatkarlar Odas\u0131\u2019nda (KESO) ge\u00e7ti\u011fimiz y\u0131l yap\u0131lan se\u00e7imlerini kazanan y\u00f6netimin birinci y\u0131l\u0131 d\u00fczenlenen etkinlikle kutland\u0131.<\/p>\n<p>6 \u015eubat 2018\u2019de mazbatas\u0131n\u0131 alarak g\u00f6reve ba\u015flayan Ku\u015fadas\u0131 Esnaf ve Sanatkarlar Odas\u0131 Ba\u015fkan\u0131 Ahmet \u00c7al\u0131m ve y\u00f6netimi pasta keserek g\u00f6rev s\u00fcresinin birinci y\u0131l\u0131n\u0131 kutlad\u0131.<\/p>\n<p>Ge\u00e7en bir y\u0131l\u0131 de\u011ferlendiren \u00c7al\u0131m, \u201c\u00d6ncelikle esnaf dostlar\u0131m\u0131za te\u015fekk\u00fcr ederim. Bir y\u0131l \u00f6nce bizi lay\u0131k g\u00f6r\u00fcp g\u00f6reve getirmi\u015flerdi. \u00d6ncelik hedefimiz esnaf\u0131m\u0131z\u0131n yarar\u0131na onlara kolayl\u0131k sa\u011flayacak hizmetler yapmak oldu. Esnaf\u0131m\u0131za bir\u00e7ok alanda indirim sa\u011flayan KESO Kart\u0131 hizmete soktuk. Esnaflar\u0131m\u0131z\u0131n \u00e7ocuklar\u0131na \u00fccretsiz e\u011fitim kurslar\u0131 veriyoruz. Sekt\u00f6r fuarlar\u0131na yo\u011fun kat\u0131l\u0131m sa\u011fl\u0131yoruz. Bir y\u0131l i\u00e7inde odam\u0131z\u0131 teknoloji a\u00e7\u0131s\u0131ndan standartlar\u0131n \u00fcst\u00fcne \u00e7\u0131kard\u0131k. Olu\u015fturdu\u011fumuz Ar-Ge birimi ile esnaflar\u0131m\u0131z isteklerini toparlay\u0131p hayata ge\u00e7irmek \u00fczere planlamalar yap\u0131yoruz. Bundan sonraki \u00e7al\u0131\u015fmalar\u0131m\u0131zda hem esnaf\u0131m\u0131za hem de il\u00e7emize katk\u0131 sa\u011flayacak projeler olacakt\u0131r\u201d dedi.<div class=\"tiled-gallery type-rectangular tiled-gallery-unresized\" data-original-width=\"500\" data-carousel-extra='null' itemscope itemtype=\"http:\/\/schema.org\/ImageGallery\" > <div class=\"gallery-row\" style=\"width: 500px; height: 283px;\" data-original-width=\"500\" data-original-height=\"283\" > <div class=\"gallery-group images-1\" style=\"width: 500px; height: 283px;\" data-original-width=\"500\" data-original-height=\"283\" > <div class=\"tiled-gallery-item tiled-gallery-item-large\" itemprop=\"associatedMedia\" itemscope itemtype=\"http:\/\/schema.org\/ImageObject\"> <a href=\"http:\/\/www.tvturk.com\/index.php\/keso-yonetimi-birinci-yilini-kutladi\/keso-yonetimi-birinci-yilini-kutladi-3\/\" border=\"0\" itemprop=\"url\"> <meta itemprop=\"width\" content=\"496\"> <meta itemprop=\"height\" content=\"279\"> <img decoding=\"async\" class=\"\" data-attachment-id=\"11455\" data-orig-file=\"http:\/\/www.tvturk.com\/wp-content\/uploads\/2019\/02\/keso-yonetimi-birinci-yilini-kutladi_30b6420.jpg\" data-orig-size=\"1000,562\" data-comments-opened=\"\" data-image-meta=\"{&quot;aperture&quot;:&quot;0&quot;,&quot;credit&quot;:&quot;IHA&quot;,&quot;camera&quot;:&quot;&quot;,&quot;caption&quot;:&quot;KU\\u015eADASI ESNAF VE SANATKARLAR ODASI\\u2019NDA (KESO) GE\\u00c7T\\u0130\\u011e\\u0130M\\u0130Z YIL YAPILAN SE\\u00c7\\u0130MLER\\u0130N\\u0130 KAZANAN Y\\u00d6NET\\u0130M\\u0130N B\\u0130R\\u0130NC\\u0130 YILI D\\u00dcZENLENEN ETK\\u0130NL\\u0130KLE KUTLANDI. (ZAFER HACISAL\\u0130HO\\u011eLU\\\/AYDIN-\\u0130HA)&quot;,&quot;created_timestamp&quot;:&quot;0&quot;,&quot;copyright&quot;:&quot;\\u0130HLAS HABER AJANSI, www.iha.com.tr&quot;,&quot;focal_length&quot;:&quot;0&quot;,&quot;iso&quot;:&quot;0&quot;,&quot;shutter_speed&quot;:&quot;0&quot;,&quot;title&quot;:&quot;KESO Y\\u00d6NET\\u0130M\\u0130 B\\u0130R\\u0130NC\\u0130 YILINI KUTLADI&quot;,&quot;orientation&quot;:&quot;0&quot;}\" data-image-title=\"KESO y\u00f6netimi birinci y\u0131l\u0131n\u0131 kutlad\u0131\" data-image-description=\"&lt;p&gt;KESO y\u00f6netimi birinci y\u0131l\u0131n\u0131 kutlad\u0131&lt;\/p&gt; \" data-medium-file=\"https:\/\/i0.wp.com\/www.tvturk.com\/wp-content\/uploads\/2019\/02\/keso-yonetimi-birinci-yilini-kutladi_30b6420.jpg?fit=300%2C169\" data-large-file=\"https:\/\/i0.wp.com\/www.tvturk.com\/wp-content\/uploads\/2019\/02\/keso-yonetimi-birinci-yilini-kutladi_30b6420.jpg?fit=1000%2C562\" src=\"https:\/\/i0.wp.com\/www.tvturk.com\/wp-content\/uploads\/2019\/02\/keso-yonetimi-birinci-yilini-kutladi_30b6420.jpg?w=496&#038;h=279\" srcset=\"https:\/\/i0.wp.com\/www.tvturk.com\/wp-content\/uploads\/2019\/02\/keso-yonetimi-birinci-yilini-kutladi_30b6420.jpg?w=1000 1000w, https:\/\/i0.wp.com\/www.tvturk.com\/wp-content\/uploads\/2019\/02\/keso-yonetimi-birinci-yilini-kutladi_30b6420.jpg?resize=150%2C84 150w, https:\/\/i0.wp.com\/www.tvturk.com\/wp-content\/uploads\/2019\/02\/keso-yonetimi-birinci-yilini-kutladi_30b6420.jpg?resize=300%2C169 300w, https:\/\/i0.wp.com\/www.tvturk.com\/wp-content\/uploads\/2019\/02\/keso-yonetimi-birinci-yilini-kutladi_30b6420.jpg?resize=768%2C432 768w, https:\/\/i0.wp.com\/www.tvturk.com\/wp-content\/uploads\/2019\/02\/keso-yonetimi-birinci-yilini-kutladi_30b6420.jpg?resize=200%2C113 200w\" width=\"496\" height=\"279\" loading=\"lazy\" data-original-width=\"496\" data-original-height=\"279\" itemprop=\"http:\/\/schema.org\/image\" title=\"KESO y\u00f6netimi birinci y\u0131l\u0131n\u0131 kutlad\u0131\" alt=\"KESO y\u00f6netimi birinci y\u0131l\u0131n\u0131 kutlad\u0131\" style=\"width: 496px; height: 279px;\" \/> <\/a> <\/div> <\/div> <!-- close group --> <\/div> <!-- close row --> <\/div><\/p>\n","protected":false},"excerpt":{"rendered":"<p>KU\u015eADASI ESNAF VE SANATKARLAR ODASI\u2019NDA (KESO) GE\u00c7T\u0130\u011e\u0130M\u0130Z YIL YAPILAN SE\u00c7\u0130MLER\u0130N\u0130 KAZANAN Y\u00d6NET\u0130M\u0130N B\u0130R\u0130NC\u0130 YILI D\u00dcZENLENEN ETK\u0130NL\u0130KLE KUTLANDI.<\/p>\n","protected":false},"author":1,"featured_media":11454,"comment_status":"closed","ping_status":"open","sticky":false,"template":"","format":"standard","meta":{"jetpack_post_was_ever_published":false,"_jetpack_newsletter_access":"","_jetpack_dont_email_post_to_subs":false,"_jetpack_newsletter_tier_id":0,"_jetpack_memberships_contains_paywalled_content":false,"_jetpack_memberships_contains_paid_content":false,"footnotes":"","jetpack_publicize_message":"","jetpack_publicize_feature_enabled":true,"jetpack_social_post_already_shared":false,"jetpack_social_options":{"image_generator_settings":{"template":"highway","default_image_id":0,"font":"","enabled":false},"version":2}},"categories":[655],"tags":[93,5903,4040,4564,1543],"class_list":["post-11453","post","type-post","status-publish","format-standard","has-post-thumbnail","hentry","category-son-dakika","tag-birinci","tag-keso","tag-kutladi","tag-yilini","tag-yonetimi"],"jetpack_publicize_connections":[],"jetpack_featured_media_url":"https:\/\/i0.wp.com\/www.tvturk.com\/wp-content\/uploads\/2019\/02\/keso-yonetimi-birinci-yilini-kutladi_6969d52.jpg?fit=1000%2C562","jetpack_sharing_enabled":true,"jetpack_shortlink":"https:\/\/wp.me\/paKIfm-2YJ","_links":{"self":[{"href":"http:\/\/www.tvturk.com\/index.php\/wp-json\/wp\/v2\/posts\/11453","targetHints":{"allow":["GET"]}}],"collection":[{"href":"http:\/\/www.tvturk.com\/index.php\/wp-json\/wp\/v2\/posts"}],"about":[{"href":"http:\/\/www.tvturk.com\/index.php\/wp-json\/wp\/v2\/types\/post"}],"author":[{"embeddable":true,"href":"http:\/\/www.tvturk.com\/index.php\/wp-json\/wp\/v2\/users\/1"}],"replies":[{"embeddable":true,"href":"http:\/\/www.tvturk.com\/index.php\/wp-json\/wp\/v2\/comments?post=11453"}],"version-history":[{"count":1,"href":"http:\/\/www.tvturk.com\/index.php\/wp-json\/wp\/v2\/posts\/11453\/revisions"}],"predecessor-version":[{"id":11456,"href":"http:\/\/www.tvturk.com\/index.php\/wp-json\/wp\/v2\/posts\/11453\/revisions\/11456"}],"wp:featuredmedia":[{"embeddable":true,"href":"http:\/\/www.tvturk.com\/index.php\/wp-json\/wp\/v2\/media\/11454"}],"wp:attachment":[{"href":"http:\/\/www.tvturk.com\/index.php\/wp-json\/wp\/v2\/media?parent=11453"}],"wp:term":[{"taxonomy":"category","embeddable":true,"href":"http:\/\/www.tvturk.com\/index.php\/wp-json\/wp\/v2\/categories?post=11453"},{"taxonomy":"post_tag","embeddable":true,"href":"http:\/\/www.tvturk.com\/index.php\/wp-json\/wp\/v2\/tags?post=11453"}],"curies":[{"name":"wp","href":"https:\/\/api.w.org\/{rel}","templated":true}]}}