{"id":11482,"date":"2019-02-08T11:41:51","date_gmt":"2019-02-08T08:41:51","guid":{"rendered":"http:\/\/www.tvturk.com\/index.php\/ozel-haber-fatih-terim-babasinin-mezarini-ziyaret-etti\/"},"modified":"2019-02-08T11:41:55","modified_gmt":"2019-02-08T08:41:55","slug":"ozel-haber-fatih-terim-babasinin-mezarini-ziyaret-etti","status":"publish","type":"post","link":"http:\/\/www.tvturk.com\/index.php\/ozel-haber-fatih-terim-babasinin-mezarini-ziyaret-etti\/","title":{"rendered":"(\u00d6zel haber) Fatih Terim, babas\u0131n\u0131n mezar\u0131n\u0131 ziyaret etti"},"content":{"rendered":"<p>Galatasaray Teknik Direkt\u00f6r\u00fc Fatih Terim, d\u00fcn defnedilen babas\u0131 Talat Terim\u2019in mezar\u0131n\u0131 ziyaret ederek dua etti ve \u00e7i\u00e7ek b\u0131rakt\u0131.<\/p>\n<p>Sar\u0131-k\u0131rm\u0131z\u0131l\u0131 tak\u0131m\u0131n teknik direkt\u00f6r\u00fc Fatih Terim\u2019in 6 \u015eubat \u00c7ar\u015famba g\u00fcn\u00fc tedavi g\u00f6rd\u00fc\u011f\u00fc hastanede hayat\u0131n\u0131 kaybeden 3 \u00e7ocuk babas\u0131 Talat Terim (94), Adana Asri Mezarl\u0131\u011f\u0131\u2019nda bulunan aile kabristan\u0131nda annesi Emine Terim\u2019in yan\u0131na defnedildi.<\/p>\n<p>Fatih Terim, bug\u00fcn \u0130stanbul\u2019a d\u00f6nmeden \u00f6nce ailesiyle birlikte babas\u0131n\u0131n bulundu\u011fu aile kabristan\u0131na gelerek, \u00e7i\u00e7ek b\u0131rakt\u0131, dua etti.<div class=\"tiled-gallery type-rectangular tiled-gallery-unresized\" data-original-width=\"500\" data-carousel-extra='null' itemscope itemtype=\"http:\/\/schema.org\/ImageGallery\" > <div class=\"gallery-row\" style=\"width: 500px; height: 252px;\" data-original-width=\"500\" data-original-height=\"252\" > <div class=\"gallery-group images-1\" style=\"width: 312px; height: 252px;\" data-original-width=\"312\" data-original-height=\"252\" > <div class=\"tiled-gallery-item tiled-gallery-item-large\" itemprop=\"associatedMedia\" itemscope itemtype=\"http:\/\/schema.org\/ImageObject\"> <a href=\"http:\/\/www.tvturk.com\/index.php\/ozel-haber-fatih-terim-babasinin-mezarini-ziyaret-etti\/ozel-haber-fatih-terim-babasinin-mezarini-ziyaret-etti-3\/\" border=\"0\" itemprop=\"url\"> <meta itemprop=\"width\" content=\"308\"> <meta itemprop=\"height\" content=\"248\"> <img decoding=\"async\" class=\"\" data-attachment-id=\"11484\" data-orig-file=\"http:\/\/www.tvturk.com\/wp-content\/uploads\/2019\/02\/ozel-haber-fatih-terim-babasinin-mezarini-ziyaret-etti_cfdf599.jpg\" data-orig-size=\"799,645\" data-comments-opened=\"\" data-image-meta=\"{&quot;aperture&quot;:&quot;0&quot;,&quot;credit&quot;:&quot;IHA&quot;,&quot;camera&quot;:&quot;&quot;,&quot;caption&quot;:&quot;GALATASARAY TEKN\\u0130K D\\u0130REKT\\u00d6R\\u00dc FAT\\u0130H TER\\u0130M, D\\u00dcN DEFNED\\u0130LEN BABASI TALAT TER\\u0130M\\u2019\\u0130N MEZARINI Z\\u0130YARET EDEREK DUA ETT\\u0130 VE \\u00c7\\u0130\\u00c7EK BIRAKTI. (MUSTAFA YUSUF KANTARLI - R\\u00dc\\u015eAN ANIL ATAR\\\/ADANA-\\u0130HA)&quot;,&quot;created_timestamp&quot;:&quot;1549653600&quot;,&quot;copyright&quot;:&quot;\\u0130HLAS HABER AJANSI, www.iha.com.tr&quot;,&quot;focal_length&quot;:&quot;0&quot;,&quot;iso&quot;:&quot;0&quot;,&quot;shutter_speed&quot;:&quot;0&quot;,&quot;title&quot;:&quot;(\\u00d6ZEL HABER) FAT\\u0130H TER\\u0130M, BABASININ MEZARINI Z\\u0130YARET ETT\\u0130 TER\\u0130M A\\u0130LES\\u0130YLE B\\u0130RL\\u0130KTE GELD\\u0130\\u011e\\u0130 MEZARLIKTA BABASININ KABR\\u0130NE \\u00c7\\u0130\\u00c7EK BIRAKTI&quot;,&quot;orientation&quot;:&quot;1&quot;}\" data-image-title=\"(\u00d6zel haber) Fatih Terim, babas\u0131n\u0131n mezar\u0131n\u0131 ziyaret etti\" data-image-description=\"&lt;p&gt;(\u00d6zel haber) Fatih Terim, babas\u0131n\u0131n mezar\u0131n\u0131 ziyaret etti&lt;\/p&gt; \" data-medium-file=\"https:\/\/i0.wp.com\/www.tvturk.com\/wp-content\/uploads\/2019\/02\/ozel-haber-fatih-terim-babasinin-mezarini-ziyaret-etti_cfdf599.jpg?fit=300%2C242\" data-large-file=\"https:\/\/i0.wp.com\/www.tvturk.com\/wp-content\/uploads\/2019\/02\/ozel-haber-fatih-terim-babasinin-mezarini-ziyaret-etti_cfdf599.jpg?fit=799%2C645\" src=\"https:\/\/i0.wp.com\/www.tvturk.com\/wp-content\/uploads\/2019\/02\/ozel-haber-fatih-terim-babasinin-mezarini-ziyaret-etti_cfdf599.jpg?w=308&#038;h=248\" srcset=\"https:\/\/i0.wp.com\/www.tvturk.com\/wp-content\/uploads\/2019\/02\/ozel-haber-fatih-terim-babasinin-mezarini-ziyaret-etti_cfdf599.jpg?w=799 799w, https:\/\/i0.wp.com\/www.tvturk.com\/wp-content\/uploads\/2019\/02\/ozel-haber-fatih-terim-babasinin-mezarini-ziyaret-etti_cfdf599.jpg?resize=150%2C121 150w, https:\/\/i0.wp.com\/www.tvturk.com\/wp-content\/uploads\/2019\/02\/ozel-haber-fatih-terim-babasinin-mezarini-ziyaret-etti_cfdf599.jpg?resize=300%2C242 300w, https:\/\/i0.wp.com\/www.tvturk.com\/wp-content\/uploads\/2019\/02\/ozel-haber-fatih-terim-babasinin-mezarini-ziyaret-etti_cfdf599.jpg?resize=768%2C620 768w\" width=\"308\" height=\"248\" loading=\"lazy\" data-original-width=\"308\" data-original-height=\"248\" itemprop=\"http:\/\/schema.org\/image\" title=\"(\u00d6zel haber) Fatih Terim, babas\u0131n\u0131n mezar\u0131n\u0131 ziyaret etti\" alt=\"(\u00d6zel haber) Fatih Terim, babas\u0131n\u0131n mezar\u0131n\u0131 ziyaret etti\" style=\"width: 308px; height: 248px;\" \/> <\/a> <\/div> <\/div> <!-- close group --> <div class=\"gallery-group images-2\" style=\"width: 188px; height: 252px;\" data-original-width=\"188\" data-original-height=\"252\" > <div class=\"tiled-gallery-item tiled-gallery-item-small\" itemprop=\"associatedMedia\" itemscope itemtype=\"http:\/\/schema.org\/ImageObject\"> <a href=\"http:\/\/www.tvturk.com\/index.php\/ozel-haber-fatih-terim-babasinin-mezarini-ziyaret-etti\/ozel-haber-fatih-terim-babasinin-mezarini-ziyaret-etti-4\/\" border=\"0\" itemprop=\"url\"> <meta itemprop=\"width\" content=\"184\"> <meta itemprop=\"height\" content=\"122\"> <img decoding=\"async\" class=\"\" data-attachment-id=\"11485\" data-orig-file=\"http:\/\/www.tvturk.com\/wp-content\/uploads\/2019\/02\/ozel-haber-fatih-terim-babasinin-mezarini-ziyaret-etti_974ed59.jpg\" data-orig-size=\"1000,662\" data-comments-opened=\"\" data-image-meta=\"{&quot;aperture&quot;:&quot;0&quot;,&quot;credit&quot;:&quot;IHA&quot;,&quot;camera&quot;:&quot;&quot;,&quot;caption&quot;:&quot;GALATASARAY TEKN\\u0130K D\\u0130REKT\\u00d6R\\u00dc FAT\\u0130H TER\\u0130M, D\\u00dcN DEFNED\\u0130LEN BABASI TALAT TER\\u0130M\\u2019\\u0130N MEZARINI Z\\u0130YARET EDEREK DUA ETT\\u0130 VE \\u00c7\\u0130\\u00c7EK BIRAKTI. (MUSTAFA YUSUF KANTARLI - R\\u00dc\\u015eAN ANIL ATAR\\\/ADANA-\\u0130HA)&quot;,&quot;created_timestamp&quot;:&quot;0&quot;,&quot;copyright&quot;:&quot;\\u0130HLAS HABER AJANSI, www.iha.com.tr&quot;,&quot;focal_length&quot;:&quot;0&quot;,&quot;iso&quot;:&quot;0&quot;,&quot;shutter_speed&quot;:&quot;0&quot;,&quot;title&quot;:&quot;(\\u00d6ZEL HABER) FAT\\u0130H TER\\u0130M, BABASININ MEZARINI Z\\u0130YARET ETT\\u0130 TER\\u0130M A\\u0130LES\\u0130YLE B\\u0130RL\\u0130KTE GELD\\u0130\\u011e\\u0130 MEZARLIKTA BABASININ KABR\\u0130NE \\u00c7\\u0130\\u00c7EK BIRAKTI&quot;,&quot;orientation&quot;:&quot;0&quot;}\" data-image-title=\"(\u00d6zel haber) Fatih Terim, babas\u0131n\u0131n mezar\u0131n\u0131 ziyaret etti\" data-image-description=\"&lt;p&gt;(\u00d6zel haber) Fatih Terim, babas\u0131n\u0131n mezar\u0131n\u0131 ziyaret etti&lt;\/p&gt; \" data-medium-file=\"https:\/\/i0.wp.com\/www.tvturk.com\/wp-content\/uploads\/2019\/02\/ozel-haber-fatih-terim-babasinin-mezarini-ziyaret-etti_974ed59.jpg?fit=300%2C199\" data-large-file=\"https:\/\/i0.wp.com\/www.tvturk.com\/wp-content\/uploads\/2019\/02\/ozel-haber-fatih-terim-babasinin-mezarini-ziyaret-etti_974ed59.jpg?fit=1000%2C662\" src=\"https:\/\/i0.wp.com\/www.tvturk.com\/wp-content\/uploads\/2019\/02\/ozel-haber-fatih-terim-babasinin-mezarini-ziyaret-etti_974ed59.jpg?w=184&#038;h=122\" srcset=\"https:\/\/i0.wp.com\/www.tvturk.com\/wp-content\/uploads\/2019\/02\/ozel-haber-fatih-terim-babasinin-mezarini-ziyaret-etti_974ed59.jpg?w=1000 1000w, https:\/\/i0.wp.com\/www.tvturk.com\/wp-content\/uploads\/2019\/02\/ozel-haber-fatih-terim-babasinin-mezarini-ziyaret-etti_974ed59.jpg?resize=150%2C99 150w, https:\/\/i0.wp.com\/www.tvturk.com\/wp-content\/uploads\/2019\/02\/ozel-haber-fatih-terim-babasinin-mezarini-ziyaret-etti_974ed59.jpg?resize=300%2C200 300w, https:\/\/i0.wp.com\/www.tvturk.com\/wp-content\/uploads\/2019\/02\/ozel-haber-fatih-terim-babasinin-mezarini-ziyaret-etti_974ed59.jpg?resize=768%2C508 768w, https:\/\/i0.wp.com\/www.tvturk.com\/wp-content\/uploads\/2019\/02\/ozel-haber-fatih-terim-babasinin-mezarini-ziyaret-etti_974ed59.jpg?resize=170%2C113 170w, https:\/\/i0.wp.com\/www.tvturk.com\/wp-content\/uploads\/2019\/02\/ozel-haber-fatih-terim-babasinin-mezarini-ziyaret-etti_974ed59.jpg?resize=120%2C80 120w\" width=\"184\" height=\"122\" loading=\"lazy\" data-original-width=\"184\" data-original-height=\"122\" itemprop=\"http:\/\/schema.org\/image\" title=\"(\u00d6zel haber) Fatih Terim, babas\u0131n\u0131n mezar\u0131n\u0131 ziyaret etti\" alt=\"(\u00d6zel haber) Fatih Terim, babas\u0131n\u0131n mezar\u0131n\u0131 ziyaret etti\" style=\"width: 184px; height: 122px;\" \/> <\/a> <\/div> <div class=\"tiled-gallery-item tiled-gallery-item-small\" itemprop=\"associatedMedia\" itemscope itemtype=\"http:\/\/schema.org\/ImageObject\"> <a href=\"http:\/\/www.tvturk.com\/index.php\/ozel-haber-fatih-terim-babasinin-mezarini-ziyaret-etti\/ozel-haber-fatih-terim-babasinin-mezarini-ziyaret-etti-5\/\" border=\"0\" itemprop=\"url\"> <meta itemprop=\"width\" content=\"184\"> <meta itemprop=\"height\" content=\"122\"> <img decoding=\"async\" class=\"\" data-attachment-id=\"11486\" data-orig-file=\"http:\/\/www.tvturk.com\/wp-content\/uploads\/2019\/02\/ozel-haber-fatih-terim-babasinin-mezarini-ziyaret-etti_b37cd7d.jpg\" data-orig-size=\"1000,662\" data-comments-opened=\"\" data-image-meta=\"{&quot;aperture&quot;:&quot;0&quot;,&quot;credit&quot;:&quot;IHA&quot;,&quot;camera&quot;:&quot;&quot;,&quot;caption&quot;:&quot;GALATASARAY TEKN\\u0130K D\\u0130REKT\\u00d6R\\u00dc FAT\\u0130H TER\\u0130M, D\\u00dcN DEFNED\\u0130LEN BABASI TALAT TER\\u0130M\\u2019\\u0130N MEZARINI Z\\u0130YARET EDEREK DUA ETT\\u0130 VE \\u00c7\\u0130\\u00c7EK BIRAKTI. (MUSTAFA YUSUF KANTARLI - R\\u00dc\\u015eAN ANIL ATAR\\\/ADANA-\\u0130HA)&quot;,&quot;created_timestamp&quot;:&quot;0&quot;,&quot;copyright&quot;:&quot;\\u0130HLAS HABER AJANSI, www.iha.com.tr&quot;,&quot;focal_length&quot;:&quot;0&quot;,&quot;iso&quot;:&quot;0&quot;,&quot;shutter_speed&quot;:&quot;0&quot;,&quot;title&quot;:&quot;(\\u00d6ZEL HABER) FAT\\u0130H TER\\u0130M, BABASININ MEZARINI Z\\u0130YARET ETT\\u0130 TER\\u0130M A\\u0130LES\\u0130YLE B\\u0130RL\\u0130KTE GELD\\u0130\\u011e\\u0130 MEZARLIKTA BABASININ KABR\\u0130NE \\u00c7\\u0130\\u00c7EK BIRAKTI&quot;,&quot;orientation&quot;:&quot;0&quot;}\" data-image-title=\"(\u00d6zel haber) Fatih Terim, babas\u0131n\u0131n mezar\u0131n\u0131 ziyaret etti\" data-image-description=\"&lt;p&gt;(\u00d6zel haber) Fatih Terim, babas\u0131n\u0131n mezar\u0131n\u0131 ziyaret etti&lt;\/p&gt; \" data-medium-file=\"https:\/\/i0.wp.com\/www.tvturk.com\/wp-content\/uploads\/2019\/02\/ozel-haber-fatih-terim-babasinin-mezarini-ziyaret-etti_b37cd7d.jpg?fit=300%2C199\" data-large-file=\"https:\/\/i0.wp.com\/www.tvturk.com\/wp-content\/uploads\/2019\/02\/ozel-haber-fatih-terim-babasinin-mezarini-ziyaret-etti_b37cd7d.jpg?fit=1000%2C662\" src=\"https:\/\/i0.wp.com\/www.tvturk.com\/wp-content\/uploads\/2019\/02\/ozel-haber-fatih-terim-babasinin-mezarini-ziyaret-etti_b37cd7d.jpg?w=184&#038;h=122\" srcset=\"https:\/\/i0.wp.com\/www.tvturk.com\/wp-content\/uploads\/2019\/02\/ozel-haber-fatih-terim-babasinin-mezarini-ziyaret-etti_b37cd7d.jpg?w=1000 1000w, https:\/\/i0.wp.com\/www.tvturk.com\/wp-content\/uploads\/2019\/02\/ozel-haber-fatih-terim-babasinin-mezarini-ziyaret-etti_b37cd7d.jpg?resize=150%2C99 150w, https:\/\/i0.wp.com\/www.tvturk.com\/wp-content\/uploads\/2019\/02\/ozel-haber-fatih-terim-babasinin-mezarini-ziyaret-etti_b37cd7d.jpg?resize=300%2C200 300w, https:\/\/i0.wp.com\/www.tvturk.com\/wp-content\/uploads\/2019\/02\/ozel-haber-fatih-terim-babasinin-mezarini-ziyaret-etti_b37cd7d.jpg?resize=768%2C508 768w, https:\/\/i0.wp.com\/www.tvturk.com\/wp-content\/uploads\/2019\/02\/ozel-haber-fatih-terim-babasinin-mezarini-ziyaret-etti_b37cd7d.jpg?resize=170%2C113 170w, https:\/\/i0.wp.com\/www.tvturk.com\/wp-content\/uploads\/2019\/02\/ozel-haber-fatih-terim-babasinin-mezarini-ziyaret-etti_b37cd7d.jpg?resize=120%2C80 120w\" width=\"184\" height=\"122\" loading=\"lazy\" data-original-width=\"184\" data-original-height=\"122\" itemprop=\"http:\/\/schema.org\/image\" title=\"(\u00d6zel haber) Fatih Terim, babas\u0131n\u0131n mezar\u0131n\u0131 ziyaret etti\" alt=\"(\u00d6zel haber) Fatih Terim, babas\u0131n\u0131n mezar\u0131n\u0131 ziyaret etti\" style=\"width: 184px; height: 122px;\" \/> <\/a> <\/div> <\/div> <!-- close group --> <\/div> <!-- close row --> <div class=\"gallery-row\" style=\"width: 500px; height: 171px;\" data-original-width=\"500\" data-original-height=\"171\" > <div class=\"gallery-group images-1\" style=\"width: 243px; height: 171px;\" data-original-width=\"243\" data-original-height=\"171\" > <div class=\"tiled-gallery-item tiled-gallery-item-small\" itemprop=\"associatedMedia\" itemscope itemtype=\"http:\/\/schema.org\/ImageObject\"> <a href=\"http:\/\/www.tvturk.com\/index.php\/ozel-haber-fatih-terim-babasinin-mezarini-ziyaret-etti\/ozel-haber-fatih-terim-babasinin-mezarini-ziyaret-etti-6\/\" border=\"0\" itemprop=\"url\"> <meta itemprop=\"width\" content=\"239\"> <meta itemprop=\"height\" content=\"167\"> <img decoding=\"async\" class=\"\" data-attachment-id=\"11487\" data-orig-file=\"http:\/\/www.tvturk.com\/wp-content\/uploads\/2019\/02\/ozel-haber-fatih-terim-babasinin-mezarini-ziyaret-etti_c1b9512.jpg\" data-orig-size=\"874,611\" data-comments-opened=\"\" data-image-meta=\"{&quot;aperture&quot;:&quot;0&quot;,&quot;credit&quot;:&quot;IHA&quot;,&quot;camera&quot;:&quot;&quot;,&quot;caption&quot;:&quot;GALATASARAY TEKN\\u0130K D\\u0130REKT\\u00d6R\\u00dc FAT\\u0130H TER\\u0130M, D\\u00dcN DEFNED\\u0130LEN BABASI TALAT TER\\u0130M\\u2019\\u0130N MEZARINI Z\\u0130YARET EDEREK DUA ETT\\u0130 VE \\u00c7\\u0130\\u00c7EK BIRAKTI. (MUSTAFA YUSUF KANTARLI - R\\u00dc\\u015eAN ANIL ATAR\\\/ADANA-\\u0130HA)&quot;,&quot;created_timestamp&quot;:&quot;1549653600&quot;,&quot;copyright&quot;:&quot;\\u0130HLAS HABER AJANSI, www.iha.com.tr&quot;,&quot;focal_length&quot;:&quot;0&quot;,&quot;iso&quot;:&quot;0&quot;,&quot;shutter_speed&quot;:&quot;0&quot;,&quot;title&quot;:&quot;(\\u00d6ZEL HABER) FAT\\u0130H TER\\u0130M, BABASININ MEZARINI Z\\u0130YARET ETT\\u0130 TER\\u0130M A\\u0130LES\\u0130YLE B\\u0130RL\\u0130KTE GELD\\u0130\\u011e\\u0130 MEZARLIKTA BABASININ KABR\\u0130NE \\u00c7\\u0130\\u00c7EK BIRAKTI&quot;,&quot;orientation&quot;:&quot;1&quot;}\" data-image-title=\"(\u00d6zel haber) Fatih Terim, babas\u0131n\u0131n mezar\u0131n\u0131 ziyaret etti\" data-image-description=\"&lt;p&gt;(\u00d6zel haber) Fatih Terim, babas\u0131n\u0131n mezar\u0131n\u0131 ziyaret etti&lt;\/p&gt; \" data-medium-file=\"https:\/\/i0.wp.com\/www.tvturk.com\/wp-content\/uploads\/2019\/02\/ozel-haber-fatih-terim-babasinin-mezarini-ziyaret-etti_c1b9512.jpg?fit=300%2C210\" data-large-file=\"https:\/\/i0.wp.com\/www.tvturk.com\/wp-content\/uploads\/2019\/02\/ozel-haber-fatih-terim-babasinin-mezarini-ziyaret-etti_c1b9512.jpg?fit=874%2C611\" src=\"https:\/\/i0.wp.com\/www.tvturk.com\/wp-content\/uploads\/2019\/02\/ozel-haber-fatih-terim-babasinin-mezarini-ziyaret-etti_c1b9512.jpg?w=239&#038;h=167\" srcset=\"https:\/\/i0.wp.com\/www.tvturk.com\/wp-content\/uploads\/2019\/02\/ozel-haber-fatih-terim-babasinin-mezarini-ziyaret-etti_c1b9512.jpg?w=874 874w, https:\/\/i0.wp.com\/www.tvturk.com\/wp-content\/uploads\/2019\/02\/ozel-haber-fatih-terim-babasinin-mezarini-ziyaret-etti_c1b9512.jpg?resize=150%2C105 150w, https:\/\/i0.wp.com\/www.tvturk.com\/wp-content\/uploads\/2019\/02\/ozel-haber-fatih-terim-babasinin-mezarini-ziyaret-etti_c1b9512.jpg?resize=300%2C210 300w, https:\/\/i0.wp.com\/www.tvturk.com\/wp-content\/uploads\/2019\/02\/ozel-haber-fatih-terim-babasinin-mezarini-ziyaret-etti_c1b9512.jpg?resize=768%2C537 768w, https:\/\/i0.wp.com\/www.tvturk.com\/wp-content\/uploads\/2019\/02\/ozel-haber-fatih-terim-babasinin-mezarini-ziyaret-etti_c1b9512.jpg?resize=80%2C55 80w\" width=\"239\" height=\"167\" loading=\"lazy\" data-original-width=\"239\" data-original-height=\"167\" itemprop=\"http:\/\/schema.org\/image\" title=\"(\u00d6zel haber) Fatih Terim, babas\u0131n\u0131n mezar\u0131n\u0131 ziyaret etti\" alt=\"(\u00d6zel haber) Fatih Terim, babas\u0131n\u0131n mezar\u0131n\u0131 ziyaret etti\" style=\"width: 239px; height: 167px;\" \/> <\/a> <\/div> <\/div> <!-- close group --> <div class=\"gallery-group images-1\" style=\"width: 257px; height: 171px;\" data-original-width=\"257\" data-original-height=\"171\" > <div class=\"tiled-gallery-item tiled-gallery-item-large\" itemprop=\"associatedMedia\" itemscope itemtype=\"http:\/\/schema.org\/ImageObject\"> <a href=\"http:\/\/www.tvturk.com\/index.php\/ozel-haber-fatih-terim-babasinin-mezarini-ziyaret-etti\/ozel-haber-fatih-terim-babasinin-mezarini-ziyaret-etti-7\/\" border=\"0\" itemprop=\"url\"> <meta itemprop=\"width\" content=\"253\"> <meta itemprop=\"height\" content=\"167\"> <img decoding=\"async\" class=\"\" data-attachment-id=\"11488\" data-orig-file=\"http:\/\/www.tvturk.com\/wp-content\/uploads\/2019\/02\/ozel-haber-fatih-terim-babasinin-mezarini-ziyaret-etti_d4b96d8.jpg\" data-orig-size=\"1000,662\" data-comments-opened=\"\" data-image-meta=\"{&quot;aperture&quot;:&quot;0&quot;,&quot;credit&quot;:&quot;IHA&quot;,&quot;camera&quot;:&quot;&quot;,&quot;caption&quot;:&quot;GALATASARAY TEKN\\u0130K D\\u0130REKT\\u00d6R\\u00dc FAT\\u0130H TER\\u0130M, D\\u00dcN DEFNED\\u0130LEN BABASI TALAT TER\\u0130M\\u2019\\u0130N MEZARINI Z\\u0130YARET EDEREK DUA ETT\\u0130 VE \\u00c7\\u0130\\u00c7EK BIRAKTI. (MUSTAFA YUSUF KANTARLI - R\\u00dc\\u015eAN ANIL ATAR\\\/ADANA-\\u0130HA)&quot;,&quot;created_timestamp&quot;:&quot;0&quot;,&quot;copyright&quot;:&quot;\\u0130HLAS HABER AJANSI, www.iha.com.tr&quot;,&quot;focal_length&quot;:&quot;0&quot;,&quot;iso&quot;:&quot;0&quot;,&quot;shutter_speed&quot;:&quot;0&quot;,&quot;title&quot;:&quot;(\\u00d6ZEL HABER) FAT\\u0130H TER\\u0130M, BABASININ MEZARINI Z\\u0130YARET ETT\\u0130 TER\\u0130M A\\u0130LES\\u0130YLE B\\u0130RL\\u0130KTE GELD\\u0130\\u011e\\u0130 MEZARLIKTA BABASININ KABR\\u0130NE \\u00c7\\u0130\\u00c7EK BIRAKTI&quot;,&quot;orientation&quot;:&quot;0&quot;}\" data-image-title=\"(\u00d6zel haber) Fatih Terim, babas\u0131n\u0131n mezar\u0131n\u0131 ziyaret etti\" data-image-description=\"&lt;p&gt;(\u00d6zel haber) Fatih Terim, babas\u0131n\u0131n mezar\u0131n\u0131 ziyaret etti&lt;\/p&gt; \" data-medium-file=\"https:\/\/i0.wp.com\/www.tvturk.com\/wp-content\/uploads\/2019\/02\/ozel-haber-fatih-terim-babasinin-mezarini-ziyaret-etti_d4b96d8.jpg?fit=300%2C199\" data-large-file=\"https:\/\/i0.wp.com\/www.tvturk.com\/wp-content\/uploads\/2019\/02\/ozel-haber-fatih-terim-babasinin-mezarini-ziyaret-etti_d4b96d8.jpg?fit=1000%2C662\" src=\"https:\/\/i0.wp.com\/www.tvturk.com\/wp-content\/uploads\/2019\/02\/ozel-haber-fatih-terim-babasinin-mezarini-ziyaret-etti_d4b96d8.jpg?w=253&#038;h=167\" srcset=\"https:\/\/i0.wp.com\/www.tvturk.com\/wp-content\/uploads\/2019\/02\/ozel-haber-fatih-terim-babasinin-mezarini-ziyaret-etti_d4b96d8.jpg?w=1000 1000w, https:\/\/i0.wp.com\/www.tvturk.com\/wp-content\/uploads\/2019\/02\/ozel-haber-fatih-terim-babasinin-mezarini-ziyaret-etti_d4b96d8.jpg?resize=150%2C99 150w, https:\/\/i0.wp.com\/www.tvturk.com\/wp-content\/uploads\/2019\/02\/ozel-haber-fatih-terim-babasinin-mezarini-ziyaret-etti_d4b96d8.jpg?resize=300%2C199 300w, https:\/\/i0.wp.com\/www.tvturk.com\/wp-content\/uploads\/2019\/02\/ozel-haber-fatih-terim-babasinin-mezarini-ziyaret-etti_d4b96d8.jpg?resize=768%2C508 768w, https:\/\/i0.wp.com\/www.tvturk.com\/wp-content\/uploads\/2019\/02\/ozel-haber-fatih-terim-babasinin-mezarini-ziyaret-etti_d4b96d8.jpg?resize=170%2C113 170w, https:\/\/i0.wp.com\/www.tvturk.com\/wp-content\/uploads\/2019\/02\/ozel-haber-fatih-terim-babasinin-mezarini-ziyaret-etti_d4b96d8.jpg?resize=120%2C80 120w\" width=\"253\" height=\"167\" loading=\"lazy\" data-original-width=\"253\" data-original-height=\"167\" itemprop=\"http:\/\/schema.org\/image\" title=\"(\u00d6zel haber) Fatih Terim, babas\u0131n\u0131n mezar\u0131n\u0131 ziyaret etti\" alt=\"(\u00d6zel haber) Fatih Terim, babas\u0131n\u0131n mezar\u0131n\u0131 ziyaret etti\" style=\"width: 253px; height: 167px;\" \/> <\/a> <\/div> <\/div> <!-- close group --> <\/div> <!-- close row --> <\/div><\/p>\n","protected":false},"excerpt":{"rendered":"<p>GALATASARAY TEKN\u0130K D\u0130REKT\u00d6R\u00dc FAT\u0130H TER\u0130M, D\u00dcN DEFNED\u0130LEN BABASI TALAT TER\u0130M\u2019\u0130N MEZARINI Z\u0130YARET EDEREK DUA ETT\u0130 VE \u00c7\u0130\u00c7EK BIRAKTI.<\/p>\n","protected":false},"author":1,"featured_media":11483,"comment_status":"closed","ping_status":"open","sticky":false,"template":"","format":"standard","meta":{"jetpack_post_was_ever_published":false,"_jetpack_newsletter_access":"","_jetpack_dont_email_post_to_subs":false,"_jetpack_newsletter_tier_id":0,"_jetpack_memberships_contains_paywalled_content":false,"_jetpack_memberships_contains_paid_content":false,"footnotes":"","jetpack_publicize_message":"","jetpack_publicize_feature_enabled":true,"jetpack_social_post_already_shared":false,"jetpack_social_options":{"image_generator_settings":{"template":"highway","default_image_id":0,"font":"","enabled":false},"version":2}},"categories":[657],"tags":[1073,4582,207,1517,1545,5914,2096,150],"class_list":["post-11482","post","type-post","status-publish","format-standard","has-post-thumbnail","hentry","category-spor","tag-ozel","tag-babasinin","tag-etti","tag-fatih","tag-haber","tag-mezarini","tag-terim","tag-ziyaret"],"jetpack_publicize_connections":[],"jetpack_featured_media_url":"https:\/\/i0.wp.com\/www.tvturk.com\/wp-content\/uploads\/2019\/02\/ozel-haber-fatih-terim-babasinin-mezarini-ziyaret-etti_b7362ef.jpg?fit=969%2C677","jetpack_sharing_enabled":true,"jetpack_shortlink":"https:\/\/wp.me\/paKIfm-2Zc","_links":{"self":[{"href":"http:\/\/www.tvturk.com\/index.php\/wp-json\/wp\/v2\/posts\/11482","targetHints":{"allow":["GET"]}}],"collection":[{"href":"http:\/\/www.tvturk.com\/index.php\/wp-json\/wp\/v2\/posts"}],"about":[{"href":"http:\/\/www.tvturk.com\/index.php\/wp-json\/wp\/v2\/types\/post"}],"author":[{"embeddable":true,"href":"http:\/\/www.tvturk.com\/index.php\/wp-json\/wp\/v2\/users\/1"}],"replies":[{"embeddable":true,"href":"http:\/\/www.tvturk.com\/index.php\/wp-json\/wp\/v2\/comments?post=11482"}],"version-history":[{"count":1,"href":"http:\/\/www.tvturk.com\/index.php\/wp-json\/wp\/v2\/posts\/11482\/revisions"}],"predecessor-version":[{"id":11489,"href":"http:\/\/www.tvturk.com\/index.php\/wp-json\/wp\/v2\/posts\/11482\/revisions\/11489"}],"wp:featuredmedia":[{"embeddable":true,"href":"http:\/\/www.tvturk.com\/index.php\/wp-json\/wp\/v2\/media\/11483"}],"wp:attachment":[{"href":"http:\/\/www.tvturk.com\/index.php\/wp-json\/wp\/v2\/media?parent=11482"}],"wp:term":[{"taxonomy":"category","embeddable":true,"href":"http:\/\/www.tvturk.com\/index.php\/wp-json\/wp\/v2\/categories?post=11482"},{"taxonomy":"post_tag","embeddable":true,"href":"http:\/\/www.tvturk.com\/index.php\/wp-json\/wp\/v2\/tags?post=11482"}],"curies":[{"name":"wp","href":"https:\/\/api.w.org\/{rel}","templated":true}]}}