{"id":115266,"date":"2019-03-27T16:24:41","date_gmt":"2019-03-27T13:24:41","guid":{"rendered":"http:\/\/www.tvturk.com\/index.php\/odu-bilim-ussu-oluyor\/"},"modified":"2019-03-27T16:24:43","modified_gmt":"2019-03-27T13:24:43","slug":"odu-bilim-ussu-oluyor","status":"publish","type":"post","link":"http:\/\/www.tvturk.com\/index.php\/odu-bilim-ussu-oluyor\/","title":{"rendered":"OD\u00dc, bilim \u00fcss\u00fc oluyor"},"content":{"rendered":"<p>Ordu \u00dcniversitesi (OD\u00dc) Rekt\u00f6r\u00fc Prof. Dr. Tar\u0131k Yar\u0131lga\u00e7, \u00fcniversite olarak her ge\u00e7en d\u00f6nem ulusal ve uluslararas\u0131 d\u00fczeyde bilimsel \u00e7al\u0131\u015fmalar\u0131 artt\u0131rd\u0131klar\u0131n\u0131 belirterek, \u201cOD\u00dc\u2019n\u00fcn kurulu\u015fundan bu yana 12 y\u0131l boyunca bilimsel \u00e7al\u0131\u015fmalar\u0131 \u00f6n planda tutarak bu alanda geli\u015fmeye \u00f6zen g\u00f6sterdik. Bug\u00fcn gelinen noktada ulusal ve uluslararas\u0131 alanda tercih edilen bilimsel ve teknolojik altyap\u0131ya sahibiz\u201d dedi.<\/p>\n<p>2006 y\u0131l\u0131nda 4 fak\u00fclte, bir y\u00fcksekokul ve 2 meslek y\u00fcksekokulu ile e\u011fitim-\u00f6\u011fretim faaliyetlerine ba\u015flayan, bug\u00fcn gelinen noktada akademik ve idari birimleri, 25 bine yakla\u015fan \u00f6\u011frenci say\u0131s\u0131yla devasa duruma gelen Ordu \u00dcniversitesi, bilimsel \u00e7al\u0131\u015fmalara b\u00fcy\u00fck \u00f6nem veriyor. Prof. Dr. Tar\u0131k Yar\u0131lga\u00e7\u2019in rekt\u00f6rl\u00fc\u011f\u00fcnde son y\u0131llarda h\u0131zl\u0131 bir ivme kazanan OD\u00dc, bilimsel ara\u015ft\u0131rma ve teknolojik altyap\u0131s\u0131yla ulusal ve uluslararas\u0131 alanda \u00f6nemli ba\u015far\u0131lar kazanmaya devam ediyor.<\/p>\n<p>OD\u00dc\u2019n\u00fcn kurulu\u015fundan bu yana 12 y\u0131l boyunca bilimsel \u00e7al\u0131\u015fmalar\u0131 \u00f6n planda tutarak bu alanda geli\u015fmeye \u00f6zen g\u00f6sterdiklerini ve bug\u00fcn gelinen noktada \u00e7ok iyi bir alt yap\u0131 imkan\u0131 olu\u015fturduklar\u0131n\u0131 belirten OD\u00dc rekt\u00f6r\u00fc Yar\u0131lga\u00e7, \u201cOrdu \u00dcniversitesi bilimsel alt yap\u0131s\u0131nda 14 olan ara\u015ft\u0131rma, sa\u011fl\u0131k, e\u011fitim laboratuvarlar\u0131 ve at\u00f6lye say\u0131s\u0131 2019 y\u0131l\u0131 itibari ile 152\u2019ye ula\u015farak yakla\u015f\u0131k 11 kat art\u0131\u015f sa\u011fland\u0131. Bununla birlikte ulusal ve uluslararas\u0131 alanda \u00fcniversite, kamu kurulu\u015flar\u0131 ve sanayicilerin ihtiya\u00e7 duydu\u011fu bilimsel deste\u011fi Merkezi Ara\u015ft\u0131rma Laboratuvar\u0131 ile sa\u011flamaya devam ediyoruz\u201d diye konu\u015ftu.<\/p>\n<p>\u201cBilimsel altyap\u0131m\u0131z ara\u015ft\u0131rmac\u0131lara a\u00e7\u0131k\u201d<\/p>\n<p>Ara\u015ft\u0131rma ve geli\u015ftirme \u00e7al\u0131\u015fmalar\u0131n\u0131n y\u00fcr\u00fct\u00fcld\u00fc\u011f\u00fc laboratuvar ortamlar\u0131n\u0131n \u00fcniversitelerin d\u00fcnya bilimine a\u00e7\u0131lan kap\u0131s\u0131 oldu\u011funa dikkat \u00e7eken Rekt\u00f6r Yar\u0131lga\u00e7, Ordu \u00dcniversitesinin \u00fcniversite-sanayi i\u015f birli\u011fine y\u00f6nelik ger\u00e7ekle\u015ftirdi\u011fi faaliyetlerle mevcut ara\u015ft\u0131rma alt yap\u0131lar\u0131 ile birlikte destek sa\u011fland\u0131\u011f\u0131n\u0131 ifade etti. Rekt\u00f6r Yar\u0131lga\u00e7, \u015fu bilgiyi verdi:<\/p>\n<p>\u201cDonan\u0131ml\u0131 ve nitelikli laboratuvar imkanlar\u0131 ile \u00fcniversitelerin, kamu ve \u00f6zel kurulu\u015flar\u0131n ara\u015ft\u0131rma ve geli\u015ftirme a\u015famalar\u0131nda ihtiya\u00e7 duyduklar\u0131 analizleri bilimsellikten ve etik kurallardan taviz vermeden ger\u00e7ekle\u015ftirmeye devam eden \u00dcniversitemiz Merkezi Ara\u015ft\u0131rma Laboratuvar\u0131 \u00fcniversitelerde, kamu kurulu\u015flar\u0131nda ve sanayide \u00e7al\u0131\u015fan ara\u015ft\u0131rmac\u0131lar i\u00e7in ulusal ve uluslararas\u0131 alanda alt yap\u0131 sa\u011flamaktad\u0131r. Modern analiz cihazlar\u0131n\u0131n yer ald\u0131\u011f\u0131 ara\u015ft\u0131rma, e\u011fitim ve \u00f6l\u00e7\u00fcm merkezi olu\u015fturma, ulusal ve uluslararas\u0131 proje y\u00fcr\u00fctme potansiyelini art\u0131rma, \u00f6zel ve kamu kurulu\u015flar\u0131n\u0131n ara\u015ft\u0131rma ayr\u0131ca \u00fcr\u00fcn geli\u015ftirme ve \u00fcretim a\u015famalar\u0131nda ihtiya\u00e7 duyduklar\u0131 analiz isteklerini kar\u015f\u0131lamay\u0131 ama\u00e7layan Merkezi Ara\u015ft\u0131rma Laboratuvar\u0131 gerek fiziki alt yap\u0131s\u0131 gerekse cihaz donan\u0131mlar\u0131 ile bir\u00e7ok ara\u015ft\u0131rman\u0131n g\u00fcvenli ve h\u0131zl\u0131 bir \u015fekilde yap\u0131lmas\u0131na f\u0131rsat tan\u0131maktad\u0131r. Ayr\u0131ca \u00dcniversitemizin sadece ulusal alanda de\u011fil ayn\u0131 zamanda uluslararas\u0131 arenada da tercih edilmesi k\u00fcresel \u00f6l\u00e7ekte \u00f6nemli deneysel alt yap\u0131 yeterliliklerine sahip oldu\u011fumuzun bir g\u00f6stergesidir.\u201d<\/p>\n<p>\u201cKurumlarla i\u015fbirli\u011fine her zaman haz\u0131r\u0131z\u201d<\/p>\n<p>Ger\u00e7ekle\u015ftirilecek olan \u00e7al\u0131\u015fmalar\u0131n, bilimsel bir merkeze yerle\u015ftirilerek sivil toplum kurulu\u015flar\u0131, \u00f6zel sekt\u00f6r temsilcileri, ara\u015ft\u0131rma ve geli\u015ftirme kurulu\u015flar\u0131yla dirsek temas\u0131 kurularak yap\u0131lmas\u0131n\u0131n \u00f6nem arz etti\u011fini belirten Rekt\u00f6r Yar\u0131lga\u00e7, \u201cEsas olarak ki\u015fi ve kurumlar\u0131n \u00fcniversiteler ile temas kurmas\u0131 olduk\u00e7a faydal\u0131 bir projeksiyon \u00e7izecektir. Katma de\u011fer olu\u015fturan ve bilginin toplumsalla\u015fmas\u0131na zemin haz\u0131rlayan \u00fcniversitelerle ger\u00e7ekle\u015ftirilen ortak \u00e7al\u0131\u015fmalar, il ve b\u00f6lge ba\u015fta olmak \u00fczere ulusal sanayinin geli\u015fmesine ortam haz\u0131rlarken toplumsal ya\u015fam\u0131n da sosyal ve k\u00fclt\u00fcrel a\u00e7\u0131dan zenginle\u015fmesine katk\u0131 sunmaktad\u0131r. Ordu \u00dcniversitesi olarak ger\u00e7ekle\u015ftirdi\u011fimiz ve ger\u00e7ekle\u015ftirece\u011fimiz i\u015f birliklerinde bu \u00e7er\u00e7eveden ayr\u0131lmadan hareket etmekteyiz\u201d ifadelerini kulland\u0131.<\/p>\n<p>\u201cLaboratuvarlar\u0131m\u0131z son teknoloji ile donat\u0131ld\u0131\u201d<\/p>\n<p>Yar\u0131lga\u00e7, \u201cGerek bilimsel \u00fcretime gerekse toplumsal fayda \u00fcretimine d\u00f6n\u00fck \u00e7al\u0131\u015fmalar\u0131yla \u00fclke bilimine \u00f6nemli katk\u0131lar sa\u011flayan \u00dcniversitemiz, 2006\u2019dan bug\u00fcne kadar bu k\u0131sa zaman dilimi i\u00e7erisinde kayda de\u011fer mesafeler kaydetmi\u015f bulunmaktad\u0131r. \u00dcniversitemizin payda\u015f oldu\u011fu veya y\u00fcr\u00fct\u00fcc\u00fcl\u00fc\u011f\u00fcn\u00fc \u00fcstlendi\u011fi b\u00fct\u00fcn bu projeler, b\u00f6lgemizin ve dolay\u0131s\u0131yla \u00fclkemizin kalk\u0131nmas\u0131na y\u00f6nelik ciddi katk\u0131lar sa\u011flamaktad\u0131r. Kurumumuz b\u00fcnyesinde bilimsel faaliyet say\u0131s\u0131 her ge\u00e7en y\u0131l artarak devam etmekte, bu geli\u015fmeye ba\u011fl\u0131 olarak da \u00dcniversitemiz ulusal ve uluslararas\u0131 platformlarda ba\u015far\u0131 s\u0131ralamas\u0131n\u0131 \u00fcst seviyelere ta\u015f\u0131may\u0131 s\u00fcrd\u00fcrmektedir. Ordu \u00dcniversitesinin temel e\u011fitim anlay\u0131\u015f\u0131n\u0131n, \u00fcniversitelerin sadece bilgi aktarmakla y\u00fck\u00fcml\u00fc olmad\u0131\u011f\u0131n\u0131; var olan bilgiyi yeniden \u00fcreterek yeni bilgiler ile gelece\u011fe \u0131\u015f\u0131k tutmak oldu\u011funu bu vesile ile ifade etmek isterim. B\u00fct\u00fcn bunlar\u0131n yan\u0131 s\u0131ra e\u011fitim birimlerimizin tamam\u0131nda kendi alanlar\u0131na uygun, son teknoloji ile donat\u0131lm\u0131\u015f laboratuvarlar\u0131nda \u00f6\u011frencilerimizin bilim ile yo\u011frularak yeni bilgilerin \u00fcretilmesi s\u00fcrecinde deneyim sahibi olmalar\u0131 i\u00e7in \u00e7aba sarf etmekteyiz. \u00dcniversitemizin se\u00e7kin bilim insanlar\u0131n\u0131n rehberli\u011finde \u00f6nemli bilimsel projelere katk\u0131 sa\u011flamalar\u0131n\u0131n, yeni nesillerin hocalar\u0131n\u0131n bilimsel birikimlerinden yararlanarak yeni bilgi \u00fcretme ve farkl\u0131 ke\u015fiflerde bulunmalar\u0131n\u0131n en b\u00fcy\u00fck destek\u00e7isiyiz\u201d \u015feklinde konu\u015ftu.<div class=\"tiled-gallery type-rectangular tiled-gallery-unresized\" data-original-width=\"500\" data-carousel-extra='null' itemscope itemtype=\"http:\/\/schema.org\/ImageGallery\" > <div class=\"gallery-row\" style=\"width: 500px; height: 168px;\" data-original-width=\"500\" data-original-height=\"168\" > <div class=\"gallery-group images-1\" style=\"width: 250px; height: 168px;\" data-original-width=\"250\" data-original-height=\"168\" > <div class=\"tiled-gallery-item tiled-gallery-item-small\" itemprop=\"associatedMedia\" itemscope itemtype=\"http:\/\/schema.org\/ImageObject\"> <a href=\"http:\/\/www.tvturk.com\/index.php\/odu-bilim-ussu-oluyor\/odu-bilim-ussu-oluyor-3\/\" border=\"0\" itemprop=\"url\"> <meta itemprop=\"width\" content=\"246\"> <meta itemprop=\"height\" content=\"164\"> <img decoding=\"async\" class=\"\" data-attachment-id=\"115268\" data-orig-file=\"http:\/\/www.tvturk.com\/wp-content\/uploads\/2019\/03\/odu-bilim-ussu-oluyor_9e90fa4.jpg\" data-orig-size=\"1000,666\" data-comments-opened=\"\" data-image-meta=\"{&quot;aperture&quot;:&quot;0&quot;,&quot;credit&quot;:&quot;IHA&quot;,&quot;camera&quot;:&quot;&quot;,&quot;caption&quot;:&quot;ORDU \\u00dcN\\u0130VERS\\u0130TES\\u0130 (OD\\u00dc) REKT\\u00d6R\\u00dc PROF. DR. TARIK YARILGA\\u00c7, \\u00dcN\\u0130VERS\\u0130TE OLARAK HER GE\\u00c7EN D\\u00d6NEM ULUSAL VE ULUSLARARASI D\\u00dcZEYDE B\\u0130L\\u0130MSEL \\u00c7ALI\\u015eMALARI ARTTIRDIKLARINI BEL\\u0130RTEREK, \\u201cOD\\u00dc\\u2019N\\u00dcN KURULU\\u015eUNDAN BU YANA 12 YIL BOYUNCA B\\u0130L\\u0130MSEL \\u00c7ALI\\u015eMALARI \\u00d6N PLANDA TUTARAK BU ALANDA GEL\\u0130\\u015eMEYE \\u00d6ZEN G\\u00d6STERD\\u0130K. BUG\\u00dcN GEL\\u0130NEN NOKTADA ULUSAL VE ULUSLARARASI ALANDA TERC\\u0130H ED\\u0130LEN B\\u0130L\\u0130MSEL VE TEKNOLOJ\\u0130K ALTYAPIYA SAH\\u0130B\\u0130Z\\u201d DED\\u0130. (MET\\u0130N AKY\\u00dcREK\\\/ORDU-\\u0130HA)&quot;,&quot;created_timestamp&quot;:&quot;0&quot;,&quot;copyright&quot;:&quot;\\u0130HLAS HABER AJANSI, www.iha.com.tr&quot;,&quot;focal_length&quot;:&quot;0&quot;,&quot;iso&quot;:&quot;0&quot;,&quot;shutter_speed&quot;:&quot;0&quot;,&quot;title&quot;:&quot;OD\\u00dc, B\\u0130L\\u0130M \\u00dcSS\\u00dc OLUYOR PROF. DR. TARIK YARILGA\\u00c7\\u2019\\u0130N REKT\\u00d6RL\\u00dc\\u011e\\u00dcNDE SON YILLARDA HIZLI B\\u0130R \\u0130VME KAZANAN OD\\u00dc, B\\u0130L\\u0130MSEL ARA\\u015eTIRMA VE TEKNOLOJ\\u0130K ALTYAPISIYLA ULUSAL VE ULUSLARARASI ALANDA \\u00d6NEML\\u0130 BA\\u015eARILAR KAZANMAYA DEVAM ED\\u0130YOR OD\\u00dc REKT\\u00d6R\\u00dc PROF. DR. TARIK YARILGA\\u00c7: \\u201cB\\u0130L\\u0130MSEL ALT YAPIDA 14 OLAN ARA\\u015eTIRMA, SA\\u011eLIK, E\\u011e\\u0130T\\u0130M LABORATUVARLARI VE AT\\u00d6LYE SAYISI 2019 YILI \\u0130T\\u0130BAR\\u0130 \\u0130LE 152\\u2019YE ULA\\u015eTI\\u201d \\u201cMERKEZ\\u0130 ARA\\u015eTIRMA LABORATUVARIMIZ GEREK F\\u0130Z\\u0130K\\u0130 ALT YAPISI GEREKSE C\\u0130HAZ DONANIMLARI \\u0130LE B\\u0130R\\u00c7OK ARA\\u015eTIRMANIN G\\u00dcVENL\\u0130 VE HIZLI B\\u0130R \\u015eEK\\u0130LDE YAPILMASINA FIRSAT TANIYOR\\u201d \\u201c\\u00dcN\\u0130VERS\\u0130TEM\\u0130Z SADECE ULUSAL ALANDA DE\\u011e\\u0130L AYNI ZAMANDA ULUSLARARASI ARENADA DA TERC\\u0130H ED\\u0130LEN K\\u00dcRESEL \\u00d6L\\u00c7EKTE \\u00d6NEML\\u0130 DENEYSEL ALT YAPI YETERL\\u0130L\\u0130KLER\\u0130NE SAH\\u0130PT\\u0130R\\u201d \\u201cKURUMLARLA B\\u0130L\\u0130MSEL \\u0130\\u015e B\\u0130RL\\u0130\\u011e\\u0130NE HER ZAMAN HAZIRIZ\\u201d&quot;,&quot;orientation&quot;:&quot;0&quot;}\" data-image-title=\"OD\u00dc, bilim \u00fcss\u00fc oluyor\" data-image-description=\"&lt;p&gt;OD\u00dc, bilim \u00fcss\u00fc oluyor&lt;\/p&gt; \" data-medium-file=\"https:\/\/i0.wp.com\/www.tvturk.com\/wp-content\/uploads\/2019\/03\/odu-bilim-ussu-oluyor_9e90fa4.jpg?fit=300%2C200\" data-large-file=\"https:\/\/i0.wp.com\/www.tvturk.com\/wp-content\/uploads\/2019\/03\/odu-bilim-ussu-oluyor_9e90fa4.jpg?fit=1000%2C666\" src=\"https:\/\/i0.wp.com\/www.tvturk.com\/wp-content\/uploads\/2019\/03\/odu-bilim-ussu-oluyor_9e90fa4.jpg?w=246&#038;h=164\" srcset=\"https:\/\/i0.wp.com\/www.tvturk.com\/wp-content\/uploads\/2019\/03\/odu-bilim-ussu-oluyor_9e90fa4.jpg?w=1000 1000w, https:\/\/i0.wp.com\/www.tvturk.com\/wp-content\/uploads\/2019\/03\/odu-bilim-ussu-oluyor_9e90fa4.jpg?resize=150%2C100 150w, https:\/\/i0.wp.com\/www.tvturk.com\/wp-content\/uploads\/2019\/03\/odu-bilim-ussu-oluyor_9e90fa4.jpg?resize=300%2C200 300w, https:\/\/i0.wp.com\/www.tvturk.com\/wp-content\/uploads\/2019\/03\/odu-bilim-ussu-oluyor_9e90fa4.jpg?resize=768%2C511 768w, https:\/\/i0.wp.com\/www.tvturk.com\/wp-content\/uploads\/2019\/03\/odu-bilim-ussu-oluyor_9e90fa4.jpg?resize=170%2C113 170w, https:\/\/i0.wp.com\/www.tvturk.com\/wp-content\/uploads\/2019\/03\/odu-bilim-ussu-oluyor_9e90fa4.jpg?resize=120%2C80 120w\" width=\"246\" height=\"164\" loading=\"lazy\" data-original-width=\"246\" data-original-height=\"164\" itemprop=\"http:\/\/schema.org\/image\" title=\"OD\u00dc, bilim \u00fcss\u00fc oluyor\" alt=\"OD\u00dc, bilim \u00fcss\u00fc oluyor\" style=\"width: 246px; height: 164px;\" \/> <\/a> <\/div> <\/div> <!-- close group --> <div class=\"gallery-group images-1\" style=\"width: 250px; height: 168px;\" data-original-width=\"250\" data-original-height=\"168\" > <div class=\"tiled-gallery-item tiled-gallery-item-small\" itemprop=\"associatedMedia\" itemscope itemtype=\"http:\/\/schema.org\/ImageObject\"> <a href=\"http:\/\/www.tvturk.com\/index.php\/odu-bilim-ussu-oluyor\/odu-bilim-ussu-oluyor-4\/\" border=\"0\" itemprop=\"url\"> <meta itemprop=\"width\" content=\"246\"> <meta itemprop=\"height\" content=\"164\"> <img decoding=\"async\" class=\"\" data-attachment-id=\"115269\" data-orig-file=\"http:\/\/www.tvturk.com\/wp-content\/uploads\/2019\/03\/odu-bilim-ussu-oluyor_ebd0f4b.jpg\" data-orig-size=\"1000,666\" data-comments-opened=\"\" data-image-meta=\"{&quot;aperture&quot;:&quot;0&quot;,&quot;credit&quot;:&quot;IHA&quot;,&quot;camera&quot;:&quot;&quot;,&quot;caption&quot;:&quot;ORDU \\u00dcN\\u0130VERS\\u0130TES\\u0130 (OD\\u00dc) REKT\\u00d6R\\u00dc PROF. DR. TARIK YARILGA\\u00c7, \\u00dcN\\u0130VERS\\u0130TE OLARAK HER GE\\u00c7EN D\\u00d6NEM ULUSAL VE ULUSLARARASI D\\u00dcZEYDE B\\u0130L\\u0130MSEL \\u00c7ALI\\u015eMALARI ARTTIRDIKLARINI BEL\\u0130RTEREK, \\u201cOD\\u00dc\\u2019N\\u00dcN KURULU\\u015eUNDAN BU YANA 12 YIL BOYUNCA B\\u0130L\\u0130MSEL \\u00c7ALI\\u015eMALARI \\u00d6N PLANDA TUTARAK BU ALANDA GEL\\u0130\\u015eMEYE \\u00d6ZEN G\\u00d6STERD\\u0130K. BUG\\u00dcN GEL\\u0130NEN NOKTADA ULUSAL VE ULUSLARARASI ALANDA TERC\\u0130H ED\\u0130LEN B\\u0130L\\u0130MSEL VE TEKNOLOJ\\u0130K ALTYAPIYA SAH\\u0130B\\u0130Z\\u201d DED\\u0130. (MET\\u0130N AKY\\u00dcREK\\\/ORDU-\\u0130HA)&quot;,&quot;created_timestamp&quot;:&quot;0&quot;,&quot;copyright&quot;:&quot;\\u0130HLAS HABER AJANSI, www.iha.com.tr&quot;,&quot;focal_length&quot;:&quot;0&quot;,&quot;iso&quot;:&quot;0&quot;,&quot;shutter_speed&quot;:&quot;0&quot;,&quot;title&quot;:&quot;OD\\u00dc, B\\u0130L\\u0130M \\u00dcSS\\u00dc OLUYOR PROF. DR. TARIK YARILGA\\u00c7\\u2019\\u0130N REKT\\u00d6RL\\u00dc\\u011e\\u00dcNDE SON YILLARDA HIZLI B\\u0130R \\u0130VME KAZANAN OD\\u00dc, B\\u0130L\\u0130MSEL ARA\\u015eTIRMA VE TEKNOLOJ\\u0130K ALTYAPISIYLA ULUSAL VE ULUSLARARASI ALANDA \\u00d6NEML\\u0130 BA\\u015eARILAR KAZANMAYA DEVAM ED\\u0130YOR OD\\u00dc REKT\\u00d6R\\u00dc PROF. DR. TARIK YARILGA\\u00c7: \\u201cB\\u0130L\\u0130MSEL ALT YAPIDA 14 OLAN ARA\\u015eTIRMA, SA\\u011eLIK, E\\u011e\\u0130T\\u0130M LABORATUVARLARI VE AT\\u00d6LYE SAYISI 2019 YILI \\u0130T\\u0130BAR\\u0130 \\u0130LE 152\\u2019YE ULA\\u015eTI\\u201d \\u201cMERKEZ\\u0130 ARA\\u015eTIRMA LABORATUVARIMIZ GEREK F\\u0130Z\\u0130K\\u0130 ALT YAPISI GEREKSE C\\u0130HAZ DONANIMLARI \\u0130LE B\\u0130R\\u00c7OK ARA\\u015eTIRMANIN G\\u00dcVENL\\u0130 VE HIZLI B\\u0130R \\u015eEK\\u0130LDE YAPILMASINA FIRSAT TANIYOR\\u201d \\u201c\\u00dcN\\u0130VERS\\u0130TEM\\u0130Z SADECE ULUSAL ALANDA DE\\u011e\\u0130L AYNI ZAMANDA ULUSLARARASI ARENADA DA TERC\\u0130H ED\\u0130LEN K\\u00dcRESEL \\u00d6L\\u00c7EKTE \\u00d6NEML\\u0130 DENEYSEL ALT YAPI YETERL\\u0130L\\u0130KLER\\u0130NE SAH\\u0130PT\\u0130R\\u201d \\u201cKURUMLARLA B\\u0130L\\u0130MSEL \\u0130\\u015e B\\u0130RL\\u0130\\u011e\\u0130NE HER ZAMAN HAZIRIZ\\u201d&quot;,&quot;orientation&quot;:&quot;0&quot;}\" data-image-title=\"OD\u00dc, bilim \u00fcss\u00fc oluyor\" data-image-description=\"&lt;p&gt;OD\u00dc, bilim \u00fcss\u00fc oluyor&lt;\/p&gt; \" data-medium-file=\"https:\/\/i0.wp.com\/www.tvturk.com\/wp-content\/uploads\/2019\/03\/odu-bilim-ussu-oluyor_ebd0f4b.jpg?fit=300%2C200\" data-large-file=\"https:\/\/i0.wp.com\/www.tvturk.com\/wp-content\/uploads\/2019\/03\/odu-bilim-ussu-oluyor_ebd0f4b.jpg?fit=1000%2C666\" src=\"https:\/\/i0.wp.com\/www.tvturk.com\/wp-content\/uploads\/2019\/03\/odu-bilim-ussu-oluyor_ebd0f4b.jpg?w=246&#038;h=164\" srcset=\"https:\/\/i0.wp.com\/www.tvturk.com\/wp-content\/uploads\/2019\/03\/odu-bilim-ussu-oluyor_ebd0f4b.jpg?w=1000 1000w, https:\/\/i0.wp.com\/www.tvturk.com\/wp-content\/uploads\/2019\/03\/odu-bilim-ussu-oluyor_ebd0f4b.jpg?resize=150%2C100 150w, https:\/\/i0.wp.com\/www.tvturk.com\/wp-content\/uploads\/2019\/03\/odu-bilim-ussu-oluyor_ebd0f4b.jpg?resize=300%2C200 300w, https:\/\/i0.wp.com\/www.tvturk.com\/wp-content\/uploads\/2019\/03\/odu-bilim-ussu-oluyor_ebd0f4b.jpg?resize=768%2C511 768w, https:\/\/i0.wp.com\/www.tvturk.com\/wp-content\/uploads\/2019\/03\/odu-bilim-ussu-oluyor_ebd0f4b.jpg?resize=170%2C113 170w, https:\/\/i0.wp.com\/www.tvturk.com\/wp-content\/uploads\/2019\/03\/odu-bilim-ussu-oluyor_ebd0f4b.jpg?resize=120%2C80 120w\" width=\"246\" height=\"164\" loading=\"lazy\" data-original-width=\"246\" data-original-height=\"164\" itemprop=\"http:\/\/schema.org\/image\" title=\"OD\u00dc, bilim \u00fcss\u00fc oluyor\" alt=\"OD\u00dc, bilim \u00fcss\u00fc oluyor\" style=\"width: 246px; height: 164px;\" \/> <\/a> <\/div> <\/div> <!-- close group --> <\/div> <!-- close row --> <\/div><\/p>\n","protected":false},"excerpt":{"rendered":"<p>2006 YILINDA 4 FAK\u00dcLTE, B\u0130R Y\u00dcKSEKOKUL VE 2 MESLEK Y\u00dcKSEKOKULU \u0130LE E\u011e\u0130T\u0130M-\u00d6\u011eRET\u0130M FAAL\u0130YETLER\u0130NE BA\u015eLAYAN, BUG\u00dcN GEL\u0130NEN NOKTADA AKADEM\u0130K VE \u0130DAR\u0130 B\u0130R\u0130MLER\u0130, 25 B\u0130NE YAKLA\u015eAN \u00d6\u011eRENC\u0130 SAYISIYLA DEVASA DURUMA GELEN ORDU \u00dcN\u0130VERS\u0130TES\u0130, B\u0130L\u0130MSEL \u00c7ALI\u015eMALARA B\u00dcY\u00dcK \u00d6NEM VER\u0130YOR. PROF. DR. TARIK YARILGA\u00c7\u2019\u0130N REKT\u00d6RL\u00dc\u011e\u00dcNDE SON YILLARDA HIZLI B\u0130R \u0130VME KAZANAN OD\u00dc, B\u0130L\u0130MSEL ARA\u015eTIRMA VE TEKNOLOJ\u0130K ALTYAPISIYLA ULUSAL VE ULUSLARARASI ALANDA \u00d6NEML\u0130 BA\u015eARILAR KAZANMAYA DEVAM ED\u0130YOR.<\/p>\n","protected":false},"author":1,"featured_media":115267,"comment_status":"closed","ping_status":"open","sticky":false,"template":"","format":"standard","meta":{"jetpack_post_was_ever_published":false,"_jetpack_newsletter_access":"","_jetpack_dont_email_post_to_subs":false,"_jetpack_newsletter_tier_id":0,"_jetpack_memberships_contains_paywalled_content":false,"_jetpack_memberships_contains_paid_content":false,"footnotes":"","jetpack_publicize_message":"","jetpack_publicize_feature_enabled":true,"jetpack_social_post_already_shared":true,"jetpack_social_options":{"image_generator_settings":{"template":"highway","default_image_id":0,"font":"","enabled":false},"version":2}},"categories":[1],"tags":[3032,26431,145,18601],"class_list":["post-115266","post","type-post","status-publish","format-standard","has-post-thumbnail","hentry","category-genel","tag-bilim","tag-odu","tag-oluyor","tag-ussu"],"jetpack_publicize_connections":[],"jetpack_featured_media_url":"https:\/\/i0.wp.com\/www.tvturk.com\/wp-content\/uploads\/2019\/03\/odu-bilim-ussu-oluyor_f452d3d.jpg?fit=1000%2C562","jetpack_sharing_enabled":true,"jetpack_shortlink":"https:\/\/wp.me\/paKIfm-tZ8","_links":{"self":[{"href":"http:\/\/www.tvturk.com\/index.php\/wp-json\/wp\/v2\/posts\/115266","targetHints":{"allow":["GET"]}}],"collection":[{"href":"http:\/\/www.tvturk.com\/index.php\/wp-json\/wp\/v2\/posts"}],"about":[{"href":"http:\/\/www.tvturk.com\/index.php\/wp-json\/wp\/v2\/types\/post"}],"author":[{"embeddable":true,"href":"http:\/\/www.tvturk.com\/index.php\/wp-json\/wp\/v2\/users\/1"}],"replies":[{"embeddable":true,"href":"http:\/\/www.tvturk.com\/index.php\/wp-json\/wp\/v2\/comments?post=115266"}],"version-history":[{"count":1,"href":"http:\/\/www.tvturk.com\/index.php\/wp-json\/wp\/v2\/posts\/115266\/revisions"}],"predecessor-version":[{"id":115270,"href":"http:\/\/www.tvturk.com\/index.php\/wp-json\/wp\/v2\/posts\/115266\/revisions\/115270"}],"wp:featuredmedia":[{"embeddable":true,"href":"http:\/\/www.tvturk.com\/index.php\/wp-json\/wp\/v2\/media\/115267"}],"wp:attachment":[{"href":"http:\/\/www.tvturk.com\/index.php\/wp-json\/wp\/v2\/media?parent=115266"}],"wp:term":[{"taxonomy":"category","embeddable":true,"href":"http:\/\/www.tvturk.com\/index.php\/wp-json\/wp\/v2\/categories?post=115266"},{"taxonomy":"post_tag","embeddable":true,"href":"http:\/\/www.tvturk.com\/index.php\/wp-json\/wp\/v2\/tags?post=115266"}],"curies":[{"name":"wp","href":"https:\/\/api.w.org\/{rel}","templated":true}]}}