{"id":115629,"date":"2019-03-28T09:03:56","date_gmt":"2019-03-28T06:03:56","guid":{"rendered":"http:\/\/www.tvturk.com\/index.php\/gunluk-25-liraya-uludagda-5-yildizli-tatil-basliyor\/"},"modified":"2019-03-28T09:03:58","modified_gmt":"2019-03-28T06:03:58","slug":"gunluk-25-liraya-uludagda-5-yildizli-tatil-basliyor","status":"publish","type":"post","link":"http:\/\/www.tvturk.com\/index.php\/gunluk-25-liraya-uludagda-5-yildizli-tatil-basliyor\/","title":{"rendered":"G\u00fcnl\u00fck 25 liraya Uluda\u011f\u2019da 5 y\u0131ld\u0131zl\u0131 tatil ba\u015fl\u0131yor"},"content":{"rendered":"<p>T\u00fcrkiye\u2019nin en \u00f6nemli do\u011fa turizmi merkezlerinden olan Uluda\u011f\u2019da 2019 y\u0131l\u0131 kamp sezonu bu y\u0131l Ramazan dolay\u0131s\u0131yla erken ba\u015fl\u0131yor. Ramazan ay\u0131nda kalmak isteyenlerin olmas\u0131 sebebiyle 1 Haziran-30 Eyl\u00fcl tarihleri aras\u0131nda ba\u015flayacak sezon bu y\u0131l 6 May\u0131s\u2019ta a\u00e7\u0131lacak.<\/p>\n<p>Do\u011fa Koruma ve Milli Parklar 2. B\u00f6lge sorumlulu\u011funda bulunan Uluda\u011f Milli Park\u0131ndaki 200 adet ah\u015fap orman evini kiralamak isteyenler 2-4 May\u0131s tarihleri aras\u0131nda, \u00e7ad\u0131r yeri kiralamak isteyenler 6 May\u0131s\u2019ta ba\u015fvuru yapabilecekler. Ba\u015fvurular Sar\u0131alan\u2019da bulunan Uluda\u011f Milli Park M\u00fcd\u00fcrl\u00fc\u011f\u00fc binas\u0131nda ger\u00e7ekle\u015fecek. Sar\u0131alan\u2019da 140 ve \u00c7obankaya\u2019da 60 adet olmak \u00fczere toplam 200 adet ah\u015fap orman evinin 2019 y\u0131l\u0131 kamp sezonunda kullan\u0131c\u0131lara kiralanmas\u0131 i\u00e7in da\u011f\u0131t\u0131m 2 May\u0131s Per\u015fembe-4 May\u0131s Cumartesi g\u00fcnleri aras\u0131nda Uluda\u011f Milli Park M\u00fcd\u00fcrl\u00fc\u011f\u00fc binas\u0131nda (Sar\u0131alan mevkii) yap\u0131lacak. Sa\u011fl\u0131k raporu olan vatanda\u015flar\u0131n, \u015fehit yak\u0131n\u0131 ve gazilerin i\u015flemleri 2 May\u0131s Per\u015fembe  g\u00fcn\u00fc ba\u015flayacak ba\u015fvurularda, 6 May\u0131s- 30 Eyl\u00fcl tarihleri aras\u0131nda t\u00fcm sezon boyunca orman evi kiralamak isteyen ki\u015filerin i\u015flemleri 3 May\u0131s Cuma g\u00fcn\u00fc yap\u0131lacak. 4 May\u0131s Cumartesi g\u00fcn\u00fc ise 2 ayl\u0131k, ayl\u0131k ve 15 g\u00fcnl\u00fck gibi par\u00e7al\u0131 \u015fekilde kiralamak isteyen ki\u015filerin i\u015flemleri yap\u0131lacak. Ba\u015fvuruya gelen vatanda\u015flar n\u00fcfus c\u00fczdan\u0131, sa\u011fl\u0131k raporlar\u0131n\u0131n asl\u0131, varsa kurum personel kimliklerinin asl\u0131 ve \u015fehit yak\u0131n\u0131 ve gazilerin belgeleri yanlar\u0131nda bulundurmas\u0131 gerekiyor. Baraka ve karavan i\u00e7in uygun g\u00f6r\u00fclen g\u00fcnl\u00fck konaklama bedeli 25 TL, \u00e7ad\u0131rlar ise 15 olarak belirlendi. Detayl\u0131 bilgi i\u00e7in Uluda\u011f Milli Park M\u00fcd\u00fcrl\u00fc\u011f\u00fc\u2019nden 0224 285 23 35 numaral\u0131 telefondan bilgi al\u0131nabilir.<div class=\"tiled-gallery type-rectangular tiled-gallery-unresized\" data-original-width=\"500\" data-carousel-extra='null' itemscope itemtype=\"http:\/\/schema.org\/ImageGallery\" > <div class=\"gallery-row\" style=\"width: 500px; height: 331px;\" data-original-width=\"500\" data-original-height=\"331\" > <div class=\"gallery-group images-1\" style=\"width: 500px; height: 331px;\" data-original-width=\"500\" data-original-height=\"331\" > <div class=\"tiled-gallery-item tiled-gallery-item-large\" itemprop=\"associatedMedia\" itemscope itemtype=\"http:\/\/schema.org\/ImageObject\"> <a href=\"http:\/\/www.tvturk.com\/index.php\/gunluk-25-liraya-uludagda-5-yildizli-tatil-basliyor\/gunluk-25-liraya-uludagda-5-yildizli-tatil-basliyor-3\/\" border=\"0\" itemprop=\"url\"> <meta itemprop=\"width\" content=\"496\"> <meta itemprop=\"height\" content=\"327\"> <img decoding=\"async\" class=\"\" data-attachment-id=\"115631\" data-orig-file=\"http:\/\/www.tvturk.com\/wp-content\/uploads\/2019\/03\/gunluk-25-liraya-uludagda-5-yildizli-tatil-basliyor_6d00201.jpg\" data-orig-size=\"900,594\" data-comments-opened=\"\" data-image-meta=\"{&quot;aperture&quot;:&quot;0&quot;,&quot;credit&quot;:&quot;IHA&quot;,&quot;camera&quot;:&quot;&quot;,&quot;caption&quot;:&quot;T\\u00dcRK\\u0130YE\\u2019N\\u0130N EN \\u00d6NEML\\u0130 DO\\u011eA TUR\\u0130ZM MERKEZLER\\u0130NDEN OLAN ULUDA\\u011e\\u2019DA 2019 YILI KAMP SEZONU BU YIL RAMAZAN AYI NEDEN\\u0130YLE ERKEN BA\\u015eLIYOR. RAMAZAN AYINDA KALMAK \\u0130STEYENLER\\u0130N OLMASI NEDEN\\u0130YLE 1 HAZ\\u0130RAN-30 EYL\\u00dcL TAR\\u0130HLER\\u0130 ARASINDA BA\\u015eLAYACAK SEZON BU YIL 6 MAYISTA A\\u00c7ILACAK. (ZAFER PEKER\\\/BURSA-\\u0130HA)&quot;,&quot;created_timestamp&quot;:&quot;1553792280&quot;,&quot;copyright&quot;:&quot;\\u0130HLAS HABER AJANSI, www.iha.com.tr&quot;,&quot;focal_length&quot;:&quot;0&quot;,&quot;iso&quot;:&quot;0&quot;,&quot;shutter_speed&quot;:&quot;0&quot;,&quot;title&quot;:&quot;G\\u00dcNL\\u00dcK 25 L\\u0130RAYA ULUDA\\u011e\\u2019DA 5 YILDIZLI TAT\\u0130L BA\\u015eLIYOR ORMANLARIN \\u0130\\u00c7\\u0130NDE SUDAN UCUZ MASAL G\\u0130B\\u0130 TAT\\u0130L ULUDA\\u011e\\u2019DA KAMP D\\u00d6NEM\\u0130 ERKENE ALINDI&quot;,&quot;orientation&quot;:&quot;1&quot;}\" data-image-title=\"G\u00fcnl\u00fck 25 liraya Uluda\u011f\u2019da 5 y\u0131ld\u0131zl\u0131 tatil ba\u015fl\u0131yor\" data-image-description=\"&lt;p&gt;G\u00fcnl\u00fck 25 liraya Uluda\u011f\u2019da 5 y\u0131ld\u0131zl\u0131 tatil ba\u015fl\u0131yor&lt;\/p&gt; \" data-medium-file=\"https:\/\/i0.wp.com\/www.tvturk.com\/wp-content\/uploads\/2019\/03\/gunluk-25-liraya-uludagda-5-yildizli-tatil-basliyor_6d00201.jpg?fit=300%2C198\" data-large-file=\"https:\/\/i0.wp.com\/www.tvturk.com\/wp-content\/uploads\/2019\/03\/gunluk-25-liraya-uludagda-5-yildizli-tatil-basliyor_6d00201.jpg?fit=900%2C594\" src=\"https:\/\/i0.wp.com\/www.tvturk.com\/wp-content\/uploads\/2019\/03\/gunluk-25-liraya-uludagda-5-yildizli-tatil-basliyor_6d00201.jpg?w=496&#038;h=327\" srcset=\"https:\/\/i0.wp.com\/www.tvturk.com\/wp-content\/uploads\/2019\/03\/gunluk-25-liraya-uludagda-5-yildizli-tatil-basliyor_6d00201.jpg?w=900 900w, https:\/\/i0.wp.com\/www.tvturk.com\/wp-content\/uploads\/2019\/03\/gunluk-25-liraya-uludagda-5-yildizli-tatil-basliyor_6d00201.jpg?resize=150%2C99 150w, https:\/\/i0.wp.com\/www.tvturk.com\/wp-content\/uploads\/2019\/03\/gunluk-25-liraya-uludagda-5-yildizli-tatil-basliyor_6d00201.jpg?resize=300%2C198 300w, https:\/\/i0.wp.com\/www.tvturk.com\/wp-content\/uploads\/2019\/03\/gunluk-25-liraya-uludagda-5-yildizli-tatil-basliyor_6d00201.jpg?resize=768%2C507 768w, https:\/\/i0.wp.com\/www.tvturk.com\/wp-content\/uploads\/2019\/03\/gunluk-25-liraya-uludagda-5-yildizli-tatil-basliyor_6d00201.jpg?resize=170%2C113 170w, https:\/\/i0.wp.com\/www.tvturk.com\/wp-content\/uploads\/2019\/03\/gunluk-25-liraya-uludagda-5-yildizli-tatil-basliyor_6d00201.jpg?resize=120%2C80 120w\" width=\"496\" height=\"327\" loading=\"lazy\" data-original-width=\"496\" data-original-height=\"327\" itemprop=\"http:\/\/schema.org\/image\" title=\"G\u00fcnl\u00fck 25 liraya Uluda\u011f\u2019da 5 y\u0131ld\u0131zl\u0131 tatil ba\u015fl\u0131yor\" alt=\"G\u00fcnl\u00fck 25 liraya Uluda\u011f\u2019da 5 y\u0131ld\u0131zl\u0131 tatil ba\u015fl\u0131yor\" style=\"width: 496px; height: 327px;\" \/> <\/a> <\/div> <\/div> <!-- close group --> <\/div> <!-- close row --> <\/div><\/p>\n","protected":false},"excerpt":{"rendered":"<p>T\u00dcRK\u0130YE\u2019N\u0130N EN \u00d6NEML\u0130 DO\u011eA TUR\u0130ZM MERKEZLER\u0130NDEN OLAN ULUDA\u011e\u2019DA 2019 YILI KAMP SEZONU BU YIL RAMAZAN AYI NEDEN\u0130YLE ERKEN BA\u015eLIYOR. RAMAZAN AYINDA KALMAK \u0130STEYENLER\u0130N OLMASI NEDEN\u0130YLE 1 HAZ\u0130RAN-30 EYL\u00dcL TAR\u0130HLER\u0130 ARASINDA BA\u015eLAYACAK SEZON BU YIL 6 MAYISTA A\u00c7ILACAK.<\/p>\n","protected":false},"author":1,"featured_media":115630,"comment_status":"closed","ping_status":"open","sticky":false,"template":"","format":"standard","meta":{"jetpack_post_was_ever_published":false,"_jetpack_newsletter_access":"","_jetpack_dont_email_post_to_subs":false,"_jetpack_newsletter_tier_id":0,"_jetpack_memberships_contains_paywalled_content":false,"_jetpack_memberships_contains_paid_content":false,"footnotes":"","jetpack_publicize_message":"","jetpack_publicize_feature_enabled":true,"jetpack_social_post_already_shared":true,"jetpack_social_options":{"image_generator_settings":{"template":"highway","default_image_id":0,"font":"","enabled":false},"version":2}},"categories":[1],"tags":[1647,891,4540,3575,723,2534],"class_list":["post-115629","post","type-post","status-publish","format-standard","has-post-thumbnail","hentry","category-genel","tag-basliyor","tag-gunluk","tag-liraya","tag-tatil","tag-uludagda","tag-yildizli"],"jetpack_publicize_connections":[],"jetpack_featured_media_url":"https:\/\/i0.wp.com\/www.tvturk.com\/wp-content\/uploads\/2019\/03\/gunluk-25-liraya-uludagda-5-yildizli-tatil-basliyor_8ab4f4c.jpg?fit=900%2C594","jetpack_sharing_enabled":true,"jetpack_shortlink":"https:\/\/wp.me\/paKIfm-u4Z","_links":{"self":[{"href":"http:\/\/www.tvturk.com\/index.php\/wp-json\/wp\/v2\/posts\/115629","targetHints":{"allow":["GET"]}}],"collection":[{"href":"http:\/\/www.tvturk.com\/index.php\/wp-json\/wp\/v2\/posts"}],"about":[{"href":"http:\/\/www.tvturk.com\/index.php\/wp-json\/wp\/v2\/types\/post"}],"author":[{"embeddable":true,"href":"http:\/\/www.tvturk.com\/index.php\/wp-json\/wp\/v2\/users\/1"}],"replies":[{"embeddable":true,"href":"http:\/\/www.tvturk.com\/index.php\/wp-json\/wp\/v2\/comments?post=115629"}],"version-history":[{"count":1,"href":"http:\/\/www.tvturk.com\/index.php\/wp-json\/wp\/v2\/posts\/115629\/revisions"}],"predecessor-version":[{"id":115632,"href":"http:\/\/www.tvturk.com\/index.php\/wp-json\/wp\/v2\/posts\/115629\/revisions\/115632"}],"wp:featuredmedia":[{"embeddable":true,"href":"http:\/\/www.tvturk.com\/index.php\/wp-json\/wp\/v2\/media\/115630"}],"wp:attachment":[{"href":"http:\/\/www.tvturk.com\/index.php\/wp-json\/wp\/v2\/media?parent=115629"}],"wp:term":[{"taxonomy":"category","embeddable":true,"href":"http:\/\/www.tvturk.com\/index.php\/wp-json\/wp\/v2\/categories?post=115629"},{"taxonomy":"post_tag","embeddable":true,"href":"http:\/\/www.tvturk.com\/index.php\/wp-json\/wp\/v2\/tags?post=115629"}],"curies":[{"name":"wp","href":"https:\/\/api.w.org\/{rel}","templated":true}]}}