{"id":116134,"date":"2019-03-28T13:02:09","date_gmt":"2019-03-28T10:02:09","guid":{"rendered":"http:\/\/www.tvturk.com\/index.php\/2-uluslararasi-yasemin-adar-gures-turnuvasi-tamamlandi\/"},"modified":"2019-03-28T13:02:16","modified_gmt":"2019-03-28T10:02:16","slug":"2-uluslararasi-yasemin-adar-gures-turnuvasi-tamamlandi","status":"publish","type":"post","link":"http:\/\/www.tvturk.com\/index.php\/2-uluslararasi-yasemin-adar-gures-turnuvasi-tamamlandi\/","title":{"rendered":"2.Uluslararas\u0131 Yasemin Adar g\u00fcre\u015f turnuvas\u0131 tamamland\u0131"},"content":{"rendered":"<p>Bal\u0131kesirli D\u00fcnya \u015eampiyonu Yasemin Adar ad\u0131na 2.Uluslararas\u0131 Yasemin Adar G\u00fcre\u015f Turnuvas\u0131 yap\u0131ld\u0131. Yasemin Adar, ad\u0131na d\u00fczenlenen t\u00f6rende y\u0131ld\u0131z sporculara \u00f6d\u00fcllerini taktim etti.<\/p>\n<p>Bal\u0131kesir \u015eehit Turgut Solak Spor Salonunda ger\u00e7ekle\u015ftirilen  2.Uluslararas\u0131 Yasemin Adar G\u00fcre\u015f Turnuvas\u0131, K\u00fc\u00e7\u00fck Minik k\u0131zlar ve B\u00fcy\u00fck Minik k\u0131zlar olmak \u00fczere 2 kategoride 11-12-13 ve 13-14-15 ya\u015f grubunda sporcular k\u0131yas\u0131ya m\u00fccadele etti.<\/p>\n<p>Yasemin Adar G\u00fcre\u015f turnuvas\u0131na 20 ilden 30 kul\u00fcp ve 300 sporcu kat\u0131ld\u0131. Yasemin Adar G\u00fcre\u015f Turnuvas\u0131nda g\u00fcn boyu devam eden g\u00fcre\u015flerde k\u0131yas\u0131ya rekabet ya\u015fan\u0131rken; ad\u0131na turnuva d\u00fczenlenmesinin mutlulu\u011funu ya\u015fayan D\u00fcnya \u015eampiyonu Yasemin Adar g\u00fcn boyu minik bayan g\u00fcre\u015f\u00e7ileri yaln\u0131z b\u0131rakmad\u0131. Turnuvan\u0131n a\u00e7\u0131l\u0131\u015f konu\u015fmas\u0131n\u0131 yapan Gen\u00e7lik ve Spor \u0130l M\u00fcd\u00fcr\u00fc Lokman Ar\u0131c\u0131o\u011flu, &#8220;Yasemin Adar\u2019\u0131n Bal\u0131kesir\u2019imiz i\u00e7in b\u00fcy\u00fck bir gurur kayna\u011f\u0131 ve bundan sonra yeti\u015fecek minik k\u0131zlar\u0131m\u0131z i\u00e7in ne denli \u00f6nemli bir rol model oldu\u011funun \u00f6nemine biliyoruz. Geleneksel hale gelen bu turnuvan\u0131n her zaman destek\u00e7isi olaca\u011f\u0131z. Turnuvaya kat\u0131lan sporculara ba\u015far\u0131lar diliyorum. Sporcular\u0131 destekleyen, yaln\u0131z b\u0131rakmayan velilerimize te\u015fekk\u00fcr ediyorum&#8221; \u015feklinde konu\u015ftu.<\/p>\n<p>Turnuva sonunda derece elde eden sporculara \u00f6d\u00fclleri, \u0130l M\u00fcd\u00fcr\u00fc Lokman Ar\u0131c\u0131o\u011flu, \u015eube M\u00fcd\u00fcr\u00fc Nurullah Y\u0131ld\u0131z  ve Karesi \u0130l\u00e7e M\u00fcd\u00fcr\u00fc Adem \u00d6zbay ve ad\u0131na turnuva d\u00fczenlenen \u0130lk Kad\u0131n D\u00fcnya \u015eampiyonu G\u00fcre\u015f\u00e7imiz Yasemin Adar taraf\u0131ndan takdim edildi.<div class=\"tiled-gallery type-rectangular tiled-gallery-unresized\" data-original-width=\"500\" data-carousel-extra='null' itemscope itemtype=\"http:\/\/schema.org\/ImageGallery\" > <div class=\"gallery-row\" style=\"width: 500px; height: 232px;\" data-original-width=\"500\" data-original-height=\"232\" > <div class=\"gallery-group images-1\" style=\"width: 346px; height: 232px;\" data-original-width=\"346\" data-original-height=\"232\" > <div class=\"tiled-gallery-item tiled-gallery-item-large\" itemprop=\"associatedMedia\" itemscope itemtype=\"http:\/\/schema.org\/ImageObject\"> <a href=\"http:\/\/www.tvturk.com\/index.php\/2-uluslararasi-yasemin-adar-gures-turnuvasi-tamamlandi\/2-uluslararasi-yasemin-adar-gures-turnuvasi-tamamlandi-3\/\" border=\"0\" itemprop=\"url\"> <meta itemprop=\"width\" content=\"342\"> <meta itemprop=\"height\" content=\"228\"> <img decoding=\"async\" class=\"\" data-attachment-id=\"116136\" data-orig-file=\"http:\/\/www.tvturk.com\/wp-content\/uploads\/2019\/03\/2uluslararasi-yasemin-adar-gures-turnuvasi-tamamlandi_b2a746e.jpg\" data-orig-size=\"960,640\" data-comments-opened=\"\" data-image-meta=\"{&quot;aperture&quot;:&quot;0&quot;,&quot;credit&quot;:&quot;IHA&quot;,&quot;camera&quot;:&quot;&quot;,&quot;caption&quot;:&quot;BALIKES\\u0130RL\\u0130 D\\u00dcNYA \\u015eAMP\\u0130YONU YASEM\\u0130N ADAR ADINA D\\u00dcZENLENEN 2.ULUSLARARASI YASEM\\u0130N ADAR G\\u00dcRE\\u015e TURNUVASI YAPILDI (H\\u00dcSEY\\u0130N TOKMAK\\\/BALIKES\\u0130R-\\u0130HA)&quot;,&quot;created_timestamp&quot;:&quot;1553806620&quot;,&quot;copyright&quot;:&quot;\\u0130HLAS HABER AJANSI, www.iha.com.tr&quot;,&quot;focal_length&quot;:&quot;0&quot;,&quot;iso&quot;:&quot;0&quot;,&quot;shutter_speed&quot;:&quot;0&quot;,&quot;title&quot;:&quot;2.ULUSLARARASI YASEM\\u0130N ADAR G\\u00dcRE\\u015e TURNUVASI TAMAMLANDI YASEM\\u0130N ADAR YILDIZ SPORCULARA \\u00d6D\\u00dcL VERD\\u0130.&quot;,&quot;orientation&quot;:&quot;0&quot;}\" data-image-title=\"2.Uluslararas\u0131 Yasemin Adar g\u00fcre\u015f turnuvas\u0131 tamamland\u0131\" data-image-description=\"&lt;p&gt;2.Uluslararas\u0131 Yasemin Adar g\u00fcre\u015f turnuvas\u0131 tamamland\u0131&lt;\/p&gt; \" data-medium-file=\"https:\/\/i0.wp.com\/www.tvturk.com\/wp-content\/uploads\/2019\/03\/2uluslararasi-yasemin-adar-gures-turnuvasi-tamamlandi_b2a746e.jpg?fit=300%2C200\" data-large-file=\"https:\/\/i0.wp.com\/www.tvturk.com\/wp-content\/uploads\/2019\/03\/2uluslararasi-yasemin-adar-gures-turnuvasi-tamamlandi_b2a746e.jpg?fit=960%2C640\" src=\"https:\/\/i0.wp.com\/www.tvturk.com\/wp-content\/uploads\/2019\/03\/2uluslararasi-yasemin-adar-gures-turnuvasi-tamamlandi_b2a746e.jpg?w=342&#038;h=228\" srcset=\"https:\/\/i0.wp.com\/www.tvturk.com\/wp-content\/uploads\/2019\/03\/2uluslararasi-yasemin-adar-gures-turnuvasi-tamamlandi_b2a746e.jpg?w=960 960w, https:\/\/i0.wp.com\/www.tvturk.com\/wp-content\/uploads\/2019\/03\/2uluslararasi-yasemin-adar-gures-turnuvasi-tamamlandi_b2a746e.jpg?resize=150%2C100 150w, https:\/\/i0.wp.com\/www.tvturk.com\/wp-content\/uploads\/2019\/03\/2uluslararasi-yasemin-adar-gures-turnuvasi-tamamlandi_b2a746e.jpg?resize=300%2C200 300w, https:\/\/i0.wp.com\/www.tvturk.com\/wp-content\/uploads\/2019\/03\/2uluslararasi-yasemin-adar-gures-turnuvasi-tamamlandi_b2a746e.jpg?resize=768%2C512 768w, https:\/\/i0.wp.com\/www.tvturk.com\/wp-content\/uploads\/2019\/03\/2uluslararasi-yasemin-adar-gures-turnuvasi-tamamlandi_b2a746e.jpg?resize=170%2C113 170w, https:\/\/i0.wp.com\/www.tvturk.com\/wp-content\/uploads\/2019\/03\/2uluslararasi-yasemin-adar-gures-turnuvasi-tamamlandi_b2a746e.jpg?resize=120%2C80 120w\" width=\"342\" height=\"228\" loading=\"lazy\" data-original-width=\"342\" data-original-height=\"228\" itemprop=\"http:\/\/schema.org\/image\" title=\"2.Uluslararas\u0131 Yasemin Adar g\u00fcre\u015f turnuvas\u0131 tamamland\u0131\" alt=\"2.Uluslararas\u0131 Yasemin Adar g\u00fcre\u015f turnuvas\u0131 tamamland\u0131\" style=\"width: 342px; height: 228px;\" \/> <\/a> <\/div> <\/div> <!-- close group --> <div class=\"gallery-group images-2\" style=\"width: 154px; height: 232px;\" data-original-width=\"154\" data-original-height=\"232\" > <div class=\"tiled-gallery-item tiled-gallery-item-small\" itemprop=\"associatedMedia\" itemscope itemtype=\"http:\/\/schema.org\/ImageObject\"> <a href=\"http:\/\/www.tvturk.com\/index.php\/2-uluslararasi-yasemin-adar-gures-turnuvasi-tamamlandi\/2-uluslararasi-yasemin-adar-gures-turnuvasi-tamamlandi-4\/\" border=\"0\" itemprop=\"url\"> <meta itemprop=\"width\" content=\"150\"> <meta itemprop=\"height\" content=\"112\"> <img decoding=\"async\" class=\"\" data-attachment-id=\"116137\" data-orig-file=\"http:\/\/www.tvturk.com\/wp-content\/uploads\/2019\/03\/2uluslararasi-yasemin-adar-gures-turnuvasi-tamamlandi_f23d6a8.jpg\" data-orig-size=\"960,720\" data-comments-opened=\"\" data-image-meta=\"{&quot;aperture&quot;:&quot;0&quot;,&quot;credit&quot;:&quot;IHA&quot;,&quot;camera&quot;:&quot;&quot;,&quot;caption&quot;:&quot;BALIKES\\u0130RL\\u0130 D\\u00dcNYA \\u015eAMP\\u0130YONU YASEM\\u0130N ADAR ADINA D\\u00dcZENLENEN 2.ULUSLARARASI YASEM\\u0130N ADAR G\\u00dcRE\\u015e TURNUVASI YAPILDI (H\\u00dcSEY\\u0130N TOKMAK\\\/BALIKES\\u0130R-\\u0130HA)&quot;,&quot;created_timestamp&quot;:&quot;1553806620&quot;,&quot;copyright&quot;:&quot;\\u0130HLAS HABER AJANSI, www.iha.com.tr&quot;,&quot;focal_length&quot;:&quot;0&quot;,&quot;iso&quot;:&quot;0&quot;,&quot;shutter_speed&quot;:&quot;0&quot;,&quot;title&quot;:&quot;2.ULUSLARARASI YASEM\\u0130N ADAR G\\u00dcRE\\u015e TURNUVASI TAMAMLANDI YASEM\\u0130N ADAR YILDIZ SPORCULARA \\u00d6D\\u00dcL VERD\\u0130.&quot;,&quot;orientation&quot;:&quot;0&quot;}\" data-image-title=\"2.Uluslararas\u0131 Yasemin Adar g\u00fcre\u015f turnuvas\u0131 tamamland\u0131\" data-image-description=\"&lt;p&gt;2.Uluslararas\u0131 Yasemin Adar g\u00fcre\u015f turnuvas\u0131 tamamland\u0131&lt;\/p&gt; \" data-medium-file=\"https:\/\/i0.wp.com\/www.tvturk.com\/wp-content\/uploads\/2019\/03\/2uluslararasi-yasemin-adar-gures-turnuvasi-tamamlandi_f23d6a8.jpg?fit=300%2C225\" data-large-file=\"https:\/\/i0.wp.com\/www.tvturk.com\/wp-content\/uploads\/2019\/03\/2uluslararasi-yasemin-adar-gures-turnuvasi-tamamlandi_f23d6a8.jpg?fit=960%2C720\" src=\"https:\/\/i0.wp.com\/www.tvturk.com\/wp-content\/uploads\/2019\/03\/2uluslararasi-yasemin-adar-gures-turnuvasi-tamamlandi_f23d6a8.jpg?w=150&#038;h=112\" srcset=\"https:\/\/i0.wp.com\/www.tvturk.com\/wp-content\/uploads\/2019\/03\/2uluslararasi-yasemin-adar-gures-turnuvasi-tamamlandi_f23d6a8.jpg?w=960 960w, https:\/\/i0.wp.com\/www.tvturk.com\/wp-content\/uploads\/2019\/03\/2uluslararasi-yasemin-adar-gures-turnuvasi-tamamlandi_f23d6a8.jpg?resize=150%2C113 150w, https:\/\/i0.wp.com\/www.tvturk.com\/wp-content\/uploads\/2019\/03\/2uluslararasi-yasemin-adar-gures-turnuvasi-tamamlandi_f23d6a8.jpg?resize=300%2C225 300w, https:\/\/i0.wp.com\/www.tvturk.com\/wp-content\/uploads\/2019\/03\/2uluslararasi-yasemin-adar-gures-turnuvasi-tamamlandi_f23d6a8.jpg?resize=768%2C576 768w\" width=\"150\" height=\"112\" loading=\"lazy\" data-original-width=\"150\" data-original-height=\"112\" itemprop=\"http:\/\/schema.org\/image\" title=\"2.Uluslararas\u0131 Yasemin Adar g\u00fcre\u015f turnuvas\u0131 tamamland\u0131\" alt=\"2.Uluslararas\u0131 Yasemin Adar g\u00fcre\u015f turnuvas\u0131 tamamland\u0131\" style=\"width: 150px; height: 112px;\" \/> <\/a> <\/div> <div class=\"tiled-gallery-item tiled-gallery-item-small\" itemprop=\"associatedMedia\" itemscope itemtype=\"http:\/\/schema.org\/ImageObject\"> <a href=\"http:\/\/www.tvturk.com\/index.php\/2-uluslararasi-yasemin-adar-gures-turnuvasi-tamamlandi\/2-uluslararasi-yasemin-adar-gures-turnuvasi-tamamlandi-5\/\" border=\"0\" itemprop=\"url\"> <meta itemprop=\"width\" content=\"150\"> <meta itemprop=\"height\" content=\"112\"> <img decoding=\"async\" class=\"\" data-attachment-id=\"116138\" data-orig-file=\"http:\/\/www.tvturk.com\/wp-content\/uploads\/2019\/03\/2uluslararasi-yasemin-adar-gures-turnuvasi-tamamlandi_e398c39.jpg\" data-orig-size=\"960,720\" data-comments-opened=\"\" data-image-meta=\"{&quot;aperture&quot;:&quot;0&quot;,&quot;credit&quot;:&quot;IHA&quot;,&quot;camera&quot;:&quot;&quot;,&quot;caption&quot;:&quot;BALIKES\\u0130RL\\u0130 D\\u00dcNYA \\u015eAMP\\u0130YONU YASEM\\u0130N ADAR ADINA D\\u00dcZENLENEN 2.ULUSLARARASI YASEM\\u0130N ADAR G\\u00dcRE\\u015e TURNUVASI YAPILDI (H\\u00dcSEY\\u0130N TOKMAK\\\/BALIKES\\u0130R-\\u0130HA)&quot;,&quot;created_timestamp&quot;:&quot;1553806620&quot;,&quot;copyright&quot;:&quot;\\u0130HLAS HABER AJANSI, www.iha.com.tr&quot;,&quot;focal_length&quot;:&quot;0&quot;,&quot;iso&quot;:&quot;0&quot;,&quot;shutter_speed&quot;:&quot;0&quot;,&quot;title&quot;:&quot;2.ULUSLARARASI YASEM\\u0130N ADAR G\\u00dcRE\\u015e TURNUVASI TAMAMLANDI YASEM\\u0130N ADAR YILDIZ SPORCULARA \\u00d6D\\u00dcL VERD\\u0130.&quot;,&quot;orientation&quot;:&quot;0&quot;}\" data-image-title=\"2.Uluslararas\u0131 Yasemin Adar g\u00fcre\u015f turnuvas\u0131 tamamland\u0131\" data-image-description=\"&lt;p&gt;2.Uluslararas\u0131 Yasemin Adar g\u00fcre\u015f turnuvas\u0131 tamamland\u0131&lt;\/p&gt; \" data-medium-file=\"https:\/\/i0.wp.com\/www.tvturk.com\/wp-content\/uploads\/2019\/03\/2uluslararasi-yasemin-adar-gures-turnuvasi-tamamlandi_e398c39.jpg?fit=300%2C225\" data-large-file=\"https:\/\/i0.wp.com\/www.tvturk.com\/wp-content\/uploads\/2019\/03\/2uluslararasi-yasemin-adar-gures-turnuvasi-tamamlandi_e398c39.jpg?fit=960%2C720\" src=\"https:\/\/i0.wp.com\/www.tvturk.com\/wp-content\/uploads\/2019\/03\/2uluslararasi-yasemin-adar-gures-turnuvasi-tamamlandi_e398c39.jpg?w=150&#038;h=112\" srcset=\"https:\/\/i0.wp.com\/www.tvturk.com\/wp-content\/uploads\/2019\/03\/2uluslararasi-yasemin-adar-gures-turnuvasi-tamamlandi_e398c39.jpg?w=960 960w, https:\/\/i0.wp.com\/www.tvturk.com\/wp-content\/uploads\/2019\/03\/2uluslararasi-yasemin-adar-gures-turnuvasi-tamamlandi_e398c39.jpg?resize=150%2C113 150w, https:\/\/i0.wp.com\/www.tvturk.com\/wp-content\/uploads\/2019\/03\/2uluslararasi-yasemin-adar-gures-turnuvasi-tamamlandi_e398c39.jpg?resize=300%2C225 300w, https:\/\/i0.wp.com\/www.tvturk.com\/wp-content\/uploads\/2019\/03\/2uluslararasi-yasemin-adar-gures-turnuvasi-tamamlandi_e398c39.jpg?resize=768%2C576 768w\" width=\"150\" height=\"112\" loading=\"lazy\" data-original-width=\"150\" data-original-height=\"112\" itemprop=\"http:\/\/schema.org\/image\" title=\"2.Uluslararas\u0131 Yasemin Adar g\u00fcre\u015f turnuvas\u0131 tamamland\u0131\" alt=\"2.Uluslararas\u0131 Yasemin Adar g\u00fcre\u015f turnuvas\u0131 tamamland\u0131\" style=\"width: 150px; height: 112px;\" \/> <\/a> <\/div> <\/div> <!-- close group --> <\/div> <!-- close row --> <div class=\"gallery-row\" style=\"width: 500px; height: 168px;\" data-original-width=\"500\" data-original-height=\"168\" > <div class=\"gallery-group images-1\" style=\"width: 250px; height: 168px;\" data-original-width=\"250\" data-original-height=\"168\" > <div class=\"tiled-gallery-item tiled-gallery-item-small\" itemprop=\"associatedMedia\" itemscope itemtype=\"http:\/\/schema.org\/ImageObject\"> <a href=\"http:\/\/www.tvturk.com\/index.php\/2-uluslararasi-yasemin-adar-gures-turnuvasi-tamamlandi\/2-uluslararasi-yasemin-adar-gures-turnuvasi-tamamlandi-6\/\" border=\"0\" itemprop=\"url\"> <meta itemprop=\"width\" content=\"246\"> <meta itemprop=\"height\" content=\"164\"> <img decoding=\"async\" class=\"\" data-attachment-id=\"116139\" data-orig-file=\"http:\/\/www.tvturk.com\/wp-content\/uploads\/2019\/03\/2uluslararasi-yasemin-adar-gures-turnuvasi-tamamlandi_5f89a81.jpg\" data-orig-size=\"960,640\" data-comments-opened=\"\" data-image-meta=\"{&quot;aperture&quot;:&quot;0&quot;,&quot;credit&quot;:&quot;IHA&quot;,&quot;camera&quot;:&quot;&quot;,&quot;caption&quot;:&quot;BALIKES\\u0130RL\\u0130 D\\u00dcNYA \\u015eAMP\\u0130YONU YASEM\\u0130N ADAR ADINA D\\u00dcZENLENEN 2.ULUSLARARASI YASEM\\u0130N ADAR G\\u00dcRE\\u015e TURNUVASI YAPILDI (H\\u00dcSEY\\u0130N TOKMAK\\\/BALIKES\\u0130R-\\u0130HA)&quot;,&quot;created_timestamp&quot;:&quot;1553806620&quot;,&quot;copyright&quot;:&quot;\\u0130HLAS HABER AJANSI, www.iha.com.tr&quot;,&quot;focal_length&quot;:&quot;0&quot;,&quot;iso&quot;:&quot;0&quot;,&quot;shutter_speed&quot;:&quot;0&quot;,&quot;title&quot;:&quot;2.ULUSLARARASI YASEM\\u0130N ADAR G\\u00dcRE\\u015e TURNUVASI TAMAMLANDI YASEM\\u0130N ADAR YILDIZ SPORCULARA \\u00d6D\\u00dcL VERD\\u0130.&quot;,&quot;orientation&quot;:&quot;0&quot;}\" data-image-title=\"2.Uluslararas\u0131 Yasemin Adar g\u00fcre\u015f turnuvas\u0131 tamamland\u0131\" data-image-description=\"&lt;p&gt;2.Uluslararas\u0131 Yasemin Adar g\u00fcre\u015f turnuvas\u0131 tamamland\u0131&lt;\/p&gt; \" data-medium-file=\"https:\/\/i0.wp.com\/www.tvturk.com\/wp-content\/uploads\/2019\/03\/2uluslararasi-yasemin-adar-gures-turnuvasi-tamamlandi_5f89a81.jpg?fit=300%2C200\" data-large-file=\"https:\/\/i0.wp.com\/www.tvturk.com\/wp-content\/uploads\/2019\/03\/2uluslararasi-yasemin-adar-gures-turnuvasi-tamamlandi_5f89a81.jpg?fit=960%2C640\" src=\"https:\/\/i0.wp.com\/www.tvturk.com\/wp-content\/uploads\/2019\/03\/2uluslararasi-yasemin-adar-gures-turnuvasi-tamamlandi_5f89a81.jpg?w=246&#038;h=164\" srcset=\"https:\/\/i0.wp.com\/www.tvturk.com\/wp-content\/uploads\/2019\/03\/2uluslararasi-yasemin-adar-gures-turnuvasi-tamamlandi_5f89a81.jpg?w=960 960w, https:\/\/i0.wp.com\/www.tvturk.com\/wp-content\/uploads\/2019\/03\/2uluslararasi-yasemin-adar-gures-turnuvasi-tamamlandi_5f89a81.jpg?resize=150%2C100 150w, https:\/\/i0.wp.com\/www.tvturk.com\/wp-content\/uploads\/2019\/03\/2uluslararasi-yasemin-adar-gures-turnuvasi-tamamlandi_5f89a81.jpg?resize=300%2C200 300w, https:\/\/i0.wp.com\/www.tvturk.com\/wp-content\/uploads\/2019\/03\/2uluslararasi-yasemin-adar-gures-turnuvasi-tamamlandi_5f89a81.jpg?resize=768%2C512 768w, https:\/\/i0.wp.com\/www.tvturk.com\/wp-content\/uploads\/2019\/03\/2uluslararasi-yasemin-adar-gures-turnuvasi-tamamlandi_5f89a81.jpg?resize=170%2C113 170w, https:\/\/i0.wp.com\/www.tvturk.com\/wp-content\/uploads\/2019\/03\/2uluslararasi-yasemin-adar-gures-turnuvasi-tamamlandi_5f89a81.jpg?resize=120%2C80 120w\" width=\"246\" height=\"164\" loading=\"lazy\" data-original-width=\"246\" data-original-height=\"164\" itemprop=\"http:\/\/schema.org\/image\" title=\"2.Uluslararas\u0131 Yasemin Adar g\u00fcre\u015f turnuvas\u0131 tamamland\u0131\" alt=\"2.Uluslararas\u0131 Yasemin Adar g\u00fcre\u015f turnuvas\u0131 tamamland\u0131\" style=\"width: 246px; height: 164px;\" \/> <\/a> <\/div> <\/div> <!-- close group --> <div class=\"gallery-group images-1\" style=\"width: 250px; height: 168px;\" data-original-width=\"250\" data-original-height=\"168\" > <div class=\"tiled-gallery-item tiled-gallery-item-small\" itemprop=\"associatedMedia\" itemscope itemtype=\"http:\/\/schema.org\/ImageObject\"> <a href=\"http:\/\/www.tvturk.com\/index.php\/2-uluslararasi-yasemin-adar-gures-turnuvasi-tamamlandi\/2-uluslararasi-yasemin-adar-gures-turnuvasi-tamamlandi-7\/\" border=\"0\" itemprop=\"url\"> <meta itemprop=\"width\" content=\"246\"> <meta itemprop=\"height\" content=\"164\"> <img decoding=\"async\" class=\"\" data-attachment-id=\"116140\" data-orig-file=\"http:\/\/www.tvturk.com\/wp-content\/uploads\/2019\/03\/2uluslararasi-yasemin-adar-gures-turnuvasi-tamamlandi_ff04386.jpg\" data-orig-size=\"960,640\" data-comments-opened=\"\" data-image-meta=\"{&quot;aperture&quot;:&quot;0&quot;,&quot;credit&quot;:&quot;IHA&quot;,&quot;camera&quot;:&quot;&quot;,&quot;caption&quot;:&quot;BALIKES\\u0130RL\\u0130 D\\u00dcNYA \\u015eAMP\\u0130YONU YASEM\\u0130N ADAR ADINA D\\u00dcZENLENEN 2.ULUSLARARASI YASEM\\u0130N ADAR G\\u00dcRE\\u015e TURNUVASI YAPILDI (H\\u00dcSEY\\u0130N TOKMAK\\\/BALIKES\\u0130R-\\u0130HA)&quot;,&quot;created_timestamp&quot;:&quot;1553806620&quot;,&quot;copyright&quot;:&quot;\\u0130HLAS HABER AJANSI, www.iha.com.tr&quot;,&quot;focal_length&quot;:&quot;0&quot;,&quot;iso&quot;:&quot;0&quot;,&quot;shutter_speed&quot;:&quot;0&quot;,&quot;title&quot;:&quot;2.ULUSLARARASI YASEM\\u0130N ADAR G\\u00dcRE\\u015e TURNUVASI TAMAMLANDI YASEM\\u0130N ADAR YILDIZ SPORCULARA \\u00d6D\\u00dcL VERD\\u0130.&quot;,&quot;orientation&quot;:&quot;0&quot;}\" data-image-title=\"2.Uluslararas\u0131 Yasemin Adar g\u00fcre\u015f turnuvas\u0131 tamamland\u0131\" data-image-description=\"&lt;p&gt;2.Uluslararas\u0131 Yasemin Adar g\u00fcre\u015f turnuvas\u0131 tamamland\u0131&lt;\/p&gt; \" data-medium-file=\"https:\/\/i0.wp.com\/www.tvturk.com\/wp-content\/uploads\/2019\/03\/2uluslararasi-yasemin-adar-gures-turnuvasi-tamamlandi_ff04386.jpg?fit=300%2C200\" data-large-file=\"https:\/\/i0.wp.com\/www.tvturk.com\/wp-content\/uploads\/2019\/03\/2uluslararasi-yasemin-adar-gures-turnuvasi-tamamlandi_ff04386.jpg?fit=960%2C640\" src=\"https:\/\/i0.wp.com\/www.tvturk.com\/wp-content\/uploads\/2019\/03\/2uluslararasi-yasemin-adar-gures-turnuvasi-tamamlandi_ff04386.jpg?w=246&#038;h=164\" srcset=\"https:\/\/i0.wp.com\/www.tvturk.com\/wp-content\/uploads\/2019\/03\/2uluslararasi-yasemin-adar-gures-turnuvasi-tamamlandi_ff04386.jpg?w=960 960w, https:\/\/i0.wp.com\/www.tvturk.com\/wp-content\/uploads\/2019\/03\/2uluslararasi-yasemin-adar-gures-turnuvasi-tamamlandi_ff04386.jpg?resize=150%2C100 150w, https:\/\/i0.wp.com\/www.tvturk.com\/wp-content\/uploads\/2019\/03\/2uluslararasi-yasemin-adar-gures-turnuvasi-tamamlandi_ff04386.jpg?resize=300%2C200 300w, https:\/\/i0.wp.com\/www.tvturk.com\/wp-content\/uploads\/2019\/03\/2uluslararasi-yasemin-adar-gures-turnuvasi-tamamlandi_ff04386.jpg?resize=768%2C512 768w, https:\/\/i0.wp.com\/www.tvturk.com\/wp-content\/uploads\/2019\/03\/2uluslararasi-yasemin-adar-gures-turnuvasi-tamamlandi_ff04386.jpg?resize=170%2C113 170w, https:\/\/i0.wp.com\/www.tvturk.com\/wp-content\/uploads\/2019\/03\/2uluslararasi-yasemin-adar-gures-turnuvasi-tamamlandi_ff04386.jpg?resize=120%2C80 120w\" width=\"246\" height=\"164\" loading=\"lazy\" data-original-width=\"246\" data-original-height=\"164\" itemprop=\"http:\/\/schema.org\/image\" title=\"2.Uluslararas\u0131 Yasemin Adar g\u00fcre\u015f turnuvas\u0131 tamamland\u0131\" alt=\"2.Uluslararas\u0131 Yasemin Adar g\u00fcre\u015f turnuvas\u0131 tamamland\u0131\" style=\"width: 246px; height: 164px;\" \/> <\/a> <\/div> <\/div> <!-- close group --> <\/div> <!-- close row --> <\/div><\/p>\n","protected":false},"excerpt":{"rendered":"<p>BALIKES\u0130RL\u0130 D\u00dcNYA \u015eAMP\u0130YONU YASEM\u0130N ADAR ADINA D\u00dcZENLENEN 2.ULUSLARARASI YASEM\u0130N ADAR G\u00dcRE\u015e TURNUVASI YAPILDI<\/p>\n","protected":false},"author":1,"featured_media":116135,"comment_status":"closed","ping_status":"open","sticky":false,"template":"","format":"standard","meta":{"jetpack_post_was_ever_published":false,"_jetpack_newsletter_access":"","_jetpack_dont_email_post_to_subs":false,"_jetpack_newsletter_tier_id":0,"_jetpack_memberships_contains_paywalled_content":false,"_jetpack_memberships_contains_paid_content":false,"footnotes":"","jetpack_publicize_message":"","jetpack_publicize_feature_enabled":true,"jetpack_social_post_already_shared":true,"jetpack_social_options":{"image_generator_settings":{"template":"highway","default_image_id":0,"font":"","enabled":false},"version":2}},"categories":[657],"tags":[28403,28404,8355,693,3880,8330],"class_list":["post-116134","post","type-post","status-publish","format-standard","has-post-thumbnail","hentry","category-spor","tag-2-uluslararasi","tag-adar","tag-gures","tag-tamamlandi","tag-turnuvasi","tag-yasemin"],"jetpack_publicize_connections":[],"jetpack_featured_media_url":"https:\/\/i0.wp.com\/www.tvturk.com\/wp-content\/uploads\/2019\/03\/2uluslararasi-yasemin-adar-gures-turnuvasi-tamamlandi_b37cd7d.jpg?fit=960%2C640","jetpack_sharing_enabled":true,"jetpack_shortlink":"https:\/\/wp.me\/paKIfm-ud8","_links":{"self":[{"href":"http:\/\/www.tvturk.com\/index.php\/wp-json\/wp\/v2\/posts\/116134","targetHints":{"allow":["GET"]}}],"collection":[{"href":"http:\/\/www.tvturk.com\/index.php\/wp-json\/wp\/v2\/posts"}],"about":[{"href":"http:\/\/www.tvturk.com\/index.php\/wp-json\/wp\/v2\/types\/post"}],"author":[{"embeddable":true,"href":"http:\/\/www.tvturk.com\/index.php\/wp-json\/wp\/v2\/users\/1"}],"replies":[{"embeddable":true,"href":"http:\/\/www.tvturk.com\/index.php\/wp-json\/wp\/v2\/comments?post=116134"}],"version-history":[{"count":1,"href":"http:\/\/www.tvturk.com\/index.php\/wp-json\/wp\/v2\/posts\/116134\/revisions"}],"predecessor-version":[{"id":116141,"href":"http:\/\/www.tvturk.com\/index.php\/wp-json\/wp\/v2\/posts\/116134\/revisions\/116141"}],"wp:featuredmedia":[{"embeddable":true,"href":"http:\/\/www.tvturk.com\/index.php\/wp-json\/wp\/v2\/media\/116135"}],"wp:attachment":[{"href":"http:\/\/www.tvturk.com\/index.php\/wp-json\/wp\/v2\/media?parent=116134"}],"wp:term":[{"taxonomy":"category","embeddable":true,"href":"http:\/\/www.tvturk.com\/index.php\/wp-json\/wp\/v2\/categories?post=116134"},{"taxonomy":"post_tag","embeddable":true,"href":"http:\/\/www.tvturk.com\/index.php\/wp-json\/wp\/v2\/tags?post=116134"}],"curies":[{"name":"wp","href":"https:\/\/api.w.org\/{rel}","templated":true}]}}