{"id":11615,"date":"2019-02-08T11:55:55","date_gmt":"2019-02-08T08:55:55","guid":{"rendered":"http:\/\/www.tvturk.com\/index.php\/emet-saglik-kompleksi-fizibilitesi-projesinde-imzalar-atildi\/"},"modified":"2019-02-08T11:55:55","modified_gmt":"2019-02-08T08:55:55","slug":"emet-saglik-kompleksi-fizibilitesi-projesinde-imzalar-atildi","status":"publish","type":"post","link":"http:\/\/www.tvturk.com\/index.php\/emet-saglik-kompleksi-fizibilitesi-projesinde-imzalar-atildi\/","title":{"rendered":"Emet Sa\u011fl\u0131k Kompleksi Fizibilitesi projesinde imzalar at\u0131ld\u0131"},"content":{"rendered":"<p>K\u00fctahya\u2019n\u0131n  Emet il\u00e7esi Sa\u011fl\u0131k Kompleksi Fizibilitesi \u201c projesinin s\u00f6zle\u015fmesi Kaymakam Hasan \u00c7i\u00e7ek ve Zafer Kalk\u0131nma Ajans\u0131 Genel Sekreteri Veli O\u011fuz aras\u0131nda imzaland\u0131.<\/p>\n<p>S\u00f6zle\u015fme t\u00f6reninde Kaymakam \u00c7i\u00e7ek, Emet\u2019in termal zenginli\u011fine vurguda bulunarak bu kaynaktan katma de\u011feri daha y\u00fcksek fizik tedavi ve rehabilitasyon hizmetlerini de i\u00e7eren turistik bir tesisin \u00f6nemine de\u011findi.<\/p>\n<p>Bu tesisin il\u00e7eye kazand\u0131r\u0131lmas\u0131 noktas\u0131nda \u00f6n fizibilite ara\u015ft\u0131rmas\u0131, yol haritas\u0131n\u0131n belirlenmesinde faydal\u0131 olaca\u011f\u0131n\u0131 belirten \u00c7i\u00e7ek, \u2019\u2019Elde edilecek fizibilite raporunun de\u011feri b\u00fcy\u00fckt\u00fcr. Profesyonel, alan\u0131nda deneyimli bir firma eli ile kapsaml\u0131 bir fizibilite raporu elde edilerek yat\u0131r\u0131mc\u0131lara ula\u015f\u0131lacak. Yat\u0131r\u0131mc\u0131lar\u0131n \u0130l\u00e7emize y\u00f6nelmesinin temelleri at\u0131lacakt\u0131r. Sa\u011fl\u0131k turizmi, turizm s\u0131n\u0131flar\u0131 aras\u0131nda t\u00fcm d\u00fcnyada y\u00fckselen bir de\u011fer konumundad\u0131r. Termal kaynaklar a\u00e7\u0131s\u0131ndan T\u00fcrkiye \u00e7ap\u0131nda \u00f6nemli bir yere sahip olan b\u00f6lge, sa\u011fl\u0131k turizmi ve termal turizmin geli\u015fmesi a\u00e7\u0131s\u0131ndan \u00f6nemli bir potansiyel bar\u0131nd\u0131rmaktad\u0131r. B\u00f6lgede var olan bu potansiyelin de\u011ferlendirilmesi ve geli\u015ftirilmesi, b\u00f6lge turizm geli\u015fiminin ivme kazanmas\u0131 ve turizm aktivitelerinin t\u00fcm mevsimlere da\u011f\u0131labilmesi a\u00e7\u0131s\u0131ndan \u00f6nem arz etmektedir. Bu kapsamda, termal turizmin geli\u015fiminin te\u015fvik edilmesi ve sistemli bir \u015fekilde sa\u011fl\u0131k turizm alanlar\u0131n\u0131n geli\u015ftirilmesi \u00f6nceliklidir. \u0130l\u00e7e ekonomisi ve istihdam olanaklar\u0131n\u0131n artmas\u0131 i\u00e7in g\u00fc\u00e7l\u00fc yanlar\u0131m\u0131zdan birinin de termal turizm potansiyeli oldu\u011funu biliyoruz\u2019\u2019 ifadelerini kulland\u0131.<\/p>\n","protected":false},"excerpt":{"rendered":"<p>EMET SA\u011eLIK KOMPLEKS\u0130 F\u0130Z\u0130B\u0130L\u0130TES\u0130 PROJES\u0130NDE \u0130MZALAR ATILDI<\/p>\n","protected":false},"author":1,"featured_media":11616,"comment_status":"closed","ping_status":"open","sticky":false,"template":"","format":"standard","meta":{"jetpack_post_was_ever_published":false,"_jetpack_newsletter_access":"","_jetpack_dont_email_post_to_subs":false,"_jetpack_newsletter_tier_id":0,"_jetpack_memberships_contains_paywalled_content":false,"_jetpack_memberships_contains_paid_content":false,"footnotes":"","jetpack_publicize_message":"","jetpack_publicize_feature_enabled":true,"jetpack_social_post_already_shared":false,"jetpack_social_options":{"image_generator_settings":{"template":"highway","default_image_id":0,"font":"","enabled":false},"version":2}},"categories":[658],"tags":[3030,5953,5955,3029,5954,2260,734],"class_list":["post-11615","post","type-post","status-publish","format-standard","has-post-thumbnail","hentry","category-saglik","tag-atildi","tag-emet","tag-fizibilitesi","tag-imzalar","tag-kompleksi","tag-projesinde","tag-saglik"],"jetpack_publicize_connections":[],"jetpack_featured_media_url":"https:\/\/i0.wp.com\/www.tvturk.com\/wp-content\/uploads\/2019\/02\/emet-saglik-kompleksi-fizibilitesi-projesinde-imzalar-atildi_d7c6e09.jpg?fit=760%2C427","jetpack_sharing_enabled":true,"jetpack_shortlink":"https:\/\/wp.me\/paKIfm-31l","_links":{"self":[{"href":"http:\/\/www.tvturk.com\/index.php\/wp-json\/wp\/v2\/posts\/11615","targetHints":{"allow":["GET"]}}],"collection":[{"href":"http:\/\/www.tvturk.com\/index.php\/wp-json\/wp\/v2\/posts"}],"about":[{"href":"http:\/\/www.tvturk.com\/index.php\/wp-json\/wp\/v2\/types\/post"}],"author":[{"embeddable":true,"href":"http:\/\/www.tvturk.com\/index.php\/wp-json\/wp\/v2\/users\/1"}],"replies":[{"embeddable":true,"href":"http:\/\/www.tvturk.com\/index.php\/wp-json\/wp\/v2\/comments?post=11615"}],"version-history":[{"count":0,"href":"http:\/\/www.tvturk.com\/index.php\/wp-json\/wp\/v2\/posts\/11615\/revisions"}],"wp:featuredmedia":[{"embeddable":true,"href":"http:\/\/www.tvturk.com\/index.php\/wp-json\/wp\/v2\/media\/11616"}],"wp:attachment":[{"href":"http:\/\/www.tvturk.com\/index.php\/wp-json\/wp\/v2\/media?parent=11615"}],"wp:term":[{"taxonomy":"category","embeddable":true,"href":"http:\/\/www.tvturk.com\/index.php\/wp-json\/wp\/v2\/categories?post=11615"},{"taxonomy":"post_tag","embeddable":true,"href":"http:\/\/www.tvturk.com\/index.php\/wp-json\/wp\/v2\/tags?post=11615"}],"curies":[{"name":"wp","href":"https:\/\/api.w.org\/{rel}","templated":true}]}}