{"id":11639,"date":"2019-02-08T12:01:10","date_gmt":"2019-02-08T09:01:10","guid":{"rendered":"http:\/\/www.tvturk.com\/index.php\/yagis-sebebiyle-kontrolden-cikan-kamyon-devrildi\/"},"modified":"2019-02-08T12:01:12","modified_gmt":"2019-02-08T09:01:12","slug":"yagis-sebebiyle-kontrolden-cikan-kamyon-devrildi","status":"publish","type":"post","link":"http:\/\/www.tvturk.com\/index.php\/yagis-sebebiyle-kontrolden-cikan-kamyon-devrildi\/","title":{"rendered":"Ya\u011f\u0131\u015f sebebiyle kontrolden \u00e7\u0131kan kamyon devrildi"},"content":{"rendered":"<p>\u0130zmir\u2019in Gaziemir il\u00e7esinde, ya\u011f\u0131\u015f sebebiyle kontrolden \u00e7\u0131kt\u0131\u011f\u0131 iddia edilen kamyon devrilirken, \u015fans eseri kazada can kayb\u0131 ya\u015fanmad\u0131.<\/p>\n<p>Kaza, bug\u00fcn saat 10.30 sular\u0131nda \u0130zmir-Ayd\u0131n yolunda meydana geldi. \u0130ddiaya g\u00f6re, Maruf Bakar idaresindeki 35 AH 8813 plakal\u0131 kamyon, Torbal\u0131 y\u00f6n\u00fcne seyir halindeyken ya\u011f\u0131\u015f sebebiyle yoldan \u00e7\u0131kt\u0131. Bakar\u2019\u0131n t\u00fcm \u00e7abalar\u0131na ra\u011fmen kamyon, yolun kenar\u0131na devrildi. Olay\u0131 g\u00f6ren di\u011fer s\u00fcr\u00fcc\u00fcler, kazay\u0131 hemen polise ve sa\u011fl\u0131k g\u00f6revlilerine haber verirken, kamyon s\u00fcr\u00fcc\u00fcs\u00fc Maruf Bakar olay\u0131 yara almadan atlatt\u0131. Kamyonun yoldan kald\u0131r\u0131lmas\u0131n\u0131n ard\u0131ndan trafik normale d\u00f6nd\u00fc.<div class=\"tiled-gallery type-rectangular tiled-gallery-unresized\" data-original-width=\"500\" data-carousel-extra='null' itemscope itemtype=\"http:\/\/schema.org\/ImageGallery\" > <div class=\"gallery-row\" style=\"width: 500px; height: 283px;\" data-original-width=\"500\" data-original-height=\"283\" > <div class=\"gallery-group images-1\" style=\"width: 500px; height: 283px;\" data-original-width=\"500\" data-original-height=\"283\" > <div class=\"tiled-gallery-item tiled-gallery-item-large\" itemprop=\"associatedMedia\" itemscope itemtype=\"http:\/\/schema.org\/ImageObject\"> <a href=\"http:\/\/www.tvturk.com\/index.php\/yagis-sebebiyle-kontrolden-cikan-kamyon-devrildi\/yagis-sebebiyle-kontrolden-cikan-kamyon-devrildi-3\/\" border=\"0\" itemprop=\"url\"> <meta itemprop=\"width\" content=\"496\"> <meta itemprop=\"height\" content=\"279\"> <img decoding=\"async\" class=\"\" data-attachment-id=\"11641\" data-orig-file=\"http:\/\/www.tvturk.com\/wp-content\/uploads\/2019\/02\/yagis-sebebiyle-kontrolden-cikan-kamyon-devrildi_59ddf11.jpg\" data-orig-size=\"1000,562\" data-comments-opened=\"\" data-image-meta=\"{&quot;aperture&quot;:&quot;0&quot;,&quot;credit&quot;:&quot;IHA&quot;,&quot;camera&quot;:&quot;&quot;,&quot;caption&quot;:&quot;\\u0130ZM\\u0130R\\u2019\\u0130N GAZ\\u0130EM\\u0130R \\u0130L\\u00c7ES\\u0130NDE, YA\\u011eI\\u015e SEBEB\\u0130YLE KONTROLDEN \\u00c7IKTI\\u011eI \\u0130DD\\u0130A ED\\u0130LEN KAMYON DEVR\\u0130L\\u0130RKEN, \\u015eANS ESER\\u0130 KAZADA CAN KAYBI YA\\u015eANMADI. (ABDULLAH KOCABA\\u015e\\\/\\u0130ZM\\u0130R-\\u0130HA)&quot;,&quot;created_timestamp&quot;:&quot;0&quot;,&quot;copyright&quot;:&quot;\\u0130HLAS HABER AJANSI, www.iha.com.tr&quot;,&quot;focal_length&quot;:&quot;0&quot;,&quot;iso&quot;:&quot;0&quot;,&quot;shutter_speed&quot;:&quot;0&quot;,&quot;title&quot;:&quot;YA\\u011eI\\u015e SEBEB\\u0130YLE KONTROLDEN \\u00c7IKAN KAMYON DEVR\\u0130LD\\u0130&quot;,&quot;orientation&quot;:&quot;0&quot;}\" data-image-title=\"Ya\u011f\u0131\u015f sebebiyle kontrolden \u00e7\u0131kan kamyon devrildi\" data-image-description=\"&lt;p&gt;Ya\u011f\u0131\u015f sebebiyle kontrolden \u00e7\u0131kan kamyon devrildi&lt;\/p&gt; \" data-medium-file=\"https:\/\/i0.wp.com\/www.tvturk.com\/wp-content\/uploads\/2019\/02\/yagis-sebebiyle-kontrolden-cikan-kamyon-devrildi_59ddf11.jpg?fit=300%2C169\" data-large-file=\"https:\/\/i0.wp.com\/www.tvturk.com\/wp-content\/uploads\/2019\/02\/yagis-sebebiyle-kontrolden-cikan-kamyon-devrildi_59ddf11.jpg?fit=1000%2C562\" src=\"https:\/\/i0.wp.com\/www.tvturk.com\/wp-content\/uploads\/2019\/02\/yagis-sebebiyle-kontrolden-cikan-kamyon-devrildi_59ddf11.jpg?w=496&#038;h=279\" srcset=\"https:\/\/i0.wp.com\/www.tvturk.com\/wp-content\/uploads\/2019\/02\/yagis-sebebiyle-kontrolden-cikan-kamyon-devrildi_59ddf11.jpg?w=1000 1000w, https:\/\/i0.wp.com\/www.tvturk.com\/wp-content\/uploads\/2019\/02\/yagis-sebebiyle-kontrolden-cikan-kamyon-devrildi_59ddf11.jpg?resize=150%2C84 150w, https:\/\/i0.wp.com\/www.tvturk.com\/wp-content\/uploads\/2019\/02\/yagis-sebebiyle-kontrolden-cikan-kamyon-devrildi_59ddf11.jpg?resize=300%2C169 300w, https:\/\/i0.wp.com\/www.tvturk.com\/wp-content\/uploads\/2019\/02\/yagis-sebebiyle-kontrolden-cikan-kamyon-devrildi_59ddf11.jpg?resize=768%2C432 768w, https:\/\/i0.wp.com\/www.tvturk.com\/wp-content\/uploads\/2019\/02\/yagis-sebebiyle-kontrolden-cikan-kamyon-devrildi_59ddf11.jpg?resize=200%2C113 200w\" width=\"496\" height=\"279\" loading=\"lazy\" data-original-width=\"496\" data-original-height=\"279\" itemprop=\"http:\/\/schema.org\/image\" title=\"Ya\u011f\u0131\u015f sebebiyle kontrolden \u00e7\u0131kan kamyon devrildi\" alt=\"Ya\u011f\u0131\u015f sebebiyle kontrolden \u00e7\u0131kan kamyon devrildi\" style=\"width: 496px; height: 279px;\" \/> <\/a> <\/div> <\/div> <!-- close group --> <\/div> <!-- close row --> <\/div><\/p>\n","protected":false},"excerpt":{"rendered":"<p>\u0130ZM\u0130R\u2019\u0130N GAZ\u0130EM\u0130R \u0130L\u00c7ES\u0130NDE, YA\u011eI\u015e SEBEB\u0130YLE KONTROLDEN \u00c7IKTI\u011eI \u0130DD\u0130A ED\u0130LEN KAMYON DEVR\u0130L\u0130RKEN, \u015eANS ESER\u0130 KAZADA CAN KAYBI YA\u015eANMADI.<\/p>\n","protected":false},"author":1,"featured_media":11640,"comment_status":"closed","ping_status":"open","sticky":false,"template":"","format":"standard","meta":{"jetpack_post_was_ever_published":false,"_jetpack_newsletter_access":"","_jetpack_dont_email_post_to_subs":false,"_jetpack_newsletter_tier_id":0,"_jetpack_memberships_contains_paywalled_content":false,"_jetpack_memberships_contains_paid_content":false,"footnotes":"","jetpack_publicize_message":"","jetpack_publicize_feature_enabled":true,"jetpack_social_post_already_shared":false,"jetpack_social_options":{"image_generator_settings":{"template":"highway","default_image_id":0,"font":"","enabled":false},"version":2}},"categories":[655],"tags":[2114,885,834,3838,1924,1577],"class_list":["post-11639","post","type-post","status-publish","format-standard","has-post-thumbnail","hentry","category-son-dakika","tag-cikan","tag-devrildi","tag-kamyon","tag-kontrolden","tag-sebebiyle","tag-yagis"],"jetpack_publicize_connections":[],"jetpack_featured_media_url":"https:\/\/i0.wp.com\/www.tvturk.com\/wp-content\/uploads\/2019\/02\/yagis-sebebiyle-kontrolden-cikan-kamyon-devrildi_ad6ce37.jpg?fit=1000%2C562","jetpack_sharing_enabled":true,"jetpack_shortlink":"https:\/\/wp.me\/paKIfm-31J","_links":{"self":[{"href":"http:\/\/www.tvturk.com\/index.php\/wp-json\/wp\/v2\/posts\/11639","targetHints":{"allow":["GET"]}}],"collection":[{"href":"http:\/\/www.tvturk.com\/index.php\/wp-json\/wp\/v2\/posts"}],"about":[{"href":"http:\/\/www.tvturk.com\/index.php\/wp-json\/wp\/v2\/types\/post"}],"author":[{"embeddable":true,"href":"http:\/\/www.tvturk.com\/index.php\/wp-json\/wp\/v2\/users\/1"}],"replies":[{"embeddable":true,"href":"http:\/\/www.tvturk.com\/index.php\/wp-json\/wp\/v2\/comments?post=11639"}],"version-history":[{"count":1,"href":"http:\/\/www.tvturk.com\/index.php\/wp-json\/wp\/v2\/posts\/11639\/revisions"}],"predecessor-version":[{"id":11642,"href":"http:\/\/www.tvturk.com\/index.php\/wp-json\/wp\/v2\/posts\/11639\/revisions\/11642"}],"wp:featuredmedia":[{"embeddable":true,"href":"http:\/\/www.tvturk.com\/index.php\/wp-json\/wp\/v2\/media\/11640"}],"wp:attachment":[{"href":"http:\/\/www.tvturk.com\/index.php\/wp-json\/wp\/v2\/media?parent=11639"}],"wp:term":[{"taxonomy":"category","embeddable":true,"href":"http:\/\/www.tvturk.com\/index.php\/wp-json\/wp\/v2\/categories?post=11639"},{"taxonomy":"post_tag","embeddable":true,"href":"http:\/\/www.tvturk.com\/index.php\/wp-json\/wp\/v2\/tags?post=11639"}],"curies":[{"name":"wp","href":"https:\/\/api.w.org\/{rel}","templated":true}]}}