{"id":116445,"date":"2019-03-28T14:57:32","date_gmt":"2019-03-28T11:57:32","guid":{"rendered":"http:\/\/www.tvturk.com\/index.php\/basaksehir-konyaspor-maci-hazirliklarini-surdurdu\/"},"modified":"2019-03-28T14:57:45","modified_gmt":"2019-03-28T11:57:45","slug":"basaksehir-konyaspor-maci-hazirliklarini-surdurdu","status":"publish","type":"post","link":"http:\/\/www.tvturk.com\/index.php\/basaksehir-konyaspor-maci-hazirliklarini-surdurdu\/","title":{"rendered":"Ba\u015fak\u015fehir, Konyaspor ma\u00e7\u0131 haz\u0131rl\u0131klar\u0131n\u0131 s\u00fcrd\u00fcrd\u00fc"},"content":{"rendered":"<p>Medipol Ba\u015fak\u015fehir, S\u00fcper Lig\u2019in 27. haftas\u0131nda sahas\u0131nda oynayaca\u011f\u0131 Atiker Konyaspor ma\u00e7\u0131n\u0131n haz\u0131rl\u0131klar\u0131n\u0131 bug\u00fcn yapt\u0131\u011f\u0131 antrenmanla s\u00fcrd\u00fcrd\u00fc.<\/p>\n<p>Teknik Direkt\u00f6r Abdullah Avc\u0131 y\u00f6netiminde ilk yar\u0131m saati bas\u0131na a\u00e7\u0131k ger\u00e7ekle\u015ftirilen idman, \u0131s\u0131nma hareketleriyle ba\u015flad\u0131. \u00c7abukluk ve denge \u00e7al\u0131\u015fmas\u0131yla devam eden antrenman, \u00e7ift kale ma\u00e7la sona erdi.<\/p>\n<p>Emre Bel\u00f6zo\u011flu ve Mert G\u00fcnok haricinde milli tak\u0131mlar\u0131nda yer alan futbolcular\u0131n izinli oldu\u011fu \u00e7al\u0131\u015fmaya Alexandru Epureanu ve \u0130rfan Can Kahveci de sakatl\u0131klar\u0131 sebebiyle kat\u0131lmad\u0131. Serdar Ta\u015f\u00e7\u0131 ile Riad Bajic\u2019in d\u00fcz ko\u015fu yapt\u0131\u011f\u0131 idmanda, Arda Turan da tedbir ama\u00e7l\u0131 dinlendirildi.<\/p>\n<p>Medipol Ba\u015fak\u015fehir, Konyaspor ma\u00e7\u0131 haz\u0131rl\u0131klar\u0131n\u0131 yar\u0131n yapaca\u011f\u0131 idmanla s\u00fcrd\u00fcrecek.<div class=\"tiled-gallery type-rectangular tiled-gallery-unresized\" data-original-width=\"500\" data-carousel-extra='null' itemscope itemtype=\"http:\/\/schema.org\/ImageGallery\" > <div class=\"gallery-row\" style=\"width: 500px; height: 231px;\" data-original-width=\"500\" data-original-height=\"231\" > <div class=\"gallery-group images-1\" style=\"width: 328px; height: 231px;\" data-original-width=\"328\" data-original-height=\"231\" > <div class=\"tiled-gallery-item tiled-gallery-item-large\" itemprop=\"associatedMedia\" itemscope itemtype=\"http:\/\/schema.org\/ImageObject\"> <a href=\"http:\/\/www.tvturk.com\/index.php\/basaksehir-konyaspor-maci-hazirliklarini-surdurdu\/basaksehir-konyaspor-maci-hazirliklarini-surdurdu-19\/\" border=\"0\" itemprop=\"url\"> <meta itemprop=\"width\" content=\"324\"> <meta itemprop=\"height\" content=\"227\"> <img decoding=\"async\" class=\"\" data-attachment-id=\"116447\" data-orig-file=\"http:\/\/www.tvturk.com\/wp-content\/uploads\/2019\/03\/basaksehir-konyaspor-maci-hazirliklarini-surdurdu_7dd3139.jpg\" data-orig-size=\"1000,700\" data-comments-opened=\"\" data-image-meta=\"{&quot;aperture&quot;:&quot;0&quot;,&quot;credit&quot;:&quot;IHA&quot;,&quot;camera&quot;:&quot;&quot;,&quot;caption&quot;:&quot;MED\\u0130POL BA\\u015eAK\\u015eEH\\u0130R, S\\u00dcPER L\\u0130G\\u2019\\u0130N 27. HAFTASINDA SAHASINDA OYNAYACA\\u011eI AT\\u0130KER KONYASPOR MA\\u00c7ININ HAZIRLIKLARINI BUG\\u00dcN YAPTI\\u011eI ANTRENMANLA S\\u00dcRD\\u00dcRD\\u00dc. (MEHMET \\u015e\\u0130R\\u0130N TOPALO\\u011eLU\\\/\\u0130STANBUL-\\u0130HA)&quot;,&quot;created_timestamp&quot;:&quot;0&quot;,&quot;copyright&quot;:&quot;\\u0130HLAS HABER AJANSI, www.iha.com.tr&quot;,&quot;focal_length&quot;:&quot;0&quot;,&quot;iso&quot;:&quot;0&quot;,&quot;shutter_speed&quot;:&quot;0&quot;,&quot;title&quot;:&quot;BA\\u015eAK\\u015eEH\\u0130R, KONYASPOR MA\\u00c7I HAZIRLIKLARINI S\\u00dcRD\\u00dcRD\\u00dc&quot;,&quot;orientation&quot;:&quot;0&quot;}\" data-image-title=\"Ba\u015fak\u015fehir, Konyaspor ma\u00e7\u0131 haz\u0131rl\u0131klar\u0131n\u0131 s\u00fcrd\u00fcrd\u00fc\" data-image-description=\"&lt;p&gt;Ba\u015fak\u015fehir, Konyaspor ma\u00e7\u0131 haz\u0131rl\u0131klar\u0131n\u0131 s\u00fcrd\u00fcrd\u00fc&lt;\/p&gt; \" data-medium-file=\"https:\/\/i0.wp.com\/www.tvturk.com\/wp-content\/uploads\/2019\/03\/basaksehir-konyaspor-maci-hazirliklarini-surdurdu_7dd3139.jpg?fit=300%2C210\" data-large-file=\"https:\/\/i0.wp.com\/www.tvturk.com\/wp-content\/uploads\/2019\/03\/basaksehir-konyaspor-maci-hazirliklarini-surdurdu_7dd3139.jpg?fit=1000%2C700\" src=\"https:\/\/i0.wp.com\/www.tvturk.com\/wp-content\/uploads\/2019\/03\/basaksehir-konyaspor-maci-hazirliklarini-surdurdu_7dd3139.jpg?w=324&#038;h=227\" srcset=\"https:\/\/i0.wp.com\/www.tvturk.com\/wp-content\/uploads\/2019\/03\/basaksehir-konyaspor-maci-hazirliklarini-surdurdu_7dd3139.jpg?w=1000 1000w, https:\/\/i0.wp.com\/www.tvturk.com\/wp-content\/uploads\/2019\/03\/basaksehir-konyaspor-maci-hazirliklarini-surdurdu_7dd3139.jpg?resize=150%2C105 150w, https:\/\/i0.wp.com\/www.tvturk.com\/wp-content\/uploads\/2019\/03\/basaksehir-konyaspor-maci-hazirliklarini-surdurdu_7dd3139.jpg?resize=300%2C210 300w, https:\/\/i0.wp.com\/www.tvturk.com\/wp-content\/uploads\/2019\/03\/basaksehir-konyaspor-maci-hazirliklarini-surdurdu_7dd3139.jpg?resize=768%2C538 768w, https:\/\/i0.wp.com\/www.tvturk.com\/wp-content\/uploads\/2019\/03\/basaksehir-konyaspor-maci-hazirliklarini-surdurdu_7dd3139.jpg?resize=80%2C55 80w\" width=\"324\" height=\"227\" loading=\"lazy\" data-original-width=\"324\" data-original-height=\"227\" itemprop=\"http:\/\/schema.org\/image\" title=\"Ba\u015fak\u015fehir, Konyaspor ma\u00e7\u0131 haz\u0131rl\u0131klar\u0131n\u0131 s\u00fcrd\u00fcrd\u00fc\" alt=\"Ba\u015fak\u015fehir, Konyaspor ma\u00e7\u0131 haz\u0131rl\u0131klar\u0131n\u0131 s\u00fcrd\u00fcrd\u00fc\" style=\"width: 324px; height: 227px;\" \/> <\/a> <\/div> <\/div> <!-- close group --> <div class=\"gallery-group images-2\" style=\"width: 172px; height: 231px;\" data-original-width=\"172\" data-original-height=\"231\" > <div class=\"tiled-gallery-item tiled-gallery-item-small\" itemprop=\"associatedMedia\" itemscope itemtype=\"http:\/\/schema.org\/ImageObject\"> <a href=\"http:\/\/www.tvturk.com\/index.php\/basaksehir-konyaspor-maci-hazirliklarini-surdurdu\/basaksehir-konyaspor-maci-hazirliklarini-surdurdu-20\/\" border=\"0\" itemprop=\"url\"> <meta itemprop=\"width\" content=\"168\"> <meta itemprop=\"height\" content=\"126\"> <img decoding=\"async\" class=\"\" data-attachment-id=\"116448\" data-orig-file=\"http:\/\/www.tvturk.com\/wp-content\/uploads\/2019\/03\/basaksehir-konyaspor-maci-hazirliklarini-surdurdu_fc0e570.jpg\" data-orig-size=\"1000,752\" data-comments-opened=\"\" data-image-meta=\"{&quot;aperture&quot;:&quot;0&quot;,&quot;credit&quot;:&quot;IHA&quot;,&quot;camera&quot;:&quot;&quot;,&quot;caption&quot;:&quot;MED\\u0130POL BA\\u015eAK\\u015eEH\\u0130R, S\\u00dcPER L\\u0130G\\u2019\\u0130N 27. HAFTASINDA SAHASINDA OYNAYACA\\u011eI AT\\u0130KER KONYASPOR MA\\u00c7ININ HAZIRLIKLARINI BUG\\u00dcN YAPTI\\u011eI ANTRENMANLA S\\u00dcRD\\u00dcRD\\u00dc. (MEHMET \\u015e\\u0130R\\u0130N TOPALO\\u011eLU\\\/\\u0130STANBUL-\\u0130HA)&quot;,&quot;created_timestamp&quot;:&quot;0&quot;,&quot;copyright&quot;:&quot;\\u0130HLAS HABER AJANSI, www.iha.com.tr&quot;,&quot;focal_length&quot;:&quot;0&quot;,&quot;iso&quot;:&quot;0&quot;,&quot;shutter_speed&quot;:&quot;0&quot;,&quot;title&quot;:&quot;BA\\u015eAK\\u015eEH\\u0130R, KONYASPOR MA\\u00c7I HAZIRLIKLARINI S\\u00dcRD\\u00dcRD\\u00dc&quot;,&quot;orientation&quot;:&quot;0&quot;}\" data-image-title=\"Ba\u015fak\u015fehir, Konyaspor ma\u00e7\u0131 haz\u0131rl\u0131klar\u0131n\u0131 s\u00fcrd\u00fcrd\u00fc\" data-image-description=\"&lt;p&gt;Ba\u015fak\u015fehir, Konyaspor ma\u00e7\u0131 haz\u0131rl\u0131klar\u0131n\u0131 s\u00fcrd\u00fcrd\u00fc&lt;\/p&gt; \" data-medium-file=\"https:\/\/i0.wp.com\/www.tvturk.com\/wp-content\/uploads\/2019\/03\/basaksehir-konyaspor-maci-hazirliklarini-surdurdu_fc0e570.jpg?fit=300%2C226\" data-large-file=\"https:\/\/i0.wp.com\/www.tvturk.com\/wp-content\/uploads\/2019\/03\/basaksehir-konyaspor-maci-hazirliklarini-surdurdu_fc0e570.jpg?fit=1000%2C752\" src=\"https:\/\/i0.wp.com\/www.tvturk.com\/wp-content\/uploads\/2019\/03\/basaksehir-konyaspor-maci-hazirliklarini-surdurdu_fc0e570.jpg?w=168&#038;h=126\" srcset=\"https:\/\/i0.wp.com\/www.tvturk.com\/wp-content\/uploads\/2019\/03\/basaksehir-konyaspor-maci-hazirliklarini-surdurdu_fc0e570.jpg?w=1000 1000w, https:\/\/i0.wp.com\/www.tvturk.com\/wp-content\/uploads\/2019\/03\/basaksehir-konyaspor-maci-hazirliklarini-surdurdu_fc0e570.jpg?resize=150%2C113 150w, https:\/\/i0.wp.com\/www.tvturk.com\/wp-content\/uploads\/2019\/03\/basaksehir-konyaspor-maci-hazirliklarini-surdurdu_fc0e570.jpg?resize=300%2C226 300w, https:\/\/i0.wp.com\/www.tvturk.com\/wp-content\/uploads\/2019\/03\/basaksehir-konyaspor-maci-hazirliklarini-surdurdu_fc0e570.jpg?resize=768%2C578 768w\" width=\"168\" height=\"126\" loading=\"lazy\" data-original-width=\"168\" data-original-height=\"126\" itemprop=\"http:\/\/schema.org\/image\" title=\"Ba\u015fak\u015fehir, Konyaspor ma\u00e7\u0131 haz\u0131rl\u0131klar\u0131n\u0131 s\u00fcrd\u00fcrd\u00fc\" alt=\"Ba\u015fak\u015fehir, Konyaspor ma\u00e7\u0131 haz\u0131rl\u0131klar\u0131n\u0131 s\u00fcrd\u00fcrd\u00fc\" style=\"width: 168px; height: 126px;\" \/> <\/a> <\/div> <div class=\"tiled-gallery-item tiled-gallery-item-small\" itemprop=\"associatedMedia\" itemscope itemtype=\"http:\/\/schema.org\/ImageObject\"> <a href=\"http:\/\/www.tvturk.com\/index.php\/basaksehir-konyaspor-maci-hazirliklarini-surdurdu\/basaksehir-konyaspor-maci-hazirliklarini-surdurdu-21\/\" border=\"0\" itemprop=\"url\"> <meta itemprop=\"width\" content=\"168\"> <meta itemprop=\"height\" content=\"97\"> <img decoding=\"async\" class=\"\" data-attachment-id=\"116449\" data-orig-file=\"http:\/\/www.tvturk.com\/wp-content\/uploads\/2019\/03\/basaksehir-konyaspor-maci-hazirliklarini-surdurdu_4e3b050.jpg\" data-orig-size=\"1000,579\" data-comments-opened=\"\" data-image-meta=\"{&quot;aperture&quot;:&quot;0&quot;,&quot;credit&quot;:&quot;IHA&quot;,&quot;camera&quot;:&quot;&quot;,&quot;caption&quot;:&quot;MED\\u0130POL BA\\u015eAK\\u015eEH\\u0130R, S\\u00dcPER L\\u0130G\\u2019\\u0130N 27. HAFTASINDA SAHASINDA OYNAYACA\\u011eI AT\\u0130KER KONYASPOR MA\\u00c7ININ HAZIRLIKLARINI BUG\\u00dcN YAPTI\\u011eI ANTRENMANLA S\\u00dcRD\\u00dcRD\\u00dc. (MEHMET \\u015e\\u0130R\\u0130N TOPALO\\u011eLU\\\/\\u0130STANBUL-\\u0130HA)&quot;,&quot;created_timestamp&quot;:&quot;0&quot;,&quot;copyright&quot;:&quot;\\u0130HLAS HABER AJANSI, www.iha.com.tr&quot;,&quot;focal_length&quot;:&quot;0&quot;,&quot;iso&quot;:&quot;0&quot;,&quot;shutter_speed&quot;:&quot;0&quot;,&quot;title&quot;:&quot;BA\\u015eAK\\u015eEH\\u0130R, KONYASPOR MA\\u00c7I HAZIRLIKLARINI S\\u00dcRD\\u00dcRD\\u00dc&quot;,&quot;orientation&quot;:&quot;0&quot;}\" data-image-title=\"Ba\u015fak\u015fehir, Konyaspor ma\u00e7\u0131 haz\u0131rl\u0131klar\u0131n\u0131 s\u00fcrd\u00fcrd\u00fc\" data-image-description=\"&lt;p&gt;Ba\u015fak\u015fehir, Konyaspor ma\u00e7\u0131 haz\u0131rl\u0131klar\u0131n\u0131 s\u00fcrd\u00fcrd\u00fc&lt;\/p&gt; \" data-medium-file=\"https:\/\/i0.wp.com\/www.tvturk.com\/wp-content\/uploads\/2019\/03\/basaksehir-konyaspor-maci-hazirliklarini-surdurdu_4e3b050.jpg?fit=300%2C174\" data-large-file=\"https:\/\/i0.wp.com\/www.tvturk.com\/wp-content\/uploads\/2019\/03\/basaksehir-konyaspor-maci-hazirliklarini-surdurdu_4e3b050.jpg?fit=1000%2C579\" src=\"https:\/\/i0.wp.com\/www.tvturk.com\/wp-content\/uploads\/2019\/03\/basaksehir-konyaspor-maci-hazirliklarini-surdurdu_4e3b050.jpg?w=168&#038;h=97\" srcset=\"https:\/\/i0.wp.com\/www.tvturk.com\/wp-content\/uploads\/2019\/03\/basaksehir-konyaspor-maci-hazirliklarini-surdurdu_4e3b050.jpg?w=1000 1000w, https:\/\/i0.wp.com\/www.tvturk.com\/wp-content\/uploads\/2019\/03\/basaksehir-konyaspor-maci-hazirliklarini-surdurdu_4e3b050.jpg?resize=150%2C87 150w, https:\/\/i0.wp.com\/www.tvturk.com\/wp-content\/uploads\/2019\/03\/basaksehir-konyaspor-maci-hazirliklarini-surdurdu_4e3b050.jpg?resize=300%2C174 300w, https:\/\/i0.wp.com\/www.tvturk.com\/wp-content\/uploads\/2019\/03\/basaksehir-konyaspor-maci-hazirliklarini-surdurdu_4e3b050.jpg?resize=768%2C445 768w, https:\/\/i0.wp.com\/www.tvturk.com\/wp-content\/uploads\/2019\/03\/basaksehir-konyaspor-maci-hazirliklarini-surdurdu_4e3b050.jpg?resize=380%2C220 380w\" width=\"168\" height=\"97\" loading=\"lazy\" data-original-width=\"168\" data-original-height=\"97\" itemprop=\"http:\/\/schema.org\/image\" title=\"Ba\u015fak\u015fehir, Konyaspor ma\u00e7\u0131 haz\u0131rl\u0131klar\u0131n\u0131 s\u00fcrd\u00fcrd\u00fc\" alt=\"Ba\u015fak\u015fehir, Konyaspor ma\u00e7\u0131 haz\u0131rl\u0131klar\u0131n\u0131 s\u00fcrd\u00fcrd\u00fc\" style=\"width: 168px; height: 97px;\" \/> <\/a> <\/div> <\/div> <!-- close group --> <\/div> <!-- close row --> <div class=\"gallery-row\" style=\"width: 500px; height: 264px;\" data-original-width=\"500\" data-original-height=\"264\" > <div class=\"gallery-group images-2\" style=\"width: 231px; height: 264px;\" data-original-width=\"231\" data-original-height=\"264\" > <div class=\"tiled-gallery-item tiled-gallery-item-small\" itemprop=\"associatedMedia\" itemscope itemtype=\"http:\/\/schema.org\/ImageObject\"> <a href=\"http:\/\/www.tvturk.com\/index.php\/basaksehir-konyaspor-maci-hazirliklarini-surdurdu\/basaksehir-konyaspor-maci-hazirliklarini-surdurdu-22\/\" border=\"0\" itemprop=\"url\"> <meta itemprop=\"width\" content=\"227\"> <meta itemprop=\"height\" content=\"124\"> <img decoding=\"async\" class=\"\" data-attachment-id=\"116450\" data-orig-file=\"http:\/\/www.tvturk.com\/wp-content\/uploads\/2019\/03\/basaksehir-konyaspor-maci-hazirliklarini-surdurdu_7f38657.jpg\" data-orig-size=\"1000,547\" data-comments-opened=\"\" data-image-meta=\"{&quot;aperture&quot;:&quot;0&quot;,&quot;credit&quot;:&quot;IHA&quot;,&quot;camera&quot;:&quot;&quot;,&quot;caption&quot;:&quot;MED\\u0130POL BA\\u015eAK\\u015eEH\\u0130R, S\\u00dcPER L\\u0130G\\u2019\\u0130N 27. HAFTASINDA SAHASINDA OYNAYACA\\u011eI AT\\u0130KER KONYASPOR MA\\u00c7ININ HAZIRLIKLARINI BUG\\u00dcN YAPTI\\u011eI ANTRENMANLA S\\u00dcRD\\u00dcRD\\u00dc. (MEHMET \\u015e\\u0130R\\u0130N TOPALO\\u011eLU\\\/\\u0130STANBUL-\\u0130HA)&quot;,&quot;created_timestamp&quot;:&quot;0&quot;,&quot;copyright&quot;:&quot;\\u0130HLAS HABER AJANSI, www.iha.com.tr&quot;,&quot;focal_length&quot;:&quot;0&quot;,&quot;iso&quot;:&quot;0&quot;,&quot;shutter_speed&quot;:&quot;0&quot;,&quot;title&quot;:&quot;BA\\u015eAK\\u015eEH\\u0130R, KONYASPOR MA\\u00c7I HAZIRLIKLARINI S\\u00dcRD\\u00dcRD\\u00dc&quot;,&quot;orientation&quot;:&quot;0&quot;}\" data-image-title=\"Ba\u015fak\u015fehir, Konyaspor ma\u00e7\u0131 haz\u0131rl\u0131klar\u0131n\u0131 s\u00fcrd\u00fcrd\u00fc\" data-image-description=\"&lt;p&gt;Ba\u015fak\u015fehir, Konyaspor ma\u00e7\u0131 haz\u0131rl\u0131klar\u0131n\u0131 s\u00fcrd\u00fcrd\u00fc&lt;\/p&gt; \" data-medium-file=\"https:\/\/i0.wp.com\/www.tvturk.com\/wp-content\/uploads\/2019\/03\/basaksehir-konyaspor-maci-hazirliklarini-surdurdu_7f38657.jpg?fit=300%2C164\" data-large-file=\"https:\/\/i0.wp.com\/www.tvturk.com\/wp-content\/uploads\/2019\/03\/basaksehir-konyaspor-maci-hazirliklarini-surdurdu_7f38657.jpg?fit=1000%2C547\" src=\"https:\/\/i0.wp.com\/www.tvturk.com\/wp-content\/uploads\/2019\/03\/basaksehir-konyaspor-maci-hazirliklarini-surdurdu_7f38657.jpg?w=227&#038;h=124\" srcset=\"https:\/\/i0.wp.com\/www.tvturk.com\/wp-content\/uploads\/2019\/03\/basaksehir-konyaspor-maci-hazirliklarini-surdurdu_7f38657.jpg?w=1000 1000w, https:\/\/i0.wp.com\/www.tvturk.com\/wp-content\/uploads\/2019\/03\/basaksehir-konyaspor-maci-hazirliklarini-surdurdu_7f38657.jpg?resize=150%2C82 150w, https:\/\/i0.wp.com\/www.tvturk.com\/wp-content\/uploads\/2019\/03\/basaksehir-konyaspor-maci-hazirliklarini-surdurdu_7f38657.jpg?resize=300%2C164 300w, https:\/\/i0.wp.com\/www.tvturk.com\/wp-content\/uploads\/2019\/03\/basaksehir-konyaspor-maci-hazirliklarini-surdurdu_7f38657.jpg?resize=768%2C420 768w\" width=\"227\" height=\"124\" loading=\"lazy\" data-original-width=\"227\" data-original-height=\"124\" itemprop=\"http:\/\/schema.org\/image\" title=\"Ba\u015fak\u015fehir, Konyaspor ma\u00e7\u0131 haz\u0131rl\u0131klar\u0131n\u0131 s\u00fcrd\u00fcrd\u00fc\" alt=\"Ba\u015fak\u015fehir, Konyaspor ma\u00e7\u0131 haz\u0131rl\u0131klar\u0131n\u0131 s\u00fcrd\u00fcrd\u00fc\" style=\"width: 227px; height: 124px;\" \/> <\/a> <\/div> <div class=\"tiled-gallery-item tiled-gallery-item-small\" itemprop=\"associatedMedia\" itemscope itemtype=\"http:\/\/schema.org\/ImageObject\"> <a href=\"http:\/\/www.tvturk.com\/index.php\/basaksehir-konyaspor-maci-hazirliklarini-surdurdu\/basaksehir-konyaspor-maci-hazirliklarini-surdurdu-23\/\" border=\"0\" itemprop=\"url\"> <meta itemprop=\"width\" content=\"227\"> <meta itemprop=\"height\" content=\"132\"> <img decoding=\"async\" class=\"\" data-attachment-id=\"116451\" data-orig-file=\"http:\/\/www.tvturk.com\/wp-content\/uploads\/2019\/03\/basaksehir-konyaspor-maci-hazirliklarini-surdurdu_e4a3297.jpg\" data-orig-size=\"1000,580\" data-comments-opened=\"\" data-image-meta=\"{&quot;aperture&quot;:&quot;0&quot;,&quot;credit&quot;:&quot;IHA&quot;,&quot;camera&quot;:&quot;&quot;,&quot;caption&quot;:&quot;MED\\u0130POL BA\\u015eAK\\u015eEH\\u0130R, S\\u00dcPER L\\u0130G\\u2019\\u0130N 27. HAFTASINDA SAHASINDA OYNAYACA\\u011eI AT\\u0130KER KONYASPOR MA\\u00c7ININ HAZIRLIKLARINI BUG\\u00dcN YAPTI\\u011eI ANTRENMANLA S\\u00dcRD\\u00dcRD\\u00dc. (MEHMET \\u015e\\u0130R\\u0130N TOPALO\\u011eLU\\\/\\u0130STANBUL-\\u0130HA)&quot;,&quot;created_timestamp&quot;:&quot;0&quot;,&quot;copyright&quot;:&quot;\\u0130HLAS HABER AJANSI, www.iha.com.tr&quot;,&quot;focal_length&quot;:&quot;0&quot;,&quot;iso&quot;:&quot;0&quot;,&quot;shutter_speed&quot;:&quot;0&quot;,&quot;title&quot;:&quot;BA\\u015eAK\\u015eEH\\u0130R, KONYASPOR MA\\u00c7I HAZIRLIKLARINI S\\u00dcRD\\u00dcRD\\u00dc&quot;,&quot;orientation&quot;:&quot;0&quot;}\" data-image-title=\"Ba\u015fak\u015fehir, Konyaspor ma\u00e7\u0131 haz\u0131rl\u0131klar\u0131n\u0131 s\u00fcrd\u00fcrd\u00fc\" data-image-description=\"&lt;p&gt;Ba\u015fak\u015fehir, Konyaspor ma\u00e7\u0131 haz\u0131rl\u0131klar\u0131n\u0131 s\u00fcrd\u00fcrd\u00fc&lt;\/p&gt; \" data-medium-file=\"https:\/\/i0.wp.com\/www.tvturk.com\/wp-content\/uploads\/2019\/03\/basaksehir-konyaspor-maci-hazirliklarini-surdurdu_e4a3297.jpg?fit=300%2C174\" data-large-file=\"https:\/\/i0.wp.com\/www.tvturk.com\/wp-content\/uploads\/2019\/03\/basaksehir-konyaspor-maci-hazirliklarini-surdurdu_e4a3297.jpg?fit=1000%2C580\" src=\"https:\/\/i0.wp.com\/www.tvturk.com\/wp-content\/uploads\/2019\/03\/basaksehir-konyaspor-maci-hazirliklarini-surdurdu_e4a3297.jpg?w=227&#038;h=132\" srcset=\"https:\/\/i0.wp.com\/www.tvturk.com\/wp-content\/uploads\/2019\/03\/basaksehir-konyaspor-maci-hazirliklarini-surdurdu_e4a3297.jpg?w=1000 1000w, https:\/\/i0.wp.com\/www.tvturk.com\/wp-content\/uploads\/2019\/03\/basaksehir-konyaspor-maci-hazirliklarini-surdurdu_e4a3297.jpg?resize=150%2C87 150w, https:\/\/i0.wp.com\/www.tvturk.com\/wp-content\/uploads\/2019\/03\/basaksehir-konyaspor-maci-hazirliklarini-surdurdu_e4a3297.jpg?resize=300%2C174 300w, https:\/\/i0.wp.com\/www.tvturk.com\/wp-content\/uploads\/2019\/03\/basaksehir-konyaspor-maci-hazirliklarini-surdurdu_e4a3297.jpg?resize=768%2C445 768w, https:\/\/i0.wp.com\/www.tvturk.com\/wp-content\/uploads\/2019\/03\/basaksehir-konyaspor-maci-hazirliklarini-surdurdu_e4a3297.jpg?resize=380%2C220 380w\" width=\"227\" height=\"132\" loading=\"lazy\" data-original-width=\"227\" data-original-height=\"132\" itemprop=\"http:\/\/schema.org\/image\" title=\"Ba\u015fak\u015fehir, Konyaspor ma\u00e7\u0131 haz\u0131rl\u0131klar\u0131n\u0131 s\u00fcrd\u00fcrd\u00fc\" alt=\"Ba\u015fak\u015fehir, Konyaspor ma\u00e7\u0131 haz\u0131rl\u0131klar\u0131n\u0131 s\u00fcrd\u00fcrd\u00fc\" style=\"width: 227px; height: 132px;\" \/> <\/a> <\/div> <\/div> <!-- close group --> <div class=\"gallery-group images-1\" style=\"width: 269px; height: 264px;\" data-original-width=\"269\" data-original-height=\"264\" > <div class=\"tiled-gallery-item tiled-gallery-item-large\" itemprop=\"associatedMedia\" itemscope itemtype=\"http:\/\/schema.org\/ImageObject\"> <a href=\"http:\/\/www.tvturk.com\/index.php\/basaksehir-konyaspor-maci-hazirliklarini-surdurdu\/basaksehir-konyaspor-maci-hazirliklarini-surdurdu-24\/\" border=\"0\" itemprop=\"url\"> <meta itemprop=\"width\" content=\"265\"> <meta itemprop=\"height\" content=\"260\"> <img decoding=\"async\" class=\"\" data-attachment-id=\"116452\" data-orig-file=\"http:\/\/www.tvturk.com\/wp-content\/uploads\/2019\/03\/basaksehir-konyaspor-maci-hazirliklarini-surdurdu_910166d.jpg\" data-orig-size=\"1000,983\" data-comments-opened=\"\" data-image-meta=\"{&quot;aperture&quot;:&quot;0&quot;,&quot;credit&quot;:&quot;IHA&quot;,&quot;camera&quot;:&quot;&quot;,&quot;caption&quot;:&quot;MED\\u0130POL BA\\u015eAK\\u015eEH\\u0130R, S\\u00dcPER L\\u0130G\\u2019\\u0130N 27. HAFTASINDA SAHASINDA OYNAYACA\\u011eI AT\\u0130KER KONYASPOR MA\\u00c7ININ HAZIRLIKLARINI BUG\\u00dcN YAPTI\\u011eI ANTRENMANLA S\\u00dcRD\\u00dcRD\\u00dc. (MEHMET \\u015e\\u0130R\\u0130N TOPALO\\u011eLU\\\/\\u0130STANBUL-\\u0130HA)&quot;,&quot;created_timestamp&quot;:&quot;0&quot;,&quot;copyright&quot;:&quot;\\u0130HLAS HABER AJANSI, www.iha.com.tr&quot;,&quot;focal_length&quot;:&quot;0&quot;,&quot;iso&quot;:&quot;0&quot;,&quot;shutter_speed&quot;:&quot;0&quot;,&quot;title&quot;:&quot;BA\\u015eAK\\u015eEH\\u0130R, KONYASPOR MA\\u00c7I HAZIRLIKLARINI S\\u00dcRD\\u00dcRD\\u00dc&quot;,&quot;orientation&quot;:&quot;0&quot;}\" data-image-title=\"Ba\u015fak\u015fehir, Konyaspor ma\u00e7\u0131 haz\u0131rl\u0131klar\u0131n\u0131 s\u00fcrd\u00fcrd\u00fc\" data-image-description=\"&lt;p&gt;Ba\u015fak\u015fehir, Konyaspor ma\u00e7\u0131 haz\u0131rl\u0131klar\u0131n\u0131 s\u00fcrd\u00fcrd\u00fc&lt;\/p&gt; \" data-medium-file=\"https:\/\/i0.wp.com\/www.tvturk.com\/wp-content\/uploads\/2019\/03\/basaksehir-konyaspor-maci-hazirliklarini-surdurdu_910166d.jpg?fit=300%2C295\" data-large-file=\"https:\/\/i0.wp.com\/www.tvturk.com\/wp-content\/uploads\/2019\/03\/basaksehir-konyaspor-maci-hazirliklarini-surdurdu_910166d.jpg?fit=1000%2C983\" src=\"https:\/\/i0.wp.com\/www.tvturk.com\/wp-content\/uploads\/2019\/03\/basaksehir-konyaspor-maci-hazirliklarini-surdurdu_910166d.jpg?w=265&#038;h=260\" srcset=\"https:\/\/i0.wp.com\/www.tvturk.com\/wp-content\/uploads\/2019\/03\/basaksehir-konyaspor-maci-hazirliklarini-surdurdu_910166d.jpg?w=1000 1000w, https:\/\/i0.wp.com\/www.tvturk.com\/wp-content\/uploads\/2019\/03\/basaksehir-konyaspor-maci-hazirliklarini-surdurdu_910166d.jpg?resize=150%2C147 150w, https:\/\/i0.wp.com\/www.tvturk.com\/wp-content\/uploads\/2019\/03\/basaksehir-konyaspor-maci-hazirliklarini-surdurdu_910166d.jpg?resize=300%2C295 300w, https:\/\/i0.wp.com\/www.tvturk.com\/wp-content\/uploads\/2019\/03\/basaksehir-konyaspor-maci-hazirliklarini-surdurdu_910166d.jpg?resize=768%2C755 768w\" width=\"265\" height=\"260\" loading=\"lazy\" data-original-width=\"265\" data-original-height=\"260\" itemprop=\"http:\/\/schema.org\/image\" title=\"Ba\u015fak\u015fehir, Konyaspor ma\u00e7\u0131 haz\u0131rl\u0131klar\u0131n\u0131 s\u00fcrd\u00fcrd\u00fc\" alt=\"Ba\u015fak\u015fehir, Konyaspor ma\u00e7\u0131 haz\u0131rl\u0131klar\u0131n\u0131 s\u00fcrd\u00fcrd\u00fc\" style=\"width: 265px; height: 260px;\" \/> <\/a> <\/div> <\/div> <!-- close group --> <\/div> <!-- close row --> <div class=\"gallery-row\" style=\"width: 500px; height: 198px;\" data-original-width=\"500\" data-original-height=\"198\" > <div class=\"gallery-group images-1\" style=\"width: 204px; height: 198px;\" data-original-width=\"204\" data-original-height=\"198\" > <div class=\"tiled-gallery-item tiled-gallery-item-small\" itemprop=\"associatedMedia\" itemscope itemtype=\"http:\/\/schema.org\/ImageObject\"> <a href=\"http:\/\/www.tvturk.com\/index.php\/basaksehir-konyaspor-maci-hazirliklarini-surdurdu\/basaksehir-konyaspor-maci-hazirliklarini-surdurdu-25\/\" border=\"0\" itemprop=\"url\"> <meta itemprop=\"width\" content=\"200\"> <meta itemprop=\"height\" content=\"194\"> <img decoding=\"async\" class=\"\" data-attachment-id=\"116453\" data-orig-file=\"http:\/\/www.tvturk.com\/wp-content\/uploads\/2019\/03\/basaksehir-konyaspor-maci-hazirliklarini-surdurdu_67d6291.jpg\" data-orig-size=\"1000,967\" data-comments-opened=\"\" data-image-meta=\"{&quot;aperture&quot;:&quot;0&quot;,&quot;credit&quot;:&quot;IHA&quot;,&quot;camera&quot;:&quot;&quot;,&quot;caption&quot;:&quot;MED\\u0130POL BA\\u015eAK\\u015eEH\\u0130R, S\\u00dcPER L\\u0130G\\u2019\\u0130N 27. HAFTASINDA SAHASINDA OYNAYACA\\u011eI AT\\u0130KER KONYASPOR MA\\u00c7ININ HAZIRLIKLARINI BUG\\u00dcN YAPTI\\u011eI ANTRENMANLA S\\u00dcRD\\u00dcRD\\u00dc. (MEHMET \\u015e\\u0130R\\u0130N TOPALO\\u011eLU\\\/\\u0130STANBUL-\\u0130HA)&quot;,&quot;created_timestamp&quot;:&quot;0&quot;,&quot;copyright&quot;:&quot;\\u0130HLAS HABER AJANSI, www.iha.com.tr&quot;,&quot;focal_length&quot;:&quot;0&quot;,&quot;iso&quot;:&quot;0&quot;,&quot;shutter_speed&quot;:&quot;0&quot;,&quot;title&quot;:&quot;BA\\u015eAK\\u015eEH\\u0130R, KONYASPOR MA\\u00c7I HAZIRLIKLARINI S\\u00dcRD\\u00dcRD\\u00dc&quot;,&quot;orientation&quot;:&quot;0&quot;}\" data-image-title=\"Ba\u015fak\u015fehir, Konyaspor ma\u00e7\u0131 haz\u0131rl\u0131klar\u0131n\u0131 s\u00fcrd\u00fcrd\u00fc\" data-image-description=\"&lt;p&gt;Ba\u015fak\u015fehir, Konyaspor ma\u00e7\u0131 haz\u0131rl\u0131klar\u0131n\u0131 s\u00fcrd\u00fcrd\u00fc&lt;\/p&gt; \" data-medium-file=\"https:\/\/i0.wp.com\/www.tvturk.com\/wp-content\/uploads\/2019\/03\/basaksehir-konyaspor-maci-hazirliklarini-surdurdu_67d6291.jpg?fit=300%2C290\" data-large-file=\"https:\/\/i0.wp.com\/www.tvturk.com\/wp-content\/uploads\/2019\/03\/basaksehir-konyaspor-maci-hazirliklarini-surdurdu_67d6291.jpg?fit=1000%2C967\" src=\"https:\/\/i0.wp.com\/www.tvturk.com\/wp-content\/uploads\/2019\/03\/basaksehir-konyaspor-maci-hazirliklarini-surdurdu_67d6291.jpg?w=200&#038;h=194\" srcset=\"https:\/\/i0.wp.com\/www.tvturk.com\/wp-content\/uploads\/2019\/03\/basaksehir-konyaspor-maci-hazirliklarini-surdurdu_67d6291.jpg?w=1000 1000w, https:\/\/i0.wp.com\/www.tvturk.com\/wp-content\/uploads\/2019\/03\/basaksehir-konyaspor-maci-hazirliklarini-surdurdu_67d6291.jpg?resize=150%2C145 150w, https:\/\/i0.wp.com\/www.tvturk.com\/wp-content\/uploads\/2019\/03\/basaksehir-konyaspor-maci-hazirliklarini-surdurdu_67d6291.jpg?resize=300%2C290 300w, https:\/\/i0.wp.com\/www.tvturk.com\/wp-content\/uploads\/2019\/03\/basaksehir-konyaspor-maci-hazirliklarini-surdurdu_67d6291.jpg?resize=768%2C743 768w\" width=\"200\" height=\"194\" loading=\"lazy\" data-original-width=\"200\" data-original-height=\"194\" itemprop=\"http:\/\/schema.org\/image\" title=\"Ba\u015fak\u015fehir, Konyaspor ma\u00e7\u0131 haz\u0131rl\u0131klar\u0131n\u0131 s\u00fcrd\u00fcrd\u00fc\" alt=\"Ba\u015fak\u015fehir, Konyaspor ma\u00e7\u0131 haz\u0131rl\u0131klar\u0131n\u0131 s\u00fcrd\u00fcrd\u00fc\" style=\"width: 200px; height: 194px;\" \/> <\/a> <\/div> <\/div> <!-- close group --> <div class=\"gallery-group images-1\" style=\"width: 296px; height: 198px;\" data-original-width=\"296\" data-original-height=\"198\" > <div class=\"tiled-gallery-item tiled-gallery-item-large\" itemprop=\"associatedMedia\" itemscope itemtype=\"http:\/\/schema.org\/ImageObject\"> <a href=\"http:\/\/www.tvturk.com\/index.php\/basaksehir-konyaspor-maci-hazirliklarini-surdurdu\/basaksehir-konyaspor-maci-hazirliklarini-surdurdu-26\/\" border=\"0\" itemprop=\"url\"> <meta itemprop=\"width\" content=\"292\"> <meta itemprop=\"height\" content=\"194\"> <img decoding=\"async\" class=\"\" data-attachment-id=\"116454\" data-orig-file=\"http:\/\/www.tvturk.com\/wp-content\/uploads\/2019\/03\/basaksehir-konyaspor-maci-hazirliklarini-surdurdu_6969d52.jpg\" data-orig-size=\"1000,665\" data-comments-opened=\"\" data-image-meta=\"{&quot;aperture&quot;:&quot;0&quot;,&quot;credit&quot;:&quot;IHA&quot;,&quot;camera&quot;:&quot;&quot;,&quot;caption&quot;:&quot;MED\\u0130POL BA\\u015eAK\\u015eEH\\u0130R, S\\u00dcPER L\\u0130G\\u2019\\u0130N 27. HAFTASINDA SAHASINDA OYNAYACA\\u011eI AT\\u0130KER KONYASPOR MA\\u00c7ININ HAZIRLIKLARINI BUG\\u00dcN YAPTI\\u011eI ANTRENMANLA S\\u00dcRD\\u00dcRD\\u00dc. (MEHMET \\u015e\\u0130R\\u0130N TOPALO\\u011eLU\\\/\\u0130STANBUL-\\u0130HA)&quot;,&quot;created_timestamp&quot;:&quot;0&quot;,&quot;copyright&quot;:&quot;\\u0130HLAS HABER AJANSI, www.iha.com.tr&quot;,&quot;focal_length&quot;:&quot;0&quot;,&quot;iso&quot;:&quot;0&quot;,&quot;shutter_speed&quot;:&quot;0&quot;,&quot;title&quot;:&quot;BA\\u015eAK\\u015eEH\\u0130R, KONYASPOR MA\\u00c7I HAZIRLIKLARINI S\\u00dcRD\\u00dcRD\\u00dc&quot;,&quot;orientation&quot;:&quot;0&quot;}\" data-image-title=\"Ba\u015fak\u015fehir, Konyaspor ma\u00e7\u0131 haz\u0131rl\u0131klar\u0131n\u0131 s\u00fcrd\u00fcrd\u00fc\" data-image-description=\"&lt;p&gt;Ba\u015fak\u015fehir, Konyaspor ma\u00e7\u0131 haz\u0131rl\u0131klar\u0131n\u0131 s\u00fcrd\u00fcrd\u00fc&lt;\/p&gt; \" data-medium-file=\"https:\/\/i0.wp.com\/www.tvturk.com\/wp-content\/uploads\/2019\/03\/basaksehir-konyaspor-maci-hazirliklarini-surdurdu_6969d52.jpg?fit=300%2C200\" data-large-file=\"https:\/\/i0.wp.com\/www.tvturk.com\/wp-content\/uploads\/2019\/03\/basaksehir-konyaspor-maci-hazirliklarini-surdurdu_6969d52.jpg?fit=1000%2C665\" src=\"https:\/\/i0.wp.com\/www.tvturk.com\/wp-content\/uploads\/2019\/03\/basaksehir-konyaspor-maci-hazirliklarini-surdurdu_6969d52.jpg?w=292&#038;h=194\" srcset=\"https:\/\/i0.wp.com\/www.tvturk.com\/wp-content\/uploads\/2019\/03\/basaksehir-konyaspor-maci-hazirliklarini-surdurdu_6969d52.jpg?w=1000 1000w, https:\/\/i0.wp.com\/www.tvturk.com\/wp-content\/uploads\/2019\/03\/basaksehir-konyaspor-maci-hazirliklarini-surdurdu_6969d52.jpg?resize=150%2C100 150w, https:\/\/i0.wp.com\/www.tvturk.com\/wp-content\/uploads\/2019\/03\/basaksehir-konyaspor-maci-hazirliklarini-surdurdu_6969d52.jpg?resize=300%2C200 300w, https:\/\/i0.wp.com\/www.tvturk.com\/wp-content\/uploads\/2019\/03\/basaksehir-konyaspor-maci-hazirliklarini-surdurdu_6969d52.jpg?resize=768%2C511 768w, https:\/\/i0.wp.com\/www.tvturk.com\/wp-content\/uploads\/2019\/03\/basaksehir-konyaspor-maci-hazirliklarini-surdurdu_6969d52.jpg?resize=170%2C113 170w, https:\/\/i0.wp.com\/www.tvturk.com\/wp-content\/uploads\/2019\/03\/basaksehir-konyaspor-maci-hazirliklarini-surdurdu_6969d52.jpg?resize=120%2C80 120w\" width=\"292\" height=\"194\" loading=\"lazy\" data-original-width=\"292\" data-original-height=\"194\" itemprop=\"http:\/\/schema.org\/image\" title=\"Ba\u015fak\u015fehir, Konyaspor ma\u00e7\u0131 haz\u0131rl\u0131klar\u0131n\u0131 s\u00fcrd\u00fcrd\u00fc\" alt=\"Ba\u015fak\u015fehir, Konyaspor ma\u00e7\u0131 haz\u0131rl\u0131klar\u0131n\u0131 s\u00fcrd\u00fcrd\u00fc\" style=\"width: 292px; height: 194px;\" \/> <\/a> <\/div> <\/div> <!-- close group --> <\/div> <!-- close row --> <div class=\"gallery-row\" style=\"width: 500px; height: 211px;\" data-original-width=\"500\" data-original-height=\"211\" > <div class=\"gallery-group images-1\" style=\"width: 261px; height: 211px;\" data-original-width=\"261\" data-original-height=\"211\" > <div class=\"tiled-gallery-item tiled-gallery-item-large\" itemprop=\"associatedMedia\" itemscope itemtype=\"http:\/\/schema.org\/ImageObject\"> <a href=\"http:\/\/www.tvturk.com\/index.php\/basaksehir-konyaspor-maci-hazirliklarini-surdurdu\/basaksehir-konyaspor-maci-hazirliklarini-surdurdu-27\/\" border=\"0\" itemprop=\"url\"> <meta itemprop=\"width\" content=\"257\"> <meta itemprop=\"height\" content=\"207\"> <img decoding=\"async\" class=\"\" data-attachment-id=\"116455\" data-orig-file=\"http:\/\/www.tvturk.com\/wp-content\/uploads\/2019\/03\/basaksehir-konyaspor-maci-hazirliklarini-surdurdu_3ccf70b.jpg\" data-orig-size=\"1000,808\" data-comments-opened=\"\" data-image-meta=\"{&quot;aperture&quot;:&quot;0&quot;,&quot;credit&quot;:&quot;IHA&quot;,&quot;camera&quot;:&quot;&quot;,&quot;caption&quot;:&quot;MED\\u0130POL BA\\u015eAK\\u015eEH\\u0130R, S\\u00dcPER L\\u0130G\\u2019\\u0130N 27. HAFTASINDA SAHASINDA OYNAYACA\\u011eI AT\\u0130KER KONYASPOR MA\\u00c7ININ HAZIRLIKLARINI BUG\\u00dcN YAPTI\\u011eI ANTRENMANLA S\\u00dcRD\\u00dcRD\\u00dc. (MEHMET \\u015e\\u0130R\\u0130N TOPALO\\u011eLU\\\/\\u0130STANBUL-\\u0130HA)&quot;,&quot;created_timestamp&quot;:&quot;0&quot;,&quot;copyright&quot;:&quot;\\u0130HLAS HABER AJANSI, www.iha.com.tr&quot;,&quot;focal_length&quot;:&quot;0&quot;,&quot;iso&quot;:&quot;0&quot;,&quot;shutter_speed&quot;:&quot;0&quot;,&quot;title&quot;:&quot;BA\\u015eAK\\u015eEH\\u0130R, KONYASPOR MA\\u00c7I HAZIRLIKLARINI S\\u00dcRD\\u00dcRD\\u00dc&quot;,&quot;orientation&quot;:&quot;0&quot;}\" data-image-title=\"Ba\u015fak\u015fehir, Konyaspor ma\u00e7\u0131 haz\u0131rl\u0131klar\u0131n\u0131 s\u00fcrd\u00fcrd\u00fc\" data-image-description=\"&lt;p&gt;Ba\u015fak\u015fehir, Konyaspor ma\u00e7\u0131 haz\u0131rl\u0131klar\u0131n\u0131 s\u00fcrd\u00fcrd\u00fc&lt;\/p&gt; \" data-medium-file=\"https:\/\/i0.wp.com\/www.tvturk.com\/wp-content\/uploads\/2019\/03\/basaksehir-konyaspor-maci-hazirliklarini-surdurdu_3ccf70b.jpg?fit=300%2C242\" data-large-file=\"https:\/\/i0.wp.com\/www.tvturk.com\/wp-content\/uploads\/2019\/03\/basaksehir-konyaspor-maci-hazirliklarini-surdurdu_3ccf70b.jpg?fit=1000%2C808\" src=\"https:\/\/i0.wp.com\/www.tvturk.com\/wp-content\/uploads\/2019\/03\/basaksehir-konyaspor-maci-hazirliklarini-surdurdu_3ccf70b.jpg?w=257&#038;h=207\" srcset=\"https:\/\/i0.wp.com\/www.tvturk.com\/wp-content\/uploads\/2019\/03\/basaksehir-konyaspor-maci-hazirliklarini-surdurdu_3ccf70b.jpg?w=1000 1000w, https:\/\/i0.wp.com\/www.tvturk.com\/wp-content\/uploads\/2019\/03\/basaksehir-konyaspor-maci-hazirliklarini-surdurdu_3ccf70b.jpg?resize=150%2C121 150w, https:\/\/i0.wp.com\/www.tvturk.com\/wp-content\/uploads\/2019\/03\/basaksehir-konyaspor-maci-hazirliklarini-surdurdu_3ccf70b.jpg?resize=300%2C242 300w, https:\/\/i0.wp.com\/www.tvturk.com\/wp-content\/uploads\/2019\/03\/basaksehir-konyaspor-maci-hazirliklarini-surdurdu_3ccf70b.jpg?resize=768%2C621 768w\" width=\"257\" height=\"207\" loading=\"lazy\" data-original-width=\"257\" data-original-height=\"207\" itemprop=\"http:\/\/schema.org\/image\" title=\"Ba\u015fak\u015fehir, Konyaspor ma\u00e7\u0131 haz\u0131rl\u0131klar\u0131n\u0131 s\u00fcrd\u00fcrd\u00fc\" alt=\"Ba\u015fak\u015fehir, Konyaspor ma\u00e7\u0131 haz\u0131rl\u0131klar\u0131n\u0131 s\u00fcrd\u00fcrd\u00fc\" style=\"width: 257px; height: 207px;\" \/> <\/a> <\/div> <\/div> <!-- close group --> <div class=\"gallery-group images-1\" style=\"width: 239px; height: 211px;\" data-original-width=\"239\" data-original-height=\"211\" > <div class=\"tiled-gallery-item tiled-gallery-item-small\" itemprop=\"associatedMedia\" itemscope itemtype=\"http:\/\/schema.org\/ImageObject\"> <a href=\"http:\/\/www.tvturk.com\/index.php\/basaksehir-konyaspor-maci-hazirliklarini-surdurdu\/basaksehir-konyaspor-maci-hazirliklarini-surdurdu-28\/\" border=\"0\" itemprop=\"url\"> <meta itemprop=\"width\" content=\"235\"> <meta itemprop=\"height\" content=\"207\"> <img decoding=\"async\" class=\"\" data-attachment-id=\"116456\" data-orig-file=\"http:\/\/www.tvturk.com\/wp-content\/uploads\/2019\/03\/basaksehir-konyaspor-maci-hazirliklarini-surdurdu_883c641.jpg\" data-orig-size=\"1000,882\" data-comments-opened=\"\" data-image-meta=\"{&quot;aperture&quot;:&quot;0&quot;,&quot;credit&quot;:&quot;IHA&quot;,&quot;camera&quot;:&quot;&quot;,&quot;caption&quot;:&quot;MED\\u0130POL BA\\u015eAK\\u015eEH\\u0130R, S\\u00dcPER L\\u0130G\\u2019\\u0130N 27. HAFTASINDA SAHASINDA OYNAYACA\\u011eI AT\\u0130KER KONYASPOR MA\\u00c7ININ HAZIRLIKLARINI BUG\\u00dcN YAPTI\\u011eI ANTRENMANLA S\\u00dcRD\\u00dcRD\\u00dc. (MEHMET \\u015e\\u0130R\\u0130N TOPALO\\u011eLU\\\/\\u0130STANBUL-\\u0130HA)&quot;,&quot;created_timestamp&quot;:&quot;0&quot;,&quot;copyright&quot;:&quot;\\u0130HLAS HABER AJANSI, www.iha.com.tr&quot;,&quot;focal_length&quot;:&quot;0&quot;,&quot;iso&quot;:&quot;0&quot;,&quot;shutter_speed&quot;:&quot;0&quot;,&quot;title&quot;:&quot;BA\\u015eAK\\u015eEH\\u0130R, KONYASPOR MA\\u00c7I HAZIRLIKLARINI S\\u00dcRD\\u00dcRD\\u00dc&quot;,&quot;orientation&quot;:&quot;0&quot;}\" data-image-title=\"Ba\u015fak\u015fehir, Konyaspor ma\u00e7\u0131 haz\u0131rl\u0131klar\u0131n\u0131 s\u00fcrd\u00fcrd\u00fc\" data-image-description=\"&lt;p&gt;Ba\u015fak\u015fehir, Konyaspor ma\u00e7\u0131 haz\u0131rl\u0131klar\u0131n\u0131 s\u00fcrd\u00fcrd\u00fc&lt;\/p&gt; \" data-medium-file=\"https:\/\/i0.wp.com\/www.tvturk.com\/wp-content\/uploads\/2019\/03\/basaksehir-konyaspor-maci-hazirliklarini-surdurdu_883c641.jpg?fit=300%2C265\" data-large-file=\"https:\/\/i0.wp.com\/www.tvturk.com\/wp-content\/uploads\/2019\/03\/basaksehir-konyaspor-maci-hazirliklarini-surdurdu_883c641.jpg?fit=1000%2C882\" src=\"https:\/\/i0.wp.com\/www.tvturk.com\/wp-content\/uploads\/2019\/03\/basaksehir-konyaspor-maci-hazirliklarini-surdurdu_883c641.jpg?w=235&#038;h=207\" srcset=\"https:\/\/i0.wp.com\/www.tvturk.com\/wp-content\/uploads\/2019\/03\/basaksehir-konyaspor-maci-hazirliklarini-surdurdu_883c641.jpg?w=1000 1000w, https:\/\/i0.wp.com\/www.tvturk.com\/wp-content\/uploads\/2019\/03\/basaksehir-konyaspor-maci-hazirliklarini-surdurdu_883c641.jpg?resize=150%2C132 150w, https:\/\/i0.wp.com\/www.tvturk.com\/wp-content\/uploads\/2019\/03\/basaksehir-konyaspor-maci-hazirliklarini-surdurdu_883c641.jpg?resize=300%2C265 300w, https:\/\/i0.wp.com\/www.tvturk.com\/wp-content\/uploads\/2019\/03\/basaksehir-konyaspor-maci-hazirliklarini-surdurdu_883c641.jpg?resize=768%2C677 768w\" width=\"235\" height=\"207\" loading=\"lazy\" data-original-width=\"235\" data-original-height=\"207\" itemprop=\"http:\/\/schema.org\/image\" title=\"Ba\u015fak\u015fehir, Konyaspor ma\u00e7\u0131 haz\u0131rl\u0131klar\u0131n\u0131 s\u00fcrd\u00fcrd\u00fc\" alt=\"Ba\u015fak\u015fehir, Konyaspor ma\u00e7\u0131 haz\u0131rl\u0131klar\u0131n\u0131 s\u00fcrd\u00fcrd\u00fc\" style=\"width: 235px; height: 207px;\" \/> <\/a> <\/div> <\/div> <!-- close group --> <\/div> <!-- close row --> <div class=\"gallery-row\" style=\"width: 500px; height: 198px;\" data-original-width=\"500\" data-original-height=\"198\" > <div class=\"gallery-group images-1\" style=\"width: 276px; height: 198px;\" data-original-width=\"276\" data-original-height=\"198\" > <div class=\"tiled-gallery-item tiled-gallery-item-large\" itemprop=\"associatedMedia\" itemscope itemtype=\"http:\/\/schema.org\/ImageObject\"> <a href=\"http:\/\/www.tvturk.com\/index.php\/basaksehir-konyaspor-maci-hazirliklarini-surdurdu\/basaksehir-konyaspor-maci-hazirliklarini-surdurdu-29\/\" border=\"0\" itemprop=\"url\"> <meta itemprop=\"width\" content=\"272\"> <meta itemprop=\"height\" content=\"194\"> <img decoding=\"async\" class=\"\" data-attachment-id=\"116457\" data-orig-file=\"http:\/\/www.tvturk.com\/wp-content\/uploads\/2019\/03\/basaksehir-konyaspor-maci-hazirliklarini-surdurdu_928fa4d.jpg\" data-orig-size=\"1000,712\" data-comments-opened=\"\" data-image-meta=\"{&quot;aperture&quot;:&quot;0&quot;,&quot;credit&quot;:&quot;IHA&quot;,&quot;camera&quot;:&quot;&quot;,&quot;caption&quot;:&quot;MED\\u0130POL BA\\u015eAK\\u015eEH\\u0130R, S\\u00dcPER L\\u0130G\\u2019\\u0130N 27. HAFTASINDA SAHASINDA OYNAYACA\\u011eI AT\\u0130KER KONYASPOR MA\\u00c7ININ HAZIRLIKLARINI BUG\\u00dcN YAPTI\\u011eI ANTRENMANLA S\\u00dcRD\\u00dcRD\\u00dc. (MEHMET \\u015e\\u0130R\\u0130N TOPALO\\u011eLU\\\/\\u0130STANBUL-\\u0130HA)&quot;,&quot;created_timestamp&quot;:&quot;0&quot;,&quot;copyright&quot;:&quot;\\u0130HLAS HABER AJANSI, www.iha.com.tr&quot;,&quot;focal_length&quot;:&quot;0&quot;,&quot;iso&quot;:&quot;0&quot;,&quot;shutter_speed&quot;:&quot;0&quot;,&quot;title&quot;:&quot;BA\\u015eAK\\u015eEH\\u0130R, KONYASPOR MA\\u00c7I HAZIRLIKLARINI S\\u00dcRD\\u00dcRD\\u00dc&quot;,&quot;orientation&quot;:&quot;0&quot;}\" data-image-title=\"Ba\u015fak\u015fehir, Konyaspor ma\u00e7\u0131 haz\u0131rl\u0131klar\u0131n\u0131 s\u00fcrd\u00fcrd\u00fc\" data-image-description=\"&lt;p&gt;Ba\u015fak\u015fehir, Konyaspor ma\u00e7\u0131 haz\u0131rl\u0131klar\u0131n\u0131 s\u00fcrd\u00fcrd\u00fc&lt;\/p&gt; \" data-medium-file=\"https:\/\/i0.wp.com\/www.tvturk.com\/wp-content\/uploads\/2019\/03\/basaksehir-konyaspor-maci-hazirliklarini-surdurdu_928fa4d.jpg?fit=300%2C214\" data-large-file=\"https:\/\/i0.wp.com\/www.tvturk.com\/wp-content\/uploads\/2019\/03\/basaksehir-konyaspor-maci-hazirliklarini-surdurdu_928fa4d.jpg?fit=1000%2C712\" src=\"https:\/\/i0.wp.com\/www.tvturk.com\/wp-content\/uploads\/2019\/03\/basaksehir-konyaspor-maci-hazirliklarini-surdurdu_928fa4d.jpg?w=272&#038;h=194\" srcset=\"https:\/\/i0.wp.com\/www.tvturk.com\/wp-content\/uploads\/2019\/03\/basaksehir-konyaspor-maci-hazirliklarini-surdurdu_928fa4d.jpg?w=1000 1000w, https:\/\/i0.wp.com\/www.tvturk.com\/wp-content\/uploads\/2019\/03\/basaksehir-konyaspor-maci-hazirliklarini-surdurdu_928fa4d.jpg?resize=150%2C107 150w, https:\/\/i0.wp.com\/www.tvturk.com\/wp-content\/uploads\/2019\/03\/basaksehir-konyaspor-maci-hazirliklarini-surdurdu_928fa4d.jpg?resize=300%2C214 300w, https:\/\/i0.wp.com\/www.tvturk.com\/wp-content\/uploads\/2019\/03\/basaksehir-konyaspor-maci-hazirliklarini-surdurdu_928fa4d.jpg?resize=768%2C547 768w\" width=\"272\" height=\"194\" loading=\"lazy\" data-original-width=\"272\" data-original-height=\"194\" itemprop=\"http:\/\/schema.org\/image\" title=\"Ba\u015fak\u015fehir, Konyaspor ma\u00e7\u0131 haz\u0131rl\u0131klar\u0131n\u0131 s\u00fcrd\u00fcrd\u00fc\" alt=\"Ba\u015fak\u015fehir, Konyaspor ma\u00e7\u0131 haz\u0131rl\u0131klar\u0131n\u0131 s\u00fcrd\u00fcrd\u00fc\" style=\"width: 272px; height: 194px;\" \/> <\/a> <\/div> <\/div> <!-- close group --> <div class=\"gallery-group images-1\" style=\"width: 224px; height: 198px;\" data-original-width=\"224\" data-original-height=\"198\" > <div class=\"tiled-gallery-item tiled-gallery-item-small\" itemprop=\"associatedMedia\" itemscope itemtype=\"http:\/\/schema.org\/ImageObject\"> <a href=\"http:\/\/www.tvturk.com\/index.php\/basaksehir-konyaspor-maci-hazirliklarini-surdurdu\/basaksehir-konyaspor-maci-hazirliklarini-surdurdu-30\/\" border=\"0\" itemprop=\"url\"> <meta itemprop=\"width\" content=\"220\"> <meta itemprop=\"height\" content=\"194\"> <img decoding=\"async\" class=\"\" data-attachment-id=\"116458\" data-orig-file=\"http:\/\/www.tvturk.com\/wp-content\/uploads\/2019\/03\/basaksehir-konyaspor-maci-hazirliklarini-surdurdu_bdf9a4b.jpg\" data-orig-size=\"1000,881\" data-comments-opened=\"\" data-image-meta=\"{&quot;aperture&quot;:&quot;0&quot;,&quot;credit&quot;:&quot;IHA&quot;,&quot;camera&quot;:&quot;&quot;,&quot;caption&quot;:&quot;MED\\u0130POL BA\\u015eAK\\u015eEH\\u0130R, S\\u00dcPER L\\u0130G\\u2019\\u0130N 27. HAFTASINDA SAHASINDA OYNAYACA\\u011eI AT\\u0130KER KONYASPOR MA\\u00c7ININ HAZIRLIKLARINI BUG\\u00dcN YAPTI\\u011eI ANTRENMANLA S\\u00dcRD\\u00dcRD\\u00dc. (MEHMET \\u015e\\u0130R\\u0130N TOPALO\\u011eLU\\\/\\u0130STANBUL-\\u0130HA)&quot;,&quot;created_timestamp&quot;:&quot;0&quot;,&quot;copyright&quot;:&quot;\\u0130HLAS HABER AJANSI, www.iha.com.tr&quot;,&quot;focal_length&quot;:&quot;0&quot;,&quot;iso&quot;:&quot;0&quot;,&quot;shutter_speed&quot;:&quot;0&quot;,&quot;title&quot;:&quot;BA\\u015eAK\\u015eEH\\u0130R, KONYASPOR MA\\u00c7I HAZIRLIKLARINI S\\u00dcRD\\u00dcRD\\u00dc&quot;,&quot;orientation&quot;:&quot;0&quot;}\" data-image-title=\"Ba\u015fak\u015fehir, Konyaspor ma\u00e7\u0131 haz\u0131rl\u0131klar\u0131n\u0131 s\u00fcrd\u00fcrd\u00fc\" data-image-description=\"&lt;p&gt;Ba\u015fak\u015fehir, Konyaspor ma\u00e7\u0131 haz\u0131rl\u0131klar\u0131n\u0131 s\u00fcrd\u00fcrd\u00fc&lt;\/p&gt; \" data-medium-file=\"https:\/\/i0.wp.com\/www.tvturk.com\/wp-content\/uploads\/2019\/03\/basaksehir-konyaspor-maci-hazirliklarini-surdurdu_bdf9a4b.jpg?fit=300%2C264\" data-large-file=\"https:\/\/i0.wp.com\/www.tvturk.com\/wp-content\/uploads\/2019\/03\/basaksehir-konyaspor-maci-hazirliklarini-surdurdu_bdf9a4b.jpg?fit=1000%2C881\" src=\"https:\/\/i0.wp.com\/www.tvturk.com\/wp-content\/uploads\/2019\/03\/basaksehir-konyaspor-maci-hazirliklarini-surdurdu_bdf9a4b.jpg?w=220&#038;h=194\" srcset=\"https:\/\/i0.wp.com\/www.tvturk.com\/wp-content\/uploads\/2019\/03\/basaksehir-konyaspor-maci-hazirliklarini-surdurdu_bdf9a4b.jpg?w=1000 1000w, https:\/\/i0.wp.com\/www.tvturk.com\/wp-content\/uploads\/2019\/03\/basaksehir-konyaspor-maci-hazirliklarini-surdurdu_bdf9a4b.jpg?resize=150%2C132 150w, https:\/\/i0.wp.com\/www.tvturk.com\/wp-content\/uploads\/2019\/03\/basaksehir-konyaspor-maci-hazirliklarini-surdurdu_bdf9a4b.jpg?resize=300%2C264 300w, https:\/\/i0.wp.com\/www.tvturk.com\/wp-content\/uploads\/2019\/03\/basaksehir-konyaspor-maci-hazirliklarini-surdurdu_bdf9a4b.jpg?resize=768%2C677 768w\" width=\"220\" height=\"194\" loading=\"lazy\" data-original-width=\"220\" data-original-height=\"194\" itemprop=\"http:\/\/schema.org\/image\" title=\"Ba\u015fak\u015fehir, Konyaspor ma\u00e7\u0131 haz\u0131rl\u0131klar\u0131n\u0131 s\u00fcrd\u00fcrd\u00fc\" alt=\"Ba\u015fak\u015fehir, Konyaspor ma\u00e7\u0131 haz\u0131rl\u0131klar\u0131n\u0131 s\u00fcrd\u00fcrd\u00fc\" style=\"width: 220px; height: 194px;\" \/> <\/a> <\/div> <\/div> <!-- close group --> <\/div> <!-- close row --> <div class=\"gallery-row\" style=\"width: 500px; height: 268px;\" data-original-width=\"500\" data-original-height=\"268\" > <div class=\"gallery-group images-1\" style=\"width: 233px; height: 268px;\" data-original-width=\"233\" data-original-height=\"268\" > <div class=\"tiled-gallery-item tiled-gallery-item-small\" itemprop=\"associatedMedia\" itemscope itemtype=\"http:\/\/schema.org\/ImageObject\"> <a href=\"http:\/\/www.tvturk.com\/index.php\/basaksehir-konyaspor-maci-hazirliklarini-surdurdu\/basaksehir-konyaspor-maci-hazirliklarini-surdurdu-31\/\" border=\"0\" itemprop=\"url\"> <meta itemprop=\"width\" content=\"229\"> <meta itemprop=\"height\" content=\"264\"> <img decoding=\"async\" class=\"\" data-attachment-id=\"116459\" data-orig-file=\"http:\/\/www.tvturk.com\/wp-content\/uploads\/2019\/03\/basaksehir-konyaspor-maci-hazirliklarini-surdurdu_6d00201.jpg\" data-orig-size=\"868,1000\" data-comments-opened=\"\" data-image-meta=\"{&quot;aperture&quot;:&quot;0&quot;,&quot;credit&quot;:&quot;IHA&quot;,&quot;camera&quot;:&quot;&quot;,&quot;caption&quot;:&quot;MED\\u0130POL BA\\u015eAK\\u015eEH\\u0130R, S\\u00dcPER L\\u0130G\\u2019\\u0130N 27. HAFTASINDA SAHASINDA OYNAYACA\\u011eI AT\\u0130KER KONYASPOR MA\\u00c7ININ HAZIRLIKLARINI BUG\\u00dcN YAPTI\\u011eI ANTRENMANLA S\\u00dcRD\\u00dcRD\\u00dc. (MEHMET \\u015e\\u0130R\\u0130N TOPALO\\u011eLU\\\/\\u0130STANBUL-\\u0130HA)&quot;,&quot;created_timestamp&quot;:&quot;0&quot;,&quot;copyright&quot;:&quot;\\u0130HLAS HABER AJANSI, www.iha.com.tr&quot;,&quot;focal_length&quot;:&quot;0&quot;,&quot;iso&quot;:&quot;0&quot;,&quot;shutter_speed&quot;:&quot;0&quot;,&quot;title&quot;:&quot;BA\\u015eAK\\u015eEH\\u0130R, KONYASPOR MA\\u00c7I HAZIRLIKLARINI S\\u00dcRD\\u00dcRD\\u00dc&quot;,&quot;orientation&quot;:&quot;0&quot;}\" data-image-title=\"Ba\u015fak\u015fehir, Konyaspor ma\u00e7\u0131 haz\u0131rl\u0131klar\u0131n\u0131 s\u00fcrd\u00fcrd\u00fc\" data-image-description=\"&lt;p&gt;Ba\u015fak\u015fehir, Konyaspor ma\u00e7\u0131 haz\u0131rl\u0131klar\u0131n\u0131 s\u00fcrd\u00fcrd\u00fc&lt;\/p&gt; \" data-medium-file=\"https:\/\/i0.wp.com\/www.tvturk.com\/wp-content\/uploads\/2019\/03\/basaksehir-konyaspor-maci-hazirliklarini-surdurdu_6d00201.jpg?fit=260%2C300\" data-large-file=\"https:\/\/i0.wp.com\/www.tvturk.com\/wp-content\/uploads\/2019\/03\/basaksehir-konyaspor-maci-hazirliklarini-surdurdu_6d00201.jpg?fit=868%2C1000\" src=\"https:\/\/i0.wp.com\/www.tvturk.com\/wp-content\/uploads\/2019\/03\/basaksehir-konyaspor-maci-hazirliklarini-surdurdu_6d00201.jpg?w=229&#038;h=264\" srcset=\"https:\/\/i0.wp.com\/www.tvturk.com\/wp-content\/uploads\/2019\/03\/basaksehir-konyaspor-maci-hazirliklarini-surdurdu_6d00201.jpg?w=868 868w, https:\/\/i0.wp.com\/www.tvturk.com\/wp-content\/uploads\/2019\/03\/basaksehir-konyaspor-maci-hazirliklarini-surdurdu_6d00201.jpg?resize=130%2C150 130w, https:\/\/i0.wp.com\/www.tvturk.com\/wp-content\/uploads\/2019\/03\/basaksehir-konyaspor-maci-hazirliklarini-surdurdu_6d00201.jpg?resize=260%2C300 260w, https:\/\/i0.wp.com\/www.tvturk.com\/wp-content\/uploads\/2019\/03\/basaksehir-konyaspor-maci-hazirliklarini-surdurdu_6d00201.jpg?resize=768%2C885 768w\" width=\"229\" height=\"264\" loading=\"lazy\" data-original-width=\"229\" data-original-height=\"264\" itemprop=\"http:\/\/schema.org\/image\" title=\"Ba\u015fak\u015fehir, Konyaspor ma\u00e7\u0131 haz\u0131rl\u0131klar\u0131n\u0131 s\u00fcrd\u00fcrd\u00fc\" alt=\"Ba\u015fak\u015fehir, Konyaspor ma\u00e7\u0131 haz\u0131rl\u0131klar\u0131n\u0131 s\u00fcrd\u00fcrd\u00fc\" style=\"width: 229px; height: 264px;\" \/> <\/a> <\/div> <\/div> <!-- close group --> <div class=\"gallery-group images-1\" style=\"width: 267px; height: 268px;\" data-original-width=\"267\" data-original-height=\"268\" > <div class=\"tiled-gallery-item tiled-gallery-item-large\" itemprop=\"associatedMedia\" itemscope itemtype=\"http:\/\/schema.org\/ImageObject\"> <a href=\"http:\/\/www.tvturk.com\/index.php\/basaksehir-konyaspor-maci-hazirliklarini-surdurdu\/basaksehir-konyaspor-maci-hazirliklarini-surdurdu-32\/\" border=\"0\" itemprop=\"url\"> <meta itemprop=\"width\" content=\"263\"> <meta itemprop=\"height\" content=\"264\"> <img decoding=\"async\" class=\"\" data-attachment-id=\"116460\" data-orig-file=\"http:\/\/www.tvturk.com\/wp-content\/uploads\/2019\/03\/basaksehir-konyaspor-maci-hazirliklarini-surdurdu_a87cfca.jpg\" data-orig-size=\"999,1000\" data-comments-opened=\"\" data-image-meta=\"{&quot;aperture&quot;:&quot;0&quot;,&quot;credit&quot;:&quot;IHA&quot;,&quot;camera&quot;:&quot;&quot;,&quot;caption&quot;:&quot;MED\\u0130POL BA\\u015eAK\\u015eEH\\u0130R, S\\u00dcPER L\\u0130G\\u2019\\u0130N 27. HAFTASINDA SAHASINDA OYNAYACA\\u011eI AT\\u0130KER KONYASPOR MA\\u00c7ININ HAZIRLIKLARINI BUG\\u00dcN YAPTI\\u011eI ANTRENMANLA S\\u00dcRD\\u00dcRD\\u00dc. (MEHMET \\u015e\\u0130R\\u0130N TOPALO\\u011eLU\\\/\\u0130STANBUL-\\u0130HA)&quot;,&quot;created_timestamp&quot;:&quot;0&quot;,&quot;copyright&quot;:&quot;\\u0130HLAS HABER AJANSI, www.iha.com.tr&quot;,&quot;focal_length&quot;:&quot;0&quot;,&quot;iso&quot;:&quot;0&quot;,&quot;shutter_speed&quot;:&quot;0&quot;,&quot;title&quot;:&quot;BA\\u015eAK\\u015eEH\\u0130R, KONYASPOR MA\\u00c7I HAZIRLIKLARINI S\\u00dcRD\\u00dcRD\\u00dc&quot;,&quot;orientation&quot;:&quot;0&quot;}\" data-image-title=\"Ba\u015fak\u015fehir, Konyaspor ma\u00e7\u0131 haz\u0131rl\u0131klar\u0131n\u0131 s\u00fcrd\u00fcrd\u00fc\" data-image-description=\"&lt;p&gt;Ba\u015fak\u015fehir, Konyaspor ma\u00e7\u0131 haz\u0131rl\u0131klar\u0131n\u0131 s\u00fcrd\u00fcrd\u00fc&lt;\/p&gt; \" data-medium-file=\"https:\/\/i0.wp.com\/www.tvturk.com\/wp-content\/uploads\/2019\/03\/basaksehir-konyaspor-maci-hazirliklarini-surdurdu_a87cfca.jpg?fit=300%2C300\" data-large-file=\"https:\/\/i0.wp.com\/www.tvturk.com\/wp-content\/uploads\/2019\/03\/basaksehir-konyaspor-maci-hazirliklarini-surdurdu_a87cfca.jpg?fit=999%2C1000\" src=\"https:\/\/i0.wp.com\/www.tvturk.com\/wp-content\/uploads\/2019\/03\/basaksehir-konyaspor-maci-hazirliklarini-surdurdu_a87cfca.jpg?w=263&#038;h=264\" srcset=\"https:\/\/i0.wp.com\/www.tvturk.com\/wp-content\/uploads\/2019\/03\/basaksehir-konyaspor-maci-hazirliklarini-surdurdu_a87cfca.jpg?w=999 999w, https:\/\/i0.wp.com\/www.tvturk.com\/wp-content\/uploads\/2019\/03\/basaksehir-konyaspor-maci-hazirliklarini-surdurdu_a87cfca.jpg?resize=150%2C150 150w, https:\/\/i0.wp.com\/www.tvturk.com\/wp-content\/uploads\/2019\/03\/basaksehir-konyaspor-maci-hazirliklarini-surdurdu_a87cfca.jpg?resize=300%2C300 300w, https:\/\/i0.wp.com\/www.tvturk.com\/wp-content\/uploads\/2019\/03\/basaksehir-konyaspor-maci-hazirliklarini-surdurdu_a87cfca.jpg?resize=768%2C769 768w\" width=\"263\" height=\"264\" loading=\"lazy\" data-original-width=\"263\" data-original-height=\"264\" itemprop=\"http:\/\/schema.org\/image\" title=\"Ba\u015fak\u015fehir, Konyaspor ma\u00e7\u0131 haz\u0131rl\u0131klar\u0131n\u0131 s\u00fcrd\u00fcrd\u00fc\" alt=\"Ba\u015fak\u015fehir, Konyaspor ma\u00e7\u0131 haz\u0131rl\u0131klar\u0131n\u0131 s\u00fcrd\u00fcrd\u00fc\" style=\"width: 263px; height: 264px;\" \/> <\/a> <\/div> <\/div> <!-- close group --> <\/div> <!-- close row --> <div class=\"gallery-row\" style=\"width: 500px; height: 594px;\" data-original-width=\"500\" data-original-height=\"594\" > <div class=\"gallery-group images-1\" style=\"width: 500px; height: 594px;\" data-original-width=\"500\" data-original-height=\"594\" > <div class=\"tiled-gallery-item tiled-gallery-item-large\" itemprop=\"associatedMedia\" itemscope itemtype=\"http:\/\/schema.org\/ImageObject\"> <a href=\"http:\/\/www.tvturk.com\/index.php\/basaksehir-konyaspor-maci-hazirliklarini-surdurdu\/basaksehir-konyaspor-maci-hazirliklarini-surdurdu-33\/\" border=\"0\" itemprop=\"url\"> <meta itemprop=\"width\" content=\"496\"> <meta itemprop=\"height\" content=\"590\"> <img decoding=\"async\" class=\"\" data-attachment-id=\"116461\" data-orig-file=\"http:\/\/www.tvturk.com\/wp-content\/uploads\/2019\/03\/basaksehir-konyaspor-maci-hazirliklarini-surdurdu_b76d325.jpg\" data-orig-size=\"841,1000\" data-comments-opened=\"\" data-image-meta=\"{&quot;aperture&quot;:&quot;0&quot;,&quot;credit&quot;:&quot;IHA&quot;,&quot;camera&quot;:&quot;&quot;,&quot;caption&quot;:&quot;MED\\u0130POL BA\\u015eAK\\u015eEH\\u0130R, S\\u00dcPER L\\u0130G\\u2019\\u0130N 27. HAFTASINDA SAHASINDA OYNAYACA\\u011eI AT\\u0130KER KONYASPOR MA\\u00c7ININ HAZIRLIKLARINI BUG\\u00dcN YAPTI\\u011eI ANTRENMANLA S\\u00dcRD\\u00dcRD\\u00dc. (MEHMET \\u015e\\u0130R\\u0130N TOPALO\\u011eLU\\\/\\u0130STANBUL-\\u0130HA)&quot;,&quot;created_timestamp&quot;:&quot;0&quot;,&quot;copyright&quot;:&quot;\\u0130HLAS HABER AJANSI, www.iha.com.tr&quot;,&quot;focal_length&quot;:&quot;0&quot;,&quot;iso&quot;:&quot;0&quot;,&quot;shutter_speed&quot;:&quot;0&quot;,&quot;title&quot;:&quot;BA\\u015eAK\\u015eEH\\u0130R, KONYASPOR MA\\u00c7I HAZIRLIKLARINI S\\u00dcRD\\u00dcRD\\u00dc&quot;,&quot;orientation&quot;:&quot;0&quot;}\" data-image-title=\"Ba\u015fak\u015fehir, Konyaspor ma\u00e7\u0131 haz\u0131rl\u0131klar\u0131n\u0131 s\u00fcrd\u00fcrd\u00fc\" data-image-description=\"&lt;p&gt;Ba\u015fak\u015fehir, Konyaspor ma\u00e7\u0131 haz\u0131rl\u0131klar\u0131n\u0131 s\u00fcrd\u00fcrd\u00fc&lt;\/p&gt; \" data-medium-file=\"https:\/\/i0.wp.com\/www.tvturk.com\/wp-content\/uploads\/2019\/03\/basaksehir-konyaspor-maci-hazirliklarini-surdurdu_b76d325.jpg?fit=252%2C300\" data-large-file=\"https:\/\/i0.wp.com\/www.tvturk.com\/wp-content\/uploads\/2019\/03\/basaksehir-konyaspor-maci-hazirliklarini-surdurdu_b76d325.jpg?fit=841%2C1000\" src=\"https:\/\/i0.wp.com\/www.tvturk.com\/wp-content\/uploads\/2019\/03\/basaksehir-konyaspor-maci-hazirliklarini-surdurdu_b76d325.jpg?w=496&#038;h=590\" srcset=\"https:\/\/i0.wp.com\/www.tvturk.com\/wp-content\/uploads\/2019\/03\/basaksehir-konyaspor-maci-hazirliklarini-surdurdu_b76d325.jpg?w=841 841w, https:\/\/i0.wp.com\/www.tvturk.com\/wp-content\/uploads\/2019\/03\/basaksehir-konyaspor-maci-hazirliklarini-surdurdu_b76d325.jpg?resize=126%2C150 126w, https:\/\/i0.wp.com\/www.tvturk.com\/wp-content\/uploads\/2019\/03\/basaksehir-konyaspor-maci-hazirliklarini-surdurdu_b76d325.jpg?resize=252%2C300 252w, https:\/\/i0.wp.com\/www.tvturk.com\/wp-content\/uploads\/2019\/03\/basaksehir-konyaspor-maci-hazirliklarini-surdurdu_b76d325.jpg?resize=768%2C913 768w\" width=\"496\" height=\"590\" loading=\"lazy\" data-original-width=\"496\" data-original-height=\"590\" itemprop=\"http:\/\/schema.org\/image\" title=\"Ba\u015fak\u015fehir, Konyaspor ma\u00e7\u0131 haz\u0131rl\u0131klar\u0131n\u0131 s\u00fcrd\u00fcrd\u00fc\" alt=\"Ba\u015fak\u015fehir, Konyaspor ma\u00e7\u0131 haz\u0131rl\u0131klar\u0131n\u0131 s\u00fcrd\u00fcrd\u00fc\" style=\"width: 496px; height: 590px;\" \/> <\/a> <\/div> <\/div> <!-- close group --> <\/div> <!-- close row --> <\/div><\/p>\n","protected":false},"excerpt":{"rendered":"<p>MED\u0130POL BA\u015eAK\u015eEH\u0130R, S\u00dcPER L\u0130G\u2019\u0130N 27. HAFTASINDA SAHASINDA OYNAYACA\u011eI AT\u0130KER KONYASPOR MA\u00c7ININ HAZIRLIKLARINI BUG\u00dcN YAPTI\u011eI ANTRENMANLA S\u00dcRD\u00dcRD\u00dc.<\/p>\n","protected":false},"author":1,"featured_media":116446,"comment_status":"closed","ping_status":"open","sticky":false,"template":"","format":"standard","meta":{"jetpack_post_was_ever_published":false,"_jetpack_newsletter_access":"","_jetpack_dont_email_post_to_subs":false,"_jetpack_newsletter_tier_id":0,"_jetpack_memberships_contains_paywalled_content":false,"_jetpack_memberships_contains_paid_content":false,"footnotes":"","jetpack_publicize_message":"","jetpack_publicize_feature_enabled":true,"jetpack_social_post_already_shared":true,"jetpack_social_options":{"image_generator_settings":{"template":"highway","default_image_id":0,"font":"","enabled":false},"version":2}},"categories":[657],"tags":[6004,2628,3505,777,2629],"class_list":["post-116445","post","type-post","status-publish","format-standard","has-post-thumbnail","hentry","category-spor","tag-basaksehir","tag-hazirliklarini","tag-konyaspor","tag-maci","tag-surdurdu"],"jetpack_publicize_connections":[],"jetpack_featured_media_url":"https:\/\/i0.wp.com\/www.tvturk.com\/wp-content\/uploads\/2019\/03\/basaksehir-konyaspor-maci-hazirliklarini-surdurdu_f10e8fc.jpg?fit=1000%2C891","jetpack_sharing_enabled":true,"jetpack_shortlink":"https:\/\/wp.me\/paKIfm-ui9","_links":{"self":[{"href":"http:\/\/www.tvturk.com\/index.php\/wp-json\/wp\/v2\/posts\/116445","targetHints":{"allow":["GET"]}}],"collection":[{"href":"http:\/\/www.tvturk.com\/index.php\/wp-json\/wp\/v2\/posts"}],"about":[{"href":"http:\/\/www.tvturk.com\/index.php\/wp-json\/wp\/v2\/types\/post"}],"author":[{"embeddable":true,"href":"http:\/\/www.tvturk.com\/index.php\/wp-json\/wp\/v2\/users\/1"}],"replies":[{"embeddable":true,"href":"http:\/\/www.tvturk.com\/index.php\/wp-json\/wp\/v2\/comments?post=116445"}],"version-history":[{"count":1,"href":"http:\/\/www.tvturk.com\/index.php\/wp-json\/wp\/v2\/posts\/116445\/revisions"}],"predecessor-version":[{"id":116462,"href":"http:\/\/www.tvturk.com\/index.php\/wp-json\/wp\/v2\/posts\/116445\/revisions\/116462"}],"wp:featuredmedia":[{"embeddable":true,"href":"http:\/\/www.tvturk.com\/index.php\/wp-json\/wp\/v2\/media\/116446"}],"wp:attachment":[{"href":"http:\/\/www.tvturk.com\/index.php\/wp-json\/wp\/v2\/media?parent=116445"}],"wp:term":[{"taxonomy":"category","embeddable":true,"href":"http:\/\/www.tvturk.com\/index.php\/wp-json\/wp\/v2\/categories?post=116445"},{"taxonomy":"post_tag","embeddable":true,"href":"http:\/\/www.tvturk.com\/index.php\/wp-json\/wp\/v2\/tags?post=116445"}],"curies":[{"name":"wp","href":"https:\/\/api.w.org\/{rel}","templated":true}]}}