{"id":116573,"date":"2019-03-28T16:05:09","date_gmt":"2019-03-28T13:05:09","guid":{"rendered":"http:\/\/www.tvturk.com\/index.php\/bu-listede-erkeklere-yer-yok\/"},"modified":"2019-03-28T16:05:16","modified_gmt":"2019-03-28T13:05:16","slug":"bu-listede-erkeklere-yer-yok","status":"publish","type":"post","link":"http:\/\/www.tvturk.com\/index.php\/bu-listede-erkeklere-yer-yok\/","title":{"rendered":"Bu listede \u2018erkeklere\u2019 yer yok"},"content":{"rendered":"<p>Edirne merkez Kocasinan Mahallesi\u2019nde muhtar ve azal\u0131k yar\u0131\u015f\u0131na kat\u0131lan bir aday\u0131n listesinde erkekler yer alm\u0131yor. Muhtar aday\u0131 ev han\u0131m\u0131 Cevahir \u00d6ztepe, aza aday listesinin tamam\u0131n\u0131 da kad\u0131nlardan olu\u015fturdu.<\/p>\n<p>Edirne\u2019nin, 10 bini a\u015fk\u0131n n\u00fcfusuyla en b\u00fcy\u00fck mahallerinden birisi olan Kocasinan Mahallesi\u2019nde, 31 Mart Pazar g\u00fcn\u00fc yap\u0131lacak yerel se\u00e7imler \u00f6ncesi, muhtarl\u0131k yar\u0131\u015f\u0131nda olu\u015fturulan bir liste se\u00e7menlerin b\u00fcy\u00fck dikkatini \u00e7ekti. Muhtar aday\u0131 ev han\u0131m\u0131 Cevahir \u00d6ztepe, 8 ki\u015filik aza aday listesinin tamam\u0131n\u0131 da kad\u0131nlardan olu\u015fturdu.<\/p>\n<p>&#8220;Kad\u0131nlar her dalda olmal\u0131 diye d\u00fc\u015f\u00fcn\u00fcyorum&#8221;<\/p>\n<p>Kocasinan Mahallesi Muhtar Aday\u0131 ev han\u0131m\u0131 Cevahir \u00d6ztepe, &#8220;Arkada\u015flar\u0131mla birlikte bu yolda \u00e7ok iyi \u00e7al\u0131\u015fmalar yapaca\u011f\u0131m\u0131za inan\u0131yoruz. Ge\u00e7en y\u0131l akl\u0131ma geldi ve dedim ki, \u2018Ben neden muhtar aday\u0131 olmuyorum. Ben bu i\u015fi yapabilirim\u2019 diye d\u00fc\u015f\u00fcnd\u00fcm ve bu konuda da \u00e7ok cesaretliyimdir. Y\u0131llar \u00f6nce de sosyal faaliyetlerim oldu. Arkada\u015flar\u0131ma bu d\u00fc\u015f\u00fcncemi a\u00e7\u0131klad\u0131m ve bana \u00e7ok destek verdiler. Arkada\u015flar\u0131mla beraber azalar\u0131m olarak bu yola karar verdik. \u00c7al\u0131\u015fmalar\u0131m\u0131z\u0131 yapmaya ba\u015flad\u0131k. Kad\u0131nlar\u0131n her dalda olmas\u0131 gerekiyor diye d\u00fc\u015f\u00fcyorum. Baz\u0131 kad\u0131nlar\u0131m\u0131z\u0131n bask\u0131dan dolay\u0131, ailelerinden, e\u015flerinden gelen bask\u0131lardan dolay\u0131 kendi yapamad\u0131klar\u0131 ve yapmak istedikleri ama yapamad\u0131klar\u0131, belki biz de onlar i\u00e7in bir \u0131\u015f\u0131k oluyoruz. Kad\u0131nlar her dalda olmal\u0131 diye d\u00fc\u015f\u00fcn\u00fcyorum&#8221; dedi.<\/p>\n<p>&#8220;Erkek se\u00e7menlerden de \u00e7ok olumlu yorumlar al\u0131yoruz&#8221;<\/p>\n<p>Kocasinan Mahallesi aza aday\u0131 emekli Selva Atalan, &#8220;Muhtar aday\u0131 arkada\u015f\u0131mla dostlu\u011fumuz 35 y\u0131l \u00f6ncesine dayan\u0131yor. Bize bu d\u00fc\u015f\u00fcncesinden bahsedince sonuna kadar destek olaca\u011f\u0131m\u0131z\u0131n s\u00f6z\u00fcn\u00fc vermi\u015ftim. Birlikte \u00e7al\u0131\u015f\u0131yoruz. \u0130n\u015fallah mahallemiz ad\u0131na g\u00fczel \u015feyler d\u00fc\u015f\u00fcn\u00fcyoruz. E\u011fer arkada\u015f\u0131m\u0131z se\u00e7ilirse de bunlar\u0131 hayata ge\u00e7irmeyi d\u00fc\u015f\u00fcn\u00fcyoruz. G\u00fczel projelerimiz var, umar\u0131m istedi\u011fimiz gibi olur her \u015fey. Herkesten \u00e7ok olumlu tepkiler al\u0131yoruz. \u00c7ok mutlu oluyorlar \u2018iyi ki bir kad\u0131n aday oldu\u2019 gibi. Erkek se\u00e7menlerden de \u00e7ok olumlu yorumlar al\u0131yoruz&#8221; ifadelerini kulland\u0131.<\/p>\n<p>\u00d6te yandan, muhtarl\u0131\u011fa adayl\u0131\u011f\u0131n\u0131 koyan ev han\u0131m\u0131 Cevahir \u00d6ztepe, aza listesinin t\u00fcm\u00fcn\u00fc de kad\u0131nlardan olu\u015fturdu. \u00d6ztepe\u2019nin listesinde \u00e7e\u015fitli i\u015flerde \u00e7al\u0131\u015f\u0131p emekli ve ev han\u0131m\u0131 olan azalar Selva Atalan, M. Gamze Arseven, G\u00fclcan Esero\u011flu, \u00c7i\u011fdem Tuncer, Nilay K\u0131ray, Zuhal Aysan, Bilge Suba\u015f\u0131 ve Ay\u015fe Vanii yer al\u0131yor.<div class=\"tiled-gallery type-rectangular tiled-gallery-unresized\" data-original-width=\"500\" data-carousel-extra='null' itemscope itemtype=\"http:\/\/schema.org\/ImageGallery\" > <div class=\"gallery-row\" style=\"width: 500px; height: 426px;\" data-original-width=\"500\" data-original-height=\"426\" > <div class=\"gallery-group images-3\" style=\"width: 203px; height: 426px;\" data-original-width=\"203\" data-original-height=\"426\" > <div class=\"tiled-gallery-item tiled-gallery-item-small\" itemprop=\"associatedMedia\" itemscope itemtype=\"http:\/\/schema.org\/ImageObject\"> <a href=\"http:\/\/www.tvturk.com\/index.php\/bu-listede-erkeklere-yer-yok\/bu-listede-erkeklere-yer-yok-3\/\" border=\"0\" itemprop=\"url\"> <meta itemprop=\"width\" content=\"199\"> <meta itemprop=\"height\" content=\"142\"> <img decoding=\"async\" class=\"\" data-attachment-id=\"116575\" data-orig-file=\"http:\/\/www.tvturk.com\/wp-content\/uploads\/2019\/03\/bu-listede-erkeklere-yer-yok_c89d1e7.jpg\" data-orig-size=\"1000,713\" data-comments-opened=\"\" data-image-meta=\"{&quot;aperture&quot;:&quot;0&quot;,&quot;credit&quot;:&quot;IHA&quot;,&quot;camera&quot;:&quot;&quot;,&quot;caption&quot;:&quot;MUHTAR ADAYI EV HANIMI CEVAH\\u0130R \\u00d6ZTEPE, AZA ADAY L\\u0130STES\\u0130N\\u0130N TAMAMINI DA KADINLARDAN OLU\\u015eTURDU. (KORAY USTABA\\u015eI\\\/ED\\u0130RNE-\\u0130HA)&quot;,&quot;created_timestamp&quot;:&quot;0&quot;,&quot;copyright&quot;:&quot;\\u0130HLAS HABER AJANSI, www.iha.com.tr&quot;,&quot;focal_length&quot;:&quot;0&quot;,&quot;iso&quot;:&quot;0&quot;,&quot;shutter_speed&quot;:&quot;0&quot;,&quot;title&quot;:&quot;BU L\\u0130STEDE \\u2018ERKEKLERE\\u2019 YER YOK MUHTAR ADAYI DA AZALARI DA KADIN&quot;,&quot;orientation&quot;:&quot;0&quot;}\" data-image-title=\"Bu listede \u2018erkeklere\u2019 yer yok\" data-image-description=\"&lt;p&gt;Bu listede \u2018erkeklere\u2019 yer yok&lt;\/p&gt; \" data-medium-file=\"https:\/\/i0.wp.com\/www.tvturk.com\/wp-content\/uploads\/2019\/03\/bu-listede-erkeklere-yer-yok_c89d1e7.jpg?fit=300%2C214\" data-large-file=\"https:\/\/i0.wp.com\/www.tvturk.com\/wp-content\/uploads\/2019\/03\/bu-listede-erkeklere-yer-yok_c89d1e7.jpg?fit=1000%2C713\" src=\"https:\/\/i0.wp.com\/www.tvturk.com\/wp-content\/uploads\/2019\/03\/bu-listede-erkeklere-yer-yok_c89d1e7.jpg?w=199&#038;h=142\" srcset=\"https:\/\/i0.wp.com\/www.tvturk.com\/wp-content\/uploads\/2019\/03\/bu-listede-erkeklere-yer-yok_c89d1e7.jpg?w=1000 1000w, https:\/\/i0.wp.com\/www.tvturk.com\/wp-content\/uploads\/2019\/03\/bu-listede-erkeklere-yer-yok_c89d1e7.jpg?resize=150%2C107 150w, https:\/\/i0.wp.com\/www.tvturk.com\/wp-content\/uploads\/2019\/03\/bu-listede-erkeklere-yer-yok_c89d1e7.jpg?resize=300%2C214 300w, https:\/\/i0.wp.com\/www.tvturk.com\/wp-content\/uploads\/2019\/03\/bu-listede-erkeklere-yer-yok_c89d1e7.jpg?resize=768%2C548 768w\" width=\"199\" height=\"142\" loading=\"lazy\" data-original-width=\"199\" data-original-height=\"142\" itemprop=\"http:\/\/schema.org\/image\" title=\"Bu listede \u2018erkeklere\u2019 yer yok\" alt=\"Bu listede \u2018erkeklere\u2019 yer yok\" style=\"width: 199px; height: 142px;\" \/> <\/a> <\/div> <div class=\"tiled-gallery-item tiled-gallery-item-small\" itemprop=\"associatedMedia\" itemscope itemtype=\"http:\/\/schema.org\/ImageObject\"> <a href=\"http:\/\/www.tvturk.com\/index.php\/bu-listede-erkeklere-yer-yok\/bu-listede-erkeklere-yer-yok-4\/\" border=\"0\" itemprop=\"url\"> <meta itemprop=\"width\" content=\"199\"> <meta itemprop=\"height\" content=\"140\"> <img decoding=\"async\" class=\"\" data-attachment-id=\"116576\" data-orig-file=\"http:\/\/www.tvturk.com\/wp-content\/uploads\/2019\/03\/bu-listede-erkeklere-yer-yok_8b4053d.jpg\" data-orig-size=\"1000,702\" data-comments-opened=\"\" data-image-meta=\"{&quot;aperture&quot;:&quot;0&quot;,&quot;credit&quot;:&quot;IHA&quot;,&quot;camera&quot;:&quot;&quot;,&quot;caption&quot;:&quot;MUHTAR ADAYI EV HANIMI CEVAH\\u0130R \\u00d6ZTEPE (KORAY USTABA\\u015eI\\\/ED\\u0130RNE-\\u0130HA)&quot;,&quot;created_timestamp&quot;:&quot;0&quot;,&quot;copyright&quot;:&quot;\\u0130HLAS HABER AJANSI, www.iha.com.tr&quot;,&quot;focal_length&quot;:&quot;0&quot;,&quot;iso&quot;:&quot;0&quot;,&quot;shutter_speed&quot;:&quot;0&quot;,&quot;title&quot;:&quot;BU L\\u0130STEDE \\u2018ERKEKLERE\\u2019 YER YOK MUHTAR ADAYI DA AZALARI DA KADIN&quot;,&quot;orientation&quot;:&quot;0&quot;}\" data-image-title=\"Bu listede \u2018erkeklere\u2019 yer yok\" data-image-description=\"&lt;p&gt;Bu listede \u2018erkeklere\u2019 yer yok&lt;\/p&gt; \" data-medium-file=\"https:\/\/i0.wp.com\/www.tvturk.com\/wp-content\/uploads\/2019\/03\/bu-listede-erkeklere-yer-yok_8b4053d.jpg?fit=300%2C211\" data-large-file=\"https:\/\/i0.wp.com\/www.tvturk.com\/wp-content\/uploads\/2019\/03\/bu-listede-erkeklere-yer-yok_8b4053d.jpg?fit=1000%2C702\" src=\"https:\/\/i0.wp.com\/www.tvturk.com\/wp-content\/uploads\/2019\/03\/bu-listede-erkeklere-yer-yok_8b4053d.jpg?w=199&#038;h=140\" srcset=\"https:\/\/i0.wp.com\/www.tvturk.com\/wp-content\/uploads\/2019\/03\/bu-listede-erkeklere-yer-yok_8b4053d.jpg?w=1000 1000w, https:\/\/i0.wp.com\/www.tvturk.com\/wp-content\/uploads\/2019\/03\/bu-listede-erkeklere-yer-yok_8b4053d.jpg?resize=150%2C105 150w, https:\/\/i0.wp.com\/www.tvturk.com\/wp-content\/uploads\/2019\/03\/bu-listede-erkeklere-yer-yok_8b4053d.jpg?resize=300%2C211 300w, https:\/\/i0.wp.com\/www.tvturk.com\/wp-content\/uploads\/2019\/03\/bu-listede-erkeklere-yer-yok_8b4053d.jpg?resize=768%2C539 768w, https:\/\/i0.wp.com\/www.tvturk.com\/wp-content\/uploads\/2019\/03\/bu-listede-erkeklere-yer-yok_8b4053d.jpg?resize=80%2C55 80w\" width=\"199\" height=\"140\" loading=\"lazy\" data-original-width=\"199\" data-original-height=\"140\" itemprop=\"http:\/\/schema.org\/image\" title=\"Bu listede \u2018erkeklere\u2019 yer yok\" alt=\"Bu listede \u2018erkeklere\u2019 yer yok\" style=\"width: 199px; height: 140px;\" \/> <\/a> <\/div> <div class=\"tiled-gallery-item tiled-gallery-item-small\" itemprop=\"associatedMedia\" itemscope itemtype=\"http:\/\/schema.org\/ImageObject\"> <a href=\"http:\/\/www.tvturk.com\/index.php\/bu-listede-erkeklere-yer-yok\/bu-listede-erkeklere-yer-yok-5\/\" border=\"0\" itemprop=\"url\"> <meta itemprop=\"width\" content=\"199\"> <meta itemprop=\"height\" content=\"132\"> <img decoding=\"async\" class=\"\" data-attachment-id=\"116577\" data-orig-file=\"http:\/\/www.tvturk.com\/wp-content\/uploads\/2019\/03\/bu-listede-erkeklere-yer-yok_1c54814.jpg\" data-orig-size=\"1000,666\" data-comments-opened=\"\" data-image-meta=\"{&quot;aperture&quot;:&quot;0&quot;,&quot;credit&quot;:&quot;IHA&quot;,&quot;camera&quot;:&quot;&quot;,&quot;caption&quot;:&quot;MUHTAR ADAYI EV HANIMI CEVAH\\u0130R \\u00d6ZTEPE, AZA ADAY L\\u0130STES\\u0130N\\u0130N TAMAMINI DA KADINLARDAN OLU\\u015eTURDU. (KORAY USTABA\\u015eI\\\/ED\\u0130RNE-\\u0130HA)&quot;,&quot;created_timestamp&quot;:&quot;0&quot;,&quot;copyright&quot;:&quot;\\u0130HLAS HABER AJANSI, www.iha.com.tr&quot;,&quot;focal_length&quot;:&quot;0&quot;,&quot;iso&quot;:&quot;0&quot;,&quot;shutter_speed&quot;:&quot;0&quot;,&quot;title&quot;:&quot;BU L\\u0130STEDE \\u2018ERKEKLERE\\u2019 YER YOK MUHTAR ADAYI DA AZALARI DA KADIN&quot;,&quot;orientation&quot;:&quot;0&quot;}\" data-image-title=\"Bu listede \u2018erkeklere\u2019 yer yok\" data-image-description=\"&lt;p&gt;Bu listede \u2018erkeklere\u2019 yer yok&lt;\/p&gt; \" data-medium-file=\"https:\/\/i0.wp.com\/www.tvturk.com\/wp-content\/uploads\/2019\/03\/bu-listede-erkeklere-yer-yok_1c54814.jpg?fit=300%2C200\" data-large-file=\"https:\/\/i0.wp.com\/www.tvturk.com\/wp-content\/uploads\/2019\/03\/bu-listede-erkeklere-yer-yok_1c54814.jpg?fit=1000%2C666\" src=\"https:\/\/i0.wp.com\/www.tvturk.com\/wp-content\/uploads\/2019\/03\/bu-listede-erkeklere-yer-yok_1c54814.jpg?w=199&#038;h=132\" srcset=\"https:\/\/i0.wp.com\/www.tvturk.com\/wp-content\/uploads\/2019\/03\/bu-listede-erkeklere-yer-yok_1c54814.jpg?w=1000 1000w, https:\/\/i0.wp.com\/www.tvturk.com\/wp-content\/uploads\/2019\/03\/bu-listede-erkeklere-yer-yok_1c54814.jpg?resize=150%2C100 150w, https:\/\/i0.wp.com\/www.tvturk.com\/wp-content\/uploads\/2019\/03\/bu-listede-erkeklere-yer-yok_1c54814.jpg?resize=300%2C200 300w, https:\/\/i0.wp.com\/www.tvturk.com\/wp-content\/uploads\/2019\/03\/bu-listede-erkeklere-yer-yok_1c54814.jpg?resize=768%2C511 768w, https:\/\/i0.wp.com\/www.tvturk.com\/wp-content\/uploads\/2019\/03\/bu-listede-erkeklere-yer-yok_1c54814.jpg?resize=170%2C113 170w, https:\/\/i0.wp.com\/www.tvturk.com\/wp-content\/uploads\/2019\/03\/bu-listede-erkeklere-yer-yok_1c54814.jpg?resize=120%2C80 120w\" width=\"199\" height=\"132\" loading=\"lazy\" data-original-width=\"199\" data-original-height=\"132\" itemprop=\"http:\/\/schema.org\/image\" title=\"Bu listede \u2018erkeklere\u2019 yer yok\" alt=\"Bu listede \u2018erkeklere\u2019 yer yok\" style=\"width: 199px; height: 132px;\" \/> <\/a> <\/div> <\/div> <!-- close group --> <div class=\"gallery-group images-1\" style=\"width: 297px; height: 426px;\" data-original-width=\"297\" data-original-height=\"426\" > <div class=\"tiled-gallery-item tiled-gallery-item-large\" itemprop=\"associatedMedia\" itemscope itemtype=\"http:\/\/schema.org\/ImageObject\"> <a href=\"http:\/\/www.tvturk.com\/index.php\/bu-listede-erkeklere-yer-yok\/bu-listede-erkeklere-yer-yok-6\/\" border=\"0\" itemprop=\"url\"> <meta itemprop=\"width\" content=\"293\"> <meta itemprop=\"height\" content=\"422\"> <img decoding=\"async\" class=\"\" data-attachment-id=\"116578\" data-orig-file=\"http:\/\/www.tvturk.com\/wp-content\/uploads\/2019\/03\/bu-listede-erkeklere-yer-yok_cf8c531.jpg\" data-orig-size=\"663,956\" data-comments-opened=\"\" data-image-meta=\"{&quot;aperture&quot;:&quot;4.5&quot;,&quot;credit&quot;:&quot;IHA&quot;,&quot;camera&quot;:&quot;Canon EOS 7D Mark II&quot;,&quot;caption&quot;:&quot;ED\\u0130RNE MERKEZ KOCAS\\u0130NAN MAHALLES\\u0130\\u2019NDE MUHTAR VE AZALIK YARI\\u015eINA KATILAN B\\u0130R ADAY L\\u0130STES\\u0130NDE ERKEKLER YER ALMIYOR. (KORAY USTABA\\u015eI\\\/ED\\u0130RNE-\\u0130HA)&quot;,&quot;created_timestamp&quot;:&quot;1553775496&quot;,&quot;copyright&quot;:&quot;\\u0130HLAS HABER AJANSI, www.iha.com.tr&quot;,&quot;focal_length&quot;:&quot;35&quot;,&quot;iso&quot;:&quot;100&quot;,&quot;shutter_speed&quot;:&quot;0.0015625&quot;,&quot;title&quot;:&quot;BU L\\u0130STEDE \\u2018ERKEKLERE\\u2019 YER YOK MUHTAR ADAYI DA AZALARI DA KADIN&quot;,&quot;orientation&quot;:&quot;1&quot;}\" data-image-title=\"Bu listede \u2018erkeklere\u2019 yer yok\" data-image-description=\"&lt;p&gt;Bu listede \u2018erkeklere\u2019 yer yok&lt;\/p&gt; \" data-medium-file=\"https:\/\/i0.wp.com\/www.tvturk.com\/wp-content\/uploads\/2019\/03\/bu-listede-erkeklere-yer-yok_cf8c531.jpg?fit=208%2C300\" data-large-file=\"https:\/\/i0.wp.com\/www.tvturk.com\/wp-content\/uploads\/2019\/03\/bu-listede-erkeklere-yer-yok_cf8c531.jpg?fit=663%2C956\" src=\"https:\/\/i0.wp.com\/www.tvturk.com\/wp-content\/uploads\/2019\/03\/bu-listede-erkeklere-yer-yok_cf8c531.jpg?w=293&#038;h=422\" srcset=\"https:\/\/i0.wp.com\/www.tvturk.com\/wp-content\/uploads\/2019\/03\/bu-listede-erkeklere-yer-yok_cf8c531.jpg?w=663 663w, https:\/\/i0.wp.com\/www.tvturk.com\/wp-content\/uploads\/2019\/03\/bu-listede-erkeklere-yer-yok_cf8c531.jpg?resize=104%2C150 104w, https:\/\/i0.wp.com\/www.tvturk.com\/wp-content\/uploads\/2019\/03\/bu-listede-erkeklere-yer-yok_cf8c531.jpg?resize=208%2C300 208w\" width=\"293\" height=\"422\" loading=\"lazy\" data-original-width=\"293\" data-original-height=\"422\" itemprop=\"http:\/\/schema.org\/image\" title=\"Bu listede \u2018erkeklere\u2019 yer yok\" alt=\"Bu listede \u2018erkeklere\u2019 yer yok\" style=\"width: 293px; height: 422px;\" \/> <\/a> <\/div> <\/div> <!-- close group --> <\/div> <!-- close row --> <\/div><\/p>\n","protected":false},"excerpt":{"rendered":"<p>MUHTAR ADAYI EV HANIMI CEVAH\u0130R \u00d6ZTEPE, AZA ADAY L\u0130STES\u0130N\u0130N TAMAMINI DA KADINLARDAN OLU\u015eTURDU.<\/p>\n","protected":false},"author":1,"featured_media":116574,"comment_status":"closed","ping_status":"open","sticky":false,"template":"","format":"standard","meta":{"jetpack_post_was_ever_published":false,"_jetpack_newsletter_access":"","_jetpack_dont_email_post_to_subs":false,"_jetpack_newsletter_tier_id":0,"_jetpack_memberships_contains_paywalled_content":false,"_jetpack_memberships_contains_paid_content":false,"footnotes":"","jetpack_publicize_message":"","jetpack_publicize_feature_enabled":true,"jetpack_social_post_already_shared":true,"jetpack_social_options":{"image_generator_settings":{"template":"highway","default_image_id":0,"font":"","enabled":false},"version":2}},"categories":[1],"tags":[5780,12615,4243,664],"class_list":["post-116573","post","type-post","status-publish","format-standard","has-post-thumbnail","hentry","category-genel","tag-erkeklere","tag-listede","tag-yer","tag-yok"],"jetpack_publicize_connections":[],"jetpack_featured_media_url":"https:\/\/i0.wp.com\/www.tvturk.com\/wp-content\/uploads\/2019\/03\/bu-listede-erkeklere-yer-yok_fc6ed39.jpg?fit=1000%2C666","jetpack_sharing_enabled":true,"jetpack_shortlink":"https:\/\/wp.me\/paKIfm-ukd","_links":{"self":[{"href":"http:\/\/www.tvturk.com\/index.php\/wp-json\/wp\/v2\/posts\/116573","targetHints":{"allow":["GET"]}}],"collection":[{"href":"http:\/\/www.tvturk.com\/index.php\/wp-json\/wp\/v2\/posts"}],"about":[{"href":"http:\/\/www.tvturk.com\/index.php\/wp-json\/wp\/v2\/types\/post"}],"author":[{"embeddable":true,"href":"http:\/\/www.tvturk.com\/index.php\/wp-json\/wp\/v2\/users\/1"}],"replies":[{"embeddable":true,"href":"http:\/\/www.tvturk.com\/index.php\/wp-json\/wp\/v2\/comments?post=116573"}],"version-history":[{"count":1,"href":"http:\/\/www.tvturk.com\/index.php\/wp-json\/wp\/v2\/posts\/116573\/revisions"}],"predecessor-version":[{"id":116579,"href":"http:\/\/www.tvturk.com\/index.php\/wp-json\/wp\/v2\/posts\/116573\/revisions\/116579"}],"wp:featuredmedia":[{"embeddable":true,"href":"http:\/\/www.tvturk.com\/index.php\/wp-json\/wp\/v2\/media\/116574"}],"wp:attachment":[{"href":"http:\/\/www.tvturk.com\/index.php\/wp-json\/wp\/v2\/media?parent=116573"}],"wp:term":[{"taxonomy":"category","embeddable":true,"href":"http:\/\/www.tvturk.com\/index.php\/wp-json\/wp\/v2\/categories?post=116573"},{"taxonomy":"post_tag","embeddable":true,"href":"http:\/\/www.tvturk.com\/index.php\/wp-json\/wp\/v2\/tags?post=116573"}],"curies":[{"name":"wp","href":"https:\/\/api.w.org\/{rel}","templated":true}]}}