{"id":116692,"date":"2019-03-28T17:53:21","date_gmt":"2019-03-28T14:53:21","guid":{"rendered":"http:\/\/www.tvturk.com\/index.php\/atiker-konyaspor-basaksehir-hazirliklarini-surdurdu\/"},"modified":"2019-03-28T17:53:24","modified_gmt":"2019-03-28T14:53:24","slug":"atiker-konyaspor-basaksehir-hazirliklarini-surdurdu","status":"publish","type":"post","link":"http:\/\/www.tvturk.com\/index.php\/atiker-konyaspor-basaksehir-hazirliklarini-surdurdu\/","title":{"rendered":"Atiker Konyaspor, Ba\u015fak\u015fehir haz\u0131rl\u0131klar\u0131n\u0131 s\u00fcrd\u00fcrd\u00fc"},"content":{"rendered":"<p>Atiker Konyaspor, Spor Toto S\u00fcper Lig\u2019de 7 Nisan Pazar g\u00fcn\u00fc deplasmanda Ba\u015fak\u015fehir ile oynayaca\u011f\u0131 ma\u00e7\u0131n haz\u0131rl\u0131klar\u0131na devam etti.<\/p>\n<p>Kayac\u0131k Tesisleri\u2019nde yap\u0131lan antrenman ko\u015fu ve \u0131s\u0131nma hareketleri ile ba\u015flad\u0131 ve 4\u2019e 1 ve \u00fc\u00e7 tak\u0131mla yap\u0131lan 4\u2019e 4 top kapma ve pas \u00e7al\u0131\u015fmas\u0131 ile devam etti. Antrenman HIIT ko\u015fular\u0131 ile sona erdi. Antrenmana Adanaspor ile oynanan \u00f6zel ma\u00e7ta 90 dakika forma giyen oyuncular\u0131n yan\u0131 s\u0131ra tedavilerine devam edilen \u00d6mer Ali \u015eahiner, Fallou Diagne, Moryke Fofana ve milli tak\u0131mdan hen\u00fcz d\u00f6nmeyen Abdou Razack Traore kat\u0131lmad\u0131. Mustapha Yatabare ve M\u00fccahit Atalay tak\u0131mdan ayr\u0131 fizyoterapistler Salih K\u0131r\u0131\u015fka ve Furkan Heyik y\u00f6netiminde, milli tak\u0131mdan d\u00f6nen Deni Milosevic ise tak\u0131mla birlikte \u00e7al\u0131\u015ft\u0131.<div class=\"tiled-gallery type-rectangular tiled-gallery-unresized\" data-original-width=\"500\" data-carousel-extra='null' itemscope itemtype=\"http:\/\/schema.org\/ImageGallery\" > <div class=\"gallery-row\" style=\"width: 500px; height: 296px;\" data-original-width=\"500\" data-original-height=\"296\" > <div class=\"gallery-group images-1\" style=\"width: 285px; height: 296px;\" data-original-width=\"285\" data-original-height=\"296\" > <div class=\"tiled-gallery-item tiled-gallery-item-large\" itemprop=\"associatedMedia\" itemscope itemtype=\"http:\/\/schema.org\/ImageObject\"> <a href=\"http:\/\/www.tvturk.com\/index.php\/atiker-konyaspor-basaksehir-hazirliklarini-surdurdu\/atiker-konyaspor-basaksehir-hazirliklarini-surdurdu-5\/\" border=\"0\" itemprop=\"url\"> <meta itemprop=\"width\" content=\"281\"> <meta itemprop=\"height\" content=\"292\"> <img decoding=\"async\" class=\"\" data-attachment-id=\"116694\" data-orig-file=\"http:\/\/www.tvturk.com\/wp-content\/uploads\/2019\/03\/atiker-konyaspor-basaksehir-hazirliklarini-surdurdu_92efb79.jpg\" data-orig-size=\"962,1000\" data-comments-opened=\"\" data-image-meta=\"{&quot;aperture&quot;:&quot;0&quot;,&quot;credit&quot;:&quot;IHA&quot;,&quot;camera&quot;:&quot;&quot;,&quot;caption&quot;:&quot;7 N\\u0130SAN PAZAR G\\u00dcN\\u00dc DEPLASMANDA MED\\u0130POL BA\\u015eAK\\u015eEH\\u0130R \\u0130LE KAR\\u015eILA\\u015eACAK AT\\u0130KER KONYASPOR, \\u00d6\\u011eLEDEN SONRA YAPTI\\u011eI ANTRENMANLA HAZIRLIKLARINA DEVAM ETT\\u0130. (\\u0130HA\\\/KONYA-\\u0130HA)&quot;,&quot;created_timestamp&quot;:&quot;0&quot;,&quot;copyright&quot;:&quot;\\u0130HLAS HABER AJANSI, www.iha.com.tr&quot;,&quot;focal_length&quot;:&quot;0&quot;,&quot;iso&quot;:&quot;0&quot;,&quot;shutter_speed&quot;:&quot;0&quot;,&quot;title&quot;:&quot;AT\\u0130KER KONYASPOR, BA\\u015eAK\\u015eEH\\u0130R HAZIRLIKLARINI S\\u00dcRD\\u00dcRD\\u00dc&quot;,&quot;orientation&quot;:&quot;0&quot;}\" data-image-title=\"Atiker Konyaspor, Ba\u015fak\u015fehir haz\u0131rl\u0131klar\u0131n\u0131 s\u00fcrd\u00fcrd\u00fc\" data-image-description=\"&lt;p&gt;Atiker Konyaspor, Ba\u015fak\u015fehir haz\u0131rl\u0131klar\u0131n\u0131 s\u00fcrd\u00fcrd\u00fc&lt;\/p&gt; \" data-medium-file=\"https:\/\/i0.wp.com\/www.tvturk.com\/wp-content\/uploads\/2019\/03\/atiker-konyaspor-basaksehir-hazirliklarini-surdurdu_92efb79.jpg?fit=289%2C300\" data-large-file=\"https:\/\/i0.wp.com\/www.tvturk.com\/wp-content\/uploads\/2019\/03\/atiker-konyaspor-basaksehir-hazirliklarini-surdurdu_92efb79.jpg?fit=962%2C1000\" src=\"https:\/\/i0.wp.com\/www.tvturk.com\/wp-content\/uploads\/2019\/03\/atiker-konyaspor-basaksehir-hazirliklarini-surdurdu_92efb79.jpg?w=281&#038;h=292\" srcset=\"https:\/\/i0.wp.com\/www.tvturk.com\/wp-content\/uploads\/2019\/03\/atiker-konyaspor-basaksehir-hazirliklarini-surdurdu_92efb79.jpg?w=962 962w, https:\/\/i0.wp.com\/www.tvturk.com\/wp-content\/uploads\/2019\/03\/atiker-konyaspor-basaksehir-hazirliklarini-surdurdu_92efb79.jpg?resize=144%2C150 144w, https:\/\/i0.wp.com\/www.tvturk.com\/wp-content\/uploads\/2019\/03\/atiker-konyaspor-basaksehir-hazirliklarini-surdurdu_92efb79.jpg?resize=289%2C300 289w, https:\/\/i0.wp.com\/www.tvturk.com\/wp-content\/uploads\/2019\/03\/atiker-konyaspor-basaksehir-hazirliklarini-surdurdu_92efb79.jpg?resize=768%2C798 768w\" width=\"281\" height=\"292\" loading=\"lazy\" data-original-width=\"281\" data-original-height=\"292\" itemprop=\"http:\/\/schema.org\/image\" title=\"Atiker Konyaspor, Ba\u015fak\u015fehir haz\u0131rl\u0131klar\u0131n\u0131 s\u00fcrd\u00fcrd\u00fc\" alt=\"Atiker Konyaspor, Ba\u015fak\u015fehir haz\u0131rl\u0131klar\u0131n\u0131 s\u00fcrd\u00fcrd\u00fc\" style=\"width: 281px; height: 292px;\" \/> <\/a> <\/div> <\/div> <!-- close group --> <div class=\"gallery-group images-1\" style=\"width: 215px; height: 296px;\" data-original-width=\"215\" data-original-height=\"296\" > <div class=\"tiled-gallery-item tiled-gallery-item-small\" itemprop=\"associatedMedia\" itemscope itemtype=\"http:\/\/schema.org\/ImageObject\"> <a href=\"http:\/\/www.tvturk.com\/index.php\/atiker-konyaspor-basaksehir-hazirliklarini-surdurdu\/atiker-konyaspor-basaksehir-hazirliklarini-surdurdu-6\/\" border=\"0\" itemprop=\"url\"> <meta itemprop=\"width\" content=\"211\"> <meta itemprop=\"height\" content=\"292\"> <img decoding=\"async\" class=\"\" data-attachment-id=\"116695\" data-orig-file=\"http:\/\/www.tvturk.com\/wp-content\/uploads\/2019\/03\/atiker-konyaspor-basaksehir-hazirliklarini-surdurdu_70efcfa.jpg\" data-orig-size=\"724,1000\" data-comments-opened=\"\" data-image-meta=\"{&quot;aperture&quot;:&quot;0&quot;,&quot;credit&quot;:&quot;IHA&quot;,&quot;camera&quot;:&quot;&quot;,&quot;caption&quot;:&quot;7 N\\u0130SAN PAZAR G\\u00dcN\\u00dc DEPLASMANDA MED\\u0130POL BA\\u015eAK\\u015eEH\\u0130R \\u0130LE KAR\\u015eILA\\u015eACAK AT\\u0130KER KONYASPOR, \\u00d6\\u011eLEDEN SONRA YAPTI\\u011eI ANTRENMANLA HAZIRLIKLARINA DEVAM ETT\\u0130. (\\u0130HA\\\/KONYA-\\u0130HA)&quot;,&quot;created_timestamp&quot;:&quot;0&quot;,&quot;copyright&quot;:&quot;\\u0130HLAS HABER AJANSI, www.iha.com.tr&quot;,&quot;focal_length&quot;:&quot;0&quot;,&quot;iso&quot;:&quot;0&quot;,&quot;shutter_speed&quot;:&quot;0&quot;,&quot;title&quot;:&quot;AT\\u0130KER KONYASPOR, BA\\u015eAK\\u015eEH\\u0130R HAZIRLIKLARINI S\\u00dcRD\\u00dcRD\\u00dc&quot;,&quot;orientation&quot;:&quot;0&quot;}\" data-image-title=\"Atiker Konyaspor, Ba\u015fak\u015fehir haz\u0131rl\u0131klar\u0131n\u0131 s\u00fcrd\u00fcrd\u00fc\" data-image-description=\"&lt;p&gt;Atiker Konyaspor, Ba\u015fak\u015fehir haz\u0131rl\u0131klar\u0131n\u0131 s\u00fcrd\u00fcrd\u00fc&lt;\/p&gt; \" data-medium-file=\"https:\/\/i0.wp.com\/www.tvturk.com\/wp-content\/uploads\/2019\/03\/atiker-konyaspor-basaksehir-hazirliklarini-surdurdu_70efcfa.jpg?fit=217%2C300\" data-large-file=\"https:\/\/i0.wp.com\/www.tvturk.com\/wp-content\/uploads\/2019\/03\/atiker-konyaspor-basaksehir-hazirliklarini-surdurdu_70efcfa.jpg?fit=724%2C1000\" src=\"https:\/\/i0.wp.com\/www.tvturk.com\/wp-content\/uploads\/2019\/03\/atiker-konyaspor-basaksehir-hazirliklarini-surdurdu_70efcfa.jpg?w=211&#038;h=292\" srcset=\"https:\/\/i0.wp.com\/www.tvturk.com\/wp-content\/uploads\/2019\/03\/atiker-konyaspor-basaksehir-hazirliklarini-surdurdu_70efcfa.jpg?w=724 724w, https:\/\/i0.wp.com\/www.tvturk.com\/wp-content\/uploads\/2019\/03\/atiker-konyaspor-basaksehir-hazirliklarini-surdurdu_70efcfa.jpg?resize=109%2C150 109w, https:\/\/i0.wp.com\/www.tvturk.com\/wp-content\/uploads\/2019\/03\/atiker-konyaspor-basaksehir-hazirliklarini-surdurdu_70efcfa.jpg?resize=217%2C300 217w\" width=\"211\" height=\"292\" loading=\"lazy\" data-original-width=\"211\" data-original-height=\"292\" itemprop=\"http:\/\/schema.org\/image\" title=\"Atiker Konyaspor, Ba\u015fak\u015fehir haz\u0131rl\u0131klar\u0131n\u0131 s\u00fcrd\u00fcrd\u00fc\" alt=\"Atiker Konyaspor, Ba\u015fak\u015fehir haz\u0131rl\u0131klar\u0131n\u0131 s\u00fcrd\u00fcrd\u00fc\" style=\"width: 211px; height: 292px;\" \/> <\/a> <\/div> <\/div> <!-- close group --> <\/div> <!-- close row --> <\/div><\/p>\n","protected":false},"excerpt":{"rendered":"<p>7 N\u0130SAN PAZAR G\u00dcN\u00dc DEPLASMANDA MED\u0130POL BA\u015eAK\u015eEH\u0130R \u0130LE KAR\u015eILA\u015eACAK AT\u0130KER KONYASPOR, \u00d6\u011eLEDEN SONRA YAPTI\u011eI ANTRENMANLA HAZIRLIKLARINA DEVAM ETT\u0130.<\/p>\n","protected":false},"author":1,"featured_media":116693,"comment_status":"closed","ping_status":"open","sticky":false,"template":"","format":"standard","meta":{"jetpack_post_was_ever_published":false,"_jetpack_newsletter_access":"","_jetpack_dont_email_post_to_subs":false,"_jetpack_newsletter_tier_id":0,"_jetpack_memberships_contains_paywalled_content":false,"_jetpack_memberships_contains_paid_content":false,"footnotes":"","jetpack_publicize_message":"","jetpack_publicize_feature_enabled":true,"jetpack_social_post_already_shared":true,"jetpack_social_options":{"image_generator_settings":{"template":"highway","default_image_id":0,"font":"","enabled":false},"version":2}},"categories":[657],"tags":[6004,3504,2628,3505,2629],"class_list":["post-116692","post","type-post","status-publish","format-standard","has-post-thumbnail","hentry","category-spor","tag-basaksehir","tag-atiker","tag-hazirliklarini","tag-konyaspor","tag-surdurdu"],"jetpack_publicize_connections":[],"jetpack_featured_media_url":"https:\/\/i0.wp.com\/www.tvturk.com\/wp-content\/uploads\/2019\/03\/atiker-konyaspor-basaksehir-hazirliklarini-surdurdu_08522c3.jpg?fit=1000%2C607","jetpack_sharing_enabled":true,"jetpack_shortlink":"https:\/\/wp.me\/paKIfm-um8","_links":{"self":[{"href":"http:\/\/www.tvturk.com\/index.php\/wp-json\/wp\/v2\/posts\/116692","targetHints":{"allow":["GET"]}}],"collection":[{"href":"http:\/\/www.tvturk.com\/index.php\/wp-json\/wp\/v2\/posts"}],"about":[{"href":"http:\/\/www.tvturk.com\/index.php\/wp-json\/wp\/v2\/types\/post"}],"author":[{"embeddable":true,"href":"http:\/\/www.tvturk.com\/index.php\/wp-json\/wp\/v2\/users\/1"}],"replies":[{"embeddable":true,"href":"http:\/\/www.tvturk.com\/index.php\/wp-json\/wp\/v2\/comments?post=116692"}],"version-history":[{"count":1,"href":"http:\/\/www.tvturk.com\/index.php\/wp-json\/wp\/v2\/posts\/116692\/revisions"}],"predecessor-version":[{"id":116696,"href":"http:\/\/www.tvturk.com\/index.php\/wp-json\/wp\/v2\/posts\/116692\/revisions\/116696"}],"wp:featuredmedia":[{"embeddable":true,"href":"http:\/\/www.tvturk.com\/index.php\/wp-json\/wp\/v2\/media\/116693"}],"wp:attachment":[{"href":"http:\/\/www.tvturk.com\/index.php\/wp-json\/wp\/v2\/media?parent=116692"}],"wp:term":[{"taxonomy":"category","embeddable":true,"href":"http:\/\/www.tvturk.com\/index.php\/wp-json\/wp\/v2\/categories?post=116692"},{"taxonomy":"post_tag","embeddable":true,"href":"http:\/\/www.tvturk.com\/index.php\/wp-json\/wp\/v2\/tags?post=116692"}],"curies":[{"name":"wp","href":"https:\/\/api.w.org\/{rel}","templated":true}]}}