{"id":116712,"date":"2019-03-28T18:16:14","date_gmt":"2019-03-28T15:16:14","guid":{"rendered":"http:\/\/www.tvturk.com\/index.php\/yarali-halde-bulunan-yavru-yilki-tayi-tedavi-altina-alindi\/"},"modified":"2019-03-28T18:16:16","modified_gmt":"2019-03-28T15:16:16","slug":"yarali-halde-bulunan-yavru-yilki-tayi-tedavi-altina-alindi","status":"publish","type":"post","link":"http:\/\/www.tvturk.com\/index.php\/yarali-halde-bulunan-yavru-yilki-tayi-tedavi-altina-alindi\/","title":{"rendered":"Yaral\u0131 halde bulunan yavru y\u0131lk\u0131 tay\u0131 tedavi alt\u0131na al\u0131nd\u0131"},"content":{"rendered":"<p>Afyonkarahisar Akda\u011f Tabiat Park\u0131\u2019nda vatanda\u015flar taraf\u0131ndan yaral\u0131 halde bulunan yavru y\u0131lk\u0131 tay\u0131 tedavi alt\u0131na al\u0131nd\u0131. Do\u011fa Korama ve Milli Parklar Afyonkarahisar 5. B\u00f6lge M\u00fcd\u00fcrl\u00fc\u011f\u00fcne bildirilen y\u0131lk\u0131 tay\u0131, Do\u011fa Koruma ve Milli Parklar Sand\u0131kl\u0131 \u015eube \u015eefli\u011fi ekiplerince teslim al\u0131narak ilk m\u00fcdahalesi yap\u0131ld\u0131. Yavru tay, daha sonra Afyon Kocatepe \u00dcniversitesi Veteriner Fak\u00fcltesine ba\u011fl\u0131 Hayvan Hastanesi\u2019nden tedavi alt\u0131na al\u0131nd\u0131.<div class=\"tiled-gallery type-rectangular tiled-gallery-unresized\" data-original-width=\"500\" data-carousel-extra='null' itemscope itemtype=\"http:\/\/schema.org\/ImageGallery\" > <div class=\"gallery-row\" style=\"width: 500px; height: 334px;\" data-original-width=\"500\" data-original-height=\"334\" > <div class=\"gallery-group images-1\" style=\"width: 500px; height: 334px;\" data-original-width=\"500\" data-original-height=\"334\" > <div class=\"tiled-gallery-item tiled-gallery-item-large\" itemprop=\"associatedMedia\" itemscope itemtype=\"http:\/\/schema.org\/ImageObject\"> <a href=\"http:\/\/www.tvturk.com\/index.php\/yarali-halde-bulunan-yavru-yilki-tayi-tedavi-altina-alindi\/yarali-halde-bulunan-yavru-yilki-tayi-tedavi-altina-alindi-3\/\" border=\"0\" itemprop=\"url\"> <meta itemprop=\"width\" content=\"496\"> <meta itemprop=\"height\" content=\"330\"> <img decoding=\"async\" class=\"\" data-attachment-id=\"116714\" data-orig-file=\"http:\/\/www.tvturk.com\/wp-content\/uploads\/2019\/03\/yarali-halde-bulunan-yavru-yilki-tayi-tedavi-altina-alindi_1e4daae.jpg\" data-orig-size=\"1000,666\" data-comments-opened=\"\" data-image-meta=\"{&quot;aperture&quot;:&quot;0&quot;,&quot;credit&quot;:&quot;IHA&quot;,&quot;camera&quot;:&quot;&quot;,&quot;caption&quot;:&quot;AFYONKARAH\\u0130SAR AKDA\\u011e TAB\\u0130AT PARKI\\u2019NDA VATANDA\\u015eLAR TARAFINDAN YARALI HALDE BULUNAN YAVRU YILKI TAYI TEDAV\\u0130 ALTINA ALINDI. (HAYAT\\u0130 KANAT\\\/AFYONKARAH\\u0130SAR-\\u0130HA)&quot;,&quot;created_timestamp&quot;:&quot;0&quot;,&quot;copyright&quot;:&quot;\\u0130HLAS HABER AJANSI, www.iha.com.tr&quot;,&quot;focal_length&quot;:&quot;0&quot;,&quot;iso&quot;:&quot;0&quot;,&quot;shutter_speed&quot;:&quot;0&quot;,&quot;title&quot;:&quot;YARALI HALDE BULUNAN YAVRU YILKI TAYI TEDAV\\u0130 ALTINA ALINDI&quot;,&quot;orientation&quot;:&quot;0&quot;}\" data-image-title=\"Yaral\u0131 halde bulunan yavru y\u0131lk\u0131 tay\u0131 tedavi alt\u0131na al\u0131nd\u0131\" data-image-description=\"&lt;p&gt;Yaral\u0131 halde bulunan yavru y\u0131lk\u0131 tay\u0131 tedavi alt\u0131na al\u0131nd\u0131&lt;\/p&gt; \" data-medium-file=\"https:\/\/i0.wp.com\/www.tvturk.com\/wp-content\/uploads\/2019\/03\/yarali-halde-bulunan-yavru-yilki-tayi-tedavi-altina-alindi_1e4daae.jpg?fit=300%2C200\" data-large-file=\"https:\/\/i0.wp.com\/www.tvturk.com\/wp-content\/uploads\/2019\/03\/yarali-halde-bulunan-yavru-yilki-tayi-tedavi-altina-alindi_1e4daae.jpg?fit=1000%2C666\" src=\"https:\/\/i0.wp.com\/www.tvturk.com\/wp-content\/uploads\/2019\/03\/yarali-halde-bulunan-yavru-yilki-tayi-tedavi-altina-alindi_1e4daae.jpg?w=496&#038;h=330\" srcset=\"https:\/\/i0.wp.com\/www.tvturk.com\/wp-content\/uploads\/2019\/03\/yarali-halde-bulunan-yavru-yilki-tayi-tedavi-altina-alindi_1e4daae.jpg?w=1000 1000w, https:\/\/i0.wp.com\/www.tvturk.com\/wp-content\/uploads\/2019\/03\/yarali-halde-bulunan-yavru-yilki-tayi-tedavi-altina-alindi_1e4daae.jpg?resize=150%2C100 150w, https:\/\/i0.wp.com\/www.tvturk.com\/wp-content\/uploads\/2019\/03\/yarali-halde-bulunan-yavru-yilki-tayi-tedavi-altina-alindi_1e4daae.jpg?resize=300%2C200 300w, https:\/\/i0.wp.com\/www.tvturk.com\/wp-content\/uploads\/2019\/03\/yarali-halde-bulunan-yavru-yilki-tayi-tedavi-altina-alindi_1e4daae.jpg?resize=768%2C511 768w, https:\/\/i0.wp.com\/www.tvturk.com\/wp-content\/uploads\/2019\/03\/yarali-halde-bulunan-yavru-yilki-tayi-tedavi-altina-alindi_1e4daae.jpg?resize=170%2C113 170w, https:\/\/i0.wp.com\/www.tvturk.com\/wp-content\/uploads\/2019\/03\/yarali-halde-bulunan-yavru-yilki-tayi-tedavi-altina-alindi_1e4daae.jpg?resize=120%2C80 120w\" width=\"496\" height=\"330\" loading=\"lazy\" data-original-width=\"496\" data-original-height=\"330\" itemprop=\"http:\/\/schema.org\/image\" title=\"Yaral\u0131 halde bulunan yavru y\u0131lk\u0131 tay\u0131 tedavi alt\u0131na al\u0131nd\u0131\" alt=\"Yaral\u0131 halde bulunan yavru y\u0131lk\u0131 tay\u0131 tedavi alt\u0131na al\u0131nd\u0131\" style=\"width: 496px; height: 330px;\" \/> <\/a> <\/div> <\/div> <!-- close group --> <\/div> <!-- close row --> <\/div><\/p>\n","protected":false},"excerpt":{"rendered":"<p>AFYONKARAH\u0130SAR AKDA\u011e TAB\u0130AT PARKI\u2019NDA VATANDA\u015eLAR TARAFINDAN YARALI HALDE BULUNAN YAVRU YILKI TAYI TEDAV\u0130 ALTINA ALINDI.<\/p>\n","protected":false},"author":1,"featured_media":116713,"comment_status":"closed","ping_status":"open","sticky":false,"template":"","format":"standard","meta":{"jetpack_post_was_ever_published":false,"_jetpack_newsletter_access":"","_jetpack_dont_email_post_to_subs":false,"_jetpack_newsletter_tier_id":0,"_jetpack_memberships_contains_paywalled_content":false,"_jetpack_memberships_contains_paid_content":false,"footnotes":"","jetpack_publicize_message":"","jetpack_publicize_feature_enabled":true,"jetpack_social_post_already_shared":true,"jetpack_social_options":{"image_generator_settings":{"template":"highway","default_image_id":0,"font":"","enabled":false},"version":2}},"categories":[1],"tags":[1014,1186,1834,258,28485,144,774,1239,12595],"class_list":["post-116712","post","type-post","status-publish","format-standard","has-post-thumbnail","hentry","category-genel","tag-alindi","tag-altina","tag-bulunan","tag-halde","tag-tayi","tag-tedavi","tag-yarali","tag-yavru","tag-yilki"],"jetpack_publicize_connections":[],"jetpack_featured_media_url":"https:\/\/i0.wp.com\/www.tvturk.com\/wp-content\/uploads\/2019\/03\/yarali-halde-bulunan-yavru-yilki-tayi-tedavi-altina-alindi_5d32157.jpg?fit=1000%2C750","jetpack_sharing_enabled":true,"jetpack_shortlink":"https:\/\/wp.me\/paKIfm-ums","_links":{"self":[{"href":"http:\/\/www.tvturk.com\/index.php\/wp-json\/wp\/v2\/posts\/116712","targetHints":{"allow":["GET"]}}],"collection":[{"href":"http:\/\/www.tvturk.com\/index.php\/wp-json\/wp\/v2\/posts"}],"about":[{"href":"http:\/\/www.tvturk.com\/index.php\/wp-json\/wp\/v2\/types\/post"}],"author":[{"embeddable":true,"href":"http:\/\/www.tvturk.com\/index.php\/wp-json\/wp\/v2\/users\/1"}],"replies":[{"embeddable":true,"href":"http:\/\/www.tvturk.com\/index.php\/wp-json\/wp\/v2\/comments?post=116712"}],"version-history":[{"count":1,"href":"http:\/\/www.tvturk.com\/index.php\/wp-json\/wp\/v2\/posts\/116712\/revisions"}],"predecessor-version":[{"id":116715,"href":"http:\/\/www.tvturk.com\/index.php\/wp-json\/wp\/v2\/posts\/116712\/revisions\/116715"}],"wp:featuredmedia":[{"embeddable":true,"href":"http:\/\/www.tvturk.com\/index.php\/wp-json\/wp\/v2\/media\/116713"}],"wp:attachment":[{"href":"http:\/\/www.tvturk.com\/index.php\/wp-json\/wp\/v2\/media?parent=116712"}],"wp:term":[{"taxonomy":"category","embeddable":true,"href":"http:\/\/www.tvturk.com\/index.php\/wp-json\/wp\/v2\/categories?post=116712"},{"taxonomy":"post_tag","embeddable":true,"href":"http:\/\/www.tvturk.com\/index.php\/wp-json\/wp\/v2\/tags?post=116712"}],"curies":[{"name":"wp","href":"https:\/\/api.w.org\/{rel}","templated":true}]}}