{"id":116786,"date":"2019-03-28T21:25:24","date_gmt":"2019-03-28T18:25:24","guid":{"rendered":"http:\/\/www.tvturk.com\/index.php\/fenerbahce-hazirlik-macinda-eskisehirsporu-farkli-maglup-etti\/"},"modified":"2019-03-28T21:25:30","modified_gmt":"2019-03-28T18:25:30","slug":"fenerbahce-hazirlik-macinda-eskisehirsporu-farkli-maglup-etti","status":"publish","type":"post","link":"http:\/\/www.tvturk.com\/index.php\/fenerbahce-hazirlik-macinda-eskisehirsporu-farkli-maglup-etti\/","title":{"rendered":"Fenerbah\u00e7e haz\u0131rl\u0131k ma\u00e7\u0131nda Eski\u015fehirspor\u2019u farkl\u0131 ma\u011flup etti"},"content":{"rendered":"<p>Fenerbah\u00e7e, haz\u0131rl\u0131k ma\u00e7\u0131nda Can Bartu Tesisleri\u2019nde kar\u015f\u0131la\u015ft\u0131\u011f\u0131 TFF 1. Lig ekiplerinden Eski\u015fehirspor\u2019u 4-0 ma\u011flup etti.<\/p>\n<p>Spor Toto S\u00fcper Lig\u2019in 27. haftas\u0131nda deplasmanda MKE Ankarag\u00fcc\u00fc ile kar\u015f\u0131la\u015facak olan Fenerbah\u00e7e, lige verilen arada Eski\u015fehirspor ile bir haz\u0131rl\u0131k ma\u00e7\u0131 yapt\u0131. Can Bartu Tesisleri\u2019nde oynanan m\u00fccadeleyi sar\u0131-lacivertliler 4-0 kazan\u0131rken, golleri 34. dakikada Jailson, 55. dakikada Roberto Soldado ile 69 ve 75. dakikalarda \u0130smail K\u00f6yba\u015f\u0131 kaydetti.<\/p>\n<p>Fenerbah\u00e7e kar\u015f\u0131la\u015fmaya Volkan Demirel, \u015eener \u00d6zbayrakl\u0131, Martin Skrtel, Serdar Aziz, \u0130smail K\u00f6yba\u015f\u0131, Jailson, O\u011fuz Ka\u011fan G\u00fc\u00e7tekin, Alper Potuk, Victor Moses, Mathieu Valbuena, Roberto Soldado 11\u2019iyle ba\u015flad\u0131.<\/p>\n<p>Milli tak\u0131mlar\u0131nda forma giyen oyuncular ise bu ma\u00e7\u0131n kadrosunda yer almad\u0131.<div class=\"tiled-gallery type-rectangular tiled-gallery-unresized\" data-original-width=\"500\" data-carousel-extra='null' itemscope itemtype=\"http:\/\/schema.org\/ImageGallery\" > <div class=\"gallery-row\" style=\"width: 500px; height: 239px;\" data-original-width=\"500\" data-original-height=\"239\" > <div class=\"gallery-group images-1\" style=\"width: 313px; height: 239px;\" data-original-width=\"313\" data-original-height=\"239\" > <div class=\"tiled-gallery-item tiled-gallery-item-large\" itemprop=\"associatedMedia\" itemscope itemtype=\"http:\/\/schema.org\/ImageObject\"> <a href=\"http:\/\/www.tvturk.com\/index.php\/fenerbahce-hazirlik-macinda-eskisehirsporu-farkli-maglup-etti\/fenerbahce-hazirlik-macinda-eskisehirsporu-farkli-maglup-etti-3\/\" border=\"0\" itemprop=\"url\"> <meta itemprop=\"width\" content=\"309\"> <meta itemprop=\"height\" content=\"235\"> <img decoding=\"async\" class=\"\" data-attachment-id=\"116788\" data-orig-file=\"http:\/\/www.tvturk.com\/wp-content\/uploads\/2019\/03\/fenerbahce-hazirlik-macinda-eskisehirsporu-farkli-maglup-etti_88e0137.jpg\" data-orig-size=\"1000,761\" data-comments-opened=\"\" data-image-meta=\"{&quot;aperture&quot;:&quot;0&quot;,&quot;credit&quot;:&quot;IHA&quot;,&quot;camera&quot;:&quot;&quot;,&quot;caption&quot;:&quot;FENERBAH\\u00c7E, HAZIRLIK MA\\u00c7INDA CAN BARTU TES\\u0130SLER\\u0130\\u0027NDE KAR\\u015eILA\\u015eTI\\u011eI TFF 1. L\\u0130G EK\\u0130PLER\\u0130NDEN ESK\\u0130\\u015eEH\\u0130RSPOR\\u2019U 4-0 MA\\u011eLUP ETT\\u0130. (WWW.FENERBAHCE.ORG\\\/\\u0130STANBUL-\\u0130HA)&quot;,&quot;created_timestamp&quot;:&quot;0&quot;,&quot;copyright&quot;:&quot;\\u0130HLAS HABER AJANSI, www.iha.com.tr&quot;,&quot;focal_length&quot;:&quot;0&quot;,&quot;iso&quot;:&quot;0&quot;,&quot;shutter_speed&quot;:&quot;0&quot;,&quot;title&quot;:&quot;FENERBAH\\u00c7E HAZIRLIK MA\\u00c7INDA ESK\\u0130\\u015eEH\\u0130RSPOR\\u0027U FARKLI MA\\u011eLUP ETT\\u0130&quot;,&quot;orientation&quot;:&quot;0&quot;}\" data-image-title=\"Fenerbah\u00e7e haz\u0131rl\u0131k ma\u00e7\u0131nda Eski\u015fehirspor\u2019u farkl\u0131 ma\u011flup etti\" data-image-description=\"&lt;p&gt;Fenerbah\u00e7e haz\u0131rl\u0131k ma\u00e7\u0131nda Eski\u015fehirspor\u2019u farkl\u0131 ma\u011flup etti&lt;\/p&gt; \" data-medium-file=\"https:\/\/i0.wp.com\/www.tvturk.com\/wp-content\/uploads\/2019\/03\/fenerbahce-hazirlik-macinda-eskisehirsporu-farkli-maglup-etti_88e0137.jpg?fit=300%2C228\" data-large-file=\"https:\/\/i0.wp.com\/www.tvturk.com\/wp-content\/uploads\/2019\/03\/fenerbahce-hazirlik-macinda-eskisehirsporu-farkli-maglup-etti_88e0137.jpg?fit=1000%2C761\" src=\"https:\/\/i0.wp.com\/www.tvturk.com\/wp-content\/uploads\/2019\/03\/fenerbahce-hazirlik-macinda-eskisehirsporu-farkli-maglup-etti_88e0137.jpg?w=309&#038;h=235\" srcset=\"https:\/\/i0.wp.com\/www.tvturk.com\/wp-content\/uploads\/2019\/03\/fenerbahce-hazirlik-macinda-eskisehirsporu-farkli-maglup-etti_88e0137.jpg?w=1000 1000w, https:\/\/i0.wp.com\/www.tvturk.com\/wp-content\/uploads\/2019\/03\/fenerbahce-hazirlik-macinda-eskisehirsporu-farkli-maglup-etti_88e0137.jpg?resize=150%2C114 150w, https:\/\/i0.wp.com\/www.tvturk.com\/wp-content\/uploads\/2019\/03\/fenerbahce-hazirlik-macinda-eskisehirsporu-farkli-maglup-etti_88e0137.jpg?resize=300%2C228 300w, https:\/\/i0.wp.com\/www.tvturk.com\/wp-content\/uploads\/2019\/03\/fenerbahce-hazirlik-macinda-eskisehirsporu-farkli-maglup-etti_88e0137.jpg?resize=768%2C584 768w\" width=\"309\" height=\"235\" loading=\"lazy\" data-original-width=\"309\" data-original-height=\"235\" itemprop=\"http:\/\/schema.org\/image\" title=\"Fenerbah\u00e7e haz\u0131rl\u0131k ma\u00e7\u0131nda Eski\u015fehirspor\u2019u farkl\u0131 ma\u011flup etti\" alt=\"Fenerbah\u00e7e haz\u0131rl\u0131k ma\u00e7\u0131nda Eski\u015fehirspor\u2019u farkl\u0131 ma\u011flup etti\" style=\"width: 309px; height: 235px;\" \/> <\/a> <\/div> <\/div> <!-- close group --> <div class=\"gallery-group images-2\" style=\"width: 187px; height: 239px;\" data-original-width=\"187\" data-original-height=\"239\" > <div class=\"tiled-gallery-item tiled-gallery-item-small\" itemprop=\"associatedMedia\" itemscope itemtype=\"http:\/\/schema.org\/ImageObject\"> <a href=\"http:\/\/www.tvturk.com\/index.php\/fenerbahce-hazirlik-macinda-eskisehirsporu-farkli-maglup-etti\/fenerbahce-hazirlik-macinda-eskisehirsporu-farkli-maglup-etti-4\/\" border=\"0\" itemprop=\"url\"> <meta itemprop=\"width\" content=\"183\"> <meta itemprop=\"height\" content=\"123\"> <img decoding=\"async\" class=\"\" data-attachment-id=\"116789\" data-orig-file=\"http:\/\/www.tvturk.com\/wp-content\/uploads\/2019\/03\/fenerbahce-hazirlik-macinda-eskisehirsporu-farkli-maglup-etti_590cd58.jpg\" data-orig-size=\"1000,676\" data-comments-opened=\"\" data-image-meta=\"{&quot;aperture&quot;:&quot;0&quot;,&quot;credit&quot;:&quot;IHA&quot;,&quot;camera&quot;:&quot;&quot;,&quot;caption&quot;:&quot;FENERBAH\\u00c7E, HAZIRLIK MA\\u00c7INDA CAN BARTU TES\\u0130SLER\\u0130\\u0027NDE KAR\\u015eILA\\u015eTI\\u011eI TFF 1. L\\u0130G EK\\u0130PLER\\u0130NDEN ESK\\u0130\\u015eEH\\u0130RSPOR\\u2019U 4-0 MA\\u011eLUP ETT\\u0130. (WWW.FENERBAHCE.ORG\\\/\\u0130STANBUL-\\u0130HA)&quot;,&quot;created_timestamp&quot;:&quot;0&quot;,&quot;copyright&quot;:&quot;\\u0130HLAS HABER AJANSI, www.iha.com.tr&quot;,&quot;focal_length&quot;:&quot;0&quot;,&quot;iso&quot;:&quot;0&quot;,&quot;shutter_speed&quot;:&quot;0&quot;,&quot;title&quot;:&quot;FENERBAH\\u00c7E HAZIRLIK MA\\u00c7INDA ESK\\u0130\\u015eEH\\u0130RSPOR\\u0027U FARKLI MA\\u011eLUP ETT\\u0130&quot;,&quot;orientation&quot;:&quot;0&quot;}\" data-image-title=\"Fenerbah\u00e7e haz\u0131rl\u0131k ma\u00e7\u0131nda Eski\u015fehirspor\u2019u farkl\u0131 ma\u011flup etti\" data-image-description=\"&lt;p&gt;Fenerbah\u00e7e haz\u0131rl\u0131k ma\u00e7\u0131nda Eski\u015fehirspor\u2019u farkl\u0131 ma\u011flup etti&lt;\/p&gt; \" data-medium-file=\"https:\/\/i0.wp.com\/www.tvturk.com\/wp-content\/uploads\/2019\/03\/fenerbahce-hazirlik-macinda-eskisehirsporu-farkli-maglup-etti_590cd58.jpg?fit=300%2C203\" data-large-file=\"https:\/\/i0.wp.com\/www.tvturk.com\/wp-content\/uploads\/2019\/03\/fenerbahce-hazirlik-macinda-eskisehirsporu-farkli-maglup-etti_590cd58.jpg?fit=1000%2C676\" src=\"https:\/\/i0.wp.com\/www.tvturk.com\/wp-content\/uploads\/2019\/03\/fenerbahce-hazirlik-macinda-eskisehirsporu-farkli-maglup-etti_590cd58.jpg?w=183&#038;h=123\" srcset=\"https:\/\/i0.wp.com\/www.tvturk.com\/wp-content\/uploads\/2019\/03\/fenerbahce-hazirlik-macinda-eskisehirsporu-farkli-maglup-etti_590cd58.jpg?w=1000 1000w, https:\/\/i0.wp.com\/www.tvturk.com\/wp-content\/uploads\/2019\/03\/fenerbahce-hazirlik-macinda-eskisehirsporu-farkli-maglup-etti_590cd58.jpg?resize=150%2C101 150w, https:\/\/i0.wp.com\/www.tvturk.com\/wp-content\/uploads\/2019\/03\/fenerbahce-hazirlik-macinda-eskisehirsporu-farkli-maglup-etti_590cd58.jpg?resize=300%2C200 300w, https:\/\/i0.wp.com\/www.tvturk.com\/wp-content\/uploads\/2019\/03\/fenerbahce-hazirlik-macinda-eskisehirsporu-farkli-maglup-etti_590cd58.jpg?resize=768%2C519 768w, https:\/\/i0.wp.com\/www.tvturk.com\/wp-content\/uploads\/2019\/03\/fenerbahce-hazirlik-macinda-eskisehirsporu-farkli-maglup-etti_590cd58.jpg?resize=170%2C113 170w, https:\/\/i0.wp.com\/www.tvturk.com\/wp-content\/uploads\/2019\/03\/fenerbahce-hazirlik-macinda-eskisehirsporu-farkli-maglup-etti_590cd58.jpg?resize=120%2C80 120w, https:\/\/i0.wp.com\/www.tvturk.com\/wp-content\/uploads\/2019\/03\/fenerbahce-hazirlik-macinda-eskisehirsporu-farkli-maglup-etti_590cd58.jpg?resize=80%2C55 80w\" width=\"183\" height=\"123\" loading=\"lazy\" data-original-width=\"183\" data-original-height=\"123\" itemprop=\"http:\/\/schema.org\/image\" title=\"Fenerbah\u00e7e haz\u0131rl\u0131k ma\u00e7\u0131nda Eski\u015fehirspor\u2019u farkl\u0131 ma\u011flup etti\" alt=\"Fenerbah\u00e7e haz\u0131rl\u0131k ma\u00e7\u0131nda Eski\u015fehirspor\u2019u farkl\u0131 ma\u011flup etti\" style=\"width: 183px; height: 123px;\" \/> <\/a> <\/div> <div class=\"tiled-gallery-item tiled-gallery-item-small\" itemprop=\"associatedMedia\" itemscope itemtype=\"http:\/\/schema.org\/ImageObject\"> <a href=\"http:\/\/www.tvturk.com\/index.php\/fenerbahce-hazirlik-macinda-eskisehirsporu-farkli-maglup-etti\/fenerbahce-hazirlik-macinda-eskisehirsporu-farkli-maglup-etti-5\/\" border=\"0\" itemprop=\"url\"> <meta itemprop=\"width\" content=\"183\"> <meta itemprop=\"height\" content=\"108\"> <img decoding=\"async\" class=\"\" data-attachment-id=\"116790\" data-orig-file=\"http:\/\/www.tvturk.com\/wp-content\/uploads\/2019\/03\/fenerbahce-hazirlik-macinda-eskisehirsporu-farkli-maglup-etti_249ffc0.jpg\" data-orig-size=\"1000,591\" data-comments-opened=\"\" data-image-meta=\"{&quot;aperture&quot;:&quot;0&quot;,&quot;credit&quot;:&quot;IHA&quot;,&quot;camera&quot;:&quot;&quot;,&quot;caption&quot;:&quot;FENERBAH\\u00c7E, HAZIRLIK MA\\u00c7INDA CAN BARTU TES\\u0130SLER\\u0130\\u0027NDE KAR\\u015eILA\\u015eTI\\u011eI TFF 1. L\\u0130G EK\\u0130PLER\\u0130NDEN ESK\\u0130\\u015eEH\\u0130RSPOR\\u2019U 4-0 MA\\u011eLUP ETT\\u0130. (WWW.FENERBAHCE.ORG\\\/\\u0130STANBUL-\\u0130HA)&quot;,&quot;created_timestamp&quot;:&quot;0&quot;,&quot;copyright&quot;:&quot;\\u0130HLAS HABER AJANSI, www.iha.com.tr&quot;,&quot;focal_length&quot;:&quot;0&quot;,&quot;iso&quot;:&quot;0&quot;,&quot;shutter_speed&quot;:&quot;0&quot;,&quot;title&quot;:&quot;FENERBAH\\u00c7E HAZIRLIK MA\\u00c7INDA ESK\\u0130\\u015eEH\\u0130RSPOR\\u0027U FARKLI MA\\u011eLUP ETT\\u0130&quot;,&quot;orientation&quot;:&quot;0&quot;}\" data-image-title=\"Fenerbah\u00e7e haz\u0131rl\u0131k ma\u00e7\u0131nda Eski\u015fehirspor\u2019u farkl\u0131 ma\u011flup etti\" data-image-description=\"&lt;p&gt;Fenerbah\u00e7e haz\u0131rl\u0131k ma\u00e7\u0131nda Eski\u015fehirspor\u2019u farkl\u0131 ma\u011flup etti&lt;\/p&gt; \" data-medium-file=\"https:\/\/i0.wp.com\/www.tvturk.com\/wp-content\/uploads\/2019\/03\/fenerbahce-hazirlik-macinda-eskisehirsporu-farkli-maglup-etti_249ffc0.jpg?fit=300%2C177\" data-large-file=\"https:\/\/i0.wp.com\/www.tvturk.com\/wp-content\/uploads\/2019\/03\/fenerbahce-hazirlik-macinda-eskisehirsporu-farkli-maglup-etti_249ffc0.jpg?fit=1000%2C591\" src=\"https:\/\/i0.wp.com\/www.tvturk.com\/wp-content\/uploads\/2019\/03\/fenerbahce-hazirlik-macinda-eskisehirsporu-farkli-maglup-etti_249ffc0.jpg?w=183&#038;h=108\" srcset=\"https:\/\/i0.wp.com\/www.tvturk.com\/wp-content\/uploads\/2019\/03\/fenerbahce-hazirlik-macinda-eskisehirsporu-farkli-maglup-etti_249ffc0.jpg?w=1000 1000w, https:\/\/i0.wp.com\/www.tvturk.com\/wp-content\/uploads\/2019\/03\/fenerbahce-hazirlik-macinda-eskisehirsporu-farkli-maglup-etti_249ffc0.jpg?resize=150%2C89 150w, https:\/\/i0.wp.com\/www.tvturk.com\/wp-content\/uploads\/2019\/03\/fenerbahce-hazirlik-macinda-eskisehirsporu-farkli-maglup-etti_249ffc0.jpg?resize=300%2C177 300w, https:\/\/i0.wp.com\/www.tvturk.com\/wp-content\/uploads\/2019\/03\/fenerbahce-hazirlik-macinda-eskisehirsporu-farkli-maglup-etti_249ffc0.jpg?resize=768%2C454 768w\" width=\"183\" height=\"108\" loading=\"lazy\" data-original-width=\"183\" data-original-height=\"108\" itemprop=\"http:\/\/schema.org\/image\" title=\"Fenerbah\u00e7e haz\u0131rl\u0131k ma\u00e7\u0131nda Eski\u015fehirspor\u2019u farkl\u0131 ma\u011flup etti\" alt=\"Fenerbah\u00e7e haz\u0131rl\u0131k ma\u00e7\u0131nda Eski\u015fehirspor\u2019u farkl\u0131 ma\u011flup etti\" style=\"width: 183px; height: 108px;\" \/> <\/a> <\/div> <\/div> <!-- close group --> <\/div> <!-- close row --> <div class=\"gallery-row\" style=\"width: 500px; height: 305px;\" data-original-width=\"500\" data-original-height=\"305\" > <div class=\"gallery-group images-2\" style=\"width: 190px; height: 305px;\" data-original-width=\"190\" data-original-height=\"305\" > <div class=\"tiled-gallery-item tiled-gallery-item-small\" itemprop=\"associatedMedia\" itemscope itemtype=\"http:\/\/schema.org\/ImageObject\"> <a href=\"http:\/\/www.tvturk.com\/index.php\/fenerbahce-hazirlik-macinda-eskisehirsporu-farkli-maglup-etti\/fenerbahce-hazirlik-macinda-eskisehirsporu-farkli-maglup-etti-6\/\" border=\"0\" itemprop=\"url\"> <meta itemprop=\"width\" content=\"186\"> <meta itemprop=\"height\" content=\"161\"> <img decoding=\"async\" class=\"\" data-attachment-id=\"116791\" data-orig-file=\"http:\/\/www.tvturk.com\/wp-content\/uploads\/2019\/03\/fenerbahce-hazirlik-macinda-eskisehirsporu-farkli-maglup-etti_355a333.jpg\" data-orig-size=\"1000,863\" data-comments-opened=\"\" data-image-meta=\"{&quot;aperture&quot;:&quot;0&quot;,&quot;credit&quot;:&quot;IHA&quot;,&quot;camera&quot;:&quot;&quot;,&quot;caption&quot;:&quot;FENERBAH\\u00c7E, HAZIRLIK MA\\u00c7INDA CAN BARTU TES\\u0130SLER\\u0130\\u0027NDE KAR\\u015eILA\\u015eTI\\u011eI TFF 1. L\\u0130G EK\\u0130PLER\\u0130NDEN ESK\\u0130\\u015eEH\\u0130RSPOR\\u2019U 4-0 MA\\u011eLUP ETT\\u0130. (WWW.FENERBAHCE.ORG\\\/\\u0130STANBUL-\\u0130HA)&quot;,&quot;created_timestamp&quot;:&quot;0&quot;,&quot;copyright&quot;:&quot;\\u0130HLAS HABER AJANSI, www.iha.com.tr&quot;,&quot;focal_length&quot;:&quot;0&quot;,&quot;iso&quot;:&quot;0&quot;,&quot;shutter_speed&quot;:&quot;0&quot;,&quot;title&quot;:&quot;FENERBAH\\u00c7E HAZIRLIK MA\\u00c7INDA ESK\\u0130\\u015eEH\\u0130RSPOR\\u0027U FARKLI MA\\u011eLUP ETT\\u0130&quot;,&quot;orientation&quot;:&quot;0&quot;}\" data-image-title=\"Fenerbah\u00e7e haz\u0131rl\u0131k ma\u00e7\u0131nda Eski\u015fehirspor\u2019u farkl\u0131 ma\u011flup etti\" data-image-description=\"&lt;p&gt;Fenerbah\u00e7e haz\u0131rl\u0131k ma\u00e7\u0131nda Eski\u015fehirspor\u2019u farkl\u0131 ma\u011flup etti&lt;\/p&gt; \" data-medium-file=\"https:\/\/i0.wp.com\/www.tvturk.com\/wp-content\/uploads\/2019\/03\/fenerbahce-hazirlik-macinda-eskisehirsporu-farkli-maglup-etti_355a333.jpg?fit=300%2C259\" data-large-file=\"https:\/\/i0.wp.com\/www.tvturk.com\/wp-content\/uploads\/2019\/03\/fenerbahce-hazirlik-macinda-eskisehirsporu-farkli-maglup-etti_355a333.jpg?fit=1000%2C863\" src=\"https:\/\/i0.wp.com\/www.tvturk.com\/wp-content\/uploads\/2019\/03\/fenerbahce-hazirlik-macinda-eskisehirsporu-farkli-maglup-etti_355a333.jpg?w=186&#038;h=161\" srcset=\"https:\/\/i0.wp.com\/www.tvturk.com\/wp-content\/uploads\/2019\/03\/fenerbahce-hazirlik-macinda-eskisehirsporu-farkli-maglup-etti_355a333.jpg?w=1000 1000w, https:\/\/i0.wp.com\/www.tvturk.com\/wp-content\/uploads\/2019\/03\/fenerbahce-hazirlik-macinda-eskisehirsporu-farkli-maglup-etti_355a333.jpg?resize=150%2C129 150w, https:\/\/i0.wp.com\/www.tvturk.com\/wp-content\/uploads\/2019\/03\/fenerbahce-hazirlik-macinda-eskisehirsporu-farkli-maglup-etti_355a333.jpg?resize=300%2C259 300w, https:\/\/i0.wp.com\/www.tvturk.com\/wp-content\/uploads\/2019\/03\/fenerbahce-hazirlik-macinda-eskisehirsporu-farkli-maglup-etti_355a333.jpg?resize=768%2C663 768w\" width=\"186\" height=\"161\" loading=\"lazy\" data-original-width=\"186\" data-original-height=\"161\" itemprop=\"http:\/\/schema.org\/image\" title=\"Fenerbah\u00e7e haz\u0131rl\u0131k ma\u00e7\u0131nda Eski\u015fehirspor\u2019u farkl\u0131 ma\u011flup etti\" alt=\"Fenerbah\u00e7e haz\u0131rl\u0131k ma\u00e7\u0131nda Eski\u015fehirspor\u2019u farkl\u0131 ma\u011flup etti\" style=\"width: 186px; height: 161px;\" \/> <\/a> <\/div> <div class=\"tiled-gallery-item tiled-gallery-item-small\" itemprop=\"associatedMedia\" itemscope itemtype=\"http:\/\/schema.org\/ImageObject\"> <a href=\"http:\/\/www.tvturk.com\/index.php\/fenerbahce-hazirlik-macinda-eskisehirsporu-farkli-maglup-etti\/fenerbahce-hazirlik-macinda-eskisehirsporu-farkli-maglup-etti-7\/\" border=\"0\" itemprop=\"url\"> <meta itemprop=\"width\" content=\"186\"> <meta itemprop=\"height\" content=\"136\"> <img decoding=\"async\" class=\"\" data-attachment-id=\"116792\" data-orig-file=\"http:\/\/www.tvturk.com\/wp-content\/uploads\/2019\/03\/fenerbahce-hazirlik-macinda-eskisehirsporu-farkli-maglup-etti_5b73a8d.jpg\" data-orig-size=\"1000,730\" data-comments-opened=\"\" data-image-meta=\"{&quot;aperture&quot;:&quot;0&quot;,&quot;credit&quot;:&quot;IHA&quot;,&quot;camera&quot;:&quot;&quot;,&quot;caption&quot;:&quot;FENERBAH\\u00c7E, HAZIRLIK MA\\u00c7INDA CAN BARTU TES\\u0130SLER\\u0130\\u0027NDE KAR\\u015eILA\\u015eTI\\u011eI TFF 1. L\\u0130G EK\\u0130PLER\\u0130NDEN ESK\\u0130\\u015eEH\\u0130RSPOR\\u2019U 4-0 MA\\u011eLUP ETT\\u0130. (WWW.FENERBAHCE.ORG\\\/\\u0130STANBUL-\\u0130HA)&quot;,&quot;created_timestamp&quot;:&quot;0&quot;,&quot;copyright&quot;:&quot;\\u0130HLAS HABER AJANSI, www.iha.com.tr&quot;,&quot;focal_length&quot;:&quot;0&quot;,&quot;iso&quot;:&quot;0&quot;,&quot;shutter_speed&quot;:&quot;0&quot;,&quot;title&quot;:&quot;FENERBAH\\u00c7E HAZIRLIK MA\\u00c7INDA ESK\\u0130\\u015eEH\\u0130RSPOR\\u0027U FARKLI MA\\u011eLUP ETT\\u0130&quot;,&quot;orientation&quot;:&quot;0&quot;}\" data-image-title=\"Fenerbah\u00e7e haz\u0131rl\u0131k ma\u00e7\u0131nda Eski\u015fehirspor\u2019u farkl\u0131 ma\u011flup etti\" data-image-description=\"&lt;p&gt;Fenerbah\u00e7e haz\u0131rl\u0131k ma\u00e7\u0131nda Eski\u015fehirspor\u2019u farkl\u0131 ma\u011flup etti&lt;\/p&gt; \" data-medium-file=\"https:\/\/i0.wp.com\/www.tvturk.com\/wp-content\/uploads\/2019\/03\/fenerbahce-hazirlik-macinda-eskisehirsporu-farkli-maglup-etti_5b73a8d.jpg?fit=300%2C219\" data-large-file=\"https:\/\/i0.wp.com\/www.tvturk.com\/wp-content\/uploads\/2019\/03\/fenerbahce-hazirlik-macinda-eskisehirsporu-farkli-maglup-etti_5b73a8d.jpg?fit=1000%2C730\" src=\"https:\/\/i0.wp.com\/www.tvturk.com\/wp-content\/uploads\/2019\/03\/fenerbahce-hazirlik-macinda-eskisehirsporu-farkli-maglup-etti_5b73a8d.jpg?w=186&#038;h=136\" srcset=\"https:\/\/i0.wp.com\/www.tvturk.com\/wp-content\/uploads\/2019\/03\/fenerbahce-hazirlik-macinda-eskisehirsporu-farkli-maglup-etti_5b73a8d.jpg?w=1000 1000w, https:\/\/i0.wp.com\/www.tvturk.com\/wp-content\/uploads\/2019\/03\/fenerbahce-hazirlik-macinda-eskisehirsporu-farkli-maglup-etti_5b73a8d.jpg?resize=150%2C110 150w, https:\/\/i0.wp.com\/www.tvturk.com\/wp-content\/uploads\/2019\/03\/fenerbahce-hazirlik-macinda-eskisehirsporu-farkli-maglup-etti_5b73a8d.jpg?resize=300%2C219 300w, https:\/\/i0.wp.com\/www.tvturk.com\/wp-content\/uploads\/2019\/03\/fenerbahce-hazirlik-macinda-eskisehirsporu-farkli-maglup-etti_5b73a8d.jpg?resize=768%2C561 768w\" width=\"186\" height=\"136\" loading=\"lazy\" data-original-width=\"186\" data-original-height=\"136\" itemprop=\"http:\/\/schema.org\/image\" title=\"Fenerbah\u00e7e haz\u0131rl\u0131k ma\u00e7\u0131nda Eski\u015fehirspor\u2019u farkl\u0131 ma\u011flup etti\" alt=\"Fenerbah\u00e7e haz\u0131rl\u0131k ma\u00e7\u0131nda Eski\u015fehirspor\u2019u farkl\u0131 ma\u011flup etti\" style=\"width: 186px; height: 136px;\" \/> <\/a> <\/div> <\/div> <!-- close group --> <div class=\"gallery-group images-1\" style=\"width: 310px; height: 305px;\" data-original-width=\"310\" data-original-height=\"305\" > <div class=\"tiled-gallery-item tiled-gallery-item-large\" itemprop=\"associatedMedia\" itemscope itemtype=\"http:\/\/schema.org\/ImageObject\"> <a href=\"http:\/\/www.tvturk.com\/index.php\/fenerbahce-hazirlik-macinda-eskisehirsporu-farkli-maglup-etti\/fenerbahce-hazirlik-macinda-eskisehirsporu-farkli-maglup-etti-8\/\" border=\"0\" itemprop=\"url\"> <meta itemprop=\"width\" content=\"306\"> <meta itemprop=\"height\" content=\"301\"> <img decoding=\"async\" class=\"\" data-attachment-id=\"116793\" data-orig-file=\"http:\/\/www.tvturk.com\/wp-content\/uploads\/2019\/03\/fenerbahce-hazirlik-macinda-eskisehirsporu-farkli-maglup-etti_985ec49.jpg\" data-orig-size=\"1000,983\" data-comments-opened=\"\" data-image-meta=\"{&quot;aperture&quot;:&quot;0&quot;,&quot;credit&quot;:&quot;IHA&quot;,&quot;camera&quot;:&quot;&quot;,&quot;caption&quot;:&quot;FENERBAH\\u00c7E, HAZIRLIK MA\\u00c7INDA CAN BARTU TES\\u0130SLER\\u0130\\u0027NDE KAR\\u015eILA\\u015eTI\\u011eI TFF 1. L\\u0130G EK\\u0130PLER\\u0130NDEN ESK\\u0130\\u015eEH\\u0130RSPOR\\u2019U 4-0 MA\\u011eLUP ETT\\u0130. (WWW.FENERBAHCE.ORG\\\/\\u0130STANBUL-\\u0130HA)&quot;,&quot;created_timestamp&quot;:&quot;0&quot;,&quot;copyright&quot;:&quot;\\u0130HLAS HABER AJANSI, www.iha.com.tr&quot;,&quot;focal_length&quot;:&quot;0&quot;,&quot;iso&quot;:&quot;0&quot;,&quot;shutter_speed&quot;:&quot;0&quot;,&quot;title&quot;:&quot;FENERBAH\\u00c7E HAZIRLIK MA\\u00c7INDA ESK\\u0130\\u015eEH\\u0130RSPOR\\u0027U FARKLI MA\\u011eLUP ETT\\u0130&quot;,&quot;orientation&quot;:&quot;0&quot;}\" data-image-title=\"Fenerbah\u00e7e haz\u0131rl\u0131k ma\u00e7\u0131nda Eski\u015fehirspor\u2019u farkl\u0131 ma\u011flup etti\" data-image-description=\"&lt;p&gt;Fenerbah\u00e7e haz\u0131rl\u0131k ma\u00e7\u0131nda Eski\u015fehirspor\u2019u farkl\u0131 ma\u011flup etti&lt;\/p&gt; \" data-medium-file=\"https:\/\/i0.wp.com\/www.tvturk.com\/wp-content\/uploads\/2019\/03\/fenerbahce-hazirlik-macinda-eskisehirsporu-farkli-maglup-etti_985ec49.jpg?fit=300%2C295\" data-large-file=\"https:\/\/i0.wp.com\/www.tvturk.com\/wp-content\/uploads\/2019\/03\/fenerbahce-hazirlik-macinda-eskisehirsporu-farkli-maglup-etti_985ec49.jpg?fit=1000%2C983\" src=\"https:\/\/i0.wp.com\/www.tvturk.com\/wp-content\/uploads\/2019\/03\/fenerbahce-hazirlik-macinda-eskisehirsporu-farkli-maglup-etti_985ec49.jpg?w=306&#038;h=301\" srcset=\"https:\/\/i0.wp.com\/www.tvturk.com\/wp-content\/uploads\/2019\/03\/fenerbahce-hazirlik-macinda-eskisehirsporu-farkli-maglup-etti_985ec49.jpg?w=1000 1000w, https:\/\/i0.wp.com\/www.tvturk.com\/wp-content\/uploads\/2019\/03\/fenerbahce-hazirlik-macinda-eskisehirsporu-farkli-maglup-etti_985ec49.jpg?resize=150%2C147 150w, https:\/\/i0.wp.com\/www.tvturk.com\/wp-content\/uploads\/2019\/03\/fenerbahce-hazirlik-macinda-eskisehirsporu-farkli-maglup-etti_985ec49.jpg?resize=300%2C295 300w, https:\/\/i0.wp.com\/www.tvturk.com\/wp-content\/uploads\/2019\/03\/fenerbahce-hazirlik-macinda-eskisehirsporu-farkli-maglup-etti_985ec49.jpg?resize=768%2C755 768w\" width=\"306\" height=\"301\" loading=\"lazy\" data-original-width=\"306\" data-original-height=\"301\" itemprop=\"http:\/\/schema.org\/image\" title=\"Fenerbah\u00e7e haz\u0131rl\u0131k ma\u00e7\u0131nda Eski\u015fehirspor\u2019u farkl\u0131 ma\u011flup etti\" alt=\"Fenerbah\u00e7e haz\u0131rl\u0131k ma\u00e7\u0131nda Eski\u015fehirspor\u2019u farkl\u0131 ma\u011flup etti\" style=\"width: 306px; height: 301px;\" \/> <\/a> <\/div> <\/div> <!-- close group --> <\/div> <!-- close row --> <\/div><\/p>\n","protected":false},"excerpt":{"rendered":"<p>FENERBAH\u00c7E, HAZIRLIK MA\u00c7INDA CAN BARTU TES\u0130SLER\u0130&#8217;NDE KAR\u015eILA\u015eTI\u011eI TFF 1. L\u0130G EK\u0130PLER\u0130NDEN ESK\u0130\u015eEH\u0130RSPOR\u2019U 4-0 MA\u011eLUP ETT\u0130.<\/p>\n","protected":false},"author":1,"featured_media":116787,"comment_status":"closed","ping_status":"open","sticky":false,"template":"","format":"standard","meta":{"jetpack_post_was_ever_published":false,"_jetpack_newsletter_access":"","_jetpack_dont_email_post_to_subs":false,"_jetpack_newsletter_tier_id":0,"_jetpack_memberships_contains_paywalled_content":false,"_jetpack_memberships_contains_paid_content":false,"footnotes":"","jetpack_publicize_message":"","jetpack_publicize_feature_enabled":true,"jetpack_social_post_already_shared":true,"jetpack_social_options":{"image_generator_settings":{"template":"highway","default_image_id":0,"font":"","enabled":false},"version":2}},"categories":[657],"tags":[28491,207,2606,2626,9967,4450,8160],"class_list":["post-116786","post","type-post","status-publish","format-standard","has-post-thumbnail","hentry","category-spor","tag-eskisehirsporu","tag-etti","tag-farkli","tag-fenerbahce","tag-hazirlik","tag-macinda","tag-maglup"],"jetpack_publicize_connections":[],"jetpack_featured_media_url":"https:\/\/i0.wp.com\/www.tvturk.com\/wp-content\/uploads\/2019\/03\/fenerbahce-hazirlik-macinda-eskisehirsporu-farkli-maglup-etti_d07f20b.jpg?fit=1000%2C869","jetpack_sharing_enabled":true,"jetpack_shortlink":"https:\/\/wp.me\/paKIfm-unE","_links":{"self":[{"href":"http:\/\/www.tvturk.com\/index.php\/wp-json\/wp\/v2\/posts\/116786","targetHints":{"allow":["GET"]}}],"collection":[{"href":"http:\/\/www.tvturk.com\/index.php\/wp-json\/wp\/v2\/posts"}],"about":[{"href":"http:\/\/www.tvturk.com\/index.php\/wp-json\/wp\/v2\/types\/post"}],"author":[{"embeddable":true,"href":"http:\/\/www.tvturk.com\/index.php\/wp-json\/wp\/v2\/users\/1"}],"replies":[{"embeddable":true,"href":"http:\/\/www.tvturk.com\/index.php\/wp-json\/wp\/v2\/comments?post=116786"}],"version-history":[{"count":1,"href":"http:\/\/www.tvturk.com\/index.php\/wp-json\/wp\/v2\/posts\/116786\/revisions"}],"predecessor-version":[{"id":116794,"href":"http:\/\/www.tvturk.com\/index.php\/wp-json\/wp\/v2\/posts\/116786\/revisions\/116794"}],"wp:featuredmedia":[{"embeddable":true,"href":"http:\/\/www.tvturk.com\/index.php\/wp-json\/wp\/v2\/media\/116787"}],"wp:attachment":[{"href":"http:\/\/www.tvturk.com\/index.php\/wp-json\/wp\/v2\/media?parent=116786"}],"wp:term":[{"taxonomy":"category","embeddable":true,"href":"http:\/\/www.tvturk.com\/index.php\/wp-json\/wp\/v2\/categories?post=116786"},{"taxonomy":"post_tag","embeddable":true,"href":"http:\/\/www.tvturk.com\/index.php\/wp-json\/wp\/v2\/tags?post=116786"}],"curies":[{"name":"wp","href":"https:\/\/api.w.org\/{rel}","templated":true}]}}