{"id":11709,"date":"2019-02-08T12:06:00","date_gmt":"2019-02-08T09:06:00","guid":{"rendered":"http:\/\/www.tvturk.com\/index.php\/dika-emittte-4-ili-tanitti\/"},"modified":"2019-02-08T12:06:11","modified_gmt":"2019-02-08T09:06:11","slug":"dika-emittte-4-ili-tanitti","status":"publish","type":"post","link":"http:\/\/www.tvturk.com\/index.php\/dika-emittte-4-ili-tanitti\/","title":{"rendered":"D\u0130KA EMITT\u2019te 4 ili tan\u0131tt\u0131"},"content":{"rendered":"<p>Do\u011fu Akdeniz Uluslararas\u0131 Turizm ve Seyahat Fuar\u0131 (EMITT) 2019 Uluslararas\u0131 Turizm Fuar\u0131\u2019nda Dicle Kalk\u0131nma Ajans\u0131, faaliyet g\u00f6sterdi\u011fi TRC3 B\u00f6lgesi\u2019ndeki Mardin, Batman, Siirt ve \u015e\u0131rnak illeriyle kat\u0131larak kentlerin tan\u0131t\u0131mlar\u0131n\u0131 ger\u00e7ekle\u015ftirdi.<\/p>\n<p>Bu y\u0131l 23. kez d\u00fczenlenen EMITT Fuar\u0131\u2019na, D\u0130KA\u2019n\u0131n faaliyet g\u00f6sterdi\u011fi TRC3 B\u00f6lgesi\u2019ndeki Mardin, Batman, Siirt ve \u015e\u0131rnak illeriyle birlikte kapsaml\u0131 bir kat\u0131l\u0131m sa\u011fland\u0131. D\u00f6rt ilin, valilik, il k\u00fclt\u00fcr turizm m\u00fcd\u00fcrl\u00fckleri ve belediyeler ile yap\u0131lan i\u015fbirli\u011fi sonucunda kentlerde bulunan seyahat acenteleri ve otellerinin yan\u0131 s\u0131ra \u015fehrin turistik yerleri tan\u0131t\u0131ld\u0131.<\/p>\n<p>D\u0130KA Genel Sekreteri Y\u0131lmaz Alt\u0131nda\u011f, EMITT Turizm Fuar\u0131\u2019n\u0131n T\u00fcrkiye\u2019nin turizm sekt\u00f6r\u00fcndeki en \u00f6nemli organizasyonu oldu\u011funu s\u00f6yledi. Fuar\u0131n, Dicle Kalk\u0131nma Ajans\u0131 olarak kat\u0131ld\u0131klar\u0131 \u00f6nemli fuarlardan birisi oldu\u011funu belirten Alt\u0131nda\u011f, &#8220;Ajans\u0131m\u0131z\u0131n faaliyet g\u00f6sterdi\u011fi TRC3 B\u00f6lgesi\u2019ndeki d\u00f6rt ilimizi turizm anlam\u0131nda canland\u0131rmak i\u00e7in bir f\u0131rsatt\u0131r. Ajans b\u00f6lgemiz olan TRC3 B\u00f6lgesi\u2019ndeki d\u00f6rt ilimiz, ba\u015fta tarih, k\u00fclt\u00fcr ve inan\u00e7 turizmi olmak \u00fczere pek \u00e7ok farkl\u0131 turizm alan\u0131nda \u00f6nemli bir potansiyele sahiptir. Gelecek d\u00f6nemlerde, turizm kalk\u0131nman\u0131n \u00f6nc\u00fc sekt\u00f6r\u00fc haline gelecektir. Bu nedenle ajans\u0131m\u0131z, b\u00f6lgenin di\u011fer kurum ve kurulu\u015flar\u0131 ile birlikte, turizm sekt\u00f6r\u00fcnde olduk\u00e7a etkili olan EMITT Fuar\u0131\u2019nda illerimizin tan\u0131t\u0131lmas\u0131na y\u00f6nelik \u00e7al\u0131\u015fmalar\u0131n koordinasyon ve finansman\u0131n\u0131 \u00fcstlenmi\u015ftir. Kalk\u0131nman\u0131n yerel potansiyelin harekete ge\u00e7irilmesiyle ger\u00e7ekle\u015febilece\u011fi inanc\u0131yla b\u00f6lgemizdeki payda\u015flar\u0131m\u0131zla i\u015f birli\u011fi i\u00e7erisinde olmak \u00f6nceli\u011fimizdir&#8221; dedi.<div class=\"tiled-gallery type-rectangular tiled-gallery-unresized\" data-original-width=\"500\" data-carousel-extra='null' itemscope itemtype=\"http:\/\/schema.org\/ImageGallery\" > <div class=\"gallery-row\" style=\"width: 500px; height: 227px;\" data-original-width=\"500\" data-original-height=\"227\" > <div class=\"gallery-group images-1\" style=\"width: 316px; height: 227px;\" data-original-width=\"316\" data-original-height=\"227\" > <div class=\"tiled-gallery-item tiled-gallery-item-large\" itemprop=\"associatedMedia\" itemscope itemtype=\"http:\/\/schema.org\/ImageObject\"> <a href=\"http:\/\/www.tvturk.com\/index.php\/dika-emittte-4-ili-tanitti\/dika-emittte-4-ili-tanitti-3\/\" border=\"0\" itemprop=\"url\"> <meta itemprop=\"width\" content=\"312\"> <meta itemprop=\"height\" content=\"223\"> <img decoding=\"async\" class=\"\" data-attachment-id=\"11711\" data-orig-file=\"http:\/\/www.tvturk.com\/wp-content\/uploads\/2019\/02\/dika-emittte-4-ili-tanitti_b62bc8f.jpg\" data-orig-size=\"1000,714\" data-comments-opened=\"\" data-image-meta=\"{&quot;aperture&quot;:&quot;0&quot;,&quot;credit&quot;:&quot;IHA&quot;,&quot;camera&quot;:&quot;&quot;,&quot;caption&quot;:&quot;DO\\u011eU AKDEN\\u0130Z ULUSLARARASI TUR\\u0130ZM VE SEYAHAT FUARI (EMITT) 2019 ULUSLARARASI TUR\\u0130ZM FUARI\\u2019NDA D\\u0130CLE KALKINMA AJANSI, FAAL\\u0130YET G\\u00d6STERD\\u0130\\u011e\\u0130 TRC3 B\\u00d6LGES\\u0130\\u0027NDEK\\u0130 MARD\\u0130N, BATMAN, S\\u0130\\u0130RT VE \\u015eIRNAK \\u0130LLER\\u0130YLE KATILARAK KENTLER\\u0130N TANITIMLARINI GER\\u00c7EKLE\\u015eT\\u0130RD\\u0130. (BER\\u0130L SOLMU\\u015eG\\u00dcL\\\/MARD\\u0130N-\\u0130HA)&quot;,&quot;created_timestamp&quot;:&quot;0&quot;,&quot;copyright&quot;:&quot;\\u0130HLAS HABER AJANSI, www.iha.com.tr&quot;,&quot;focal_length&quot;:&quot;0&quot;,&quot;iso&quot;:&quot;0&quot;,&quot;shutter_speed&quot;:&quot;0&quot;,&quot;title&quot;:&quot;D\\u0130KA EMITT\\u0027TE 4 \\u0130L\\u0130 TANITTI&quot;,&quot;orientation&quot;:&quot;0&quot;}\" data-image-title=\"D\u0130KA EMITT\u2019te 4 ili tan\u0131tt\u0131\" data-image-description=\"&lt;p&gt;D\u0130KA EMITT\u2019te 4 ili tan\u0131tt\u0131&lt;\/p&gt; \" data-medium-file=\"https:\/\/i0.wp.com\/www.tvturk.com\/wp-content\/uploads\/2019\/02\/dika-emittte-4-ili-tanitti_b62bc8f.jpg?fit=300%2C214\" data-large-file=\"https:\/\/i0.wp.com\/www.tvturk.com\/wp-content\/uploads\/2019\/02\/dika-emittte-4-ili-tanitti_b62bc8f.jpg?fit=1000%2C714\" src=\"https:\/\/i0.wp.com\/www.tvturk.com\/wp-content\/uploads\/2019\/02\/dika-emittte-4-ili-tanitti_b62bc8f.jpg?w=312&#038;h=223\" srcset=\"https:\/\/i0.wp.com\/www.tvturk.com\/wp-content\/uploads\/2019\/02\/dika-emittte-4-ili-tanitti_b62bc8f.jpg?w=1000 1000w, https:\/\/i0.wp.com\/www.tvturk.com\/wp-content\/uploads\/2019\/02\/dika-emittte-4-ili-tanitti_b62bc8f.jpg?resize=150%2C107 150w, https:\/\/i0.wp.com\/www.tvturk.com\/wp-content\/uploads\/2019\/02\/dika-emittte-4-ili-tanitti_b62bc8f.jpg?resize=300%2C214 300w, https:\/\/i0.wp.com\/www.tvturk.com\/wp-content\/uploads\/2019\/02\/dika-emittte-4-ili-tanitti_b62bc8f.jpg?resize=768%2C548 768w\" width=\"312\" height=\"223\" loading=\"lazy\" data-original-width=\"312\" data-original-height=\"223\" itemprop=\"http:\/\/schema.org\/image\" title=\"D\u0130KA EMITT\u2019te 4 ili tan\u0131tt\u0131\" alt=\"D\u0130KA EMITT\u2019te 4 ili tan\u0131tt\u0131\" style=\"width: 312px; height: 223px;\" \/> <\/a> <\/div> <\/div> <!-- close group --> <div class=\"gallery-group images-2\" style=\"width: 184px; height: 227px;\" data-original-width=\"184\" data-original-height=\"227\" > <div class=\"tiled-gallery-item tiled-gallery-item-small\" itemprop=\"associatedMedia\" itemscope itemtype=\"http:\/\/schema.org\/ImageObject\"> <a href=\"http:\/\/www.tvturk.com\/index.php\/dika-emittte-4-ili-tanitti\/dika-emittte-4-ili-tanitti-4\/\" border=\"0\" itemprop=\"url\"> <meta itemprop=\"width\" content=\"180\"> <meta itemprop=\"height\" content=\"113\"> <img decoding=\"async\" class=\"\" data-attachment-id=\"11712\" data-orig-file=\"http:\/\/www.tvturk.com\/wp-content\/uploads\/2019\/02\/dika-emittte-4-ili-tanitti_1aaaba5.jpg\" data-orig-size=\"1000,628\" data-comments-opened=\"\" data-image-meta=\"{&quot;aperture&quot;:&quot;0&quot;,&quot;credit&quot;:&quot;IHA&quot;,&quot;camera&quot;:&quot;&quot;,&quot;caption&quot;:&quot;DO\\u011eU AKDEN\\u0130Z ULUSLARARASI TUR\\u0130ZM VE SEYAHAT FUARI (EMITT) 2019 ULUSLARARASI TUR\\u0130ZM FUARI\\u2019NDA D\\u0130CLE KALKINMA AJANSI, FAAL\\u0130YET G\\u00d6STERD\\u0130\\u011e\\u0130 TRC3 B\\u00d6LGES\\u0130\\u0027NDEK\\u0130 MARD\\u0130N, BATMAN, S\\u0130\\u0130RT VE \\u015eIRNAK \\u0130LLER\\u0130YLE KATILARAK KENTLER\\u0130N TANITIMLARINI GER\\u00c7EKLE\\u015eT\\u0130RD\\u0130. (BER\\u0130L SOLMU\\u015eG\\u00dcL\\\/MARD\\u0130N-\\u0130HA)&quot;,&quot;created_timestamp&quot;:&quot;0&quot;,&quot;copyright&quot;:&quot;\\u0130HLAS HABER AJANSI, www.iha.com.tr&quot;,&quot;focal_length&quot;:&quot;0&quot;,&quot;iso&quot;:&quot;0&quot;,&quot;shutter_speed&quot;:&quot;0&quot;,&quot;title&quot;:&quot;D\\u0130KA EMITT\\u0027TE 4 \\u0130L\\u0130 TANITTI&quot;,&quot;orientation&quot;:&quot;0&quot;}\" data-image-title=\"D\u0130KA EMITT\u2019te 4 ili tan\u0131tt\u0131\" data-image-description=\"&lt;p&gt;D\u0130KA EMITT\u2019te 4 ili tan\u0131tt\u0131&lt;\/p&gt; \" data-medium-file=\"https:\/\/i0.wp.com\/www.tvturk.com\/wp-content\/uploads\/2019\/02\/dika-emittte-4-ili-tanitti_1aaaba5.jpg?fit=300%2C188\" data-large-file=\"https:\/\/i0.wp.com\/www.tvturk.com\/wp-content\/uploads\/2019\/02\/dika-emittte-4-ili-tanitti_1aaaba5.jpg?fit=1000%2C628\" src=\"https:\/\/i0.wp.com\/www.tvturk.com\/wp-content\/uploads\/2019\/02\/dika-emittte-4-ili-tanitti_1aaaba5.jpg?w=180&#038;h=113\" srcset=\"https:\/\/i0.wp.com\/www.tvturk.com\/wp-content\/uploads\/2019\/02\/dika-emittte-4-ili-tanitti_1aaaba5.jpg?w=1000 1000w, https:\/\/i0.wp.com\/www.tvturk.com\/wp-content\/uploads\/2019\/02\/dika-emittte-4-ili-tanitti_1aaaba5.jpg?resize=150%2C94 150w, https:\/\/i0.wp.com\/www.tvturk.com\/wp-content\/uploads\/2019\/02\/dika-emittte-4-ili-tanitti_1aaaba5.jpg?resize=300%2C188 300w, https:\/\/i0.wp.com\/www.tvturk.com\/wp-content\/uploads\/2019\/02\/dika-emittte-4-ili-tanitti_1aaaba5.jpg?resize=768%2C482 768w, https:\/\/i0.wp.com\/www.tvturk.com\/wp-content\/uploads\/2019\/02\/dika-emittte-4-ili-tanitti_1aaaba5.jpg?resize=460%2C290 460w\" width=\"180\" height=\"113\" loading=\"lazy\" data-original-width=\"180\" data-original-height=\"113\" itemprop=\"http:\/\/schema.org\/image\" title=\"D\u0130KA EMITT\u2019te 4 ili tan\u0131tt\u0131\" alt=\"D\u0130KA EMITT\u2019te 4 ili tan\u0131tt\u0131\" style=\"width: 180px; height: 113px;\" \/> <\/a> <\/div> <div class=\"tiled-gallery-item tiled-gallery-item-small\" itemprop=\"associatedMedia\" itemscope itemtype=\"http:\/\/schema.org\/ImageObject\"> <a href=\"http:\/\/www.tvturk.com\/index.php\/dika-emittte-4-ili-tanitti\/dika-emittte-4-ili-tanitti-5\/\" border=\"0\" itemprop=\"url\"> <meta itemprop=\"width\" content=\"180\"> <meta itemprop=\"height\" content=\"106\"> <img decoding=\"async\" class=\"\" data-attachment-id=\"11713\" data-orig-file=\"http:\/\/www.tvturk.com\/wp-content\/uploads\/2019\/02\/dika-emittte-4-ili-tanitti_cb155f8.jpg\" data-orig-size=\"1000,585\" data-comments-opened=\"\" data-image-meta=\"{&quot;aperture&quot;:&quot;0&quot;,&quot;credit&quot;:&quot;IHA&quot;,&quot;camera&quot;:&quot;&quot;,&quot;caption&quot;:&quot;D\\u0130KA \\u015eIRNAK EK\\u0130B\\u0130 \\u0130LEDO\\u011eU AKDEN\\u0130Z ULUSLARARASI TUR\\u0130ZM VE SEYAHAT FUARI (EMITT) 2019 ULUSLARARASI TUR\\u0130ZM FUARI\\u2019NDA D\\u0130CLE KALKINMA AJANSI, FAAL\\u0130YET G\\u00d6STERD\\u0130\\u011e\\u0130 TRC3 B\\u00d6LGES\\u0130\\u0027NDEK\\u0130 MARD\\u0130N, BATMAN, S\\u0130\\u0130RT VE \\u015eIRNAK \\u0130LLER\\u0130YLE KATILARAK KENTLER\\u0130N TANITIMLARINI GER\\u00c7EKLE\\u015eT\\u0130RD\\u0130. (BER\\u0130L SOLMU\\u015eG\\u00dcL\\\/MARD\\u0130N-\\u0130HA)&quot;,&quot;created_timestamp&quot;:&quot;0&quot;,&quot;copyright&quot;:&quot;\\u0130HLAS HABER AJANSI, www.iha.com.tr&quot;,&quot;focal_length&quot;:&quot;0&quot;,&quot;iso&quot;:&quot;0&quot;,&quot;shutter_speed&quot;:&quot;0&quot;,&quot;title&quot;:&quot;D\\u0130KA EMITT\\u0027TE 4 \\u0130L\\u0130 TANITTI&quot;,&quot;orientation&quot;:&quot;0&quot;}\" data-image-title=\"D\u0130KA EMITT\u2019te 4 ili tan\u0131tt\u0131\" data-image-description=\"&lt;p&gt;D\u0130KA EMITT\u2019te 4 ili tan\u0131tt\u0131&lt;\/p&gt; \" data-medium-file=\"https:\/\/i0.wp.com\/www.tvturk.com\/wp-content\/uploads\/2019\/02\/dika-emittte-4-ili-tanitti_cb155f8.jpg?fit=300%2C176\" data-large-file=\"https:\/\/i0.wp.com\/www.tvturk.com\/wp-content\/uploads\/2019\/02\/dika-emittte-4-ili-tanitti_cb155f8.jpg?fit=1000%2C585\" src=\"https:\/\/i0.wp.com\/www.tvturk.com\/wp-content\/uploads\/2019\/02\/dika-emittte-4-ili-tanitti_cb155f8.jpg?w=180&#038;h=106\" srcset=\"https:\/\/i0.wp.com\/www.tvturk.com\/wp-content\/uploads\/2019\/02\/dika-emittte-4-ili-tanitti_cb155f8.jpg?w=1000 1000w, https:\/\/i0.wp.com\/www.tvturk.com\/wp-content\/uploads\/2019\/02\/dika-emittte-4-ili-tanitti_cb155f8.jpg?resize=150%2C88 150w, https:\/\/i0.wp.com\/www.tvturk.com\/wp-content\/uploads\/2019\/02\/dika-emittte-4-ili-tanitti_cb155f8.jpg?resize=300%2C176 300w, https:\/\/i0.wp.com\/www.tvturk.com\/wp-content\/uploads\/2019\/02\/dika-emittte-4-ili-tanitti_cb155f8.jpg?resize=768%2C449 768w\" width=\"180\" height=\"106\" loading=\"lazy\" data-original-width=\"180\" data-original-height=\"106\" itemprop=\"http:\/\/schema.org\/image\" title=\"D\u0130KA EMITT\u2019te 4 ili tan\u0131tt\u0131\" alt=\"D\u0130KA EMITT\u2019te 4 ili tan\u0131tt\u0131\" style=\"width: 180px; height: 106px;\" \/> <\/a> <\/div> <\/div> <!-- close group --> <\/div> <!-- close row --> <div class=\"gallery-row\" style=\"width: 500px; height: 426px;\" data-original-width=\"500\" data-original-height=\"426\" > <div class=\"gallery-group images-1\" style=\"width: 500px; height: 426px;\" data-original-width=\"500\" data-original-height=\"426\" > <div class=\"tiled-gallery-item tiled-gallery-item-large\" itemprop=\"associatedMedia\" itemscope itemtype=\"http:\/\/schema.org\/ImageObject\"> <a href=\"http:\/\/www.tvturk.com\/index.php\/dika-emittte-4-ili-tanitti\/dika-emittte-4-ili-tanitti-6\/\" border=\"0\" itemprop=\"url\"> <meta itemprop=\"width\" content=\"496\"> <meta itemprop=\"height\" content=\"422\"> <img decoding=\"async\" class=\"\" data-attachment-id=\"11714\" data-orig-file=\"http:\/\/www.tvturk.com\/wp-content\/uploads\/2019\/02\/dika-emittte-4-ili-tanitti_3670e18.jpg\" data-orig-size=\"1000,851\" data-comments-opened=\"\" data-image-meta=\"{&quot;aperture&quot;:&quot;0&quot;,&quot;credit&quot;:&quot;IHA&quot;,&quot;camera&quot;:&quot;&quot;,&quot;caption&quot;:&quot;DO\\u011eU AKDEN\\u0130Z ULUSLARARASI TUR\\u0130ZM VE SEYAHAT FUARI (EMITT) 2019 ULUSLARARASI TUR\\u0130ZM FUARI\\u2019NDA D\\u0130CLE KALKINMA AJANSI, FAAL\\u0130YET G\\u00d6STERD\\u0130\\u011e\\u0130 TRC3 B\\u00d6LGES\\u0130\\u0027NDEK\\u0130 MARD\\u0130N, BATMAN, S\\u0130\\u0130RT VE \\u015eIRNAK \\u0130LLER\\u0130YLE KATILARAK KENTLER\\u0130N TANITIMLARINI GER\\u00c7EKLE\\u015eT\\u0130RD\\u0130. (BER\\u0130L SOLMU\\u015eG\\u00dcL\\\/MARD\\u0130N-\\u0130HA)&quot;,&quot;created_timestamp&quot;:&quot;0&quot;,&quot;copyright&quot;:&quot;\\u0130HLAS HABER AJANSI, www.iha.com.tr&quot;,&quot;focal_length&quot;:&quot;0&quot;,&quot;iso&quot;:&quot;0&quot;,&quot;shutter_speed&quot;:&quot;0&quot;,&quot;title&quot;:&quot;D\\u0130KA EMITT\\u0027TE 4 \\u0130L\\u0130 TANITTI&quot;,&quot;orientation&quot;:&quot;0&quot;}\" data-image-title=\"D\u0130KA EMITT\u2019te 4 ili tan\u0131tt\u0131\" data-image-description=\"&lt;p&gt;D\u0130KA EMITT\u2019te 4 ili tan\u0131tt\u0131&lt;\/p&gt; \" data-medium-file=\"https:\/\/i0.wp.com\/www.tvturk.com\/wp-content\/uploads\/2019\/02\/dika-emittte-4-ili-tanitti_3670e18.jpg?fit=300%2C255\" data-large-file=\"https:\/\/i0.wp.com\/www.tvturk.com\/wp-content\/uploads\/2019\/02\/dika-emittte-4-ili-tanitti_3670e18.jpg?fit=1000%2C851\" src=\"https:\/\/i0.wp.com\/www.tvturk.com\/wp-content\/uploads\/2019\/02\/dika-emittte-4-ili-tanitti_3670e18.jpg?w=496&#038;h=422\" srcset=\"https:\/\/i0.wp.com\/www.tvturk.com\/wp-content\/uploads\/2019\/02\/dika-emittte-4-ili-tanitti_3670e18.jpg?w=1000 1000w, https:\/\/i0.wp.com\/www.tvturk.com\/wp-content\/uploads\/2019\/02\/dika-emittte-4-ili-tanitti_3670e18.jpg?resize=150%2C128 150w, https:\/\/i0.wp.com\/www.tvturk.com\/wp-content\/uploads\/2019\/02\/dika-emittte-4-ili-tanitti_3670e18.jpg?resize=300%2C255 300w, https:\/\/i0.wp.com\/www.tvturk.com\/wp-content\/uploads\/2019\/02\/dika-emittte-4-ili-tanitti_3670e18.jpg?resize=768%2C654 768w\" width=\"496\" height=\"422\" loading=\"lazy\" data-original-width=\"496\" data-original-height=\"422\" itemprop=\"http:\/\/schema.org\/image\" title=\"D\u0130KA EMITT\u2019te 4 ili tan\u0131tt\u0131\" alt=\"D\u0130KA EMITT\u2019te 4 ili tan\u0131tt\u0131\" style=\"width: 496px; height: 422px;\" \/> <\/a> <\/div> <\/div> <!-- close group --> <\/div> <!-- close row --> <\/div><\/p>\n","protected":false},"excerpt":{"rendered":"<p>DO\u011eU AKDEN\u0130Z ULUSLARARASI TUR\u0130ZM VE SEYAHAT FUARI (EMITT) 2019 ULUSLARARASI TUR\u0130ZM FUARI\u2019NDA D\u0130CLE KALKINMA AJANSI, FAAL\u0130YET G\u00d6STERD\u0130\u011e\u0130 TRC3 B\u00d6LGES\u0130&#8217;NDEK\u0130 MARD\u0130N, BATMAN, S\u0130\u0130RT VE \u015eIRNAK \u0130LLER\u0130YLE KATILARAK KENTLER\u0130N TANITIMLARINI GER\u00c7EKLE\u015eT\u0130RD\u0130.<\/p>\n","protected":false},"author":1,"featured_media":11710,"comment_status":"closed","ping_status":"open","sticky":false,"template":"","format":"standard","meta":{"jetpack_post_was_ever_published":false,"_jetpack_newsletter_access":"","_jetpack_dont_email_post_to_subs":false,"_jetpack_newsletter_tier_id":0,"_jetpack_memberships_contains_paywalled_content":false,"_jetpack_memberships_contains_paid_content":false,"footnotes":"","jetpack_publicize_message":"","jetpack_publicize_feature_enabled":true,"jetpack_social_post_already_shared":false,"jetpack_social_options":{"image_generator_settings":{"template":"highway","default_image_id":0,"font":"","enabled":false},"version":2}},"categories":[656],"tags":[6008,6009,6010,2566],"class_list":["post-11709","post","type-post","status-publish","format-standard","has-post-thumbnail","hentry","category-kultur-sanat","tag-dika","tag-emittte","tag-ili","tag-tanitti"],"jetpack_publicize_connections":[],"jetpack_featured_media_url":"https:\/\/i0.wp.com\/www.tvturk.com\/wp-content\/uploads\/2019\/02\/dika-emittte-4-ili-tanitti_4f10e03.jpg?fit=1000%2C666","jetpack_sharing_enabled":true,"jetpack_shortlink":"https:\/\/wp.me\/paKIfm-32R","_links":{"self":[{"href":"http:\/\/www.tvturk.com\/index.php\/wp-json\/wp\/v2\/posts\/11709","targetHints":{"allow":["GET"]}}],"collection":[{"href":"http:\/\/www.tvturk.com\/index.php\/wp-json\/wp\/v2\/posts"}],"about":[{"href":"http:\/\/www.tvturk.com\/index.php\/wp-json\/wp\/v2\/types\/post"}],"author":[{"embeddable":true,"href":"http:\/\/www.tvturk.com\/index.php\/wp-json\/wp\/v2\/users\/1"}],"replies":[{"embeddable":true,"href":"http:\/\/www.tvturk.com\/index.php\/wp-json\/wp\/v2\/comments?post=11709"}],"version-history":[{"count":1,"href":"http:\/\/www.tvturk.com\/index.php\/wp-json\/wp\/v2\/posts\/11709\/revisions"}],"predecessor-version":[{"id":11715,"href":"http:\/\/www.tvturk.com\/index.php\/wp-json\/wp\/v2\/posts\/11709\/revisions\/11715"}],"wp:featuredmedia":[{"embeddable":true,"href":"http:\/\/www.tvturk.com\/index.php\/wp-json\/wp\/v2\/media\/11710"}],"wp:attachment":[{"href":"http:\/\/www.tvturk.com\/index.php\/wp-json\/wp\/v2\/media?parent=11709"}],"wp:term":[{"taxonomy":"category","embeddable":true,"href":"http:\/\/www.tvturk.com\/index.php\/wp-json\/wp\/v2\/categories?post=11709"},{"taxonomy":"post_tag","embeddable":true,"href":"http:\/\/www.tvturk.com\/index.php\/wp-json\/wp\/v2\/tags?post=11709"}],"curies":[{"name":"wp","href":"https:\/\/api.w.org\/{rel}","templated":true}]}}