{"id":117182,"date":"2019-03-29T09:43:03","date_gmt":"2019-03-29T06:43:03","guid":{"rendered":"http:\/\/www.tvturk.com\/index.php\/safra-kesesi-taslari-ciddi-sorunlar-olusturuyor\/"},"modified":"2019-03-29T09:43:06","modified_gmt":"2019-03-29T06:43:06","slug":"safra-kesesi-taslari-ciddi-sorunlar-olusturuyor","status":"publish","type":"post","link":"http:\/\/www.tvturk.com\/index.php\/safra-kesesi-taslari-ciddi-sorunlar-olusturuyor\/","title":{"rendered":"Safra kesesi ta\u015flar\u0131 ciddi sorunlar olu\u015fturuyor"},"content":{"rendered":"<p>Medline Adana Hastanesi Genel Cerrahi Uzman\u0131 Prof. Dr. Nurkan T\u00f6rer, safra kesesi ta\u015f\u0131nda b\u00f6brek ta\u015flar\u0131nda oldu\u011fu gibi ta\u015f\u0131n k\u0131r\u0131lmas\u0131, d\u00fc\u015f\u00fcr\u00fclmesi veya eritilmesi gibi tedaviler olmad\u0131\u011f\u0131n\u0131, g\u00fcn\u00fcm\u00fczde en etkin tedavi y\u00f6nteminin ameliyat ile safra kesesinin i\u00e7indeki ta\u015flarla beraber al\u0131nmas\u0131 oldu\u011funu s\u00f6yledi.<\/p>\n<p>Genel Cerrahi Uzman\u0131 Prof. Dr. Nurkan T\u00f6rer, beslenme al\u0131\u015fkanl\u0131klar\u0131 ve Do\u011fu Akdeniz co\u011frafyas\u0131na \u00f6zg\u00fc baz\u0131 s\u0131k g\u00f6r\u00fclen kan hastal\u0131klar\u0131n\u0131n da etkisiyle b\u00f6lgede safra kesesi ta\u015f\u0131 hastal\u0131\u011f\u0131na olduk\u00e7a s\u0131k rastland\u0131\u011f\u0131n\u0131 anlatt\u0131.<\/p>\n<p>Safra kesesinde ta\u015f saptanan her hastan\u0131n mutlaka ameliyat olmas\u0131 gerekmedi\u011fini ifade eden Prof. Dr. T\u00f6rer, \u201cHi\u00e7bir \u015fikayeti olmayan, tamamen tesad\u00fcf eseri safra kesesi ta\u015f\u0131 oldu\u011fu saptanan hastalarda ameliyat \u00f6nerilmez. Ancak bu hastalar\u0131n safra kesesinin olu\u015fturabilece\u011fi ciddi sorunlar\u0131 hayatlar\u0131n\u0131n bir d\u00f6neminde ya\u015fama olas\u0131l\u0131\u011f\u0131n\u0131n az da olsa oldu\u011fu bilinmelidir. Ayr\u0131ca safra \u00e7amuru veya yo\u011funla\u015fmas\u0131 olarak bilinen durumlarda hastan\u0131n ameliyata engel ba\u015fka ciddi sa\u011fl\u0131k sorunlar\u0131 da varsa baz\u0131 ila\u00e7 tedavileri denenebilir ancak bu y\u00f6ntem uzun s\u00fcreli olarak \u00f6nerilmez\u201d diye konu\u015ftu.<\/p>\n<p>Safra kesesi ameliyatlar\u0131n\u0131n g\u00fcn\u00fcm\u00fczde genellikle kapal\u0131 y\u00f6ntemle (laparoskopik) yap\u0131ld\u0131\u011f\u0131n\u0131 anlatan T\u00f6rer, \u201cNadiren de olsa a\u00e7\u0131k y\u00f6ntemle yap\u0131lmas\u0131 da gerekebilir. Fakat her \u015feyin yolunda gitti\u011fi durumlarda kapal\u0131 ameliyat\u0131n hastaya sa\u011flad\u0131\u011f\u0131 konfor a\u00e7\u0131k ameliyat ile kar\u015f\u0131la\u015ft\u0131r\u0131lamaz\u201d \u015feklinde konu\u015ftu.<\/p>\n<p>Sorun ilerlediyse risk de art\u0131yor<\/p>\n<p>Safra kesesi ta\u015flar\u0131n\u0131n iki a\u00e7\u0131dan klinik \u00f6nem ta\u015f\u0131d\u0131\u011f\u0131n\u0131 s\u00f6yleyen Prof. Dr. T\u00f6rer, \u015funlar\u0131 kaydetti:<\/p>\n<p>\u201cBunlardan ilkinde hastalar s\u0131kl\u0131kla yemeklerden sonra artan \u015fi\u015fkinlik, kar\u0131n a\u011fr\u0131s\u0131, midede ek\u015fime-yanma ve bulant\u0131 gibi \u015fikayetlerde bulunurlar. \u0130kincisi ve daha \u00f6nemlisi ise ta\u015flar\u0131n safra sisteminde olu\u015fturdu\u011fu t\u0131kan\u0131kl\u0131klara ba\u011fl\u0131 ciddi sorunlard\u0131r. Bunlar safra kesesi iltihab\u0131, pankreas iltihab\u0131, safra yollar\u0131 iltihab\u0131 ve sar\u0131l\u0131k gibi bazen hayati tehlike olu\u015fturabilecek kadar \u00f6nemli olabilir. Sorunlar birinci a\u015famada ise safra kesesinin al\u0131nmas\u0131 nispeten kolay, riskleri olduk\u00e7a d\u00fc\u015f\u00fck ameliyatlard\u0131r. Ancak problemler artt\u0131k\u00e7a (iltihap, safra kanallar\u0131na ta\u015f d\u00fc\u015fmesi vb) ameliyattan \u00f6nce yap\u0131lmas\u0131 gereken ek giri\u015fimler ve tedaviler g\u00fcndeme gelir. Bu gibi durumlarda ameliyat\u0131n da riskleri artar ve kapal\u0131 y\u00f6ntemle ger\u00e7ekle\u015fme olas\u0131l\u0131\u011f\u0131 azal\u0131r.\u201d<\/p>\n<p>Prof. Dr. T\u00f6rer, safra kesesinin safray\u0131 \u00fcreten de\u011fil depolayan organ oldu\u011fundan, yani safra kesesi al\u0131nmas\u0131 durumunda bile sindirim sisteminde safra bulunmaya ve g\u00f6revini yerine getirmeye devam edebildi\u011finden hastalar\u0131n b\u00fcy\u00fck k\u0131sm\u0131nda bu organ\u0131n eksikli\u011finin hissedilir bir problem olu\u015fturmad\u0131\u011f\u0131n\u0131, hatta var olan sorunlar\u0131ndan kurtulan hastalar\u0131n hayat kalitesinin daha da artaca\u011f\u0131n\u0131 ifade etti.<div class=\"tiled-gallery type-rectangular tiled-gallery-unresized\" data-original-width=\"500\" data-carousel-extra='null' itemscope itemtype=\"http:\/\/schema.org\/ImageGallery\" > <div class=\"gallery-row\" style=\"width: 500px; height: 237px;\" data-original-width=\"500\" data-original-height=\"237\" > <div class=\"gallery-group images-1\" style=\"width: 178px; height: 237px;\" data-original-width=\"178\" data-original-height=\"237\" > <div class=\"tiled-gallery-item tiled-gallery-item-small\" itemprop=\"associatedMedia\" itemscope itemtype=\"http:\/\/schema.org\/ImageObject\"> <a href=\"http:\/\/www.tvturk.com\/index.php\/safra-kesesi-taslari-ciddi-sorunlar-olusturuyor\/safra-kesesi-taslari-ciddi-sorunlar-olusturuyor-3\/\" border=\"0\" itemprop=\"url\"> <meta itemprop=\"width\" content=\"174\"> <meta itemprop=\"height\" content=\"233\"> <img decoding=\"async\" class=\"\" data-attachment-id=\"117184\" data-orig-file=\"http:\/\/www.tvturk.com\/wp-content\/uploads\/2019\/03\/safra-kesesi-taslari-ciddi-sorunlar-olusturuyor_7f38657.jpg\" data-orig-size=\"744,1000\" data-comments-opened=\"\" data-image-meta=\"{&quot;aperture&quot;:&quot;0&quot;,&quot;credit&quot;:&quot;IHA&quot;,&quot;camera&quot;:&quot;&quot;,&quot;caption&quot;:&quot;SAFRA KESES\\u0130 TA\\u015eLARININ C\\u0130DD\\u0130 SORUNLAR OLU\\u015eTURDU\\u011eU B\\u0130LD\\u0130R\\u0130LD\\u0130. (\\u0130HA\\\/ADANA-\\u0130HA)&quot;,&quot;created_timestamp&quot;:&quot;0&quot;,&quot;copyright&quot;:&quot;\\u0130HLAS HABER AJANSI, www.iha.com.tr&quot;,&quot;focal_length&quot;:&quot;0&quot;,&quot;iso&quot;:&quot;0&quot;,&quot;shutter_speed&quot;:&quot;0&quot;,&quot;title&quot;:&quot;SAFRA KESES\\u0130 TA\\u015eLARI C\\u0130DD\\u0130 SORUNLAR OLU\\u015eTURUYOR PROF. DR. NURKAN T\\u00d6RER, BU HASTALIKTA B\\u00d6BREK TA\\u015eLARINDA OLDU\\u011eU G\\u0130B\\u0130 TA\\u015eIN KIRILMASI, D\\u00dc\\u015e\\u00dcR\\u00dcLMES\\u0130 VEYA ER\\u0130T\\u0130LMES\\u0130 G\\u0130B\\u0130 TEDAV\\u0130 BULUNMADI\\u011eINI, G\\u00dcN\\u00dcM\\u00dcZDE EN ETK\\u0130N TEDAV\\u0130 Y\\u00d6NTEM\\u0130N\\u0130N AMEL\\u0130YAT \\u0130LE SAFRA KESES\\u0130N\\u0130N \\u0130\\u00c7\\u0130NDEK\\u0130 TA\\u015eLARLA BERABER ALINMASI OLDU\\u011eUNU BEL\\u0130RTT\\u0130&quot;,&quot;orientation&quot;:&quot;0&quot;}\" data-image-title=\"Safra kesesi ta\u015flar\u0131 ciddi sorunlar olu\u015fturuyor\" data-image-description=\"&lt;p&gt;Safra kesesi ta\u015flar\u0131 ciddi sorunlar olu\u015fturuyor&lt;\/p&gt; \" data-medium-file=\"https:\/\/i0.wp.com\/www.tvturk.com\/wp-content\/uploads\/2019\/03\/safra-kesesi-taslari-ciddi-sorunlar-olusturuyor_7f38657.jpg?fit=223%2C300\" data-large-file=\"https:\/\/i0.wp.com\/www.tvturk.com\/wp-content\/uploads\/2019\/03\/safra-kesesi-taslari-ciddi-sorunlar-olusturuyor_7f38657.jpg?fit=744%2C1000\" src=\"https:\/\/i0.wp.com\/www.tvturk.com\/wp-content\/uploads\/2019\/03\/safra-kesesi-taslari-ciddi-sorunlar-olusturuyor_7f38657.jpg?w=174&#038;h=233\" srcset=\"https:\/\/i0.wp.com\/www.tvturk.com\/wp-content\/uploads\/2019\/03\/safra-kesesi-taslari-ciddi-sorunlar-olusturuyor_7f38657.jpg?w=744 744w, https:\/\/i0.wp.com\/www.tvturk.com\/wp-content\/uploads\/2019\/03\/safra-kesesi-taslari-ciddi-sorunlar-olusturuyor_7f38657.jpg?resize=112%2C150 112w, https:\/\/i0.wp.com\/www.tvturk.com\/wp-content\/uploads\/2019\/03\/safra-kesesi-taslari-ciddi-sorunlar-olusturuyor_7f38657.jpg?resize=223%2C300 223w\" width=\"174\" height=\"233\" loading=\"lazy\" data-original-width=\"174\" data-original-height=\"233\" itemprop=\"http:\/\/schema.org\/image\" title=\"Safra kesesi ta\u015flar\u0131 ciddi sorunlar olu\u015fturuyor\" alt=\"Safra kesesi ta\u015flar\u0131 ciddi sorunlar olu\u015fturuyor\" style=\"width: 174px; height: 233px;\" \/> <\/a> <\/div> <\/div> <!-- close group --> <div class=\"gallery-group images-1\" style=\"width: 159px; height: 237px;\" data-original-width=\"159\" data-original-height=\"237\" > <div class=\"tiled-gallery-item tiled-gallery-item-small\" itemprop=\"associatedMedia\" itemscope itemtype=\"http:\/\/schema.org\/ImageObject\"> <a href=\"http:\/\/www.tvturk.com\/index.php\/safra-kesesi-taslari-ciddi-sorunlar-olusturuyor\/safra-kesesi-taslari-ciddi-sorunlar-olusturuyor-4\/\" border=\"0\" itemprop=\"url\"> <meta itemprop=\"width\" content=\"155\"> <meta itemprop=\"height\" content=\"233\"> <img decoding=\"async\" class=\"\" data-attachment-id=\"117185\" data-orig-file=\"http:\/\/www.tvturk.com\/wp-content\/uploads\/2019\/03\/safra-kesesi-taslari-ciddi-sorunlar-olusturuyor_58ac2e4.jpg\" data-orig-size=\"665,1000\" data-comments-opened=\"\" data-image-meta=\"{&quot;aperture&quot;:&quot;0&quot;,&quot;credit&quot;:&quot;IHA&quot;,&quot;camera&quot;:&quot;&quot;,&quot;caption&quot;:&quot;SAFRA KESES\\u0130 TA\\u015eLARININ C\\u0130DD\\u0130 SORUNLAR OLU\\u015eTURDU\\u011eU B\\u0130LD\\u0130R\\u0130LD\\u0130. (\\u0130HA\\\/ADANA-\\u0130HA)&quot;,&quot;created_timestamp&quot;:&quot;0&quot;,&quot;copyright&quot;:&quot;\\u0130HLAS HABER AJANSI, www.iha.com.tr&quot;,&quot;focal_length&quot;:&quot;0&quot;,&quot;iso&quot;:&quot;0&quot;,&quot;shutter_speed&quot;:&quot;0&quot;,&quot;title&quot;:&quot;SAFRA KESES\\u0130 TA\\u015eLARI C\\u0130DD\\u0130 SORUNLAR OLU\\u015eTURUYOR PROF. DR. NURKAN T\\u00d6RER, BU HASTALIKTA B\\u00d6BREK TA\\u015eLARINDA OLDU\\u011eU G\\u0130B\\u0130 TA\\u015eIN KIRILMASI, D\\u00dc\\u015e\\u00dcR\\u00dcLMES\\u0130 VEYA ER\\u0130T\\u0130LMES\\u0130 G\\u0130B\\u0130 TEDAV\\u0130 BULUNMADI\\u011eINI, G\\u00dcN\\u00dcM\\u00dcZDE EN ETK\\u0130N TEDAV\\u0130 Y\\u00d6NTEM\\u0130N\\u0130N AMEL\\u0130YAT \\u0130LE SAFRA KESES\\u0130N\\u0130N \\u0130\\u00c7\\u0130NDEK\\u0130 TA\\u015eLARLA BERABER ALINMASI OLDU\\u011eUNU BEL\\u0130RTT\\u0130&quot;,&quot;orientation&quot;:&quot;0&quot;}\" data-image-title=\"Safra kesesi ta\u015flar\u0131 ciddi sorunlar olu\u015fturuyor\" data-image-description=\"&lt;p&gt;Safra kesesi ta\u015flar\u0131 ciddi sorunlar olu\u015fturuyor&lt;\/p&gt; \" data-medium-file=\"https:\/\/i0.wp.com\/www.tvturk.com\/wp-content\/uploads\/2019\/03\/safra-kesesi-taslari-ciddi-sorunlar-olusturuyor_58ac2e4.jpg?fit=200%2C300\" data-large-file=\"https:\/\/i0.wp.com\/www.tvturk.com\/wp-content\/uploads\/2019\/03\/safra-kesesi-taslari-ciddi-sorunlar-olusturuyor_58ac2e4.jpg?fit=665%2C1000\" src=\"https:\/\/i0.wp.com\/www.tvturk.com\/wp-content\/uploads\/2019\/03\/safra-kesesi-taslari-ciddi-sorunlar-olusturuyor_58ac2e4.jpg?w=155&#038;h=233\" srcset=\"https:\/\/i0.wp.com\/www.tvturk.com\/wp-content\/uploads\/2019\/03\/safra-kesesi-taslari-ciddi-sorunlar-olusturuyor_58ac2e4.jpg?w=665 665w, https:\/\/i0.wp.com\/www.tvturk.com\/wp-content\/uploads\/2019\/03\/safra-kesesi-taslari-ciddi-sorunlar-olusturuyor_58ac2e4.jpg?resize=100%2C150 100w, https:\/\/i0.wp.com\/www.tvturk.com\/wp-content\/uploads\/2019\/03\/safra-kesesi-taslari-ciddi-sorunlar-olusturuyor_58ac2e4.jpg?resize=200%2C300 200w\" width=\"155\" height=\"233\" loading=\"lazy\" data-original-width=\"155\" data-original-height=\"233\" itemprop=\"http:\/\/schema.org\/image\" title=\"Safra kesesi ta\u015flar\u0131 ciddi sorunlar olu\u015fturuyor\" alt=\"Safra kesesi ta\u015flar\u0131 ciddi sorunlar olu\u015fturuyor\" style=\"width: 155px; height: 233px;\" \/> <\/a> <\/div> <\/div> <!-- close group --> <div class=\"gallery-group images-1\" style=\"width: 163px; height: 237px;\" data-original-width=\"163\" data-original-height=\"237\" > <div class=\"tiled-gallery-item tiled-gallery-item-small\" itemprop=\"associatedMedia\" itemscope itemtype=\"http:\/\/schema.org\/ImageObject\"> <a href=\"http:\/\/www.tvturk.com\/index.php\/safra-kesesi-taslari-ciddi-sorunlar-olusturuyor\/safra-kesesi-taslari-ciddi-sorunlar-olusturuyor-5\/\" border=\"0\" itemprop=\"url\"> <meta itemprop=\"width\" content=\"159\"> <meta itemprop=\"height\" content=\"233\"> <img decoding=\"async\" class=\"\" data-attachment-id=\"117186\" data-orig-file=\"http:\/\/www.tvturk.com\/wp-content\/uploads\/2019\/03\/safra-kesesi-taslari-ciddi-sorunlar-olusturuyor_46e52c2.jpg\" data-orig-size=\"682,1000\" data-comments-opened=\"\" data-image-meta=\"{&quot;aperture&quot;:&quot;0&quot;,&quot;credit&quot;:&quot;IHA&quot;,&quot;camera&quot;:&quot;&quot;,&quot;caption&quot;:&quot;MEDL\\u0130NE ADANA HASTANES\\u0130 GENEL CERRAH\\u0130 UZMANI PROF. DR. NURKAN T\\u00d6RER, SAFRA KESES\\u0130 TA\\u015eINDA B\\u00d6BREK TA\\u015eLARINDA OLDU\\u011eU G\\u0130B\\u0130 TA\\u015eIN KIRILMASI, D\\u00dc\\u015e\\u00dcR\\u00dcLMES\\u0130 VEYA ER\\u0130T\\u0130LMES\\u0130 G\\u0130B\\u0130 TEDAV\\u0130LER OLMADI\\u011eINI G\\u00dcN\\u00dcM\\u00dcZDE EN ETK\\u0130N TEDAV\\u0130 Y\\u00d6NTEM\\u0130N\\u0130N AMEL\\u0130YAT \\u0130LE SAFRA KESES\\u0130N\\u0130N \\u0130\\u00c7\\u0130NDEK\\u0130 TA\\u015eLARLA BERABER ALINMASI OLDU\\u011eUNU S\\u00d6YLED\\u0130. (\\u0130HA\\\/ADANA-\\u0130HA)&quot;,&quot;created_timestamp&quot;:&quot;0&quot;,&quot;copyright&quot;:&quot;\\u0130HLAS HABER AJANSI, www.iha.com.tr&quot;,&quot;focal_length&quot;:&quot;0&quot;,&quot;iso&quot;:&quot;0&quot;,&quot;shutter_speed&quot;:&quot;0&quot;,&quot;title&quot;:&quot;SAFRA KESES\\u0130 TA\\u015eLARI C\\u0130DD\\u0130 SORUNLAR OLU\\u015eTURUYOR PROF. DR. NURKAN T\\u00d6RER, BU HASTALIKTA B\\u00d6BREK TA\\u015eLARINDA OLDU\\u011eU G\\u0130B\\u0130 TA\\u015eIN KIRILMASI, D\\u00dc\\u015e\\u00dcR\\u00dcLMES\\u0130 VEYA ER\\u0130T\\u0130LMES\\u0130 G\\u0130B\\u0130 TEDAV\\u0130 BULUNMADI\\u011eINI, G\\u00dcN\\u00dcM\\u00dcZDE EN ETK\\u0130N TEDAV\\u0130 Y\\u00d6NTEM\\u0130N\\u0130N AMEL\\u0130YAT \\u0130LE SAFRA KESES\\u0130N\\u0130N \\u0130\\u00c7\\u0130NDEK\\u0130 TA\\u015eLARLA BERABER ALINMASI OLDU\\u011eUNU BEL\\u0130RTT\\u0130&quot;,&quot;orientation&quot;:&quot;0&quot;}\" data-image-title=\"Safra kesesi ta\u015flar\u0131 ciddi sorunlar olu\u015fturuyor\" data-image-description=\"&lt;p&gt;Safra kesesi ta\u015flar\u0131 ciddi sorunlar olu\u015fturuyor&lt;\/p&gt; \" data-medium-file=\"https:\/\/i0.wp.com\/www.tvturk.com\/wp-content\/uploads\/2019\/03\/safra-kesesi-taslari-ciddi-sorunlar-olusturuyor_46e52c2.jpg?fit=205%2C300\" data-large-file=\"https:\/\/i0.wp.com\/www.tvturk.com\/wp-content\/uploads\/2019\/03\/safra-kesesi-taslari-ciddi-sorunlar-olusturuyor_46e52c2.jpg?fit=682%2C1000\" src=\"https:\/\/i0.wp.com\/www.tvturk.com\/wp-content\/uploads\/2019\/03\/safra-kesesi-taslari-ciddi-sorunlar-olusturuyor_46e52c2.jpg?w=159&#038;h=233\" srcset=\"https:\/\/i0.wp.com\/www.tvturk.com\/wp-content\/uploads\/2019\/03\/safra-kesesi-taslari-ciddi-sorunlar-olusturuyor_46e52c2.jpg?w=682 682w, https:\/\/i0.wp.com\/www.tvturk.com\/wp-content\/uploads\/2019\/03\/safra-kesesi-taslari-ciddi-sorunlar-olusturuyor_46e52c2.jpg?resize=102%2C150 102w, https:\/\/i0.wp.com\/www.tvturk.com\/wp-content\/uploads\/2019\/03\/safra-kesesi-taslari-ciddi-sorunlar-olusturuyor_46e52c2.jpg?resize=205%2C300 205w\" width=\"159\" height=\"233\" loading=\"lazy\" data-original-width=\"159\" data-original-height=\"233\" itemprop=\"http:\/\/schema.org\/image\" title=\"Safra kesesi ta\u015flar\u0131 ciddi sorunlar olu\u015fturuyor\" alt=\"Safra kesesi ta\u015flar\u0131 ciddi sorunlar olu\u015fturuyor\" style=\"width: 159px; height: 233px;\" \/> <\/a> <\/div> <\/div> <!-- close group --> <\/div> <!-- close row --> <\/div><\/p>\n","protected":false},"excerpt":{"rendered":"<p>SAFRA KESES\u0130 TA\u015eLARININ C\u0130DD\u0130 SORUNLAR OLU\u015eTURDU\u011eU B\u0130LD\u0130R\u0130LD\u0130.<\/p>\n","protected":false},"author":1,"featured_media":117183,"comment_status":"closed","ping_status":"open","sticky":false,"template":"","format":"standard","meta":{"jetpack_post_was_ever_published":false,"_jetpack_newsletter_access":"","_jetpack_dont_email_post_to_subs":false,"_jetpack_newsletter_tier_id":0,"_jetpack_memberships_contains_paywalled_content":false,"_jetpack_memberships_contains_paid_content":false,"footnotes":"","jetpack_publicize_message":"","jetpack_publicize_feature_enabled":true,"jetpack_social_post_already_shared":true,"jetpack_social_options":{"image_generator_settings":{"template":"highway","default_image_id":0,"font":"","enabled":false},"version":2}},"categories":[1],"tags":[11457,28512,16014,9424,190,11472],"class_list":["post-117182","post","type-post","status-publish","format-standard","has-post-thumbnail","hentry","category-genel","tag-ciddi","tag-kesesi","tag-olusturuyor","tag-safra","tag-sorunlar","tag-taslari"],"jetpack_publicize_connections":[],"jetpack_featured_media_url":"https:\/\/i0.wp.com\/www.tvturk.com\/wp-content\/uploads\/2019\/03\/safra-kesesi-taslari-ciddi-sorunlar-olusturuyor_a8d465e.jpg?fit=1000%2C766","jetpack_sharing_enabled":true,"jetpack_shortlink":"https:\/\/wp.me\/paKIfm-uu2","_links":{"self":[{"href":"http:\/\/www.tvturk.com\/index.php\/wp-json\/wp\/v2\/posts\/117182","targetHints":{"allow":["GET"]}}],"collection":[{"href":"http:\/\/www.tvturk.com\/index.php\/wp-json\/wp\/v2\/posts"}],"about":[{"href":"http:\/\/www.tvturk.com\/index.php\/wp-json\/wp\/v2\/types\/post"}],"author":[{"embeddable":true,"href":"http:\/\/www.tvturk.com\/index.php\/wp-json\/wp\/v2\/users\/1"}],"replies":[{"embeddable":true,"href":"http:\/\/www.tvturk.com\/index.php\/wp-json\/wp\/v2\/comments?post=117182"}],"version-history":[{"count":1,"href":"http:\/\/www.tvturk.com\/index.php\/wp-json\/wp\/v2\/posts\/117182\/revisions"}],"predecessor-version":[{"id":117187,"href":"http:\/\/www.tvturk.com\/index.php\/wp-json\/wp\/v2\/posts\/117182\/revisions\/117187"}],"wp:featuredmedia":[{"embeddable":true,"href":"http:\/\/www.tvturk.com\/index.php\/wp-json\/wp\/v2\/media\/117183"}],"wp:attachment":[{"href":"http:\/\/www.tvturk.com\/index.php\/wp-json\/wp\/v2\/media?parent=117182"}],"wp:term":[{"taxonomy":"category","embeddable":true,"href":"http:\/\/www.tvturk.com\/index.php\/wp-json\/wp\/v2\/categories?post=117182"},{"taxonomy":"post_tag","embeddable":true,"href":"http:\/\/www.tvturk.com\/index.php\/wp-json\/wp\/v2\/tags?post=117182"}],"curies":[{"name":"wp","href":"https:\/\/api.w.org\/{rel}","templated":true}]}}