{"id":11726,"date":"2019-02-08T12:07:00","date_gmt":"2019-02-08T09:07:00","guid":{"rendered":"http:\/\/www.tvturk.com\/index.php\/turkiyeye-ornek-olan-proje-1-yasinda\/"},"modified":"2019-02-08T12:07:04","modified_gmt":"2019-02-08T09:07:04","slug":"turkiyeye-ornek-olan-proje-1-yasinda","status":"publish","type":"post","link":"http:\/\/www.tvturk.com\/index.php\/turkiyeye-ornek-olan-proje-1-yasinda\/","title":{"rendered":"T\u00fcrkiye\u2019ye \u00f6rnek olan proje 1 ya\u015f\u0131nda"},"content":{"rendered":"<p>Samsun\u2019da 8 \u015eubat 2018 tarihinde ba\u015flat\u0131lan ve T\u00fcrkiye\u2019ye de \u00f6rnek olan \u201cSamsun \u0130\u00e7in Okuma Vakti\u201d etkinli\u011fi bir y\u0131ld\u0131r her g\u00fcn ba\u015far\u0131yla uygulan\u0131yor.<\/p>\n<p>Etkinli\u011fin birinci y\u0131l\u0131na \u00f6zel d\u00fczenlenen etkinlikler kapsam\u0131nda, Samsun Valili\u011fi giri\u015finde \u00f6\u011frenciler m\u00fczik dinletisi e\u015fli\u011finde kuruma gelen vatanda\u015flara kitap hediye etti.<\/p>\n<p>Etkinli\u011fe kat\u0131lan \u0130l Milli E\u011fitim M\u00fcd\u00fcr\u00fc Co\u015fkun Esen \u201cSamsun \u0130\u00e7in Okuma Vakti\u201d etkinli\u011fi ilgili de\u011ferlendirmelerde bulundu. Esen, \u201cGe\u00e7ti\u011fimiz y\u0131l bug\u00fcn \u2019Samsun \u0130\u00e7in Okuma Vakti\u2019 etkinli\u011fimizi ba\u015flatm\u0131\u015ft\u0131k. Bug\u00fcn etkinli\u011fimiz birinci y\u0131l\u0131n\u0131 tamamlam\u0131\u015f oldu. Tam bir y\u0131ld\u0131r y\u00f6neticisinden esnaf\u0131na, sporcusundan sanat\u00e7\u0131s\u0131na herkes \u00e7ocuklar\u0131m\u0131za okuma al\u0131\u015fkanl\u0131\u011f\u0131 kazand\u0131rmak i\u00e7in seferber oldu. Samsun\u2019 da saat 20.00\u2019de televizyonlar kapat\u0131ld\u0131 herkes kitab\u0131n ba\u015f\u0131na ge\u00e7ti\u201d dedi.<\/p>\n<p>Zorla de\u011fil, sevdirerek<\/p>\n<p>Etkinli\u011fin birinci y\u0131l\u0131 kapsam\u0131nda Samsun\u2019da fark\u0131ndal\u0131k \u00e7al\u0131\u015fmalar\u0131 yap\u0131laca\u011f\u0131n\u0131 belirten Esen, \u201cBiz de valili\u011fimizde bir fark\u0131ndal\u0131k etkinli\u011fi ger\u00e7ekle\u015ftirdik. Gelen vatanda\u015flar\u0131m\u0131z\u0131 \u00f6\u011frencilerimizin haz\u0131rlad\u0131\u011f\u0131 m\u00fczik dinletisi ile kar\u015f\u0131layarak kitap hediye ettik. Kitap okuma al\u0131\u015fkanl\u0131\u011f\u0131 kazand\u0131rmak i\u00e7in yap\u0131lan bu etkinlikler okullar\u0131m\u0131zda ve ilimizde hedefledi\u011fimiz etkiyi g\u00f6sterdi. Bu etkiyi biz \u00f6\u011fretmenlerimizden ald\u0131\u011f\u0131m\u0131z geribildirimlerin yan\u0131nda istatistiklerde de g\u00f6r\u00fcyoruz. \u00c7ocuklar\u0131m\u0131z gerek e-okul verilerine gerekse \u0130l Milli E\u011fitim M\u00fcd\u00fcrl\u00fc\u011f\u00fcm\u00fcz\u00fcn sahadaki ara\u015ft\u0131rmalar\u0131na g\u00f6re her ge\u00e7en y\u0131l daha fazla okumakta. \u00dc\u00e7 y\u0131l \u00f6nce bir \u00f6\u011frencimiz ortalama 10 kitap okurken bu y\u0131l bu say\u0131n\u0131n 19\u2019a \u00e7\u0131kt\u0131\u011f\u0131n\u0131 g\u00f6rd\u00fck. Tabii ki zorla okutarak de\u011fil okumay\u0131 sevdirerek bu oran\u0131 art\u0131rmay\u0131 hedefliyoruz. \u00c7\u00fcnk\u00fc biz okumay\u0131 \u00e7ocuklar\u0131n i\u00e7selle\u015ftirmesini istiyoruz\u201d diye konu\u015ftu.<\/p>\n<p>Ailece okuma<\/p>\n<p>Bir y\u0131ld\u0131r devam eden etkinlik kapsam\u0131nda her g\u00fcn saat 20.00\u2019yi g\u00f6sterdi\u011finde ailece herkes televizyonu, tableti, telefonu kapatarak kitap okuyor. Ayr\u0131ca fark\u0131ndal\u0131\u011f\u0131 sa\u011flamak amac\u0131yla sosyal medya \u00fczerinden #SamsunOkumaVakti etiketiyle herkes ne okudu\u011funu payla\u015f\u0131yor.<div class=\"tiled-gallery type-rectangular tiled-gallery-unresized\" data-original-width=\"500\" data-carousel-extra='null' itemscope itemtype=\"http:\/\/schema.org\/ImageGallery\" > <div class=\"gallery-row\" style=\"width: 500px; height: 224px;\" data-original-width=\"500\" data-original-height=\"224\" > <div class=\"gallery-group images-1\" style=\"width: 334px; height: 224px;\" data-original-width=\"334\" data-original-height=\"224\" > <div class=\"tiled-gallery-item tiled-gallery-item-large\" itemprop=\"associatedMedia\" itemscope itemtype=\"http:\/\/schema.org\/ImageObject\"> <a href=\"http:\/\/www.tvturk.com\/index.php\/turkiyeye-ornek-olan-proje-1-yasinda\/turkiyeye-ornek-olan-proje-1-yasinda-3\/\" border=\"0\" itemprop=\"url\"> <meta itemprop=\"width\" content=\"330\"> <meta itemprop=\"height\" content=\"220\"> <img decoding=\"async\" class=\"\" data-attachment-id=\"11728\" data-orig-file=\"http:\/\/www.tvturk.com\/wp-content\/uploads\/2019\/02\/turkiyeye-ornek-olan-proje-1-yasinda_339c4d8.jpg\" data-orig-size=\"1000,666\" data-comments-opened=\"\" data-image-meta=\"{&quot;aperture&quot;:&quot;0&quot;,&quot;credit&quot;:&quot;IHA&quot;,&quot;camera&quot;:&quot;&quot;,&quot;caption&quot;:&quot;ETK\\u0130NL\\u0130\\u011e\\u0130N B\\u0130R\\u0130NC\\u0130 YILINA \\u00d6ZEL D\\u00dcZENLENEN ETK\\u0130NL\\u0130KLER KAPSAMINDA, SAMSUN VAL\\u0130L\\u0130\\u011e\\u0130 G\\u0130R\\u0130\\u015e\\u0130NDE \\u00d6\\u011eRENC\\u0130LER M\\u00dcZ\\u0130K D\\u0130NLET\\u0130S\\u0130 E\\u015eL\\u0130\\u011e\\u0130NDE KURUMA GELEN VATANDA\\u015eLARA K\\u0130TAP HED\\u0130YE ETT\\u0130. (\\u0130HA\\\/SAMSUN-\\u0130HA)&quot;,&quot;created_timestamp&quot;:&quot;0&quot;,&quot;copyright&quot;:&quot;\\u0130HLAS HABER AJANSI, www.iha.com.tr&quot;,&quot;focal_length&quot;:&quot;0&quot;,&quot;iso&quot;:&quot;0&quot;,&quot;shutter_speed&quot;:&quot;0&quot;,&quot;title&quot;:&quot;T\\u00dcRK\\u0130YE\\u0027YE \\u00d6RNEK OLAN PROJE 1 YA\\u015eINDA \\u0027SAMSUN \\u0130\\u00c7\\u0130N OKUMA VAKT\\u0130\\u0027 \\u0130S\\u0130ML\\u0130 PROJE \\u0130LE K\\u0130TAP OKUMA ORANI ARTTI&quot;,&quot;orientation&quot;:&quot;0&quot;}\" data-image-title=\"T\u00fcrkiye\u2019ye \u00f6rnek olan proje 1 ya\u015f\u0131nda\" data-image-description=\"&lt;p&gt;T\u00fcrkiye\u2019ye \u00f6rnek olan proje 1 ya\u015f\u0131nda&lt;\/p&gt; \" data-medium-file=\"https:\/\/i0.wp.com\/www.tvturk.com\/wp-content\/uploads\/2019\/02\/turkiyeye-ornek-olan-proje-1-yasinda_339c4d8.jpg?fit=300%2C200\" data-large-file=\"https:\/\/i0.wp.com\/www.tvturk.com\/wp-content\/uploads\/2019\/02\/turkiyeye-ornek-olan-proje-1-yasinda_339c4d8.jpg?fit=1000%2C666\" src=\"https:\/\/i0.wp.com\/www.tvturk.com\/wp-content\/uploads\/2019\/02\/turkiyeye-ornek-olan-proje-1-yasinda_339c4d8.jpg?w=330&#038;h=220\" srcset=\"https:\/\/i0.wp.com\/www.tvturk.com\/wp-content\/uploads\/2019\/02\/turkiyeye-ornek-olan-proje-1-yasinda_339c4d8.jpg?w=1000 1000w, https:\/\/i0.wp.com\/www.tvturk.com\/wp-content\/uploads\/2019\/02\/turkiyeye-ornek-olan-proje-1-yasinda_339c4d8.jpg?resize=150%2C100 150w, https:\/\/i0.wp.com\/www.tvturk.com\/wp-content\/uploads\/2019\/02\/turkiyeye-ornek-olan-proje-1-yasinda_339c4d8.jpg?resize=300%2C200 300w, https:\/\/i0.wp.com\/www.tvturk.com\/wp-content\/uploads\/2019\/02\/turkiyeye-ornek-olan-proje-1-yasinda_339c4d8.jpg?resize=768%2C511 768w, https:\/\/i0.wp.com\/www.tvturk.com\/wp-content\/uploads\/2019\/02\/turkiyeye-ornek-olan-proje-1-yasinda_339c4d8.jpg?resize=170%2C113 170w, https:\/\/i0.wp.com\/www.tvturk.com\/wp-content\/uploads\/2019\/02\/turkiyeye-ornek-olan-proje-1-yasinda_339c4d8.jpg?resize=120%2C80 120w\" width=\"330\" height=\"220\" loading=\"lazy\" data-original-width=\"330\" data-original-height=\"220\" itemprop=\"http:\/\/schema.org\/image\" title=\"T\u00fcrkiye\u2019ye \u00f6rnek olan proje 1 ya\u015f\u0131nda\" alt=\"T\u00fcrkiye\u2019ye \u00f6rnek olan proje 1 ya\u015f\u0131nda\" style=\"width: 330px; height: 220px;\" \/> <\/a> <\/div> <\/div> <!-- close group --> <div class=\"gallery-group images-2\" style=\"width: 166px; height: 224px;\" data-original-width=\"166\" data-original-height=\"224\" > <div class=\"tiled-gallery-item tiled-gallery-item-small\" itemprop=\"associatedMedia\" itemscope itemtype=\"http:\/\/schema.org\/ImageObject\"> <a href=\"http:\/\/www.tvturk.com\/index.php\/turkiyeye-ornek-olan-proje-1-yasinda\/turkiyeye-ornek-olan-proje-1-yasinda-4\/\" border=\"0\" itemprop=\"url\"> <meta itemprop=\"width\" content=\"162\"> <meta itemprop=\"height\" content=\"108\"> <img decoding=\"async\" class=\"\" data-attachment-id=\"11729\" data-orig-file=\"http:\/\/www.tvturk.com\/wp-content\/uploads\/2019\/02\/turkiyeye-ornek-olan-proje-1-yasinda_6263f34.jpg\" data-orig-size=\"1000,666\" data-comments-opened=\"\" data-image-meta=\"{&quot;aperture&quot;:&quot;0&quot;,&quot;credit&quot;:&quot;IHA&quot;,&quot;camera&quot;:&quot;&quot;,&quot;caption&quot;:&quot;ETK\\u0130NL\\u0130\\u011e\\u0130N B\\u0130R\\u0130NC\\u0130 YILINA \\u00d6ZEL D\\u00dcZENLENEN ETK\\u0130NL\\u0130KLER KAPSAMINDA, SAMSUN VAL\\u0130L\\u0130\\u011e\\u0130 G\\u0130R\\u0130\\u015e\\u0130NDE \\u00d6\\u011eRENC\\u0130LER M\\u00dcZ\\u0130K D\\u0130NLET\\u0130S\\u0130 E\\u015eL\\u0130\\u011e\\u0130NDE KURUMA GELEN VATANDA\\u015eLARA K\\u0130TAP HED\\u0130YE ETT\\u0130. (\\u0130HA\\\/SAMSUN-\\u0130HA)&quot;,&quot;created_timestamp&quot;:&quot;0&quot;,&quot;copyright&quot;:&quot;\\u0130HLAS HABER AJANSI, www.iha.com.tr&quot;,&quot;focal_length&quot;:&quot;0&quot;,&quot;iso&quot;:&quot;0&quot;,&quot;shutter_speed&quot;:&quot;0&quot;,&quot;title&quot;:&quot;T\\u00dcRK\\u0130YE\\u0027YE \\u00d6RNEK OLAN PROJE 1 YA\\u015eINDA \\u0027SAMSUN \\u0130\\u00c7\\u0130N OKUMA VAKT\\u0130\\u0027 \\u0130S\\u0130ML\\u0130 PROJE \\u0130LE K\\u0130TAP OKUMA ORANI ARTTI&quot;,&quot;orientation&quot;:&quot;0&quot;}\" data-image-title=\"T\u00fcrkiye\u2019ye \u00f6rnek olan proje 1 ya\u015f\u0131nda\" data-image-description=\"&lt;p&gt;T\u00fcrkiye\u2019ye \u00f6rnek olan proje 1 ya\u015f\u0131nda&lt;\/p&gt; \" data-medium-file=\"https:\/\/i0.wp.com\/www.tvturk.com\/wp-content\/uploads\/2019\/02\/turkiyeye-ornek-olan-proje-1-yasinda_6263f34.jpg?fit=300%2C200\" data-large-file=\"https:\/\/i0.wp.com\/www.tvturk.com\/wp-content\/uploads\/2019\/02\/turkiyeye-ornek-olan-proje-1-yasinda_6263f34.jpg?fit=1000%2C666\" src=\"https:\/\/i0.wp.com\/www.tvturk.com\/wp-content\/uploads\/2019\/02\/turkiyeye-ornek-olan-proje-1-yasinda_6263f34.jpg?w=162&#038;h=108\" srcset=\"https:\/\/i0.wp.com\/www.tvturk.com\/wp-content\/uploads\/2019\/02\/turkiyeye-ornek-olan-proje-1-yasinda_6263f34.jpg?w=1000 1000w, https:\/\/i0.wp.com\/www.tvturk.com\/wp-content\/uploads\/2019\/02\/turkiyeye-ornek-olan-proje-1-yasinda_6263f34.jpg?resize=150%2C100 150w, https:\/\/i0.wp.com\/www.tvturk.com\/wp-content\/uploads\/2019\/02\/turkiyeye-ornek-olan-proje-1-yasinda_6263f34.jpg?resize=300%2C200 300w, https:\/\/i0.wp.com\/www.tvturk.com\/wp-content\/uploads\/2019\/02\/turkiyeye-ornek-olan-proje-1-yasinda_6263f34.jpg?resize=768%2C511 768w, https:\/\/i0.wp.com\/www.tvturk.com\/wp-content\/uploads\/2019\/02\/turkiyeye-ornek-olan-proje-1-yasinda_6263f34.jpg?resize=170%2C113 170w, https:\/\/i0.wp.com\/www.tvturk.com\/wp-content\/uploads\/2019\/02\/turkiyeye-ornek-olan-proje-1-yasinda_6263f34.jpg?resize=120%2C80 120w\" width=\"162\" height=\"108\" loading=\"lazy\" data-original-width=\"162\" data-original-height=\"108\" itemprop=\"http:\/\/schema.org\/image\" title=\"T\u00fcrkiye\u2019ye \u00f6rnek olan proje 1 ya\u015f\u0131nda\" alt=\"T\u00fcrkiye\u2019ye \u00f6rnek olan proje 1 ya\u015f\u0131nda\" style=\"width: 162px; height: 108px;\" \/> <\/a> <\/div> <div class=\"tiled-gallery-item tiled-gallery-item-small\" itemprop=\"associatedMedia\" itemscope itemtype=\"http:\/\/schema.org\/ImageObject\"> <a href=\"http:\/\/www.tvturk.com\/index.php\/turkiyeye-ornek-olan-proje-1-yasinda\/turkiyeye-ornek-olan-proje-1-yasinda-5\/\" border=\"0\" itemprop=\"url\"> <meta itemprop=\"width\" content=\"162\"> <meta itemprop=\"height\" content=\"108\"> <img decoding=\"async\" class=\"\" data-attachment-id=\"11730\" data-orig-file=\"http:\/\/www.tvturk.com\/wp-content\/uploads\/2019\/02\/turkiyeye-ornek-olan-proje-1-yasinda_5f89a81.jpg\" data-orig-size=\"1000,666\" data-comments-opened=\"\" data-image-meta=\"{&quot;aperture&quot;:&quot;0&quot;,&quot;credit&quot;:&quot;IHA&quot;,&quot;camera&quot;:&quot;&quot;,&quot;caption&quot;:&quot;ETK\\u0130NL\\u0130\\u011e\\u0130N B\\u0130R\\u0130NC\\u0130 YILINA \\u00d6ZEL D\\u00dcZENLENEN ETK\\u0130NL\\u0130KLER KAPSAMINDA, SAMSUN VAL\\u0130L\\u0130\\u011e\\u0130 G\\u0130R\\u0130\\u015e\\u0130NDE \\u00d6\\u011eRENC\\u0130LER M\\u00dcZ\\u0130K D\\u0130NLET\\u0130S\\u0130 E\\u015eL\\u0130\\u011e\\u0130NDE KURUMA GELEN VATANDA\\u015eLARA K\\u0130TAP HED\\u0130YE ETT\\u0130. (\\u0130HA\\\/SAMSUN-\\u0130HA)&quot;,&quot;created_timestamp&quot;:&quot;0&quot;,&quot;copyright&quot;:&quot;\\u0130HLAS HABER AJANSI, www.iha.com.tr&quot;,&quot;focal_length&quot;:&quot;0&quot;,&quot;iso&quot;:&quot;0&quot;,&quot;shutter_speed&quot;:&quot;0&quot;,&quot;title&quot;:&quot;T\\u00dcRK\\u0130YE\\u0027YE \\u00d6RNEK OLAN PROJE 1 YA\\u015eINDA \\u0027SAMSUN \\u0130\\u00c7\\u0130N OKUMA VAKT\\u0130\\u0027 \\u0130S\\u0130ML\\u0130 PROJE \\u0130LE K\\u0130TAP OKUMA ORANI ARTTI&quot;,&quot;orientation&quot;:&quot;0&quot;}\" data-image-title=\"T\u00fcrkiye\u2019ye \u00f6rnek olan proje 1 ya\u015f\u0131nda\" data-image-description=\"&lt;p&gt;T\u00fcrkiye\u2019ye \u00f6rnek olan proje 1 ya\u015f\u0131nda&lt;\/p&gt; \" data-medium-file=\"https:\/\/i0.wp.com\/www.tvturk.com\/wp-content\/uploads\/2019\/02\/turkiyeye-ornek-olan-proje-1-yasinda_5f89a81.jpg?fit=300%2C200\" data-large-file=\"https:\/\/i0.wp.com\/www.tvturk.com\/wp-content\/uploads\/2019\/02\/turkiyeye-ornek-olan-proje-1-yasinda_5f89a81.jpg?fit=1000%2C666\" src=\"https:\/\/i0.wp.com\/www.tvturk.com\/wp-content\/uploads\/2019\/02\/turkiyeye-ornek-olan-proje-1-yasinda_5f89a81.jpg?w=162&#038;h=108\" srcset=\"https:\/\/i0.wp.com\/www.tvturk.com\/wp-content\/uploads\/2019\/02\/turkiyeye-ornek-olan-proje-1-yasinda_5f89a81.jpg?w=1000 1000w, https:\/\/i0.wp.com\/www.tvturk.com\/wp-content\/uploads\/2019\/02\/turkiyeye-ornek-olan-proje-1-yasinda_5f89a81.jpg?resize=150%2C100 150w, https:\/\/i0.wp.com\/www.tvturk.com\/wp-content\/uploads\/2019\/02\/turkiyeye-ornek-olan-proje-1-yasinda_5f89a81.jpg?resize=300%2C200 300w, https:\/\/i0.wp.com\/www.tvturk.com\/wp-content\/uploads\/2019\/02\/turkiyeye-ornek-olan-proje-1-yasinda_5f89a81.jpg?resize=768%2C511 768w, https:\/\/i0.wp.com\/www.tvturk.com\/wp-content\/uploads\/2019\/02\/turkiyeye-ornek-olan-proje-1-yasinda_5f89a81.jpg?resize=170%2C113 170w, https:\/\/i0.wp.com\/www.tvturk.com\/wp-content\/uploads\/2019\/02\/turkiyeye-ornek-olan-proje-1-yasinda_5f89a81.jpg?resize=120%2C80 120w\" width=\"162\" height=\"108\" loading=\"lazy\" data-original-width=\"162\" data-original-height=\"108\" itemprop=\"http:\/\/schema.org\/image\" title=\"T\u00fcrkiye\u2019ye \u00f6rnek olan proje 1 ya\u015f\u0131nda\" alt=\"T\u00fcrkiye\u2019ye \u00f6rnek olan proje 1 ya\u015f\u0131nda\" style=\"width: 162px; height: 108px;\" \/> <\/a> <\/div> <\/div> <!-- close group --> <\/div> <!-- close row --> <div class=\"gallery-row\" style=\"width: 500px; height: 334px;\" data-original-width=\"500\" data-original-height=\"334\" > <div class=\"gallery-group images-1\" style=\"width: 500px; height: 334px;\" data-original-width=\"500\" data-original-height=\"334\" > <div class=\"tiled-gallery-item tiled-gallery-item-large\" itemprop=\"associatedMedia\" itemscope itemtype=\"http:\/\/schema.org\/ImageObject\"> <a href=\"http:\/\/www.tvturk.com\/index.php\/turkiyeye-ornek-olan-proje-1-yasinda\/turkiyeye-ornek-olan-proje-1-yasinda-6\/\" border=\"0\" itemprop=\"url\"> <meta itemprop=\"width\" content=\"496\"> <meta itemprop=\"height\" content=\"330\"> <img decoding=\"async\" class=\"\" data-attachment-id=\"11731\" data-orig-file=\"http:\/\/www.tvturk.com\/wp-content\/uploads\/2019\/02\/turkiyeye-ornek-olan-proje-1-yasinda_5959b19.jpg\" data-orig-size=\"1000,666\" data-comments-opened=\"\" data-image-meta=\"{&quot;aperture&quot;:&quot;0&quot;,&quot;credit&quot;:&quot;IHA&quot;,&quot;camera&quot;:&quot;&quot;,&quot;caption&quot;:&quot;ETK\\u0130NL\\u0130\\u011e\\u0130N B\\u0130R\\u0130NC\\u0130 YILINA \\u00d6ZEL D\\u00dcZENLENEN ETK\\u0130NL\\u0130KLER KAPSAMINDA, SAMSUN VAL\\u0130L\\u0130\\u011e\\u0130 G\\u0130R\\u0130\\u015e\\u0130NDE \\u00d6\\u011eRENC\\u0130LER M\\u00dcZ\\u0130K D\\u0130NLET\\u0130S\\u0130 E\\u015eL\\u0130\\u011e\\u0130NDE KURUMA GELEN VATANDA\\u015eLARA K\\u0130TAP HED\\u0130YE ETT\\u0130. (\\u0130HA\\\/SAMSUN-\\u0130HA)&quot;,&quot;created_timestamp&quot;:&quot;0&quot;,&quot;copyright&quot;:&quot;\\u0130HLAS HABER AJANSI, www.iha.com.tr&quot;,&quot;focal_length&quot;:&quot;0&quot;,&quot;iso&quot;:&quot;0&quot;,&quot;shutter_speed&quot;:&quot;0&quot;,&quot;title&quot;:&quot;T\\u00dcRK\\u0130YE\\u0027YE \\u00d6RNEK OLAN PROJE 1 YA\\u015eINDA \\u0027SAMSUN \\u0130\\u00c7\\u0130N OKUMA VAKT\\u0130\\u0027 \\u0130S\\u0130ML\\u0130 PROJE \\u0130LE K\\u0130TAP OKUMA ORANI ARTTI&quot;,&quot;orientation&quot;:&quot;0&quot;}\" data-image-title=\"T\u00fcrkiye\u2019ye \u00f6rnek olan proje 1 ya\u015f\u0131nda\" data-image-description=\"&lt;p&gt;T\u00fcrkiye\u2019ye \u00f6rnek olan proje 1 ya\u015f\u0131nda&lt;\/p&gt; \" data-medium-file=\"https:\/\/i0.wp.com\/www.tvturk.com\/wp-content\/uploads\/2019\/02\/turkiyeye-ornek-olan-proje-1-yasinda_5959b19.jpg?fit=300%2C200\" data-large-file=\"https:\/\/i0.wp.com\/www.tvturk.com\/wp-content\/uploads\/2019\/02\/turkiyeye-ornek-olan-proje-1-yasinda_5959b19.jpg?fit=1000%2C666\" src=\"https:\/\/i0.wp.com\/www.tvturk.com\/wp-content\/uploads\/2019\/02\/turkiyeye-ornek-olan-proje-1-yasinda_5959b19.jpg?w=496&#038;h=330\" srcset=\"https:\/\/i0.wp.com\/www.tvturk.com\/wp-content\/uploads\/2019\/02\/turkiyeye-ornek-olan-proje-1-yasinda_5959b19.jpg?w=1000 1000w, https:\/\/i0.wp.com\/www.tvturk.com\/wp-content\/uploads\/2019\/02\/turkiyeye-ornek-olan-proje-1-yasinda_5959b19.jpg?resize=150%2C100 150w, https:\/\/i0.wp.com\/www.tvturk.com\/wp-content\/uploads\/2019\/02\/turkiyeye-ornek-olan-proje-1-yasinda_5959b19.jpg?resize=300%2C200 300w, https:\/\/i0.wp.com\/www.tvturk.com\/wp-content\/uploads\/2019\/02\/turkiyeye-ornek-olan-proje-1-yasinda_5959b19.jpg?resize=768%2C511 768w, https:\/\/i0.wp.com\/www.tvturk.com\/wp-content\/uploads\/2019\/02\/turkiyeye-ornek-olan-proje-1-yasinda_5959b19.jpg?resize=170%2C113 170w, https:\/\/i0.wp.com\/www.tvturk.com\/wp-content\/uploads\/2019\/02\/turkiyeye-ornek-olan-proje-1-yasinda_5959b19.jpg?resize=120%2C80 120w\" width=\"496\" height=\"330\" loading=\"lazy\" data-original-width=\"496\" data-original-height=\"330\" itemprop=\"http:\/\/schema.org\/image\" title=\"T\u00fcrkiye\u2019ye \u00f6rnek olan proje 1 ya\u015f\u0131nda\" alt=\"T\u00fcrkiye\u2019ye \u00f6rnek olan proje 1 ya\u015f\u0131nda\" style=\"width: 496px; height: 330px;\" \/> <\/a> <\/div> <\/div> <!-- close group --> <\/div> <!-- close row --> <\/div><\/p>\n","protected":false},"excerpt":{"rendered":"<p>&#8216;SAMSUN \u0130\u00c7\u0130N OKUMA VAKT\u0130&#8217; \u0130S\u0130ML\u0130 PROJE \u0130LE K\u0130TAP OKUMA ORANI ARTTI.<\/p>\n","protected":false},"author":1,"featured_media":11727,"comment_status":"closed","ping_status":"open","sticky":false,"template":"","format":"standard","meta":{"jetpack_post_was_ever_published":false,"_jetpack_newsletter_access":"","_jetpack_dont_email_post_to_subs":false,"_jetpack_newsletter_tier_id":0,"_jetpack_memberships_contains_paywalled_content":false,"_jetpack_memberships_contains_paid_content":false,"footnotes":"","jetpack_publicize_message":"","jetpack_publicize_feature_enabled":true,"jetpack_social_post_already_shared":false,"jetpack_social_options":{"image_generator_settings":{"template":"highway","default_image_id":0,"font":"","enabled":false},"version":2}},"categories":[656],"tags":[572,1996,1456,4071,2487],"class_list":["post-11726","post","type-post","status-publish","format-standard","has-post-thumbnail","hentry","category-kultur-sanat","tag-olan","tag-ornek","tag-proje","tag-turkiyeye","tag-yasinda"],"jetpack_publicize_connections":[],"jetpack_featured_media_url":"https:\/\/i0.wp.com\/www.tvturk.com\/wp-content\/uploads\/2019\/02\/turkiyeye-ornek-olan-proje-1-yasinda_28de075.jpg?fit=1000%2C562","jetpack_sharing_enabled":true,"jetpack_shortlink":"https:\/\/wp.me\/paKIfm-338","_links":{"self":[{"href":"http:\/\/www.tvturk.com\/index.php\/wp-json\/wp\/v2\/posts\/11726","targetHints":{"allow":["GET"]}}],"collection":[{"href":"http:\/\/www.tvturk.com\/index.php\/wp-json\/wp\/v2\/posts"}],"about":[{"href":"http:\/\/www.tvturk.com\/index.php\/wp-json\/wp\/v2\/types\/post"}],"author":[{"embeddable":true,"href":"http:\/\/www.tvturk.com\/index.php\/wp-json\/wp\/v2\/users\/1"}],"replies":[{"embeddable":true,"href":"http:\/\/www.tvturk.com\/index.php\/wp-json\/wp\/v2\/comments?post=11726"}],"version-history":[{"count":1,"href":"http:\/\/www.tvturk.com\/index.php\/wp-json\/wp\/v2\/posts\/11726\/revisions"}],"predecessor-version":[{"id":11732,"href":"http:\/\/www.tvturk.com\/index.php\/wp-json\/wp\/v2\/posts\/11726\/revisions\/11732"}],"wp:featuredmedia":[{"embeddable":true,"href":"http:\/\/www.tvturk.com\/index.php\/wp-json\/wp\/v2\/media\/11727"}],"wp:attachment":[{"href":"http:\/\/www.tvturk.com\/index.php\/wp-json\/wp\/v2\/media?parent=11726"}],"wp:term":[{"taxonomy":"category","embeddable":true,"href":"http:\/\/www.tvturk.com\/index.php\/wp-json\/wp\/v2\/categories?post=11726"},{"taxonomy":"post_tag","embeddable":true,"href":"http:\/\/www.tvturk.com\/index.php\/wp-json\/wp\/v2\/tags?post=11726"}],"curies":[{"name":"wp","href":"https:\/\/api.w.org\/{rel}","templated":true}]}}