{"id":117279,"date":"2019-03-29T10:50:09","date_gmt":"2019-03-29T07:50:09","guid":{"rendered":"http:\/\/www.tvturk.com\/index.php\/alerji-deyip-gecmeyin\/"},"modified":"2019-03-29T10:50:11","modified_gmt":"2019-03-29T07:50:11","slug":"alerji-deyip-gecmeyin","status":"publish","type":"post","link":"http:\/\/www.tvturk.com\/index.php\/alerji-deyip-gecmeyin\/","title":{"rendered":"Alerji deyip ge\u00e7meyin"},"content":{"rendered":"<p>Kulak Burun Bo\u011faz ve Ba\u015f Boyun Cerrahisi Uzman\u0131 Dr. Burak Kocag\u00f6zo\u011flu, alerjilerin \u00f6nemsenmesi gerekti\u011fini belirterek, &#8220;Tedavi edilmeyen bahar nezlesi y\u0131llar i\u00e7inde de alt solonum yolunda ast\u0131m hastal\u0131\u011f\u0131 tetikleyebiliyor&#8221; dedi.<\/p>\n<p>Bahar aylar\u0131n\u0131n gelmesiyle polen alerjisi olan vatanda\u015flar\u0131n korkulu r\u00fcyas\u0131 ba\u015flad\u0131. Kulak Burun Bo\u011faz ve Ba\u015f Boyun Cerrahisi Uzman\u0131 Dr. Burak Kocag\u00f6zo\u011flu, alerjisi olanlara \u00f6nemli uyar\u0131larda bulundu. Her bahar nezlesinin alerji olmad\u0131\u011f\u0131n\u0131n alt\u0131n\u0131 \u00e7izen Uzm. Dr. Kocag\u00f6zo\u011flu, \u201cBu aylarda ortaya \u00e7\u0131kan burun ak\u0131nt\u0131s\u0131 ve hap\u015f\u0131r\u0131klar hastalar taraf\u0131nda alerjik olarak alg\u0131lan\u0131yor. B\u00f6yle olunca insanlar bu durumu basit ila\u00e7lar alarak ge\u00e7i\u015ftirece\u011fine inan\u0131yor. Ancak bu bulgular alerji olacak diye bir \u015fey yok. Burun ak\u0131nt\u0131s\u0131 ya da hap\u015f\u0131r\u0131\u011f\u0131 olan bir insan o s\u0131rada \u00fcst solunum yolu enfeksiyonu ge\u00e7iriyor olabilir. \u0130ki \u00fc\u00e7 g\u00fcnden fazla b\u00f6yle bir \u015fikayetleri varsa bir doktora g\u00f6rmelerini \u00f6neriyorum\u201d dedi.<\/p>\n<p>Alerjisi olanlara \u00f6nemli uyar\u0131lar<\/p>\n<p>Polen alerjisi olan vatanda\u015flara da \u00f6nerilerde bulunan \u00d6zel Ege Sante T\u0131p Merkezinden Kulak Burun Bo\u011faz ve Ba\u015f Boyun Cerrahisi Uzman\u0131 Dr. Burak Kocag\u00f6zo\u011flu, &#8220;Bu aylarda \u00e7imenlere ba\u011fl\u0131 polenler ba\u015fl\u0131yor ve yaz sonuna ot polenine ba\u011fl\u0131 \u015fikayetler g\u00f6r\u00fcnebiliyor. Polenlerin \u00e7ok fazla oldu\u011fu bu aylarda alerjisi \u015fiddetli olan insanlar d\u0131\u015far\u0131da daha az zaman ge\u00e7irmeli. E\u011fer ge\u00e7iriyorsa da eve d\u00f6ner d\u00f6nmez k\u0131yafetlerini \u00e7\u0131karmalar\u0131n\u0131, bir du\u015f almalar\u0131n\u0131 ve burun y\u0131kama aparat\u0131yla burunlar\u0131n\u0131 y\u0131kamal\u0131lar; ayr\u0131ca polenlerin en fazla sal\u0131n\u0131m yapt\u0131\u011f\u0131 saatlerin sabah 5-6 civar\u0131 oldu\u011funu d\u00fc\u015f\u00fcn\u00fcrsek, pencere a\u00e7\u0131k uyumalar\u0131n\u0131 da fazla \u00f6nermiyorum. Uyumadan birka\u00e7 saat \u00f6nce alerji hap\u0131 al\u0131n\u0131rsa hastalar, hem g\u00fcn i\u00e7inde ilac\u0131n yan etkisini g\u00f6rmez hem de bol polene kar\u015f\u0131 v\u00fccutlar\u0131n\u0131 haz\u0131r tutarlar&#8221; ifadelerini kulland\u0131.<\/p>\n<p>Alerjilerin ciddiye al\u0131nmas\u0131 gerekti\u011fini savunan Uzm. Dr. Kocag\u00f6zo\u011flu, tedavi edilmemesi durumunda alerjilerin bir\u00e7ok hastal\u0131\u011f\u0131 tetikleyebilece\u011fini \u015fu s\u00f6zlerle aktard\u0131:<\/p>\n<p>&#8220;\u00dcst solunum sistemimizin yap\u0131s\u0131 alt solunum sistemimizle \u00e7ok benziyor. Yani burun i\u00e7indeki yap\u0131 neyse akci\u011ferin i\u00e7indeki yap\u0131da buna \u00e7ok benzer. O y\u00fczden zaman\u0131nda tedavi edilmeyen bahar nezlesi dedi\u011fimiz \u015fey y\u0131llar i\u00e7inde de alt solunum yolunda da ast\u0131m hastal\u0131\u011f\u0131 tetikleyebiliyor. Sonu\u00e7 olarak alerji deyip ge\u00e7meyip gerekli tedavinin olunmas\u0131 ve bu tedavilerin aksat\u0131lmamas\u0131 \u00e7ok \u00f6nemli.&#8221;<div class=\"tiled-gallery type-rectangular tiled-gallery-unresized\" data-original-width=\"500\" data-carousel-extra='null' itemscope itemtype=\"http:\/\/schema.org\/ImageGallery\" > <div class=\"gallery-row\" style=\"width: 500px; height: 350px;\" data-original-width=\"500\" data-original-height=\"350\" > <div class=\"gallery-group images-1\" style=\"width: 500px; height: 350px;\" data-original-width=\"500\" data-original-height=\"350\" > <div class=\"tiled-gallery-item tiled-gallery-item-large\" itemprop=\"associatedMedia\" itemscope itemtype=\"http:\/\/schema.org\/ImageObject\"> <a href=\"http:\/\/www.tvturk.com\/index.php\/alerji-deyip-gecmeyin\/alerji-deyip-gecmeyin-3\/\" border=\"0\" itemprop=\"url\"> <meta itemprop=\"width\" content=\"496\"> <meta itemprop=\"height\" content=\"346\"> <img decoding=\"async\" class=\"\" data-attachment-id=\"117281\" data-orig-file=\"http:\/\/www.tvturk.com\/wp-content\/uploads\/2019\/03\/alerji-deyip-gecmeyin_d7b4576.jpg\" data-orig-size=\"1000,698\" data-comments-opened=\"\" data-image-meta=\"{&quot;aperture&quot;:&quot;0&quot;,&quot;credit&quot;:&quot;IHA&quot;,&quot;camera&quot;:&quot;&quot;,&quot;caption&quot;:&quot;KULAK BURUN BO\\u011eAZ VE BA\\u015e BOYUN CERRAH\\u0130S\\u0130 UZMANI DR. BURAK KOCAG\\u00d6ZO\\u011eLU, ALERJ\\u0130LER\\u0130N \\u00d6NEMSENMES\\u0130 GEREKT\\u0130\\u011e\\u0130N\\u0130 BEL\\u0130RTEREK, \\u0022TEDAV\\u0130 ED\\u0130LMEYEN BAHAR NEZLES\\u0130 YILLAR \\u0130\\u00c7\\u0130NDE DE ALT SOLONUM YOLUNDA ASTIM HASTALI\\u011eI TET\\u0130KLEYEB\\u0130L\\u0130YOR\\u0022 DED\\u0130. (AKIN K\\u00dc\\u00c7\\u00dcKKURT - S\\u0130NAN YEN\\u0130\\u00c7ER\\u0130 - TOLGA TAH\\u00c7I\\\/\\u0130ZM\\u0130R-\\u0130HA)&quot;,&quot;created_timestamp&quot;:&quot;0&quot;,&quot;copyright&quot;:&quot;\\u0130HLAS HABER AJANSI, www.iha.com.tr&quot;,&quot;focal_length&quot;:&quot;0&quot;,&quot;iso&quot;:&quot;0&quot;,&quot;shutter_speed&quot;:&quot;0&quot;,&quot;title&quot;:&quot;ALERJ\\u0130 DEY\\u0130P GE\\u00c7MEY\\u0130N UZM. DR. KOCAG\\u00d6ZO\\u011eLU\\u2019NDAN ALERJ\\u0130 UYARISI&quot;,&quot;orientation&quot;:&quot;0&quot;}\" data-image-title=\"Alerji deyip ge\u00e7meyin\" data-image-description=\"&lt;p&gt;Alerji deyip ge\u00e7meyin&lt;\/p&gt; \" data-medium-file=\"https:\/\/i0.wp.com\/www.tvturk.com\/wp-content\/uploads\/2019\/03\/alerji-deyip-gecmeyin_d7b4576.jpg?fit=300%2C209\" data-large-file=\"https:\/\/i0.wp.com\/www.tvturk.com\/wp-content\/uploads\/2019\/03\/alerji-deyip-gecmeyin_d7b4576.jpg?fit=1000%2C698\" src=\"https:\/\/i0.wp.com\/www.tvturk.com\/wp-content\/uploads\/2019\/03\/alerji-deyip-gecmeyin_d7b4576.jpg?w=496&#038;h=346\" srcset=\"https:\/\/i0.wp.com\/www.tvturk.com\/wp-content\/uploads\/2019\/03\/alerji-deyip-gecmeyin_d7b4576.jpg?w=1000 1000w, https:\/\/i0.wp.com\/www.tvturk.com\/wp-content\/uploads\/2019\/03\/alerji-deyip-gecmeyin_d7b4576.jpg?resize=150%2C105 150w, https:\/\/i0.wp.com\/www.tvturk.com\/wp-content\/uploads\/2019\/03\/alerji-deyip-gecmeyin_d7b4576.jpg?resize=300%2C209 300w, https:\/\/i0.wp.com\/www.tvturk.com\/wp-content\/uploads\/2019\/03\/alerji-deyip-gecmeyin_d7b4576.jpg?resize=768%2C536 768w, https:\/\/i0.wp.com\/www.tvturk.com\/wp-content\/uploads\/2019\/03\/alerji-deyip-gecmeyin_d7b4576.jpg?resize=80%2C55 80w\" width=\"496\" height=\"346\" loading=\"lazy\" data-original-width=\"496\" data-original-height=\"346\" itemprop=\"http:\/\/schema.org\/image\" title=\"Alerji deyip ge\u00e7meyin\" alt=\"Alerji deyip ge\u00e7meyin\" style=\"width: 496px; height: 346px;\" \/> <\/a> <\/div> <\/div> <!-- close group --> <\/div> <!-- close row --> <\/div><\/p>\n","protected":false},"excerpt":{"rendered":"<p>BAHAR AYLARININ GELMES\u0130YLE POLEN ALERJ\u0130S\u0130 OLAN VATANDA\u015eLARIN KORKULU R\u00dcYASI BA\u015eLADI.<\/p>\n","protected":false},"author":1,"featured_media":117280,"comment_status":"closed","ping_status":"open","sticky":false,"template":"","format":"standard","meta":{"jetpack_post_was_ever_published":false,"_jetpack_newsletter_access":"","_jetpack_dont_email_post_to_subs":false,"_jetpack_newsletter_tier_id":0,"_jetpack_memberships_contains_paywalled_content":false,"_jetpack_memberships_contains_paid_content":false,"footnotes":"","jetpack_publicize_message":"","jetpack_publicize_feature_enabled":true,"jetpack_social_post_already_shared":true,"jetpack_social_options":{"image_generator_settings":{"template":"highway","default_image_id":0,"font":"","enabled":false},"version":2}},"categories":[1],"tags":[21901,17328,28527],"class_list":["post-117279","post","type-post","status-publish","format-standard","has-post-thumbnail","hentry","category-genel","tag-alerji","tag-deyip","tag-gecmeyin"],"jetpack_publicize_connections":[],"jetpack_featured_media_url":"https:\/\/i0.wp.com\/www.tvturk.com\/wp-content\/uploads\/2019\/03\/alerji-deyip-gecmeyin_d5353c5.jpg?fit=1000%2C750","jetpack_sharing_enabled":true,"jetpack_shortlink":"https:\/\/wp.me\/paKIfm-uvB","_links":{"self":[{"href":"http:\/\/www.tvturk.com\/index.php\/wp-json\/wp\/v2\/posts\/117279","targetHints":{"allow":["GET"]}}],"collection":[{"href":"http:\/\/www.tvturk.com\/index.php\/wp-json\/wp\/v2\/posts"}],"about":[{"href":"http:\/\/www.tvturk.com\/index.php\/wp-json\/wp\/v2\/types\/post"}],"author":[{"embeddable":true,"href":"http:\/\/www.tvturk.com\/index.php\/wp-json\/wp\/v2\/users\/1"}],"replies":[{"embeddable":true,"href":"http:\/\/www.tvturk.com\/index.php\/wp-json\/wp\/v2\/comments?post=117279"}],"version-history":[{"count":1,"href":"http:\/\/www.tvturk.com\/index.php\/wp-json\/wp\/v2\/posts\/117279\/revisions"}],"predecessor-version":[{"id":117282,"href":"http:\/\/www.tvturk.com\/index.php\/wp-json\/wp\/v2\/posts\/117279\/revisions\/117282"}],"wp:featuredmedia":[{"embeddable":true,"href":"http:\/\/www.tvturk.com\/index.php\/wp-json\/wp\/v2\/media\/117280"}],"wp:attachment":[{"href":"http:\/\/www.tvturk.com\/index.php\/wp-json\/wp\/v2\/media?parent=117279"}],"wp:term":[{"taxonomy":"category","embeddable":true,"href":"http:\/\/www.tvturk.com\/index.php\/wp-json\/wp\/v2\/categories?post=117279"},{"taxonomy":"post_tag","embeddable":true,"href":"http:\/\/www.tvturk.com\/index.php\/wp-json\/wp\/v2\/tags?post=117279"}],"curies":[{"name":"wp","href":"https:\/\/api.w.org\/{rel}","templated":true}]}}