{"id":117340,"date":"2019-03-29T11:06:57","date_gmt":"2019-03-29T08:06:57","guid":{"rendered":"http:\/\/www.tvturk.com\/index.php\/yerli-sermayeli-otelin-buyuk-basarisi\/"},"modified":"2019-03-29T11:07:00","modified_gmt":"2019-03-29T08:07:00","slug":"yerli-sermayeli-otelin-buyuk-basarisi","status":"publish","type":"post","link":"http:\/\/www.tvturk.com\/index.php\/yerli-sermayeli-otelin-buyuk-basarisi\/","title":{"rendered":"Yerli sermayeli otelin b\u00fcy\u00fck ba\u015far\u0131s\u0131"},"content":{"rendered":"<p>Marmaris\u2019te faaliyet g\u00f6steren ve yerli sermaye ile kurulan Casa De Maris Otel, Avrupa\u2019n\u0131n en prestijli \u00f6d\u00fcllerinden biri olan \u201cHolidayCheck Gold Award 2019\u201d sahibi oldu. Otel T\u00fcrkiye\u2019de yerli sermayeli \u00f6d\u00fcl alan tek otel oldu.<\/p>\n<p>Avrupa\u2019da konaklama tesislerine verilen en prestijli \u00f6d\u00fcllerden biri olan \u201cHolidayCheck Gold Award 2019\u201d \u00f6d\u00fcl\u00fcn\u00fc T\u00fcrkiye\u2019de d\u00f6rt otel ald\u0131. \u00d6d\u00fcller, 14 y\u0131ld\u0131r tatilcilerin yorumlar\u0131na ve memnuniyet derecelerine dayand\u0131r\u0131larak veriliyor. Bu \u00f6d\u00fcl\u00fc alabilmek i\u00e7in be\u015f y\u0131l \u00fcst \u00fcste \u2018HolidayCheck Award\u2019 \u00f6d\u00fcl\u00fcn\u00fc almak gerekiyor. Marmaris\u2019te bulunan Casa De Maris Otel ise \u00f6d\u00fcl alan yerli sermayeli tek otel oldu. \u00d6d\u00fcle lay\u0131k g\u00f6r\u00fclen di\u011fer \u00fc\u00e7 otel ise yabanc\u0131 sermayeli \u015firketler taraf\u0131ndan i\u015fletilen tesisler. Yakla\u015f\u0131k 8 milyona a\u015fk\u0131n kullan\u0131c\u0131n\u0131n yorum yapt\u0131\u011f\u0131 site, Almanca konu\u015fan turistlere hitap ediyor. Almanya, Avusturya ve \u0130svi\u00e7re\u2019de en \u00e7ok kullan\u0131lan yorum sitesi unvan\u0131n\u0131 da elinde bulunduran HolidayCheck, d\u00fcnyan\u0131n en g\u00fcvenilir de\u011ferlendirme ve yorum yap\u0131lan siteleri aras\u0131nda g\u00f6steriliyor. \u00d6d\u00fcl\u00fcn kendilerini daha iyi hizmet verme konusunda motive etti\u011fini belirten Casa De Maris Oteli Genel M\u00fcd\u00fcr\u00fc Fahri Tan, \u201cOtelimiz be\u015f y\u0131ld\u0131zl\u0131, 190 oda, 430 yatak kapasiteli bir tesis. Misafirlerimizin b\u00fcy\u00fck bir b\u00f6l\u00fcm\u00fc Avrupa ve \u0130ngiltere men\u015feli. Avrupa pazar\u0131n\u0131n \u00e7ok b\u00fcy\u00fck bir k\u0131sm\u0131 Almanya men\u015feli. Yakla\u015f\u0131k her y\u0131l otelimizde 2 bin Alman misafir konakl\u0131yor. Ald\u0131\u011f\u0131m\u0131z \u00f6d\u00fcl ger\u00e7ekten bizi onurland\u0131ran ve gururland\u0131ran bir \u00f6d\u00fcl. \u00c7\u00fcnk\u00fc HolidayCheck d\u00fcnyada tatil yapan misafirlerin yorum yapt\u0131\u011f\u0131 bir site. En \u00f6nemli fark\u0131 ise d\u00fcnyan\u0131n en g\u00fcvenilir yorum sitelerinin ba\u015f\u0131nda geliyor. Bu \u00f6d\u00fcl bizi daha iyi hizmet vermek i\u00e7in motive etti. \u00d6d\u00fcl\u00fcn bir di\u011fer \u00f6nemi ise T\u00fcrkiye\u2019de sadece d\u00f6rt otelin alm\u0131\u015f olmas\u0131. Bu oteller aras\u0131nda, yerli sermayeye sahip tek otel olmas\u0131 da bizim i\u00e7in \u00e7ok \u00f6nemli. \u00d6d\u00fcl alan di\u011fer \u00fc\u00e7 otel yabanc\u0131 sermaye ile kurulan turizm i\u015fletmeleri. Yerli sermayeye sahip tek alt\u0131n \u00f6d\u00fcll\u00fc HolidayCheck oteli Casa De Maris otel. Bu da bizi \u00fclkemiz ad\u0131na ve b\u00f6lgemiz ad\u0131na mutlu eden bir olay. Bu \u00f6d\u00fcl b\u00f6lgemizin Alman pazar\u0131ndan daha fazla pay almas\u0131n\u0131 olumlu etkileyecektir\u201d dedi.<\/p>\n<p>Bu \u00f6d\u00fcl\u00fcn Marmaris destinasyonunun Alman pazar\u0131nda sat\u0131\u015f\u0131n\u0131 olumlu etkileyece\u011fini belirten HolidayCheck T\u00fcrkiye B\u00f6lge Sat\u0131\u015f M\u00fcd\u00fcr\u00fc Sinan \u0130\u00e7ten ise, \u201cHolidayCheck Almanya, Avusturya ve \u0130svi\u00e7re\u2019de en fazla tercih edilen yorum platformudur. Ge\u00e7en Nisan ay\u0131nda yap\u0131lan bir ara\u015ft\u0131rmaya g\u00f6re, en fazla turizm fan\u0131na sahip web sitesi se\u00e7ildi. Bizim i\u00e7in destinasyon \u00e7ok \u00f6nemli. Casa De Maris Oteli\u2019nin \u00f6d\u00fcl almas\u0131 bizim b\u00f6lgeyi pazarlama konusunda \u00e7ok iyi bir \u00f6rnek oldu. Bu \u00f6d\u00fcl\u00fc alabilmek i\u00e7in be\u015f sene boyunca aral\u0131ks\u0131z \u2018HolidayCheck Award\u2019 \u00f6d\u00fcl al\u0131nmas\u0131 gerekiyor. Bu \u00f6d\u00fclleri ald\u0131ktan sonra da be\u015finci senede otelimize Alt\u0131n \u00d6d\u00fcl veriyoruz. Alman pazar\u0131m\u0131zdaki misafirlerimiz i\u00e7in fiyat \u00f6nemli de\u011fil, daha \u00e7ok servis kalitesi \u00f6nemlidir. Otelimiz bu \u00f6d\u00fclle birlikte pazardaki liderli\u011fini g\u00f6stermektedir\u201d dedi.<div class=\"tiled-gallery type-rectangular tiled-gallery-unresized\" data-original-width=\"500\" data-carousel-extra='null' itemscope itemtype=\"http:\/\/schema.org\/ImageGallery\" > <div class=\"gallery-row\" style=\"width: 500px; height: 264px;\" data-original-width=\"500\" data-original-height=\"264\" > <div class=\"gallery-group images-1\" style=\"width: 303px; height: 264px;\" data-original-width=\"303\" data-original-height=\"264\" > <div class=\"tiled-gallery-item tiled-gallery-item-large\" itemprop=\"associatedMedia\" itemscope itemtype=\"http:\/\/schema.org\/ImageObject\"> <a href=\"http:\/\/www.tvturk.com\/index.php\/yerli-sermayeli-otelin-buyuk-basarisi\/yerli-sermayeli-otelin-buyuk-basarisi-3\/\" border=\"0\" itemprop=\"url\"> <meta itemprop=\"width\" content=\"299\"> <meta itemprop=\"height\" content=\"260\"> <img decoding=\"async\" class=\"\" data-attachment-id=\"117342\" data-orig-file=\"http:\/\/www.tvturk.com\/wp-content\/uploads\/2019\/03\/yerli-sermayeli-otelin-buyuk-basarisi_e07b4d5.jpg\" data-orig-size=\"1000,872\" data-comments-opened=\"\" data-image-meta=\"{&quot;aperture&quot;:&quot;0&quot;,&quot;credit&quot;:&quot;IHA&quot;,&quot;camera&quot;:&quot;&quot;,&quot;caption&quot;:&quot;MARMAR\\u0130S\\u0027TE FAAL\\u0130YET G\\u00d6STEREN VE YERL\\u0130 SERMAYE \\u0130LE KURULAN CASA DE MAR\\u0130S OTEL, AVRUPA\\u2019NIN EN PREST\\u0130JL\\u0130 \\u00d6D\\u00dcLLER\\u0130NDEN B\\u0130R\\u0130 OLAN \\u201cHOL\\u0130DAYCHECK GOLD AWARD 2019\\u201d SAH\\u0130B\\u0130 OLDU. OTEL T\\u00dcRK\\u0130YE\\u2019DE YERL\\u0130 SERMAYEL\\u0130 \\u00d6D\\u00dcL ALAN TEK OTEL OLDU. (RAMAZAN TERKOS\\\/MU\\u011eLA-\\u0130HA)&quot;,&quot;created_timestamp&quot;:&quot;0&quot;,&quot;copyright&quot;:&quot;\\u0130HLAS HABER AJANSI, www.iha.com.tr&quot;,&quot;focal_length&quot;:&quot;0&quot;,&quot;iso&quot;:&quot;0&quot;,&quot;shutter_speed&quot;:&quot;0&quot;,&quot;title&quot;:&quot;YERL\\u0130 SERMAYEL\\u0130 OTEL\\u0130N B\\u00dcY\\u00dcK BA\\u015eARISI&quot;,&quot;orientation&quot;:&quot;0&quot;}\" data-image-title=\"Yerli sermayeli otelin b\u00fcy\u00fck ba\u015far\u0131s\u0131\" data-image-description=\"&lt;p&gt;Yerli sermayeli otelin b\u00fcy\u00fck ba\u015far\u0131s\u0131&lt;\/p&gt; \" data-medium-file=\"https:\/\/i0.wp.com\/www.tvturk.com\/wp-content\/uploads\/2019\/03\/yerli-sermayeli-otelin-buyuk-basarisi_e07b4d5.jpg?fit=300%2C262\" data-large-file=\"https:\/\/i0.wp.com\/www.tvturk.com\/wp-content\/uploads\/2019\/03\/yerli-sermayeli-otelin-buyuk-basarisi_e07b4d5.jpg?fit=1000%2C872\" src=\"https:\/\/i0.wp.com\/www.tvturk.com\/wp-content\/uploads\/2019\/03\/yerli-sermayeli-otelin-buyuk-basarisi_e07b4d5.jpg?w=299&#038;h=260\" srcset=\"https:\/\/i0.wp.com\/www.tvturk.com\/wp-content\/uploads\/2019\/03\/yerli-sermayeli-otelin-buyuk-basarisi_e07b4d5.jpg?w=1000 1000w, https:\/\/i0.wp.com\/www.tvturk.com\/wp-content\/uploads\/2019\/03\/yerli-sermayeli-otelin-buyuk-basarisi_e07b4d5.jpg?resize=150%2C131 150w, https:\/\/i0.wp.com\/www.tvturk.com\/wp-content\/uploads\/2019\/03\/yerli-sermayeli-otelin-buyuk-basarisi_e07b4d5.jpg?resize=300%2C262 300w, https:\/\/i0.wp.com\/www.tvturk.com\/wp-content\/uploads\/2019\/03\/yerli-sermayeli-otelin-buyuk-basarisi_e07b4d5.jpg?resize=768%2C670 768w\" width=\"299\" height=\"260\" loading=\"lazy\" data-original-width=\"299\" data-original-height=\"260\" itemprop=\"http:\/\/schema.org\/image\" title=\"Yerli sermayeli otelin b\u00fcy\u00fck ba\u015far\u0131s\u0131\" alt=\"Yerli sermayeli otelin b\u00fcy\u00fck ba\u015far\u0131s\u0131\" style=\"width: 299px; height: 260px;\" \/> <\/a> <\/div> <\/div> <!-- close group --> <div class=\"gallery-group images-2\" style=\"width: 197px; height: 264px;\" data-original-width=\"197\" data-original-height=\"264\" > <div class=\"tiled-gallery-item tiled-gallery-item-small\" itemprop=\"associatedMedia\" itemscope itemtype=\"http:\/\/schema.org\/ImageObject\"> <a href=\"http:\/\/www.tvturk.com\/index.php\/yerli-sermayeli-otelin-buyuk-basarisi\/yerli-sermayeli-otelin-buyuk-basarisi-4\/\" border=\"0\" itemprop=\"url\"> <meta itemprop=\"width\" content=\"193\"> <meta itemprop=\"height\" content=\"128\"> <img decoding=\"async\" class=\"\" data-attachment-id=\"117343\" data-orig-file=\"http:\/\/www.tvturk.com\/wp-content\/uploads\/2019\/03\/yerli-sermayeli-otelin-buyuk-basarisi_dfad1a5.jpg\" data-orig-size=\"511,339\" data-comments-opened=\"\" data-image-meta=\"{&quot;aperture&quot;:&quot;6.3&quot;,&quot;credit&quot;:&quot;IHA&quot;,&quot;camera&quot;:&quot;NIKON D2X&quot;,&quot;caption&quot;:&quot;MARMAR\\u0130S\\u0027TE FAAL\\u0130YET G\\u00d6STEREN VE YERL\\u0130 SERMAYE \\u0130LE KURULAN CASA DE MAR\\u0130S OTEL, AVRUPA\\u2019NIN EN PREST\\u0130JL\\u0130 \\u00d6D\\u00dcLLER\\u0130NDEN B\\u0130R\\u0130 OLAN \\u201cHOL\\u0130DAYCHECK GOLD AWARD 2019\\u201d SAH\\u0130B\\u0130 OLDU. OTEL T\\u00dcRK\\u0130YE\\u2019DE YERL\\u0130 SERMAYEL\\u0130 \\u00d6D\\u00dcL ALAN TEK OTEL OLDU. (RAMAZAN TERKOS\\\/MU\\u011eLA-\\u0130HA)&quot;,&quot;created_timestamp&quot;:&quot;1553848626&quot;,&quot;copyright&quot;:&quot;\\u0130HLAS HABER AJANSI, www.iha.com.tr&quot;,&quot;focal_length&quot;:&quot;80&quot;,&quot;iso&quot;:&quot;400&quot;,&quot;shutter_speed&quot;:&quot;0.0005&quot;,&quot;title&quot;:&quot;YERL\\u0130 SERMAYEL\\u0130 OTEL\\u0130N B\\u00dcY\\u00dcK BA\\u015eARISI&quot;,&quot;orientation&quot;:&quot;1&quot;}\" data-image-title=\"Yerli sermayeli otelin b\u00fcy\u00fck ba\u015far\u0131s\u0131\" data-image-description=\"&lt;p&gt;Yerli sermayeli otelin b\u00fcy\u00fck ba\u015far\u0131s\u0131&lt;\/p&gt; \" data-medium-file=\"https:\/\/i0.wp.com\/www.tvturk.com\/wp-content\/uploads\/2019\/03\/yerli-sermayeli-otelin-buyuk-basarisi_dfad1a5.jpg?fit=300%2C199\" data-large-file=\"https:\/\/i0.wp.com\/www.tvturk.com\/wp-content\/uploads\/2019\/03\/yerli-sermayeli-otelin-buyuk-basarisi_dfad1a5.jpg?fit=511%2C339\" src=\"https:\/\/i0.wp.com\/www.tvturk.com\/wp-content\/uploads\/2019\/03\/yerli-sermayeli-otelin-buyuk-basarisi_dfad1a5.jpg?w=193&#038;h=128\" srcset=\"https:\/\/i0.wp.com\/www.tvturk.com\/wp-content\/uploads\/2019\/03\/yerli-sermayeli-otelin-buyuk-basarisi_dfad1a5.jpg?w=511 511w, https:\/\/i0.wp.com\/www.tvturk.com\/wp-content\/uploads\/2019\/03\/yerli-sermayeli-otelin-buyuk-basarisi_dfad1a5.jpg?resize=150%2C100 150w, https:\/\/i0.wp.com\/www.tvturk.com\/wp-content\/uploads\/2019\/03\/yerli-sermayeli-otelin-buyuk-basarisi_dfad1a5.jpg?resize=300%2C200 300w, https:\/\/i0.wp.com\/www.tvturk.com\/wp-content\/uploads\/2019\/03\/yerli-sermayeli-otelin-buyuk-basarisi_dfad1a5.jpg?resize=170%2C113 170w, https:\/\/i0.wp.com\/www.tvturk.com\/wp-content\/uploads\/2019\/03\/yerli-sermayeli-otelin-buyuk-basarisi_dfad1a5.jpg?resize=120%2C80 120w\" width=\"193\" height=\"128\" loading=\"lazy\" data-original-width=\"193\" data-original-height=\"128\" itemprop=\"http:\/\/schema.org\/image\" title=\"Yerli sermayeli otelin b\u00fcy\u00fck ba\u015far\u0131s\u0131\" alt=\"Yerli sermayeli otelin b\u00fcy\u00fck ba\u015far\u0131s\u0131\" style=\"width: 193px; height: 128px;\" \/> <\/a> <\/div> <div class=\"tiled-gallery-item tiled-gallery-item-small\" itemprop=\"associatedMedia\" itemscope itemtype=\"http:\/\/schema.org\/ImageObject\"> <a href=\"http:\/\/www.tvturk.com\/index.php\/yerli-sermayeli-otelin-buyuk-basarisi\/yerli-sermayeli-otelin-buyuk-basarisi-5\/\" border=\"0\" itemprop=\"url\"> <meta itemprop=\"width\" content=\"193\"> <meta itemprop=\"height\" content=\"128\"> <img decoding=\"async\" class=\"\" data-attachment-id=\"117344\" data-orig-file=\"http:\/\/www.tvturk.com\/wp-content\/uploads\/2019\/03\/yerli-sermayeli-otelin-buyuk-basarisi_1928425.jpg\" data-orig-size=\"511,339\" data-comments-opened=\"\" data-image-meta=\"{&quot;aperture&quot;:&quot;4&quot;,&quot;credit&quot;:&quot;IHA&quot;,&quot;camera&quot;:&quot;NIKON D2X&quot;,&quot;caption&quot;:&quot;MARMAR\\u0130S\\u0027TE FAAL\\u0130YET G\\u00d6STEREN VE YERL\\u0130 SERMAYE \\u0130LE KURULAN CASA DE MAR\\u0130S OTEL, AVRUPA\\u2019NIN EN PREST\\u0130JL\\u0130 \\u00d6D\\u00dcLLER\\u0130NDEN B\\u0130R\\u0130 OLAN \\u201cHOL\\u0130DAYCHECK GOLD AWARD 2019\\u201d SAH\\u0130B\\u0130 OLDU. OTEL T\\u00dcRK\\u0130YE\\u2019DE YERL\\u0130 SERMAYEL\\u0130 \\u00d6D\\u00dcL ALAN TEK OTEL OLDU. (RAMAZAN TERKOS\\\/MU\\u011eLA-\\u0130HA)&quot;,&quot;created_timestamp&quot;:&quot;1553877218&quot;,&quot;copyright&quot;:&quot;\\u0130HLAS HABER AJANSI, www.iha.com.tr&quot;,&quot;focal_length&quot;:&quot;24&quot;,&quot;iso&quot;:&quot;100&quot;,&quot;shutter_speed&quot;:&quot;9&quot;,&quot;title&quot;:&quot;YERL\\u0130 SERMAYEL\\u0130 OTEL\\u0130N B\\u00dcY\\u00dcK BA\\u015eARISI&quot;,&quot;orientation&quot;:&quot;1&quot;}\" data-image-title=\"Yerli sermayeli otelin b\u00fcy\u00fck ba\u015far\u0131s\u0131\" data-image-description=\"&lt;p&gt;Yerli sermayeli otelin b\u00fcy\u00fck ba\u015far\u0131s\u0131&lt;\/p&gt; \" data-medium-file=\"https:\/\/i0.wp.com\/www.tvturk.com\/wp-content\/uploads\/2019\/03\/yerli-sermayeli-otelin-buyuk-basarisi_1928425.jpg?fit=300%2C199\" data-large-file=\"https:\/\/i0.wp.com\/www.tvturk.com\/wp-content\/uploads\/2019\/03\/yerli-sermayeli-otelin-buyuk-basarisi_1928425.jpg?fit=511%2C339\" src=\"https:\/\/i0.wp.com\/www.tvturk.com\/wp-content\/uploads\/2019\/03\/yerli-sermayeli-otelin-buyuk-basarisi_1928425.jpg?w=193&#038;h=128\" srcset=\"https:\/\/i0.wp.com\/www.tvturk.com\/wp-content\/uploads\/2019\/03\/yerli-sermayeli-otelin-buyuk-basarisi_1928425.jpg?w=511 511w, https:\/\/i0.wp.com\/www.tvturk.com\/wp-content\/uploads\/2019\/03\/yerli-sermayeli-otelin-buyuk-basarisi_1928425.jpg?resize=150%2C100 150w, https:\/\/i0.wp.com\/www.tvturk.com\/wp-content\/uploads\/2019\/03\/yerli-sermayeli-otelin-buyuk-basarisi_1928425.jpg?resize=300%2C200 300w, https:\/\/i0.wp.com\/www.tvturk.com\/wp-content\/uploads\/2019\/03\/yerli-sermayeli-otelin-buyuk-basarisi_1928425.jpg?resize=170%2C113 170w, https:\/\/i0.wp.com\/www.tvturk.com\/wp-content\/uploads\/2019\/03\/yerli-sermayeli-otelin-buyuk-basarisi_1928425.jpg?resize=120%2C80 120w\" width=\"193\" height=\"128\" loading=\"lazy\" data-original-width=\"193\" data-original-height=\"128\" itemprop=\"http:\/\/schema.org\/image\" title=\"Yerli sermayeli otelin b\u00fcy\u00fck ba\u015far\u0131s\u0131\" alt=\"Yerli sermayeli otelin b\u00fcy\u00fck ba\u015far\u0131s\u0131\" style=\"width: 193px; height: 128px;\" \/> <\/a> <\/div> <\/div> <!-- close group --> <\/div> <!-- close row --> <div class=\"gallery-row\" style=\"width: 500px; height: 168px;\" data-original-width=\"500\" data-original-height=\"168\" > <div class=\"gallery-group images-1\" style=\"width: 251px; height: 168px;\" data-original-width=\"251\" data-original-height=\"168\" > <div class=\"tiled-gallery-item tiled-gallery-item-small\" itemprop=\"associatedMedia\" itemscope itemtype=\"http:\/\/schema.org\/ImageObject\"> <a href=\"http:\/\/www.tvturk.com\/index.php\/yerli-sermayeli-otelin-buyuk-basarisi\/yerli-sermayeli-otelin-buyuk-basarisi-6\/\" border=\"0\" itemprop=\"url\"> <meta itemprop=\"width\" content=\"247\"> <meta itemprop=\"height\" content=\"164\"> <img decoding=\"async\" class=\"\" data-attachment-id=\"117345\" data-orig-file=\"http:\/\/www.tvturk.com\/wp-content\/uploads\/2019\/03\/yerli-sermayeli-otelin-buyuk-basarisi_00279ee.jpg\" data-orig-size=\"511,339\" data-comments-opened=\"\" data-image-meta=\"{&quot;aperture&quot;:&quot;4&quot;,&quot;credit&quot;:&quot;IHA&quot;,&quot;camera&quot;:&quot;NIKON D2X&quot;,&quot;caption&quot;:&quot;MARMAR\\u0130S\\u0027TE FAAL\\u0130YET G\\u00d6STEREN VE YERL\\u0130 SERMAYE \\u0130LE KURULAN CASA DE MAR\\u0130S OTEL, AVRUPA\\u2019NIN EN PREST\\u0130JL\\u0130 \\u00d6D\\u00dcLLER\\u0130NDEN B\\u0130R\\u0130 OLAN \\u201cHOL\\u0130DAYCHECK GOLD AWARD 2019\\u201d SAH\\u0130B\\u0130 OLDU. OTEL T\\u00dcRK\\u0130YE\\u2019DE YERL\\u0130 SERMAYEL\\u0130 \\u00d6D\\u00dcL ALAN TEK OTEL OLDU. (RAMAZAN TERKOS\\\/MU\\u011eLA-\\u0130HA)&quot;,&quot;created_timestamp&quot;:&quot;1553877587&quot;,&quot;copyright&quot;:&quot;\\u0130HLAS HABER AJANSI, www.iha.com.tr&quot;,&quot;focal_length&quot;:&quot;24&quot;,&quot;iso&quot;:&quot;100&quot;,&quot;shutter_speed&quot;:&quot;0.8&quot;,&quot;title&quot;:&quot;YERL\\u0130 SERMAYEL\\u0130 OTEL\\u0130N B\\u00dcY\\u00dcK BA\\u015eARISI&quot;,&quot;orientation&quot;:&quot;1&quot;}\" data-image-title=\"Yerli sermayeli otelin b\u00fcy\u00fck ba\u015far\u0131s\u0131\" data-image-description=\"&lt;p&gt;Yerli sermayeli otelin b\u00fcy\u00fck ba\u015far\u0131s\u0131&lt;\/p&gt; \" data-medium-file=\"https:\/\/i0.wp.com\/www.tvturk.com\/wp-content\/uploads\/2019\/03\/yerli-sermayeli-otelin-buyuk-basarisi_00279ee.jpg?fit=300%2C199\" data-large-file=\"https:\/\/i0.wp.com\/www.tvturk.com\/wp-content\/uploads\/2019\/03\/yerli-sermayeli-otelin-buyuk-basarisi_00279ee.jpg?fit=511%2C339\" src=\"https:\/\/i0.wp.com\/www.tvturk.com\/wp-content\/uploads\/2019\/03\/yerli-sermayeli-otelin-buyuk-basarisi_00279ee.jpg?w=247&#038;h=164\" srcset=\"https:\/\/i0.wp.com\/www.tvturk.com\/wp-content\/uploads\/2019\/03\/yerli-sermayeli-otelin-buyuk-basarisi_00279ee.jpg?w=511 511w, https:\/\/i0.wp.com\/www.tvturk.com\/wp-content\/uploads\/2019\/03\/yerli-sermayeli-otelin-buyuk-basarisi_00279ee.jpg?resize=150%2C100 150w, https:\/\/i0.wp.com\/www.tvturk.com\/wp-content\/uploads\/2019\/03\/yerli-sermayeli-otelin-buyuk-basarisi_00279ee.jpg?resize=300%2C200 300w, https:\/\/i0.wp.com\/www.tvturk.com\/wp-content\/uploads\/2019\/03\/yerli-sermayeli-otelin-buyuk-basarisi_00279ee.jpg?resize=170%2C113 170w, https:\/\/i0.wp.com\/www.tvturk.com\/wp-content\/uploads\/2019\/03\/yerli-sermayeli-otelin-buyuk-basarisi_00279ee.jpg?resize=120%2C80 120w\" width=\"247\" height=\"164\" loading=\"lazy\" data-original-width=\"247\" data-original-height=\"164\" itemprop=\"http:\/\/schema.org\/image\" title=\"Yerli sermayeli otelin b\u00fcy\u00fck ba\u015far\u0131s\u0131\" alt=\"Yerli sermayeli otelin b\u00fcy\u00fck ba\u015far\u0131s\u0131\" style=\"width: 247px; height: 164px;\" \/> <\/a> <\/div> <\/div> <!-- close group --> <div class=\"gallery-group images-1\" style=\"width: 249px; height: 168px;\" data-original-width=\"249\" data-original-height=\"168\" > <div class=\"tiled-gallery-item tiled-gallery-item-small\" itemprop=\"associatedMedia\" itemscope itemtype=\"http:\/\/schema.org\/ImageObject\"> <a href=\"http:\/\/www.tvturk.com\/index.php\/yerli-sermayeli-otelin-buyuk-basarisi\/yerli-sermayeli-otelin-buyuk-basarisi-7\/\" border=\"0\" itemprop=\"url\"> <meta itemprop=\"width\" content=\"245\"> <meta itemprop=\"height\" content=\"164\"> <img decoding=\"async\" class=\"\" data-attachment-id=\"117346\" data-orig-file=\"http:\/\/www.tvturk.com\/wp-content\/uploads\/2019\/03\/yerli-sermayeli-otelin-buyuk-basarisi_0380ca3.jpg\" data-orig-size=\"511,342\" data-comments-opened=\"\" data-image-meta=\"{&quot;aperture&quot;:&quot;4&quot;,&quot;credit&quot;:&quot;IHA&quot;,&quot;camera&quot;:&quot;NIKON D2X&quot;,&quot;caption&quot;:&quot;MARMAR\\u0130S\\u0027TE FAAL\\u0130YET G\\u00d6STEREN VE YERL\\u0130 SERMAYE \\u0130LE KURULAN CASA DE MAR\\u0130S OTEL, AVRUPA\\u2019NIN EN PREST\\u0130JL\\u0130 \\u00d6D\\u00dcLLER\\u0130NDEN B\\u0130R\\u0130 OLAN \\u201cHOL\\u0130DAYCHECK GOLD AWARD 2019\\u201d SAH\\u0130B\\u0130 OLDU. OTEL T\\u00dcRK\\u0130YE\\u2019DE YERL\\u0130 SERMAYEL\\u0130 \\u00d6D\\u00dcL ALAN TEK OTEL OLDU. (RAMAZAN TERKOS\\\/MU\\u011eLA-\\u0130HA)&quot;,&quot;created_timestamp&quot;:&quot;1553869454&quot;,&quot;copyright&quot;:&quot;\\u0130HLAS HABER AJANSI, www.iha.com.tr&quot;,&quot;focal_length&quot;:&quot;24&quot;,&quot;iso&quot;:&quot;200&quot;,&quot;shutter_speed&quot;:&quot;0.1&quot;,&quot;title&quot;:&quot;YERL\\u0130 SERMAYEL\\u0130 OTEL\\u0130N B\\u00dcY\\u00dcK BA\\u015eARISI&quot;,&quot;orientation&quot;:&quot;1&quot;}\" data-image-title=\"Yerli sermayeli otelin b\u00fcy\u00fck ba\u015far\u0131s\u0131\" data-image-description=\"&lt;p&gt;Yerli sermayeli otelin b\u00fcy\u00fck ba\u015far\u0131s\u0131&lt;\/p&gt; \" data-medium-file=\"https:\/\/i0.wp.com\/www.tvturk.com\/wp-content\/uploads\/2019\/03\/yerli-sermayeli-otelin-buyuk-basarisi_0380ca3.jpg?fit=300%2C201\" data-large-file=\"https:\/\/i0.wp.com\/www.tvturk.com\/wp-content\/uploads\/2019\/03\/yerli-sermayeli-otelin-buyuk-basarisi_0380ca3.jpg?fit=511%2C342\" src=\"https:\/\/i0.wp.com\/www.tvturk.com\/wp-content\/uploads\/2019\/03\/yerli-sermayeli-otelin-buyuk-basarisi_0380ca3.jpg?w=245&#038;h=164\" srcset=\"https:\/\/i0.wp.com\/www.tvturk.com\/wp-content\/uploads\/2019\/03\/yerli-sermayeli-otelin-buyuk-basarisi_0380ca3.jpg?w=511 511w, https:\/\/i0.wp.com\/www.tvturk.com\/wp-content\/uploads\/2019\/03\/yerli-sermayeli-otelin-buyuk-basarisi_0380ca3.jpg?resize=150%2C100 150w, https:\/\/i0.wp.com\/www.tvturk.com\/wp-content\/uploads\/2019\/03\/yerli-sermayeli-otelin-buyuk-basarisi_0380ca3.jpg?resize=300%2C200 300w, https:\/\/i0.wp.com\/www.tvturk.com\/wp-content\/uploads\/2019\/03\/yerli-sermayeli-otelin-buyuk-basarisi_0380ca3.jpg?resize=170%2C113 170w, https:\/\/i0.wp.com\/www.tvturk.com\/wp-content\/uploads\/2019\/03\/yerli-sermayeli-otelin-buyuk-basarisi_0380ca3.jpg?resize=120%2C80 120w, https:\/\/i0.wp.com\/www.tvturk.com\/wp-content\/uploads\/2019\/03\/yerli-sermayeli-otelin-buyuk-basarisi_0380ca3.jpg?resize=80%2C55 80w\" width=\"245\" height=\"164\" loading=\"lazy\" data-original-width=\"245\" data-original-height=\"164\" itemprop=\"http:\/\/schema.org\/image\" title=\"Yerli sermayeli otelin b\u00fcy\u00fck ba\u015far\u0131s\u0131\" alt=\"Yerli sermayeli otelin b\u00fcy\u00fck ba\u015far\u0131s\u0131\" style=\"width: 245px; height: 164px;\" \/> <\/a> <\/div> <\/div> <!-- close group --> <\/div> <!-- close row --> <\/div><\/p>\n","protected":false},"excerpt":{"rendered":"<p>MARMAR\u0130S&#8217;TE FAAL\u0130YET G\u00d6STEREN VE YERL\u0130 SERMAYE \u0130LE KURULAN CASA DE MAR\u0130S OTEL, AVRUPA\u2019NIN EN PREST\u0130JL\u0130 \u00d6D\u00dcLLER\u0130NDEN B\u0130R\u0130 OLAN \u201cHOL\u0130DAYCHECK GOLD AWARD 2019\u201d SAH\u0130B\u0130 OLDU. OTEL T\u00dcRK\u0130YE\u2019DE YERL\u0130 SERMAYEL\u0130 \u00d6D\u00dcL ALAN TEK OTEL OLDU.<\/p>\n","protected":false},"author":1,"featured_media":117341,"comment_status":"closed","ping_status":"open","sticky":false,"template":"","format":"standard","meta":{"jetpack_post_was_ever_published":false,"_jetpack_newsletter_access":"","_jetpack_dont_email_post_to_subs":false,"_jetpack_newsletter_tier_id":0,"_jetpack_memberships_contains_paywalled_content":false,"_jetpack_memberships_contains_paid_content":false,"footnotes":"","jetpack_publicize_message":"","jetpack_publicize_feature_enabled":true,"jetpack_social_post_already_shared":true,"jetpack_social_options":{"image_generator_settings":{"template":"highway","default_image_id":0,"font":"","enabled":false},"version":2}},"categories":[19],"tags":[2902,545,25965,28532,2454],"class_list":["post-117340","post","type-post","status-publish","format-standard","has-post-thumbnail","hentry","category-ekonomi","tag-basarisi","tag-buyuk","tag-otelin","tag-sermayeli","tag-yerli"],"jetpack_publicize_connections":[],"jetpack_featured_media_url":"https:\/\/i0.wp.com\/www.tvturk.com\/wp-content\/uploads\/2019\/03\/yerli-sermayeli-otelin-buyuk-basarisi_cc914f9.jpg?fit=511%2C339","jetpack_sharing_enabled":true,"jetpack_shortlink":"https:\/\/wp.me\/paKIfm-uwA","_links":{"self":[{"href":"http:\/\/www.tvturk.com\/index.php\/wp-json\/wp\/v2\/posts\/117340","targetHints":{"allow":["GET"]}}],"collection":[{"href":"http:\/\/www.tvturk.com\/index.php\/wp-json\/wp\/v2\/posts"}],"about":[{"href":"http:\/\/www.tvturk.com\/index.php\/wp-json\/wp\/v2\/types\/post"}],"author":[{"embeddable":true,"href":"http:\/\/www.tvturk.com\/index.php\/wp-json\/wp\/v2\/users\/1"}],"replies":[{"embeddable":true,"href":"http:\/\/www.tvturk.com\/index.php\/wp-json\/wp\/v2\/comments?post=117340"}],"version-history":[{"count":1,"href":"http:\/\/www.tvturk.com\/index.php\/wp-json\/wp\/v2\/posts\/117340\/revisions"}],"predecessor-version":[{"id":117347,"href":"http:\/\/www.tvturk.com\/index.php\/wp-json\/wp\/v2\/posts\/117340\/revisions\/117347"}],"wp:featuredmedia":[{"embeddable":true,"href":"http:\/\/www.tvturk.com\/index.php\/wp-json\/wp\/v2\/media\/117341"}],"wp:attachment":[{"href":"http:\/\/www.tvturk.com\/index.php\/wp-json\/wp\/v2\/media?parent=117340"}],"wp:term":[{"taxonomy":"category","embeddable":true,"href":"http:\/\/www.tvturk.com\/index.php\/wp-json\/wp\/v2\/categories?post=117340"},{"taxonomy":"post_tag","embeddable":true,"href":"http:\/\/www.tvturk.com\/index.php\/wp-json\/wp\/v2\/tags?post=117340"}],"curies":[{"name":"wp","href":"https:\/\/api.w.org\/{rel}","templated":true}]}}