{"id":11787,"date":"2019-02-08T12:14:48","date_gmt":"2019-02-08T09:14:48","guid":{"rendered":"http:\/\/www.tvturk.com\/index.php\/marmarabirlikten-gubre-ve-ilac-destegi\/"},"modified":"2019-02-08T12:14:48","modified_gmt":"2019-02-08T09:14:48","slug":"marmarabirlikten-gubre-ve-ilac-destegi","status":"publish","type":"post","link":"http:\/\/www.tvturk.com\/index.php\/marmarabirlikten-gubre-ve-ilac-destegi\/","title":{"rendered":"Marmarabirlik\u2019ten g\u00fcbre ve il\u00e2\u00e7 deste\u011fi"},"content":{"rendered":"<p>Marmarabirlik, \u00fcreticilerine bu y\u0131l organik, organomineral, leonardit ve yava\u015f sal\u0131n\u0131ml\u0131 ak\u0131ll\u0131 g\u00fcbreler ile zira\u00ee ila\u00e7 da\u011f\u0131t\u0131m\u0131 yapacak. Birlik ortaklar\u0131na 58 milyon TL kredi limiti tahsis etti.<\/p>\n<p>Marmarabirlik, a\u011fa\u00e7 bak\u0131m\u0131 ve \u00fcretimin art\u0131r\u0131lmas\u0131na y\u00f6nelik ortaklar\u0131na destekte bulunacak. Marmarabirlik Ba\u015fkan\u0131 Hidamet Asa, \u201d2010 y\u0131l\u0131ndan bu yana \u00fcreticilerimize g\u00fcbre ve il\u00e2\u00e7 deste\u011fi devam etmektedir. Bir taraftan \u00fcr\u00fcn al\u0131m bedelleri \u00f6denirken, di\u011fer taraftan da ortaklar\u0131m\u0131za g\u00fcbre ve zirai ila\u00e7 deste\u011fi sa\u011flanacak. D\u00f6viz kurundaki dalgalanmadan kaynakl\u0131 fiyatlardaki de\u011fi\u015fkenlik nedeniyle, \u00fcreticilerimizin zarar g\u00f6rmemesi i\u00e7in bu y\u0131l klasik kompoze g\u00fcbre yerine; organik, organomineral, leonardit  ve yava\u015f sal\u0131n\u0131ml\u0131 ak\u0131ll\u0131 g\u00fcbreler ile zirai ila\u00e7 da\u011f\u0131t\u0131lacakt\u0131r. Bu kapsamda \u00f6n\u00fcm\u00fczdeki hasat d\u00f6neminde teslim edilecek \u00fcr\u00fcn bedellerinden kesilmek \u00fczere, Marmarabirlik ortaklar\u0131na 58 milyon TL kredi limiti tahsis etti\u201d dedi.<\/p>\n<p>Ba\u015fkan Asa, \u201dbelirlenen kredi limitleri ortaklar\u0131m\u0131z\u0131n kooperatiflerine 2016\/2017, 2017\/2018 ve 2018\/2019 zeytin al\u0131m kampanyas\u0131nda teslim ettikleri toplam zeytin miktar\u0131n\u0131n 1\/3\u2019\u00fc oran\u0131nda ve kilogram ba\u015f\u0131 1 TL olarak hesaplanacakt\u0131r. Son \u00fc\u00e7 y\u0131l\u0131n \u00fcr\u00fcn al\u0131m d\u00f6neminde rekolte bey\u00e2n\u0131n\u0131n y\u00fczde 50\u2019sini kooperatife teslim eden ortaklar\u0131m\u0131za ek olarak kredi tahsis edilecektir\u201d a\u00e7\u0131klamas\u0131nda bulundu.<\/p>\n<p>V\u00e2desi 31 Aral\u0131k 2019 tarihine olmak \u00fczere sabit fiyatla \u00fcreticilerimize verilecek g\u00fcbre deste\u011fi i\u00e7in faiz i\u015fletilmeyecektir\u201d diyen Hidamet Asa, \u201dBu karar\u0131 almam\u0131z\u0131n sebebi, faiz oranlar\u0131ndan  \u00fcreticilerimizin olumsuz etkilenmemesidir. Ayr\u0131ca ortaklar\u0131m\u0131z\u0131n en \u00f6nemli girdilerinden,  bordo bulamac\u0131, bak\u0131r s\u00fclfat (g\u00f6zta\u015f\u0131) ve insektisitler olmak \u00fczere zira\u00ee il\u00e2\u00e7 da\u011f\u0131t\u0131m\u0131 da yap\u0131lacakt\u0131r. Ortaklar\u0131m\u0131z, son dilim \u00fcr\u00fcn bedeli alacaklar\u0131na mahsuben g\u00fcbre ve zirai ila\u00e7 alabileceklerdir\u201d ifadelerini kulland\u0131.<\/p>\n<p>\u00dcreticilere seslenen Ba\u015fkan Asa, \u201dBirli\u011fe ba\u011fl\u0131 8 kooperatif ve binlerce orta\u011f\u0131m\u0131z ile zor bir \u00fcr\u00fcn al\u0131m d\u00f6nemini geride b\u0131rakt\u0131k. 2010 y\u0131l\u0131ndan bug\u00fcne \u00fcr\u00fcn bedellerinin \u00f6denmesinde, g\u00fcbre ve zira\u00ee ila\u00e7 da\u011f\u0131t\u0131m\u0131nda 1 TL kredi kullanmadan faaliyetlerimizi s\u00fcrd\u00fcrmekteyiz. Bug\u00fcne kadar \u00fcreticimizin \u00fcr\u00fcn\u00fcne de\u011fer katmaya \u00e7al\u0131\u015ft\u0131k, her zaman yan\u0131nda olduk, bundan sonra da \u00fcreticilerimizin yan\u0131nda olmaya devam edece\u011fiz\u201d diye konu\u015ftu.<\/p>\n","protected":false},"excerpt":{"rendered":"<p>MARMARAB\u0130RL\u0130K, \u00dcRET\u0130C\u0130LER\u0130NE  BU YIL  ORGAN\u0130K, ORGANOM\u0130NERAL, LEONARD\u0130T VE YAVA\u015e SALINIMLI AKILLI G\u00dcBRELER \u0130LE Z\u0130RA\u00ce \u0130LA\u00c7 DA\u011eITIMI YAPACAK<\/p>\n","protected":false},"author":1,"featured_media":11788,"comment_status":"closed","ping_status":"open","sticky":false,"template":"","format":"standard","meta":{"jetpack_post_was_ever_published":false,"_jetpack_newsletter_access":"","_jetpack_dont_email_post_to_subs":false,"_jetpack_newsletter_tier_id":0,"_jetpack_memberships_contains_paywalled_content":false,"_jetpack_memberships_contains_paid_content":false,"footnotes":"","jetpack_publicize_message":"","jetpack_publicize_feature_enabled":true,"jetpack_social_post_already_shared":false,"jetpack_social_options":{"image_generator_settings":{"template":"highway","default_image_id":0,"font":"","enabled":false},"version":2}},"categories":[19],"tags":[53,5287,3712,6044],"class_list":["post-11787","post","type-post","status-publish","format-standard","has-post-thumbnail","hentry","category-ekonomi","tag-destegi","tag-gubre","tag-ilac","tag-marmarabirlikten"],"jetpack_publicize_connections":[],"jetpack_featured_media_url":"https:\/\/i0.wp.com\/www.tvturk.com\/wp-content\/uploads\/2019\/02\/marmarabirlikten-gubre-ve-ilc-destegi_6ecf8ca.jpg?fit=1000%2C666","jetpack_sharing_enabled":true,"jetpack_shortlink":"https:\/\/wp.me\/paKIfm-347","_links":{"self":[{"href":"http:\/\/www.tvturk.com\/index.php\/wp-json\/wp\/v2\/posts\/11787","targetHints":{"allow":["GET"]}}],"collection":[{"href":"http:\/\/www.tvturk.com\/index.php\/wp-json\/wp\/v2\/posts"}],"about":[{"href":"http:\/\/www.tvturk.com\/index.php\/wp-json\/wp\/v2\/types\/post"}],"author":[{"embeddable":true,"href":"http:\/\/www.tvturk.com\/index.php\/wp-json\/wp\/v2\/users\/1"}],"replies":[{"embeddable":true,"href":"http:\/\/www.tvturk.com\/index.php\/wp-json\/wp\/v2\/comments?post=11787"}],"version-history":[{"count":0,"href":"http:\/\/www.tvturk.com\/index.php\/wp-json\/wp\/v2\/posts\/11787\/revisions"}],"wp:featuredmedia":[{"embeddable":true,"href":"http:\/\/www.tvturk.com\/index.php\/wp-json\/wp\/v2\/media\/11788"}],"wp:attachment":[{"href":"http:\/\/www.tvturk.com\/index.php\/wp-json\/wp\/v2\/media?parent=11787"}],"wp:term":[{"taxonomy":"category","embeddable":true,"href":"http:\/\/www.tvturk.com\/index.php\/wp-json\/wp\/v2\/categories?post=11787"},{"taxonomy":"post_tag","embeddable":true,"href":"http:\/\/www.tvturk.com\/index.php\/wp-json\/wp\/v2\/tags?post=11787"}],"curies":[{"name":"wp","href":"https:\/\/api.w.org\/{rel}","templated":true}]}}