{"id":117947,"date":"2019-03-29T16:03:03","date_gmt":"2019-03-29T13:03:03","guid":{"rendered":"http:\/\/www.tvturk.com\/index.php\/kizilirmak-projesinde-onemli-gelisme\/"},"modified":"2019-03-29T16:03:07","modified_gmt":"2019-03-29T13:03:07","slug":"kizilirmak-projesinde-onemli-gelisme","status":"publish","type":"post","link":"http:\/\/www.tvturk.com\/index.php\/kizilirmak-projesinde-onemli-gelisme\/","title":{"rendered":"K\u0131z\u0131l\u0131rmak projesinde \u00f6nemli geli\u015fme"},"content":{"rendered":"<p>Sivas Belediyesi taraf\u0131ndan projelendirilen 25 milyon euro bedelli, y\u00fczde 85\u2019i AB hibesi ile ger\u00e7ekle\u015ftirilecek olan K\u0131z\u0131l\u0131rmak Projesi\u2019nde sa\u011f ve sol sahil \u015feridi kolekt\u00f6r yap\u0131m i\u015fi m\u00fc\u015favirlik ihalesi ger\u00e7ekle\u015ftirildi.<\/p>\n<p>Sivas Belediyesinin, AB hibeli K\u0131z\u0131l\u0131rmak Projesi\u2019nin a\u015famalar\u0131ndan birisi olan kanalizasyon ana kolekt\u00f6r hatlar\u0131yla ilgili m\u00fc\u015favirlik ihalesi ger\u00e7ekle\u015ftirildi. Bu kapsamda 26 Nisan\u2019da ise AB D\u0131\u015f \u0130li\u015fkiler Genel M\u00fcd\u00fcrl\u00fc\u011f\u00fcnde projenin yap\u0131m ihalesi ger\u00e7ekle\u015ftirilecek.<\/p>\n<p>Sivas Belediye Ba\u015fkan\u0131 Sami Ayd\u0131n, projeyle K\u0131z\u0131l\u0131rmak\u2019\u0131n sa\u011f ve sol ana kolekt\u00f6r hatlar\u0131n\u0131n yap\u0131m\u0131na ba\u015flanaca\u011f\u0131n\u0131 belirterek, bu hatlar\u0131n yap\u0131lmas\u0131 ile birlikte Sivas\u2019\u0131n 100 y\u0131ll\u0131k alt yap\u0131 sorunun giderilmi\u015f olaca\u011f\u0131n\u0131 s\u00f6yledi.<\/p>\n<p>K\u0131z\u0131l\u0131rmak Projesi ile ilgili \u00f6nemli bir ad\u0131m at\u0131klar\u0131n\u0131 belirten Ayd\u0131n, &#8220;Sivas\u2019\u0131m\u0131z\u0131 \u00e7ok \u00f6nemli olan K\u0131z\u0131l\u0131rmak Projesi ile alakal\u0131 \u00f6nemli bir ad\u0131m\u0131 daha atm\u0131\u015f bulunuyoruz. Bildi\u011finiz gibi K\u0131z\u0131l\u0131rmak Sivas\u2019\u0131n i\u00e7inden ge\u00e7en \u00f6nemli bir potansiyel. Bu potansiyeli \u015fehrimizin k\u00fclt\u00fcr\u00fcne, potansiyeline kazand\u0131rmak ad\u0131na bir \u00e7al\u0131\u015fma ba\u015flatt\u0131k. Bu kapsamda yakla\u015f\u0131k 8 Milyon metre kare \u015fehrimize bir ye\u015fil doku kazand\u0131raca\u011f\u0131z. Avrupa Birli\u011fine bir proje sunmu\u015ftuk, bu kapsamda Avrupa Birli\u011fi \u0130PA 2 kapsam\u0131nda \u00c7evre ve \u015eehircilik Bakanl\u0131\u011f\u0131m\u0131z\u0131n Avrupa deste\u011fi do\u011frultusunda bu projemiz kabul edildi. Bu projenin amac\u0131 T\u00fcrkiye\u2019nin Avrupa Birli\u011fine kat\u0131l\u0131m\u0131na ivme kazand\u0131rmak ve Avrupa Birli\u011fine uygunluk \u00e7er\u00e7evesinde \u00e7evrenin korunmas\u0131nda iyi bir seviyeye ula\u015f\u0131lmas\u0131 hedeflenmektedir. Bu kapsamda \u00c7evre ve \u015eehircilik Bakanl\u0131\u011f\u0131 ile Avrupa Birli\u011fi destekleri ile ilimi K\u0131z\u0131l\u0131rmak sa\u011f ve sol sahil \u015feridi boyunca 30 kilometrelik at\u0131k su borusu d\u00f6\u015fenerek, at\u0131k su ar\u0131tma tesisimize ba\u011flanacakt\u0131r. B\u00f6ylelikle ilimizin 100 y\u0131ll\u0131k alt yap\u0131 sorunu bu proje ile giderilmi\u015f olacakt\u0131r. Bu g\u00fcn ki geldi\u011fi nokta ise Sivas K\u0131z\u0131l\u0131rmak sa\u011f ve sol sahil \u015feridi kolekt\u00f6r yap\u0131m i\u015fi m\u00fc\u015favirlik ihalesi 25 Mart 2019 tarihinde ger\u00e7ekle\u015fmi\u015ftir. 26 Nisan 2019 tarihinde Avrupa Birli\u011fi D\u0131\u015f \u0130li\u015fkiler Genel M\u00fcd\u00fcrl\u00fc\u011f\u00fcnde projemizin ihalesi ger\u00e7ekle\u015ftirilecektir. Bu kapsamda proje b\u00fct\u00e7esinin y\u00fczde 85\u2019i Avrupa Birli\u011fi hibe program\u0131ndan kar\u015f\u0131lanacak. Y\u00fczde 15\u2019i ise Belediyemiz taraf\u0131ndan kar\u015f\u0131lanacakt\u0131r. \u0130n\u015fallah alt yap\u0131 tamamland\u0131ktan sonra sizlerin merak etti\u011fi g\u00f6rsel \u00e7al\u0131\u015fmalar ba\u015flayacakt\u0131r\u201d dedi.<div class=\"tiled-gallery type-rectangular tiled-gallery-unresized\" data-original-width=\"500\" data-carousel-extra='null' itemscope itemtype=\"http:\/\/schema.org\/ImageGallery\" > <div class=\"gallery-row\" style=\"width: 500px; height: 289px;\" data-original-width=\"500\" data-original-height=\"289\" > <div class=\"gallery-group images-2\" style=\"width: 226px; height: 289px;\" data-original-width=\"226\" data-original-height=\"289\" > <div class=\"tiled-gallery-item tiled-gallery-item-small\" itemprop=\"associatedMedia\" itemscope itemtype=\"http:\/\/schema.org\/ImageObject\"> <a href=\"http:\/\/www.tvturk.com\/index.php\/kizilirmak-projesinde-onemli-gelisme\/kizilirmak-projesinde-onemli-gelisme-3\/\" border=\"0\" itemprop=\"url\"> <meta itemprop=\"width\" content=\"222\"> <meta itemprop=\"height\" content=\"124\"> <img decoding=\"async\" class=\"\" data-attachment-id=\"117949\" data-orig-file=\"http:\/\/www.tvturk.com\/wp-content\/uploads\/2019\/03\/kizilirmak-projesinde-onemli-gelisme_2bdd0b7.jpg\" data-orig-size=\"1000,561\" data-comments-opened=\"\" data-image-meta=\"{&quot;aperture&quot;:&quot;0&quot;,&quot;credit&quot;:&quot;IHA&quot;,&quot;camera&quot;:&quot;&quot;,&quot;caption&quot;:&quot;S\\u0130VAS BELED\\u0130YES\\u0130 TARAFINDAN YAPIMI GER\\u00c7EKLE\\u015eT\\u0130R\\u0130LECEK OLAN VE 25 M\\u0130LYON EURO\\u2019YA MAL OLACAK AVRUPA B\\u0130RL\\u0130\\u011e\\u0130 (AB) H\\u0130BEL\\u0130 KIZILIRMAK PROJES\\u0130 \\u0130\\u00c7\\u0130N HAREKETE GE\\u00c7\\u0130LD\\u0130. (VEYSEL KORKMAZ\\\/S\\u0130VAS-\\u0130HA)&quot;,&quot;created_timestamp&quot;:&quot;0&quot;,&quot;copyright&quot;:&quot;\\u0130HLAS HABER AJANSI, www.iha.com.tr&quot;,&quot;focal_length&quot;:&quot;0&quot;,&quot;iso&quot;:&quot;0&quot;,&quot;shutter_speed&quot;:&quot;0&quot;,&quot;title&quot;:&quot;KIZILIRMAK PROJES\\u0130NDE \\u00d6NEML\\u0130 GEL\\u0130\\u015eME S\\u0130VAS BELED\\u0130YES\\u0130NCE PROJELEND\\u0130R\\u0130LEN 25 M\\u0130LYON EURO BEDELL\\u0130, Y\\u00dcZDE 85\\u0027\\u0130 AB H\\u0130BES\\u0130 \\u0130LE GER\\u00c7EKLE\\u015eT\\u0130R\\u0130LECEK OLAN KIZILIRMAK PROJES\\u0130\\u0027NDE SA\\u011e VE SOL SAH\\u0130L \\u015eER\\u0130D\\u0130 KOLEKT\\u00d6R YAPIM \\u0130\\u015e\\u0130 M\\u00dc\\u015eAV\\u0130RL\\u0130K \\u0130HALES\\u0130 GER\\u00c7EKLE\\u015eT\\u0130R\\u0130LD\\u0130&quot;,&quot;orientation&quot;:&quot;0&quot;}\" data-image-title=\"K\u0131z\u0131l\u0131rmak projesinde \u00f6nemli geli\u015fme\" data-image-description=\"&lt;p&gt;K\u0131z\u0131l\u0131rmak projesinde \u00f6nemli geli\u015fme&lt;\/p&gt; \" data-medium-file=\"https:\/\/i0.wp.com\/www.tvturk.com\/wp-content\/uploads\/2019\/03\/kizilirmak-projesinde-onemli-gelisme_2bdd0b7.jpg?fit=300%2C168\" data-large-file=\"https:\/\/i0.wp.com\/www.tvturk.com\/wp-content\/uploads\/2019\/03\/kizilirmak-projesinde-onemli-gelisme_2bdd0b7.jpg?fit=1000%2C561\" src=\"https:\/\/i0.wp.com\/www.tvturk.com\/wp-content\/uploads\/2019\/03\/kizilirmak-projesinde-onemli-gelisme_2bdd0b7.jpg?w=222&#038;h=124\" srcset=\"https:\/\/i0.wp.com\/www.tvturk.com\/wp-content\/uploads\/2019\/03\/kizilirmak-projesinde-onemli-gelisme_2bdd0b7.jpg?w=1000 1000w, https:\/\/i0.wp.com\/www.tvturk.com\/wp-content\/uploads\/2019\/03\/kizilirmak-projesinde-onemli-gelisme_2bdd0b7.jpg?resize=150%2C84 150w, https:\/\/i0.wp.com\/www.tvturk.com\/wp-content\/uploads\/2019\/03\/kizilirmak-projesinde-onemli-gelisme_2bdd0b7.jpg?resize=300%2C168 300w, https:\/\/i0.wp.com\/www.tvturk.com\/wp-content\/uploads\/2019\/03\/kizilirmak-projesinde-onemli-gelisme_2bdd0b7.jpg?resize=768%2C431 768w, https:\/\/i0.wp.com\/www.tvturk.com\/wp-content\/uploads\/2019\/03\/kizilirmak-projesinde-onemli-gelisme_2bdd0b7.jpg?resize=200%2C113 200w\" width=\"222\" height=\"124\" loading=\"lazy\" data-original-width=\"222\" data-original-height=\"124\" itemprop=\"http:\/\/schema.org\/image\" title=\"K\u0131z\u0131l\u0131rmak projesinde \u00f6nemli geli\u015fme\" alt=\"K\u0131z\u0131l\u0131rmak projesinde \u00f6nemli geli\u015fme\" style=\"width: 222px; height: 124px;\" \/> <\/a> <\/div> <div class=\"tiled-gallery-item tiled-gallery-item-small\" itemprop=\"associatedMedia\" itemscope itemtype=\"http:\/\/schema.org\/ImageObject\"> <a href=\"http:\/\/www.tvturk.com\/index.php\/kizilirmak-projesinde-onemli-gelisme\/kizilirmak-projesinde-onemli-gelisme-4\/\" border=\"0\" itemprop=\"url\"> <meta itemprop=\"width\" content=\"222\"> <meta itemprop=\"height\" content=\"157\"> <img decoding=\"async\" class=\"\" data-attachment-id=\"117950\" data-orig-file=\"http:\/\/www.tvturk.com\/wp-content\/uploads\/2019\/03\/kizilirmak-projesinde-onemli-gelisme_e03ca11.jpg\" data-orig-size=\"1000,708\" data-comments-opened=\"\" data-image-meta=\"{&quot;aperture&quot;:&quot;0&quot;,&quot;credit&quot;:&quot;IHA&quot;,&quot;camera&quot;:&quot;&quot;,&quot;caption&quot;:&quot;S\\u0130VAS BELED\\u0130YES\\u0130 TARAFINDAN YAPIMI GER\\u00c7EKLE\\u015eT\\u0130R\\u0130LECEK OLAN VE 25 M\\u0130LYON EURO\\u2019YA MAL OLACAK AVRUPA B\\u0130RL\\u0130\\u011e\\u0130 (AB) H\\u0130BEL\\u0130 KIZILIRMAK PROJES\\u0130 \\u0130\\u00c7\\u0130N HAREKETE GE\\u00c7\\u0130LD\\u0130. (VEYSEL KORKMAZ\\\/S\\u0130VAS-\\u0130HA)&quot;,&quot;created_timestamp&quot;:&quot;0&quot;,&quot;copyright&quot;:&quot;\\u0130HLAS HABER AJANSI, www.iha.com.tr&quot;,&quot;focal_length&quot;:&quot;0&quot;,&quot;iso&quot;:&quot;0&quot;,&quot;shutter_speed&quot;:&quot;0&quot;,&quot;title&quot;:&quot;KIZILIRMAK PROJES\\u0130NDE \\u00d6NEML\\u0130 GEL\\u0130\\u015eME S\\u0130VAS BELED\\u0130YES\\u0130NCE PROJELEND\\u0130R\\u0130LEN 25 M\\u0130LYON EURO BEDELL\\u0130, Y\\u00dcZDE 85\\u0027\\u0130 AB H\\u0130BES\\u0130 \\u0130LE GER\\u00c7EKLE\\u015eT\\u0130R\\u0130LECEK OLAN KIZILIRMAK PROJES\\u0130\\u0027NDE SA\\u011e VE SOL SAH\\u0130L \\u015eER\\u0130D\\u0130 KOLEKT\\u00d6R YAPIM \\u0130\\u015e\\u0130 M\\u00dc\\u015eAV\\u0130RL\\u0130K \\u0130HALES\\u0130 GER\\u00c7EKLE\\u015eT\\u0130R\\u0130LD\\u0130&quot;,&quot;orientation&quot;:&quot;0&quot;}\" data-image-title=\"K\u0131z\u0131l\u0131rmak projesinde \u00f6nemli geli\u015fme\" data-image-description=\"&lt;p&gt;K\u0131z\u0131l\u0131rmak projesinde \u00f6nemli geli\u015fme&lt;\/p&gt; \" data-medium-file=\"https:\/\/i0.wp.com\/www.tvturk.com\/wp-content\/uploads\/2019\/03\/kizilirmak-projesinde-onemli-gelisme_e03ca11.jpg?fit=300%2C212\" data-large-file=\"https:\/\/i0.wp.com\/www.tvturk.com\/wp-content\/uploads\/2019\/03\/kizilirmak-projesinde-onemli-gelisme_e03ca11.jpg?fit=1000%2C708\" src=\"https:\/\/i0.wp.com\/www.tvturk.com\/wp-content\/uploads\/2019\/03\/kizilirmak-projesinde-onemli-gelisme_e03ca11.jpg?w=222&#038;h=157\" srcset=\"https:\/\/i0.wp.com\/www.tvturk.com\/wp-content\/uploads\/2019\/03\/kizilirmak-projesinde-onemli-gelisme_e03ca11.jpg?w=1000 1000w, https:\/\/i0.wp.com\/www.tvturk.com\/wp-content\/uploads\/2019\/03\/kizilirmak-projesinde-onemli-gelisme_e03ca11.jpg?resize=150%2C106 150w, https:\/\/i0.wp.com\/www.tvturk.com\/wp-content\/uploads\/2019\/03\/kizilirmak-projesinde-onemli-gelisme_e03ca11.jpg?resize=300%2C212 300w, https:\/\/i0.wp.com\/www.tvturk.com\/wp-content\/uploads\/2019\/03\/kizilirmak-projesinde-onemli-gelisme_e03ca11.jpg?resize=768%2C544 768w\" width=\"222\" height=\"157\" loading=\"lazy\" data-original-width=\"222\" data-original-height=\"157\" itemprop=\"http:\/\/schema.org\/image\" title=\"K\u0131z\u0131l\u0131rmak projesinde \u00f6nemli geli\u015fme\" alt=\"K\u0131z\u0131l\u0131rmak projesinde \u00f6nemli geli\u015fme\" style=\"width: 222px; height: 157px;\" \/> <\/a> <\/div> <\/div> <!-- close group --> <div class=\"gallery-group images-1\" style=\"width: 274px; height: 289px;\" data-original-width=\"274\" data-original-height=\"289\" > <div class=\"tiled-gallery-item tiled-gallery-item-large\" itemprop=\"associatedMedia\" itemscope itemtype=\"http:\/\/schema.org\/ImageObject\"> <a href=\"http:\/\/www.tvturk.com\/index.php\/kizilirmak-projesinde-onemli-gelisme\/kizilirmak-projesinde-onemli-gelisme-5\/\" border=\"0\" itemprop=\"url\"> <meta itemprop=\"width\" content=\"270\"> <meta itemprop=\"height\" content=\"285\"> <img decoding=\"async\" class=\"\" data-attachment-id=\"117951\" data-orig-file=\"http:\/\/www.tvturk.com\/wp-content\/uploads\/2019\/03\/kizilirmak-projesinde-onemli-gelisme_05e1aea.jpg\" data-orig-size=\"947,1000\" data-comments-opened=\"\" data-image-meta=\"{&quot;aperture&quot;:&quot;0&quot;,&quot;credit&quot;:&quot;IHA&quot;,&quot;camera&quot;:&quot;&quot;,&quot;caption&quot;:&quot;S\\u0130VAS BELED\\u0130YES\\u0130 TARAFINDAN YAPIMI GER\\u00c7EKLE\\u015eT\\u0130R\\u0130LECEK OLAN VE 25 M\\u0130LYON EURO\\u2019YA MAL OLACAK AVRUPA B\\u0130RL\\u0130\\u011e\\u0130 (AB) H\\u0130BEL\\u0130 KIZILIRMAK PROJES\\u0130 \\u0130\\u00c7\\u0130N HAREKETE GE\\u00c7\\u0130LD\\u0130. (VEYSEL KORKMAZ\\\/S\\u0130VAS-\\u0130HA)&quot;,&quot;created_timestamp&quot;:&quot;0&quot;,&quot;copyright&quot;:&quot;\\u0130HLAS HABER AJANSI, www.iha.com.tr&quot;,&quot;focal_length&quot;:&quot;0&quot;,&quot;iso&quot;:&quot;0&quot;,&quot;shutter_speed&quot;:&quot;0&quot;,&quot;title&quot;:&quot;KIZILIRMAK PROJES\\u0130NDE \\u00d6NEML\\u0130 GEL\\u0130\\u015eME S\\u0130VAS BELED\\u0130YES\\u0130NCE PROJELEND\\u0130R\\u0130LEN 25 M\\u0130LYON EURO BEDELL\\u0130, Y\\u00dcZDE 85\\u0027\\u0130 AB H\\u0130BES\\u0130 \\u0130LE GER\\u00c7EKLE\\u015eT\\u0130R\\u0130LECEK OLAN KIZILIRMAK PROJES\\u0130\\u0027NDE SA\\u011e VE SOL SAH\\u0130L \\u015eER\\u0130D\\u0130 KOLEKT\\u00d6R YAPIM \\u0130\\u015e\\u0130 M\\u00dc\\u015eAV\\u0130RL\\u0130K \\u0130HALES\\u0130 GER\\u00c7EKLE\\u015eT\\u0130R\\u0130LD\\u0130&quot;,&quot;orientation&quot;:&quot;0&quot;}\" data-image-title=\"K\u0131z\u0131l\u0131rmak projesinde \u00f6nemli geli\u015fme\" data-image-description=\"&lt;p&gt;K\u0131z\u0131l\u0131rmak projesinde \u00f6nemli geli\u015fme&lt;\/p&gt; \" data-medium-file=\"https:\/\/i0.wp.com\/www.tvturk.com\/wp-content\/uploads\/2019\/03\/kizilirmak-projesinde-onemli-gelisme_05e1aea.jpg?fit=284%2C300\" data-large-file=\"https:\/\/i0.wp.com\/www.tvturk.com\/wp-content\/uploads\/2019\/03\/kizilirmak-projesinde-onemli-gelisme_05e1aea.jpg?fit=947%2C1000\" src=\"https:\/\/i0.wp.com\/www.tvturk.com\/wp-content\/uploads\/2019\/03\/kizilirmak-projesinde-onemli-gelisme_05e1aea.jpg?w=270&#038;h=285\" srcset=\"https:\/\/i0.wp.com\/www.tvturk.com\/wp-content\/uploads\/2019\/03\/kizilirmak-projesinde-onemli-gelisme_05e1aea.jpg?w=947 947w, https:\/\/i0.wp.com\/www.tvturk.com\/wp-content\/uploads\/2019\/03\/kizilirmak-projesinde-onemli-gelisme_05e1aea.jpg?resize=142%2C150 142w, https:\/\/i0.wp.com\/www.tvturk.com\/wp-content\/uploads\/2019\/03\/kizilirmak-projesinde-onemli-gelisme_05e1aea.jpg?resize=284%2C300 284w, https:\/\/i0.wp.com\/www.tvturk.com\/wp-content\/uploads\/2019\/03\/kizilirmak-projesinde-onemli-gelisme_05e1aea.jpg?resize=768%2C811 768w\" width=\"270\" height=\"285\" loading=\"lazy\" data-original-width=\"270\" data-original-height=\"285\" itemprop=\"http:\/\/schema.org\/image\" title=\"K\u0131z\u0131l\u0131rmak projesinde \u00f6nemli geli\u015fme\" alt=\"K\u0131z\u0131l\u0131rmak projesinde \u00f6nemli geli\u015fme\" style=\"width: 270px; height: 285px;\" \/> <\/a> <\/div> <\/div> <!-- close group --> <\/div> <!-- close row --> <\/div><\/p>\n","protected":false},"excerpt":{"rendered":"<p>S\u0130VAS BELED\u0130YES\u0130 TARAFINDAN YAPIMI GER\u00c7EKLE\u015eT\u0130R\u0130LECEK OLAN VE 25 M\u0130LYON EURO\u2019YA MAL OLACAK AVRUPA B\u0130RL\u0130\u011e\u0130 (AB) H\u0130BEL\u0130 KIZILIRMAK PROJES\u0130 \u0130\u00c7\u0130N HAREKETE GE\u00c7\u0130LD\u0130.<\/p>\n","protected":false},"author":1,"featured_media":117948,"comment_status":"closed","ping_status":"open","sticky":false,"template":"","format":"standard","meta":{"jetpack_post_was_ever_published":false,"_jetpack_newsletter_access":"","_jetpack_dont_email_post_to_subs":false,"_jetpack_newsletter_tier_id":0,"_jetpack_memberships_contains_paywalled_content":false,"_jetpack_memberships_contains_paid_content":false,"footnotes":"","jetpack_publicize_message":"","jetpack_publicize_feature_enabled":true,"jetpack_social_post_already_shared":true,"jetpack_social_options":{"image_generator_settings":{"template":"highway","default_image_id":0,"font":"","enabled":false},"version":2}},"categories":[1],"tags":[5085,18564,332,2260],"class_list":["post-117947","post","type-post","status-publish","format-standard","has-post-thumbnail","hentry","category-genel","tag-gelisme","tag-kizilirmak","tag-onemli","tag-projesinde"],"jetpack_publicize_connections":[],"jetpack_featured_media_url":"https:\/\/i0.wp.com\/www.tvturk.com\/wp-content\/uploads\/2019\/03\/kizilirmak-projesinde-onemli-gelisme_77bad7a.jpg?fit=1000%2C666","jetpack_sharing_enabled":true,"jetpack_shortlink":"https:\/\/wp.me\/paKIfm-uGn","_links":{"self":[{"href":"http:\/\/www.tvturk.com\/index.php\/wp-json\/wp\/v2\/posts\/117947","targetHints":{"allow":["GET"]}}],"collection":[{"href":"http:\/\/www.tvturk.com\/index.php\/wp-json\/wp\/v2\/posts"}],"about":[{"href":"http:\/\/www.tvturk.com\/index.php\/wp-json\/wp\/v2\/types\/post"}],"author":[{"embeddable":true,"href":"http:\/\/www.tvturk.com\/index.php\/wp-json\/wp\/v2\/users\/1"}],"replies":[{"embeddable":true,"href":"http:\/\/www.tvturk.com\/index.php\/wp-json\/wp\/v2\/comments?post=117947"}],"version-history":[{"count":1,"href":"http:\/\/www.tvturk.com\/index.php\/wp-json\/wp\/v2\/posts\/117947\/revisions"}],"predecessor-version":[{"id":117952,"href":"http:\/\/www.tvturk.com\/index.php\/wp-json\/wp\/v2\/posts\/117947\/revisions\/117952"}],"wp:featuredmedia":[{"embeddable":true,"href":"http:\/\/www.tvturk.com\/index.php\/wp-json\/wp\/v2\/media\/117948"}],"wp:attachment":[{"href":"http:\/\/www.tvturk.com\/index.php\/wp-json\/wp\/v2\/media?parent=117947"}],"wp:term":[{"taxonomy":"category","embeddable":true,"href":"http:\/\/www.tvturk.com\/index.php\/wp-json\/wp\/v2\/categories?post=117947"},{"taxonomy":"post_tag","embeddable":true,"href":"http:\/\/www.tvturk.com\/index.php\/wp-json\/wp\/v2\/tags?post=117947"}],"curies":[{"name":"wp","href":"https:\/\/api.w.org\/{rel}","templated":true}]}}