{"id":117973,"date":"2019-03-29T16:14:04","date_gmt":"2019-03-29T13:14:04","guid":{"rendered":"http:\/\/www.tvturk.com\/index.php\/devrilen-traktorunun-altinda-kalarak-oldu\/"},"modified":"2019-03-29T16:14:10","modified_gmt":"2019-03-29T13:14:10","slug":"devrilen-traktorunun-altinda-kalarak-oldu","status":"publish","type":"post","link":"http:\/\/www.tvturk.com\/index.php\/devrilen-traktorunun-altinda-kalarak-oldu\/","title":{"rendered":"Devrilen trakt\u00f6r\u00fcn\u00fcn alt\u0131nda kalarak \u00f6ld\u00fc"},"content":{"rendered":"<p>Bal\u0131kesir\u2019in Ayval\u0131k il\u00e7esinde \u00e7ift s\u00fcrerken devrilen trakt\u00f6r\u00fcn alt\u0131nda kalan \u00e7ift\u00e7i hayat\u0131n\u0131 kaybetti.<\/p>\n<p>Saatlerinde Ayval\u0131k\u2019\u0131n Sahilkent Mahallesi s\u0131n\u0131rlar\u0131 i\u00e7erisinde bulunan Ku\u015fkent mevkiinde bir zeytinlik alanda kendisine ait trakt\u00f6r\u00fcyle \u00e7ift s\u00fcren Nuri \u00d6zibri\u015fim, yama\u00e7ta devrilen trakt\u00f6r\u00fcn alt\u0131nda kalarak hayat\u0131n\u0131 kaybetti.Olay\u0131 g\u00f6ren vatanda\u015flar\u0131n haber vermesiyle harekete ge\u00e7en Ayval\u0131k \u0130tfaiye Grup Amirli\u011fi, 112 Acil Yard\u0131m ekipleri olay yerine gittiklerinde, yan yatan trakt\u00f6r\u00fcn arka tekerinin alt\u0131nda kalan \u00d6zibri\u015fim\u2019in cans\u0131z bedenini \u00e7\u0131kard\u0131. Evli ve 1 \u00e7ocuk babas\u0131 oldu\u011fu \u00f6\u011frenilen 56 ya\u015f\u0131ndaki Nuri \u00d6zibri\u015fim\u2019in cenazesi savc\u0131n\u0131n incelemesinin ard\u0131ndan morga kald\u0131r\u0131ld\u0131. Kazayla alakal\u0131 tahkikat s\u00fcr\u00fcyor.<div class=\"tiled-gallery type-rectangular tiled-gallery-unresized\" data-original-width=\"500\" data-carousel-extra='null' itemscope itemtype=\"http:\/\/schema.org\/ImageGallery\" > <div class=\"gallery-row\" style=\"width: 500px; height: 251px;\" data-original-width=\"500\" data-original-height=\"251\" > <div class=\"gallery-group images-1\" style=\"width: 334px; height: 251px;\" data-original-width=\"334\" data-original-height=\"251\" > <div class=\"tiled-gallery-item tiled-gallery-item-large\" itemprop=\"associatedMedia\" itemscope itemtype=\"http:\/\/schema.org\/ImageObject\"> <a href=\"http:\/\/www.tvturk.com\/index.php\/devrilen-traktorunun-altinda-kalarak-oldu\/devrilen-traktorunun-altinda-kalarak-oldu-3\/\" border=\"0\" itemprop=\"url\"> <meta itemprop=\"width\" content=\"330\"> <meta itemprop=\"height\" content=\"247\"> <img decoding=\"async\" class=\"\" data-attachment-id=\"117975\" data-orig-file=\"http:\/\/www.tvturk.com\/wp-content\/uploads\/2019\/03\/devrilen-traktorunun-altinda-kalarak-oldu_90e8976.jpg\" data-orig-size=\"1000,750\" data-comments-opened=\"\" data-image-meta=\"{&quot;aperture&quot;:&quot;0&quot;,&quot;credit&quot;:&quot;IHA&quot;,&quot;camera&quot;:&quot;&quot;,&quot;caption&quot;:&quot;OLAY YER\\u0130 (SUAT SALGIN\\\/BALIKES\\u0130R-\\u0130HA)&quot;,&quot;created_timestamp&quot;:&quot;0&quot;,&quot;copyright&quot;:&quot;\\u0130HLAS HABER AJANSI, www.iha.com.tr&quot;,&quot;focal_length&quot;:&quot;0&quot;,&quot;iso&quot;:&quot;0&quot;,&quot;shutter_speed&quot;:&quot;0&quot;,&quot;title&quot;:&quot;DEVR\\u0130LEN TRAKT\\u00d6R\\u00dcN\\u00dcN ALTINDA KALARAK \\u00d6LD\\u00dc&quot;,&quot;orientation&quot;:&quot;0&quot;}\" data-image-title=\"Devrilen trakt\u00f6r\u00fcn\u00fcn alt\u0131nda kalarak \u00f6ld\u00fc\" data-image-description=\"&lt;p&gt;Devrilen trakt\u00f6r\u00fcn\u00fcn alt\u0131nda kalarak \u00f6ld\u00fc&lt;\/p&gt; \" data-medium-file=\"https:\/\/i0.wp.com\/www.tvturk.com\/wp-content\/uploads\/2019\/03\/devrilen-traktorunun-altinda-kalarak-oldu_90e8976.jpg?fit=300%2C225\" data-large-file=\"https:\/\/i0.wp.com\/www.tvturk.com\/wp-content\/uploads\/2019\/03\/devrilen-traktorunun-altinda-kalarak-oldu_90e8976.jpg?fit=1000%2C750\" src=\"https:\/\/i0.wp.com\/www.tvturk.com\/wp-content\/uploads\/2019\/03\/devrilen-traktorunun-altinda-kalarak-oldu_90e8976.jpg?w=330&#038;h=247\" srcset=\"https:\/\/i0.wp.com\/www.tvturk.com\/wp-content\/uploads\/2019\/03\/devrilen-traktorunun-altinda-kalarak-oldu_90e8976.jpg?w=1000 1000w, https:\/\/i0.wp.com\/www.tvturk.com\/wp-content\/uploads\/2019\/03\/devrilen-traktorunun-altinda-kalarak-oldu_90e8976.jpg?resize=150%2C113 150w, https:\/\/i0.wp.com\/www.tvturk.com\/wp-content\/uploads\/2019\/03\/devrilen-traktorunun-altinda-kalarak-oldu_90e8976.jpg?resize=300%2C225 300w, https:\/\/i0.wp.com\/www.tvturk.com\/wp-content\/uploads\/2019\/03\/devrilen-traktorunun-altinda-kalarak-oldu_90e8976.jpg?resize=768%2C576 768w\" width=\"330\" height=\"247\" loading=\"lazy\" data-original-width=\"330\" data-original-height=\"247\" itemprop=\"http:\/\/schema.org\/image\" title=\"Devrilen trakt\u00f6r\u00fcn\u00fcn alt\u0131nda kalarak \u00f6ld\u00fc\" alt=\"Devrilen trakt\u00f6r\u00fcn\u00fcn alt\u0131nda kalarak \u00f6ld\u00fc\" style=\"width: 330px; height: 247px;\" \/> <\/a> <\/div> <\/div> <!-- close group --> <div class=\"gallery-group images-2\" style=\"width: 166px; height: 251px;\" data-original-width=\"166\" data-original-height=\"251\" > <div class=\"tiled-gallery-item tiled-gallery-item-small\" itemprop=\"associatedMedia\" itemscope itemtype=\"http:\/\/schema.org\/ImageObject\"> <a href=\"http:\/\/www.tvturk.com\/index.php\/devrilen-traktorunun-altinda-kalarak-oldu\/devrilen-traktorunun-altinda-kalarak-oldu-4\/\" border=\"0\" itemprop=\"url\"> <meta itemprop=\"width\" content=\"162\"> <meta itemprop=\"height\" content=\"122\"> <img decoding=\"async\" class=\"\" data-attachment-id=\"117976\" data-orig-file=\"http:\/\/www.tvturk.com\/wp-content\/uploads\/2019\/03\/devrilen-traktorunun-altinda-kalarak-oldu_1bd66cc.jpg\" data-orig-size=\"1000,750\" data-comments-opened=\"\" data-image-meta=\"{&quot;aperture&quot;:&quot;0&quot;,&quot;credit&quot;:&quot;IHA&quot;,&quot;camera&quot;:&quot;&quot;,&quot;caption&quot;:&quot;OLAY YER\\u0130 (SUAT SALGIN\\\/BALIKES\\u0130R-\\u0130HA)&quot;,&quot;created_timestamp&quot;:&quot;0&quot;,&quot;copyright&quot;:&quot;\\u0130HLAS HABER AJANSI, www.iha.com.tr&quot;,&quot;focal_length&quot;:&quot;0&quot;,&quot;iso&quot;:&quot;0&quot;,&quot;shutter_speed&quot;:&quot;0&quot;,&quot;title&quot;:&quot;DEVR\\u0130LEN TRAKT\\u00d6R\\u00dcN\\u00dcN ALTINDA KALARAK \\u00d6LD\\u00dc&quot;,&quot;orientation&quot;:&quot;0&quot;}\" data-image-title=\"Devrilen trakt\u00f6r\u00fcn\u00fcn alt\u0131nda kalarak \u00f6ld\u00fc\" data-image-description=\"&lt;p&gt;Devrilen trakt\u00f6r\u00fcn\u00fcn alt\u0131nda kalarak \u00f6ld\u00fc&lt;\/p&gt; \" data-medium-file=\"https:\/\/i0.wp.com\/www.tvturk.com\/wp-content\/uploads\/2019\/03\/devrilen-traktorunun-altinda-kalarak-oldu_1bd66cc.jpg?fit=300%2C225\" data-large-file=\"https:\/\/i0.wp.com\/www.tvturk.com\/wp-content\/uploads\/2019\/03\/devrilen-traktorunun-altinda-kalarak-oldu_1bd66cc.jpg?fit=1000%2C750\" src=\"https:\/\/i0.wp.com\/www.tvturk.com\/wp-content\/uploads\/2019\/03\/devrilen-traktorunun-altinda-kalarak-oldu_1bd66cc.jpg?w=162&#038;h=122\" srcset=\"https:\/\/i0.wp.com\/www.tvturk.com\/wp-content\/uploads\/2019\/03\/devrilen-traktorunun-altinda-kalarak-oldu_1bd66cc.jpg?w=1000 1000w, https:\/\/i0.wp.com\/www.tvturk.com\/wp-content\/uploads\/2019\/03\/devrilen-traktorunun-altinda-kalarak-oldu_1bd66cc.jpg?resize=150%2C113 150w, https:\/\/i0.wp.com\/www.tvturk.com\/wp-content\/uploads\/2019\/03\/devrilen-traktorunun-altinda-kalarak-oldu_1bd66cc.jpg?resize=300%2C225 300w, https:\/\/i0.wp.com\/www.tvturk.com\/wp-content\/uploads\/2019\/03\/devrilen-traktorunun-altinda-kalarak-oldu_1bd66cc.jpg?resize=768%2C576 768w\" width=\"162\" height=\"122\" loading=\"lazy\" data-original-width=\"162\" data-original-height=\"122\" itemprop=\"http:\/\/schema.org\/image\" title=\"Devrilen trakt\u00f6r\u00fcn\u00fcn alt\u0131nda kalarak \u00f6ld\u00fc\" alt=\"Devrilen trakt\u00f6r\u00fcn\u00fcn alt\u0131nda kalarak \u00f6ld\u00fc\" style=\"width: 162px; height: 122px;\" \/> <\/a> <\/div> <div class=\"tiled-gallery-item tiled-gallery-item-small\" itemprop=\"associatedMedia\" itemscope itemtype=\"http:\/\/schema.org\/ImageObject\"> <a href=\"http:\/\/www.tvturk.com\/index.php\/devrilen-traktorunun-altinda-kalarak-oldu\/devrilen-traktorunun-altinda-kalarak-oldu-5\/\" border=\"0\" itemprop=\"url\"> <meta itemprop=\"width\" content=\"162\"> <meta itemprop=\"height\" content=\"121\"> <img decoding=\"async\" class=\"\" data-attachment-id=\"117977\" data-orig-file=\"http:\/\/www.tvturk.com\/wp-content\/uploads\/2019\/03\/devrilen-traktorunun-altinda-kalarak-oldu_8ccb37d.jpg\" data-orig-size=\"1000,750\" data-comments-opened=\"\" data-image-meta=\"{&quot;aperture&quot;:&quot;0&quot;,&quot;credit&quot;:&quot;IHA&quot;,&quot;camera&quot;:&quot;&quot;,&quot;caption&quot;:&quot;OLAY YER\\u0130 (SUAT SALGIN\\\/BALIKES\\u0130R-\\u0130HA)&quot;,&quot;created_timestamp&quot;:&quot;0&quot;,&quot;copyright&quot;:&quot;\\u0130HLAS HABER AJANSI, www.iha.com.tr&quot;,&quot;focal_length&quot;:&quot;0&quot;,&quot;iso&quot;:&quot;0&quot;,&quot;shutter_speed&quot;:&quot;0&quot;,&quot;title&quot;:&quot;DEVR\\u0130LEN TRAKT\\u00d6R\\u00dcN\\u00dcN ALTINDA KALARAK \\u00d6LD\\u00dc&quot;,&quot;orientation&quot;:&quot;0&quot;}\" data-image-title=\"Devrilen trakt\u00f6r\u00fcn\u00fcn alt\u0131nda kalarak \u00f6ld\u00fc\" data-image-description=\"&lt;p&gt;Devrilen trakt\u00f6r\u00fcn\u00fcn alt\u0131nda kalarak \u00f6ld\u00fc&lt;\/p&gt; \" data-medium-file=\"https:\/\/i0.wp.com\/www.tvturk.com\/wp-content\/uploads\/2019\/03\/devrilen-traktorunun-altinda-kalarak-oldu_8ccb37d.jpg?fit=300%2C225\" data-large-file=\"https:\/\/i0.wp.com\/www.tvturk.com\/wp-content\/uploads\/2019\/03\/devrilen-traktorunun-altinda-kalarak-oldu_8ccb37d.jpg?fit=1000%2C750\" src=\"https:\/\/i0.wp.com\/www.tvturk.com\/wp-content\/uploads\/2019\/03\/devrilen-traktorunun-altinda-kalarak-oldu_8ccb37d.jpg?w=162&#038;h=121\" srcset=\"https:\/\/i0.wp.com\/www.tvturk.com\/wp-content\/uploads\/2019\/03\/devrilen-traktorunun-altinda-kalarak-oldu_8ccb37d.jpg?w=1000 1000w, https:\/\/i0.wp.com\/www.tvturk.com\/wp-content\/uploads\/2019\/03\/devrilen-traktorunun-altinda-kalarak-oldu_8ccb37d.jpg?resize=150%2C113 150w, https:\/\/i0.wp.com\/www.tvturk.com\/wp-content\/uploads\/2019\/03\/devrilen-traktorunun-altinda-kalarak-oldu_8ccb37d.jpg?resize=300%2C225 300w, https:\/\/i0.wp.com\/www.tvturk.com\/wp-content\/uploads\/2019\/03\/devrilen-traktorunun-altinda-kalarak-oldu_8ccb37d.jpg?resize=768%2C576 768w\" width=\"162\" height=\"121\" loading=\"lazy\" data-original-width=\"162\" data-original-height=\"121\" itemprop=\"http:\/\/schema.org\/image\" title=\"Devrilen trakt\u00f6r\u00fcn\u00fcn alt\u0131nda kalarak \u00f6ld\u00fc\" alt=\"Devrilen trakt\u00f6r\u00fcn\u00fcn alt\u0131nda kalarak \u00f6ld\u00fc\" style=\"width: 162px; height: 121px;\" \/> <\/a> <\/div> <\/div> <!-- close group --> <\/div> <!-- close row --> <div class=\"gallery-row\" style=\"width: 500px; height: 334px;\" data-original-width=\"500\" data-original-height=\"334\" > <div class=\"gallery-group images-2\" style=\"width: 249px; height: 334px;\" data-original-width=\"249\" data-original-height=\"334\" > <div class=\"tiled-gallery-item tiled-gallery-item-small\" itemprop=\"associatedMedia\" itemscope itemtype=\"http:\/\/schema.org\/ImageObject\"> <a href=\"http:\/\/www.tvturk.com\/index.php\/devrilen-traktorunun-altinda-kalarak-oldu\/devrilen-traktorunun-altinda-kalarak-oldu-6\/\" border=\"0\" itemprop=\"url\"> <meta itemprop=\"width\" content=\"245\"> <meta itemprop=\"height\" content=\"163\"> <img decoding=\"async\" class=\"\" data-attachment-id=\"117978\" data-orig-file=\"http:\/\/www.tvturk.com\/wp-content\/uploads\/2019\/03\/devrilen-traktorunun-altinda-kalarak-oldu_0e59856.jpg\" data-orig-size=\"1000,666\" data-comments-opened=\"\" data-image-meta=\"{&quot;aperture&quot;:&quot;0&quot;,&quot;credit&quot;:&quot;IHA&quot;,&quot;camera&quot;:&quot;&quot;,&quot;caption&quot;:&quot;OLAY YER\\u0130 (SUAT SALGIN\\\/BALIKES\\u0130R-\\u0130HA)&quot;,&quot;created_timestamp&quot;:&quot;0&quot;,&quot;copyright&quot;:&quot;\\u0130HLAS HABER AJANSI, www.iha.com.tr&quot;,&quot;focal_length&quot;:&quot;0&quot;,&quot;iso&quot;:&quot;0&quot;,&quot;shutter_speed&quot;:&quot;0&quot;,&quot;title&quot;:&quot;DEVR\\u0130LEN TRAKT\\u00d6R\\u00dcN\\u00dcN ALTINDA KALARAK \\u00d6LD\\u00dc&quot;,&quot;orientation&quot;:&quot;0&quot;}\" data-image-title=\"Devrilen trakt\u00f6r\u00fcn\u00fcn alt\u0131nda kalarak \u00f6ld\u00fc\" data-image-description=\"&lt;p&gt;Devrilen trakt\u00f6r\u00fcn\u00fcn alt\u0131nda kalarak \u00f6ld\u00fc&lt;\/p&gt; \" data-medium-file=\"https:\/\/i0.wp.com\/www.tvturk.com\/wp-content\/uploads\/2019\/03\/devrilen-traktorunun-altinda-kalarak-oldu_0e59856.jpg?fit=300%2C200\" data-large-file=\"https:\/\/i0.wp.com\/www.tvturk.com\/wp-content\/uploads\/2019\/03\/devrilen-traktorunun-altinda-kalarak-oldu_0e59856.jpg?fit=1000%2C666\" src=\"https:\/\/i0.wp.com\/www.tvturk.com\/wp-content\/uploads\/2019\/03\/devrilen-traktorunun-altinda-kalarak-oldu_0e59856.jpg?w=245&#038;h=163\" srcset=\"https:\/\/i0.wp.com\/www.tvturk.com\/wp-content\/uploads\/2019\/03\/devrilen-traktorunun-altinda-kalarak-oldu_0e59856.jpg?w=1000 1000w, https:\/\/i0.wp.com\/www.tvturk.com\/wp-content\/uploads\/2019\/03\/devrilen-traktorunun-altinda-kalarak-oldu_0e59856.jpg?resize=150%2C100 150w, https:\/\/i0.wp.com\/www.tvturk.com\/wp-content\/uploads\/2019\/03\/devrilen-traktorunun-altinda-kalarak-oldu_0e59856.jpg?resize=300%2C200 300w, https:\/\/i0.wp.com\/www.tvturk.com\/wp-content\/uploads\/2019\/03\/devrilen-traktorunun-altinda-kalarak-oldu_0e59856.jpg?resize=768%2C511 768w, https:\/\/i0.wp.com\/www.tvturk.com\/wp-content\/uploads\/2019\/03\/devrilen-traktorunun-altinda-kalarak-oldu_0e59856.jpg?resize=170%2C113 170w, https:\/\/i0.wp.com\/www.tvturk.com\/wp-content\/uploads\/2019\/03\/devrilen-traktorunun-altinda-kalarak-oldu_0e59856.jpg?resize=120%2C80 120w\" width=\"245\" height=\"163\" loading=\"lazy\" data-original-width=\"245\" data-original-height=\"163\" itemprop=\"http:\/\/schema.org\/image\" title=\"Devrilen trakt\u00f6r\u00fcn\u00fcn alt\u0131nda kalarak \u00f6ld\u00fc\" alt=\"Devrilen trakt\u00f6r\u00fcn\u00fcn alt\u0131nda kalarak \u00f6ld\u00fc\" style=\"width: 245px; height: 163px;\" \/> <\/a> <\/div> <div class=\"tiled-gallery-item tiled-gallery-item-small\" itemprop=\"associatedMedia\" itemscope itemtype=\"http:\/\/schema.org\/ImageObject\"> <a href=\"http:\/\/www.tvturk.com\/index.php\/devrilen-traktorunun-altinda-kalarak-oldu\/devrilen-traktorunun-altinda-kalarak-oldu-7\/\" border=\"0\" itemprop=\"url\"> <meta itemprop=\"width\" content=\"245\"> <meta itemprop=\"height\" content=\"163\"> <img decoding=\"async\" class=\"\" data-attachment-id=\"117979\" data-orig-file=\"http:\/\/www.tvturk.com\/wp-content\/uploads\/2019\/03\/devrilen-traktorunun-altinda-kalarak-oldu_ce5ac66.jpg\" data-orig-size=\"1000,666\" data-comments-opened=\"\" data-image-meta=\"{&quot;aperture&quot;:&quot;0&quot;,&quot;credit&quot;:&quot;IHA&quot;,&quot;camera&quot;:&quot;&quot;,&quot;caption&quot;:&quot;OLAY YER\\u0130 (SUAT SALGIN\\\/BALIKES\\u0130R-\\u0130HA)&quot;,&quot;created_timestamp&quot;:&quot;0&quot;,&quot;copyright&quot;:&quot;\\u0130HLAS HABER AJANSI, www.iha.com.tr&quot;,&quot;focal_length&quot;:&quot;0&quot;,&quot;iso&quot;:&quot;0&quot;,&quot;shutter_speed&quot;:&quot;0&quot;,&quot;title&quot;:&quot;DEVR\\u0130LEN TRAKT\\u00d6R\\u00dcN\\u00dcN ALTINDA KALARAK \\u00d6LD\\u00dc&quot;,&quot;orientation&quot;:&quot;0&quot;}\" data-image-title=\"Devrilen trakt\u00f6r\u00fcn\u00fcn alt\u0131nda kalarak \u00f6ld\u00fc\" data-image-description=\"&lt;p&gt;Devrilen trakt\u00f6r\u00fcn\u00fcn alt\u0131nda kalarak \u00f6ld\u00fc&lt;\/p&gt; \" data-medium-file=\"https:\/\/i0.wp.com\/www.tvturk.com\/wp-content\/uploads\/2019\/03\/devrilen-traktorunun-altinda-kalarak-oldu_ce5ac66.jpg?fit=300%2C200\" data-large-file=\"https:\/\/i0.wp.com\/www.tvturk.com\/wp-content\/uploads\/2019\/03\/devrilen-traktorunun-altinda-kalarak-oldu_ce5ac66.jpg?fit=1000%2C666\" src=\"https:\/\/i0.wp.com\/www.tvturk.com\/wp-content\/uploads\/2019\/03\/devrilen-traktorunun-altinda-kalarak-oldu_ce5ac66.jpg?w=245&#038;h=163\" srcset=\"https:\/\/i0.wp.com\/www.tvturk.com\/wp-content\/uploads\/2019\/03\/devrilen-traktorunun-altinda-kalarak-oldu_ce5ac66.jpg?w=1000 1000w, https:\/\/i0.wp.com\/www.tvturk.com\/wp-content\/uploads\/2019\/03\/devrilen-traktorunun-altinda-kalarak-oldu_ce5ac66.jpg?resize=150%2C100 150w, https:\/\/i0.wp.com\/www.tvturk.com\/wp-content\/uploads\/2019\/03\/devrilen-traktorunun-altinda-kalarak-oldu_ce5ac66.jpg?resize=300%2C200 300w, https:\/\/i0.wp.com\/www.tvturk.com\/wp-content\/uploads\/2019\/03\/devrilen-traktorunun-altinda-kalarak-oldu_ce5ac66.jpg?resize=768%2C511 768w, https:\/\/i0.wp.com\/www.tvturk.com\/wp-content\/uploads\/2019\/03\/devrilen-traktorunun-altinda-kalarak-oldu_ce5ac66.jpg?resize=170%2C113 170w, https:\/\/i0.wp.com\/www.tvturk.com\/wp-content\/uploads\/2019\/03\/devrilen-traktorunun-altinda-kalarak-oldu_ce5ac66.jpg?resize=120%2C80 120w\" width=\"245\" height=\"163\" loading=\"lazy\" data-original-width=\"245\" data-original-height=\"163\" itemprop=\"http:\/\/schema.org\/image\" title=\"Devrilen trakt\u00f6r\u00fcn\u00fcn alt\u0131nda kalarak \u00f6ld\u00fc\" alt=\"Devrilen trakt\u00f6r\u00fcn\u00fcn alt\u0131nda kalarak \u00f6ld\u00fc\" style=\"width: 245px; height: 163px;\" \/> <\/a> <\/div> <\/div> <!-- close group --> <div class=\"gallery-group images-1\" style=\"width: 251px; height: 334px;\" data-original-width=\"251\" data-original-height=\"334\" > <div class=\"tiled-gallery-item tiled-gallery-item-small\" itemprop=\"associatedMedia\" itemscope itemtype=\"http:\/\/schema.org\/ImageObject\"> <a href=\"http:\/\/www.tvturk.com\/index.php\/devrilen-traktorunun-altinda-kalarak-oldu\/devrilen-traktorunun-altinda-kalarak-oldu-8\/\" border=\"0\" itemprop=\"url\"> <meta itemprop=\"width\" content=\"247\"> <meta itemprop=\"height\" content=\"330\"> <img decoding=\"async\" class=\"\" data-attachment-id=\"117980\" data-orig-file=\"http:\/\/www.tvturk.com\/wp-content\/uploads\/2019\/03\/devrilen-traktorunun-altinda-kalarak-oldu_f8b51c7.jpg\" data-orig-size=\"750,1000\" data-comments-opened=\"\" data-image-meta=\"{&quot;aperture&quot;:&quot;0&quot;,&quot;credit&quot;:&quot;IHA&quot;,&quot;camera&quot;:&quot;&quot;,&quot;caption&quot;:&quot;OLAY YER\\u0130 (SUAT SALGIN\\\/BALIKES\\u0130R-\\u0130HA)&quot;,&quot;created_timestamp&quot;:&quot;0&quot;,&quot;copyright&quot;:&quot;\\u0130HLAS HABER AJANSI, www.iha.com.tr&quot;,&quot;focal_length&quot;:&quot;0&quot;,&quot;iso&quot;:&quot;0&quot;,&quot;shutter_speed&quot;:&quot;0&quot;,&quot;title&quot;:&quot;DEVR\\u0130LEN TRAKT\\u00d6R\\u00dcN\\u00dcN ALTINDA KALARAK \\u00d6LD\\u00dc&quot;,&quot;orientation&quot;:&quot;0&quot;}\" data-image-title=\"Devrilen trakt\u00f6r\u00fcn\u00fcn alt\u0131nda kalarak \u00f6ld\u00fc\" data-image-description=\"&lt;p&gt;Devrilen trakt\u00f6r\u00fcn\u00fcn alt\u0131nda kalarak \u00f6ld\u00fc&lt;\/p&gt; \" data-medium-file=\"https:\/\/i0.wp.com\/www.tvturk.com\/wp-content\/uploads\/2019\/03\/devrilen-traktorunun-altinda-kalarak-oldu_f8b51c7.jpg?fit=225%2C300\" data-large-file=\"https:\/\/i0.wp.com\/www.tvturk.com\/wp-content\/uploads\/2019\/03\/devrilen-traktorunun-altinda-kalarak-oldu_f8b51c7.jpg?fit=750%2C1000\" src=\"https:\/\/i0.wp.com\/www.tvturk.com\/wp-content\/uploads\/2019\/03\/devrilen-traktorunun-altinda-kalarak-oldu_f8b51c7.jpg?w=247&#038;h=330\" srcset=\"https:\/\/i0.wp.com\/www.tvturk.com\/wp-content\/uploads\/2019\/03\/devrilen-traktorunun-altinda-kalarak-oldu_f8b51c7.jpg?w=750 750w, https:\/\/i0.wp.com\/www.tvturk.com\/wp-content\/uploads\/2019\/03\/devrilen-traktorunun-altinda-kalarak-oldu_f8b51c7.jpg?resize=113%2C150 113w, https:\/\/i0.wp.com\/www.tvturk.com\/wp-content\/uploads\/2019\/03\/devrilen-traktorunun-altinda-kalarak-oldu_f8b51c7.jpg?resize=225%2C300 225w\" width=\"247\" height=\"330\" loading=\"lazy\" data-original-width=\"247\" data-original-height=\"330\" itemprop=\"http:\/\/schema.org\/image\" title=\"Devrilen trakt\u00f6r\u00fcn\u00fcn alt\u0131nda kalarak \u00f6ld\u00fc\" alt=\"Devrilen trakt\u00f6r\u00fcn\u00fcn alt\u0131nda kalarak \u00f6ld\u00fc\" style=\"width: 247px; height: 330px;\" \/> <\/a> <\/div> <\/div> <!-- close group --> <\/div> <!-- close row --> <\/div><\/p>\n","protected":false},"excerpt":{"rendered":"<p>TABUT CENAZE ARACINA G\u0130RERKEN<\/p>\n","protected":false},"author":1,"featured_media":117974,"comment_status":"closed","ping_status":"open","sticky":false,"template":"","format":"standard","meta":{"jetpack_post_was_ever_published":false,"_jetpack_newsletter_access":"","_jetpack_dont_email_post_to_subs":false,"_jetpack_newsletter_tier_id":0,"_jetpack_memberships_contains_paywalled_content":false,"_jetpack_memberships_contains_paid_content":false,"footnotes":"","jetpack_publicize_message":"","jetpack_publicize_feature_enabled":true,"jetpack_social_post_already_shared":true,"jetpack_social_options":{"image_generator_settings":{"template":"highway","default_image_id":0,"font":"","enabled":false},"version":2}},"categories":[1],"tags":[3114,10345,21711,77,28650],"class_list":["post-117973","post","type-post","status-publish","format-standard","has-post-thumbnail","hentry","category-genel","tag-altinda","tag-devrilen","tag-kalarak","tag-oldu","tag-traktorunun"],"jetpack_publicize_connections":[],"jetpack_featured_media_url":"https:\/\/i0.wp.com\/www.tvturk.com\/wp-content\/uploads\/2019\/03\/devrilen-traktorunun-altinda-kalarak-oldu_2b27a7a.jpg?fit=1000%2C666","jetpack_sharing_enabled":true,"jetpack_shortlink":"https:\/\/wp.me\/paKIfm-uGN","_links":{"self":[{"href":"http:\/\/www.tvturk.com\/index.php\/wp-json\/wp\/v2\/posts\/117973","targetHints":{"allow":["GET"]}}],"collection":[{"href":"http:\/\/www.tvturk.com\/index.php\/wp-json\/wp\/v2\/posts"}],"about":[{"href":"http:\/\/www.tvturk.com\/index.php\/wp-json\/wp\/v2\/types\/post"}],"author":[{"embeddable":true,"href":"http:\/\/www.tvturk.com\/index.php\/wp-json\/wp\/v2\/users\/1"}],"replies":[{"embeddable":true,"href":"http:\/\/www.tvturk.com\/index.php\/wp-json\/wp\/v2\/comments?post=117973"}],"version-history":[{"count":1,"href":"http:\/\/www.tvturk.com\/index.php\/wp-json\/wp\/v2\/posts\/117973\/revisions"}],"predecessor-version":[{"id":117981,"href":"http:\/\/www.tvturk.com\/index.php\/wp-json\/wp\/v2\/posts\/117973\/revisions\/117981"}],"wp:featuredmedia":[{"embeddable":true,"href":"http:\/\/www.tvturk.com\/index.php\/wp-json\/wp\/v2\/media\/117974"}],"wp:attachment":[{"href":"http:\/\/www.tvturk.com\/index.php\/wp-json\/wp\/v2\/media?parent=117973"}],"wp:term":[{"taxonomy":"category","embeddable":true,"href":"http:\/\/www.tvturk.com\/index.php\/wp-json\/wp\/v2\/categories?post=117973"},{"taxonomy":"post_tag","embeddable":true,"href":"http:\/\/www.tvturk.com\/index.php\/wp-json\/wp\/v2\/tags?post=117973"}],"curies":[{"name":"wp","href":"https:\/\/api.w.org\/{rel}","templated":true}]}}