{"id":118295,"date":"2019-03-29T20:48:20","date_gmt":"2019-03-29T17:48:20","guid":{"rendered":"http:\/\/www.tvturk.com\/index.php\/serdar-ortac-evlilik-dunyanin-en-guzel-seyi\/"},"modified":"2019-03-29T20:48:23","modified_gmt":"2019-03-29T17:48:23","slug":"serdar-ortac-evlilik-dunyanin-en-guzel-seyi","status":"publish","type":"post","link":"http:\/\/www.tvturk.com\/index.php\/serdar-ortac-evlilik-dunyanin-en-guzel-seyi\/","title":{"rendered":"Serdar Orta\u00e7: \u201cEvlilik d\u00fcnyan\u0131n en g\u00fczel \u015feyi\u201d"},"content":{"rendered":"<p>Marmaris\u2019te sahne alan \u00fcnl\u00fc \u015fark\u0131c\u0131 Serdar Orta\u00e7, hayranlar\u0131na parma\u011f\u0131ndaki y\u00fcz\u00fc\u011f\u00fc g\u00f6stererek, \u201cEvlilik d\u00fcnyan\u0131n en g\u00fczel \u015feyi\u201d dedi.<\/p>\n<p>\u00dcnl\u00fc \u015fark\u0131c\u0131 Serdar Orta\u00e7, AK Parti Marmaris Belediye Ba\u015fkan Aday\u0131 Serkan Yaz\u0131c\u0131\u2019n\u0131n d\u00fczenledi\u011fi mitingin ard\u0131ndan sahne ald\u0131. Orta\u00e7 yakla\u015f\u0131k bir saat sahnede kald\u0131. Sahnede Orta\u00e7\u2019a iki dans\u00e7\u0131 e\u015flik etti. Ne\u015feli oldu\u011fu g\u00f6zlenen orta\u00e7 hayranlar\u0131yla uzun s\u00fcre sohbet etti. Parma\u011f\u0131ndaki evlilik y\u00fcz\u00fc\u011f\u00fcn\u00fc g\u00f6sterip evlili\u011fin d\u00fcnyan\u0131n en g\u00fczel \u015feyi oldu\u011funu belirten Orta\u00e7, \u201c\u00c7ok merak ediyorum, ka\u00e7 ki\u015fi evli aram\u0131zda? \u0130yi halt ettin abi, aferin \u00e7ok iyi yapt\u0131n. \u015eaka bir yana arkada\u015flar evlilik d\u00fcnyan\u0131n en g\u00fczel \u015feyi. O y\u00fczden bundan sonra kimseye sevgilim, can\u0131m, bir tanem demek yok. Sadece e\u015finize o kadar, kimse ba\u015fkas\u0131na can\u0131m, cicim, bal\u0131m demesin\u201d dedi.<\/p>\n<p>Seyirciyle sohbetinde annesinin bir s\u00f6z\u00fcn\u00fc payla\u015fan Orta\u00e7, \u201cMaalesef abla bende sar\u0131\u015f\u0131n bir han\u0131mla evlendim.  Annemin bir laf\u0131 T\u00fcrkiye\u2019nin en g\u00fczel kad\u0131nlar\u0131 hep esmer olur, sar\u0131\u015f\u0131nlarla i\u015fin olmas\u0131n diyor. Ben demiyorum, annem diyor\u201d ifadelerini kulland\u0131.<div class=\"tiled-gallery type-rectangular tiled-gallery-unresized\" data-original-width=\"500\" data-carousel-extra='null' itemscope itemtype=\"http:\/\/schema.org\/ImageGallery\" > <div class=\"gallery-row\" style=\"width: 500px; height: 226px;\" data-original-width=\"500\" data-original-height=\"226\" > <div class=\"gallery-group images-1\" style=\"width: 337px; height: 226px;\" data-original-width=\"337\" data-original-height=\"226\" > <div class=\"tiled-gallery-item tiled-gallery-item-large\" itemprop=\"associatedMedia\" itemscope itemtype=\"http:\/\/schema.org\/ImageObject\"> <a href=\"http:\/\/www.tvturk.com\/index.php\/serdar-ortac-evlilik-dunyanin-en-guzel-seyi\/serdar-ortac-evlilik-dunyanin-en-guzel-seyi-3\/\" border=\"0\" itemprop=\"url\"> <meta itemprop=\"width\" content=\"333\"> <meta itemprop=\"height\" content=\"222\"> <img decoding=\"async\" class=\"\" data-attachment-id=\"118297\" data-orig-file=\"http:\/\/www.tvturk.com\/wp-content\/uploads\/2019\/03\/serdar-ortac-evlilik-dunyanin-en-guzel-seyi_6b956a6.jpg\" data-orig-size=\"1000,666\" data-comments-opened=\"\" data-image-meta=\"{&quot;aperture&quot;:&quot;0&quot;,&quot;credit&quot;:&quot;IHA&quot;,&quot;camera&quot;:&quot;&quot;,&quot;caption&quot;:&quot;\\u00dcNL\\u00dc \\u015eARKICI SERDAR ORTA\\u00c7, AK PART\\u0130 MARMAR\\u0130S BELED\\u0130YE BA\\u015eKAN ADAYI SERKAN YAZICI\\u2019NIN D\\u00dcZENLED\\u0130\\u011e\\u0130 M\\u0130T\\u0130NG\\u0130N ARDINDAN SAHNE ALDI. (RAMAZAN TERKOS\\\/MU\\u011eLA-\\u0130HA)&quot;,&quot;created_timestamp&quot;:&quot;0&quot;,&quot;copyright&quot;:&quot;\\u0130HLAS HABER AJANSI, www.iha.com.tr&quot;,&quot;focal_length&quot;:&quot;0&quot;,&quot;iso&quot;:&quot;0&quot;,&quot;shutter_speed&quot;:&quot;0&quot;,&quot;title&quot;:&quot;SERDAR ORTA\\u00c7: \\u201cEVL\\u0130L\\u0130K D\\u00dcNYANIN EN G\\u00dcZEL \\u015eEY\\u0130\\u201d \\u201cANNEM\\u0130N B\\u0130R LAFI T\\u00dcRK\\u0130YE\\u2019N\\u0130N EN G\\u00dcZEL KADINLARI HEP ESMER OLUR, SARI\\u015eINLARLA \\u0130\\u015e\\u0130N OLMASIN D\\u0130YOR\\u201d&quot;,&quot;orientation&quot;:&quot;0&quot;}\" data-image-title=\"Serdar Orta\u00e7: \u201cEvlilik d\u00fcnyan\u0131n en g\u00fczel \u015feyi\u201d\" data-image-description=\"&lt;p&gt;Serdar Orta\u00e7: \u201cEvlilik d\u00fcnyan\u0131n en g\u00fczel \u015feyi\u201d&lt;\/p&gt; \" data-medium-file=\"https:\/\/i0.wp.com\/www.tvturk.com\/wp-content\/uploads\/2019\/03\/serdar-ortac-evlilik-dunyanin-en-guzel-seyi_6b956a6.jpg?fit=300%2C200\" data-large-file=\"https:\/\/i0.wp.com\/www.tvturk.com\/wp-content\/uploads\/2019\/03\/serdar-ortac-evlilik-dunyanin-en-guzel-seyi_6b956a6.jpg?fit=1000%2C666\" src=\"https:\/\/i0.wp.com\/www.tvturk.com\/wp-content\/uploads\/2019\/03\/serdar-ortac-evlilik-dunyanin-en-guzel-seyi_6b956a6.jpg?w=333&#038;h=222\" srcset=\"https:\/\/i0.wp.com\/www.tvturk.com\/wp-content\/uploads\/2019\/03\/serdar-ortac-evlilik-dunyanin-en-guzel-seyi_6b956a6.jpg?w=1000 1000w, https:\/\/i0.wp.com\/www.tvturk.com\/wp-content\/uploads\/2019\/03\/serdar-ortac-evlilik-dunyanin-en-guzel-seyi_6b956a6.jpg?resize=150%2C100 150w, https:\/\/i0.wp.com\/www.tvturk.com\/wp-content\/uploads\/2019\/03\/serdar-ortac-evlilik-dunyanin-en-guzel-seyi_6b956a6.jpg?resize=300%2C200 300w, https:\/\/i0.wp.com\/www.tvturk.com\/wp-content\/uploads\/2019\/03\/serdar-ortac-evlilik-dunyanin-en-guzel-seyi_6b956a6.jpg?resize=768%2C511 768w, https:\/\/i0.wp.com\/www.tvturk.com\/wp-content\/uploads\/2019\/03\/serdar-ortac-evlilik-dunyanin-en-guzel-seyi_6b956a6.jpg?resize=170%2C113 170w, https:\/\/i0.wp.com\/www.tvturk.com\/wp-content\/uploads\/2019\/03\/serdar-ortac-evlilik-dunyanin-en-guzel-seyi_6b956a6.jpg?resize=120%2C80 120w\" width=\"333\" height=\"222\" loading=\"lazy\" data-original-width=\"333\" data-original-height=\"222\" itemprop=\"http:\/\/schema.org\/image\" title=\"Serdar Orta\u00e7: \u201cEvlilik d\u00fcnyan\u0131n en g\u00fczel \u015feyi\u201d\" alt=\"Serdar Orta\u00e7: \u201cEvlilik d\u00fcnyan\u0131n en g\u00fczel \u015feyi\u201d\" style=\"width: 333px; height: 222px;\" \/> <\/a> <\/div> <\/div> <!-- close group --> <div class=\"gallery-group images-2\" style=\"width: 163px; height: 226px;\" data-original-width=\"163\" data-original-height=\"226\" > <div class=\"tiled-gallery-item tiled-gallery-item-small\" itemprop=\"associatedMedia\" itemscope itemtype=\"http:\/\/schema.org\/ImageObject\"> <a href=\"http:\/\/www.tvturk.com\/index.php\/serdar-ortac-evlilik-dunyanin-en-guzel-seyi\/serdar-ortac-evlilik-dunyanin-en-guzel-seyi-4\/\" border=\"0\" itemprop=\"url\"> <meta itemprop=\"width\" content=\"159\"> <meta itemprop=\"height\" content=\"106\"> <img decoding=\"async\" class=\"\" data-attachment-id=\"118298\" data-orig-file=\"http:\/\/www.tvturk.com\/wp-content\/uploads\/2019\/03\/serdar-ortac-evlilik-dunyanin-en-guzel-seyi_e9a587b.jpg\" data-orig-size=\"1000,666\" data-comments-opened=\"\" data-image-meta=\"{&quot;aperture&quot;:&quot;0&quot;,&quot;credit&quot;:&quot;IHA&quot;,&quot;camera&quot;:&quot;&quot;,&quot;caption&quot;:&quot;\\u00dcNL\\u00dc \\u015eARKICI SERDAR ORTA\\u00c7, AK PART\\u0130 MARMAR\\u0130S BELED\\u0130YE BA\\u015eKAN ADAYI SERKAN YAZICI\\u2019NIN D\\u00dcZENLED\\u0130\\u011e\\u0130 M\\u0130T\\u0130NG\\u0130N ARDINDAN SAHNE ALDI. (RAMAZAN TERKOS\\\/MU\\u011eLA-\\u0130HA)&quot;,&quot;created_timestamp&quot;:&quot;0&quot;,&quot;copyright&quot;:&quot;\\u0130HLAS HABER AJANSI, www.iha.com.tr&quot;,&quot;focal_length&quot;:&quot;0&quot;,&quot;iso&quot;:&quot;0&quot;,&quot;shutter_speed&quot;:&quot;0&quot;,&quot;title&quot;:&quot;SERDAR ORTA\\u00c7: \\u201cEVL\\u0130L\\u0130K D\\u00dcNYANIN EN G\\u00dcZEL \\u015eEY\\u0130\\u201d \\u201cANNEM\\u0130N B\\u0130R LAFI T\\u00dcRK\\u0130YE\\u2019N\\u0130N EN G\\u00dcZEL KADINLARI HEP ESMER OLUR, SARI\\u015eINLARLA \\u0130\\u015e\\u0130N OLMASIN D\\u0130YOR\\u201d&quot;,&quot;orientation&quot;:&quot;0&quot;}\" data-image-title=\"Serdar Orta\u00e7: \u201cEvlilik d\u00fcnyan\u0131n en g\u00fczel \u015feyi\u201d\" data-image-description=\"&lt;p&gt;Serdar Orta\u00e7: \u201cEvlilik d\u00fcnyan\u0131n en g\u00fczel \u015feyi\u201d&lt;\/p&gt; \" data-medium-file=\"https:\/\/i0.wp.com\/www.tvturk.com\/wp-content\/uploads\/2019\/03\/serdar-ortac-evlilik-dunyanin-en-guzel-seyi_e9a587b.jpg?fit=300%2C200\" data-large-file=\"https:\/\/i0.wp.com\/www.tvturk.com\/wp-content\/uploads\/2019\/03\/serdar-ortac-evlilik-dunyanin-en-guzel-seyi_e9a587b.jpg?fit=1000%2C666\" src=\"https:\/\/i0.wp.com\/www.tvturk.com\/wp-content\/uploads\/2019\/03\/serdar-ortac-evlilik-dunyanin-en-guzel-seyi_e9a587b.jpg?w=159&#038;h=106\" srcset=\"https:\/\/i0.wp.com\/www.tvturk.com\/wp-content\/uploads\/2019\/03\/serdar-ortac-evlilik-dunyanin-en-guzel-seyi_e9a587b.jpg?w=1000 1000w, https:\/\/i0.wp.com\/www.tvturk.com\/wp-content\/uploads\/2019\/03\/serdar-ortac-evlilik-dunyanin-en-guzel-seyi_e9a587b.jpg?resize=150%2C100 150w, https:\/\/i0.wp.com\/www.tvturk.com\/wp-content\/uploads\/2019\/03\/serdar-ortac-evlilik-dunyanin-en-guzel-seyi_e9a587b.jpg?resize=300%2C200 300w, https:\/\/i0.wp.com\/www.tvturk.com\/wp-content\/uploads\/2019\/03\/serdar-ortac-evlilik-dunyanin-en-guzel-seyi_e9a587b.jpg?resize=768%2C511 768w, https:\/\/i0.wp.com\/www.tvturk.com\/wp-content\/uploads\/2019\/03\/serdar-ortac-evlilik-dunyanin-en-guzel-seyi_e9a587b.jpg?resize=170%2C113 170w, https:\/\/i0.wp.com\/www.tvturk.com\/wp-content\/uploads\/2019\/03\/serdar-ortac-evlilik-dunyanin-en-guzel-seyi_e9a587b.jpg?resize=120%2C80 120w\" width=\"159\" height=\"106\" loading=\"lazy\" data-original-width=\"159\" data-original-height=\"106\" itemprop=\"http:\/\/schema.org\/image\" title=\"Serdar Orta\u00e7: \u201cEvlilik d\u00fcnyan\u0131n en g\u00fczel \u015feyi\u201d\" alt=\"Serdar Orta\u00e7: \u201cEvlilik d\u00fcnyan\u0131n en g\u00fczel \u015feyi\u201d\" style=\"width: 159px; height: 106px;\" \/> <\/a> <\/div> <div class=\"tiled-gallery-item tiled-gallery-item-small\" itemprop=\"associatedMedia\" itemscope itemtype=\"http:\/\/schema.org\/ImageObject\"> <a href=\"http:\/\/www.tvturk.com\/index.php\/serdar-ortac-evlilik-dunyanin-en-guzel-seyi\/serdar-ortac-evlilik-dunyanin-en-guzel-seyi-5\/\" border=\"0\" itemprop=\"url\"> <meta itemprop=\"width\" content=\"159\"> <meta itemprop=\"height\" content=\"112\"> <img decoding=\"async\" class=\"\" data-attachment-id=\"118299\" data-orig-file=\"http:\/\/www.tvturk.com\/wp-content\/uploads\/2019\/03\/serdar-ortac-evlilik-dunyanin-en-guzel-seyi_9896622.jpg\" data-orig-size=\"1000,707\" data-comments-opened=\"\" data-image-meta=\"{&quot;aperture&quot;:&quot;0&quot;,&quot;credit&quot;:&quot;IHA&quot;,&quot;camera&quot;:&quot;&quot;,&quot;caption&quot;:&quot;\\u00dcNL\\u00dc \\u015eARKICI SERDAR ORTA\\u00c7, AK PART\\u0130 MARMAR\\u0130S BELED\\u0130YE BA\\u015eKAN ADAYI SERKAN YAZICI\\u2019NIN D\\u00dcZENLED\\u0130\\u011e\\u0130 M\\u0130T\\u0130NG\\u0130N ARDINDAN SAHNE ALDI. (RAMAZAN TERKOS\\\/MU\\u011eLA-\\u0130HA)&quot;,&quot;created_timestamp&quot;:&quot;0&quot;,&quot;copyright&quot;:&quot;\\u0130HLAS HABER AJANSI, www.iha.com.tr&quot;,&quot;focal_length&quot;:&quot;0&quot;,&quot;iso&quot;:&quot;0&quot;,&quot;shutter_speed&quot;:&quot;0&quot;,&quot;title&quot;:&quot;SERDAR ORTA\\u00c7: \\u201cEVL\\u0130L\\u0130K D\\u00dcNYANIN EN G\\u00dcZEL \\u015eEY\\u0130\\u201d \\u201cANNEM\\u0130N B\\u0130R LAFI T\\u00dcRK\\u0130YE\\u2019N\\u0130N EN G\\u00dcZEL KADINLARI HEP ESMER OLUR, SARI\\u015eINLARLA \\u0130\\u015e\\u0130N OLMASIN D\\u0130YOR\\u201d&quot;,&quot;orientation&quot;:&quot;0&quot;}\" data-image-title=\"Serdar Orta\u00e7: \u201cEvlilik d\u00fcnyan\u0131n en g\u00fczel \u015feyi\u201d\" data-image-description=\"&lt;p&gt;Serdar Orta\u00e7: \u201cEvlilik d\u00fcnyan\u0131n en g\u00fczel \u015feyi\u201d&lt;\/p&gt; \" data-medium-file=\"https:\/\/i0.wp.com\/www.tvturk.com\/wp-content\/uploads\/2019\/03\/serdar-ortac-evlilik-dunyanin-en-guzel-seyi_9896622.jpg?fit=300%2C212\" data-large-file=\"https:\/\/i0.wp.com\/www.tvturk.com\/wp-content\/uploads\/2019\/03\/serdar-ortac-evlilik-dunyanin-en-guzel-seyi_9896622.jpg?fit=1000%2C707\" src=\"https:\/\/i0.wp.com\/www.tvturk.com\/wp-content\/uploads\/2019\/03\/serdar-ortac-evlilik-dunyanin-en-guzel-seyi_9896622.jpg?w=159&#038;h=112\" srcset=\"https:\/\/i0.wp.com\/www.tvturk.com\/wp-content\/uploads\/2019\/03\/serdar-ortac-evlilik-dunyanin-en-guzel-seyi_9896622.jpg?w=1000 1000w, https:\/\/i0.wp.com\/www.tvturk.com\/wp-content\/uploads\/2019\/03\/serdar-ortac-evlilik-dunyanin-en-guzel-seyi_9896622.jpg?resize=150%2C106 150w, https:\/\/i0.wp.com\/www.tvturk.com\/wp-content\/uploads\/2019\/03\/serdar-ortac-evlilik-dunyanin-en-guzel-seyi_9896622.jpg?resize=300%2C212 300w, https:\/\/i0.wp.com\/www.tvturk.com\/wp-content\/uploads\/2019\/03\/serdar-ortac-evlilik-dunyanin-en-guzel-seyi_9896622.jpg?resize=768%2C543 768w, https:\/\/i0.wp.com\/www.tvturk.com\/wp-content\/uploads\/2019\/03\/serdar-ortac-evlilik-dunyanin-en-guzel-seyi_9896622.jpg?resize=80%2C55 80w\" width=\"159\" height=\"112\" loading=\"lazy\" data-original-width=\"159\" data-original-height=\"112\" itemprop=\"http:\/\/schema.org\/image\" title=\"Serdar Orta\u00e7: \u201cEvlilik d\u00fcnyan\u0131n en g\u00fczel \u015feyi\u201d\" alt=\"Serdar Orta\u00e7: \u201cEvlilik d\u00fcnyan\u0131n en g\u00fczel \u015feyi\u201d\" style=\"width: 159px; height: 112px;\" \/> <\/a> <\/div> <\/div> <!-- close group --> <\/div> <!-- close row --> <\/div><\/p>\n","protected":false},"excerpt":{"rendered":"<p>\u00dcNL\u00dc \u015eARKICI SERDAR ORTA\u00c7, AK PART\u0130 MARMAR\u0130S BELED\u0130YE BA\u015eKAN ADAYI SERKAN YAZICI\u2019NIN D\u00dcZENLED\u0130\u011e\u0130 M\u0130T\u0130NG\u0130N ARDINDAN SAHNE ALDI.<\/p>\n","protected":false},"author":1,"featured_media":118296,"comment_status":"closed","ping_status":"open","sticky":false,"template":"","format":"standard","meta":{"jetpack_post_was_ever_published":false,"_jetpack_newsletter_access":"","_jetpack_dont_email_post_to_subs":false,"_jetpack_newsletter_tier_id":0,"_jetpack_memberships_contains_paywalled_content":false,"_jetpack_memberships_contains_paid_content":false,"footnotes":"","jetpack_publicize_message":"","jetpack_publicize_feature_enabled":true,"jetpack_social_post_already_shared":true,"jetpack_social_options":{"image_generator_settings":{"template":"highway","default_image_id":0,"font":"","enabled":false},"version":2}},"categories":[1],"tags":[1197,1854,1019,28719,4935,5587],"class_list":["post-118295","post","type-post","status-publish","format-standard","has-post-thumbnail","hentry","category-genel","tag-dunyanin","tag-evlilik","tag-guzel","tag-ortac","tag-serdar","tag-seyi"],"jetpack_publicize_connections":[],"jetpack_featured_media_url":"https:\/\/i0.wp.com\/www.tvturk.com\/wp-content\/uploads\/2019\/03\/serdar-ortac-evlilik-dunyanin-en-guzel-seyi_2a0880a.jpg?fit=1000%2C657","jetpack_sharing_enabled":true,"jetpack_shortlink":"https:\/\/wp.me\/paKIfm-uLZ","_links":{"self":[{"href":"http:\/\/www.tvturk.com\/index.php\/wp-json\/wp\/v2\/posts\/118295","targetHints":{"allow":["GET"]}}],"collection":[{"href":"http:\/\/www.tvturk.com\/index.php\/wp-json\/wp\/v2\/posts"}],"about":[{"href":"http:\/\/www.tvturk.com\/index.php\/wp-json\/wp\/v2\/types\/post"}],"author":[{"embeddable":true,"href":"http:\/\/www.tvturk.com\/index.php\/wp-json\/wp\/v2\/users\/1"}],"replies":[{"embeddable":true,"href":"http:\/\/www.tvturk.com\/index.php\/wp-json\/wp\/v2\/comments?post=118295"}],"version-history":[{"count":1,"href":"http:\/\/www.tvturk.com\/index.php\/wp-json\/wp\/v2\/posts\/118295\/revisions"}],"predecessor-version":[{"id":118300,"href":"http:\/\/www.tvturk.com\/index.php\/wp-json\/wp\/v2\/posts\/118295\/revisions\/118300"}],"wp:featuredmedia":[{"embeddable":true,"href":"http:\/\/www.tvturk.com\/index.php\/wp-json\/wp\/v2\/media\/118296"}],"wp:attachment":[{"href":"http:\/\/www.tvturk.com\/index.php\/wp-json\/wp\/v2\/media?parent=118295"}],"wp:term":[{"taxonomy":"category","embeddable":true,"href":"http:\/\/www.tvturk.com\/index.php\/wp-json\/wp\/v2\/categories?post=118295"},{"taxonomy":"post_tag","embeddable":true,"href":"http:\/\/www.tvturk.com\/index.php\/wp-json\/wp\/v2\/tags?post=118295"}],"curies":[{"name":"wp","href":"https:\/\/api.w.org\/{rel}","templated":true}]}}