{"id":118343,"date":"2019-03-29T23:38:51","date_gmt":"2019-03-29T20:38:51","guid":{"rendered":"http:\/\/www.tvturk.com\/index.php\/cezayirde-en-buyuk-buteflika-karsiti-eylem\/"},"modified":"2019-03-29T23:38:55","modified_gmt":"2019-03-29T20:38:55","slug":"cezayirde-en-buyuk-buteflika-karsiti-eylem","status":"publish","type":"post","link":"http:\/\/www.tvturk.com\/index.php\/cezayirde-en-buyuk-buteflika-karsiti-eylem\/","title":{"rendered":"Cezayir\u2019de en b\u00fcy\u00fck Buteflika kar\u015f\u0131t\u0131 eylem"},"content":{"rendered":"<p>Cezayir\u2019in ba\u015fkenti Cezayir\u2019de yakla\u015f\u0131k 1 milyon ki\u015fi Devlet Ba\u015fkan\u0131 Abdelaziz Buteflika\u2019n\u0131n istifas\u0131n\u0131 talep ederek sokaklara d\u00f6k\u00fcld\u00fc. G\u00f6steri bug\u00fcne kadar d\u00fczenlenen en b\u00fcy\u00fck Buteflika kar\u015f\u0131t\u0131 eylem oldu.<\/p>\n<p>Cezayir\u2019de Devlet Ba\u015fkan\u0131 Abd\u00fclaziz Buteflika\u2019n\u0131n istifas\u0131n\u0131 talep eden protestolar\u0131n alt\u0131nc\u0131 haftas\u0131nda eylemci say\u0131s\u0131 1 milyonu ge\u00e7ti\u011fi a\u00e7\u0131kland\u0131. Protestolar\u0131n ba\u015flad\u0131\u011f\u0131 \u015eubat ay\u0131ndan bu yana devlet televizyonlar\u0131n\u0131n ilk defa protestolar\u0131 canl\u0131 yay\u0131nlad\u0131. G\u00f6stericiler, 82 ya\u015f\u0131ndaki Buteflika\u2019n\u0131n sa\u011fl\u0131k durumunun \u00fclkeyi y\u00f6netmek i\u00e7in elveri\u015fli olmad\u0131\u011f\u0131n\u0131 ileri s\u00fcrerek istifa etmesini talep etti. Genel olarak \u015fiddetsiz ge\u00e7en eylemlerde polisin, k\u00fc\u00e7\u00fck bir gruba biber gaz\u0131 ve plastik mermilerle m\u00fcdahale etti\u011fi g\u00f6zlendi.<\/p>\n<p>Cezayir Genelkurmay Ba\u015fkan\u0131 Ahmed Gaid Salih\u2019in ge\u00e7ti\u011fimiz g\u00fcnlerde Buteflika\u2019n\u0131n sa\u011fl\u0131k durumunun elveri\u015fli olmad\u0131\u011f\u0131n\u0131 ve g\u00f6revden al\u0131nmas\u0131 i\u00e7in anayasal s\u00fcrecin ba\u015flat\u0131lmas\u0131 \u00e7a\u011fr\u0131s\u0131nda bulunmu\u015ftu.<div class=\"tiled-gallery type-rectangular tiled-gallery-unresized\" data-original-width=\"500\" data-carousel-extra='null' itemscope itemtype=\"http:\/\/schema.org\/ImageGallery\" > <div class=\"gallery-row\" style=\"width: 500px; height: 224px;\" data-original-width=\"500\" data-original-height=\"224\" > <div class=\"gallery-group images-1\" style=\"width: 334px; height: 224px;\" data-original-width=\"334\" data-original-height=\"224\" > <div class=\"tiled-gallery-item tiled-gallery-item-large\" itemprop=\"associatedMedia\" itemscope itemtype=\"http:\/\/schema.org\/ImageObject\"> <a href=\"http:\/\/www.tvturk.com\/index.php\/cezayirde-en-buyuk-buteflika-karsiti-eylem\/cezayirde-en-buyuk-buteflika-karsiti-eylem-3\/\" border=\"0\" itemprop=\"url\"> <meta itemprop=\"width\" content=\"330\"> <meta itemprop=\"height\" content=\"220\"> <img decoding=\"async\" class=\"\" data-attachment-id=\"118345\" data-orig-file=\"http:\/\/www.tvturk.com\/wp-content\/uploads\/2019\/03\/cezayirde-en-buyuk-buteflika-karsiti-eylem_705ae6d.jpg\" data-orig-size=\"1000,666\" data-comments-opened=\"\" data-image-meta=\"{&quot;aperture&quot;:&quot;0&quot;,&quot;credit&quot;:&quot;IHA&quot;,&quot;camera&quot;:&quot;&quot;,&quot;caption&quot;:&quot;CEZAY\\u0130R\\u2019\\u0130N BA\\u015eKENT\\u0130 CEZAY\\u0130R\\u2019DE YAKLA\\u015eIK 1 M\\u0130LYON K\\u0130\\u015e\\u0130 DEVLET BA\\u015eKANI ABDELAZ\\u0130Z BUTEFL\\u0130KA\\u0027NIN \\u0130ST\\u0130FASINI TALEP EDEREK SOKAKLARA D\\u00d6K\\u00dcLD\\u00dc. G\\u00d6STER\\u0130 BUG\\u00dcNE KADAR D\\u00dcZENLENEN EN B\\u00dcY\\u00dcK BUTEFL\\u0130KA KAR\\u015eITI EYLEM OLDU. (EPA\\\/CEZAY\\u0130R-EPA)&quot;,&quot;created_timestamp&quot;:&quot;0&quot;,&quot;copyright&quot;:&quot;\\u0130HLAS HABER AJANSI, www.iha.com.tr&quot;,&quot;focal_length&quot;:&quot;0&quot;,&quot;iso&quot;:&quot;0&quot;,&quot;shutter_speed&quot;:&quot;0&quot;,&quot;title&quot;:&quot;CEZAY\\u0130R\\u2019DE EN B\\u00dcY\\u00dcK BUTEFL\\u0130KA KAR\\u015eITI EYLEM&quot;,&quot;orientation&quot;:&quot;0&quot;}\" data-image-title=\"Cezayir\u2019de en b\u00fcy\u00fck Buteflika kar\u015f\u0131t\u0131 eylem\" data-image-description=\"&lt;p&gt;Cezayir\u2019de en b\u00fcy\u00fck Buteflika kar\u015f\u0131t\u0131 eylem&lt;\/p&gt; \" data-medium-file=\"https:\/\/i0.wp.com\/www.tvturk.com\/wp-content\/uploads\/2019\/03\/cezayirde-en-buyuk-buteflika-karsiti-eylem_705ae6d.jpg?fit=300%2C200\" data-large-file=\"https:\/\/i0.wp.com\/www.tvturk.com\/wp-content\/uploads\/2019\/03\/cezayirde-en-buyuk-buteflika-karsiti-eylem_705ae6d.jpg?fit=1000%2C666\" src=\"https:\/\/i0.wp.com\/www.tvturk.com\/wp-content\/uploads\/2019\/03\/cezayirde-en-buyuk-buteflika-karsiti-eylem_705ae6d.jpg?w=330&#038;h=220\" srcset=\"https:\/\/i0.wp.com\/www.tvturk.com\/wp-content\/uploads\/2019\/03\/cezayirde-en-buyuk-buteflika-karsiti-eylem_705ae6d.jpg?w=1000 1000w, https:\/\/i0.wp.com\/www.tvturk.com\/wp-content\/uploads\/2019\/03\/cezayirde-en-buyuk-buteflika-karsiti-eylem_705ae6d.jpg?resize=150%2C100 150w, https:\/\/i0.wp.com\/www.tvturk.com\/wp-content\/uploads\/2019\/03\/cezayirde-en-buyuk-buteflika-karsiti-eylem_705ae6d.jpg?resize=300%2C200 300w, https:\/\/i0.wp.com\/www.tvturk.com\/wp-content\/uploads\/2019\/03\/cezayirde-en-buyuk-buteflika-karsiti-eylem_705ae6d.jpg?resize=768%2C511 768w, https:\/\/i0.wp.com\/www.tvturk.com\/wp-content\/uploads\/2019\/03\/cezayirde-en-buyuk-buteflika-karsiti-eylem_705ae6d.jpg?resize=170%2C113 170w, https:\/\/i0.wp.com\/www.tvturk.com\/wp-content\/uploads\/2019\/03\/cezayirde-en-buyuk-buteflika-karsiti-eylem_705ae6d.jpg?resize=120%2C80 120w\" width=\"330\" height=\"220\" loading=\"lazy\" data-original-width=\"330\" data-original-height=\"220\" itemprop=\"http:\/\/schema.org\/image\" title=\"Cezayir\u2019de en b\u00fcy\u00fck Buteflika kar\u015f\u0131t\u0131 eylem\" alt=\"Cezayir\u2019de en b\u00fcy\u00fck Buteflika kar\u015f\u0131t\u0131 eylem\" style=\"width: 330px; height: 220px;\" \/> <\/a> <\/div> <\/div> <!-- close group --> <div class=\"gallery-group images-2\" style=\"width: 166px; height: 224px;\" data-original-width=\"166\" data-original-height=\"224\" > <div class=\"tiled-gallery-item tiled-gallery-item-small\" itemprop=\"associatedMedia\" itemscope itemtype=\"http:\/\/schema.org\/ImageObject\"> <a href=\"http:\/\/www.tvturk.com\/index.php\/cezayirde-en-buyuk-buteflika-karsiti-eylem\/cezayirde-en-buyuk-buteflika-karsiti-eylem-4\/\" border=\"0\" itemprop=\"url\"> <meta itemprop=\"width\" content=\"162\"> <meta itemprop=\"height\" content=\"108\"> <img decoding=\"async\" class=\"\" data-attachment-id=\"118346\" data-orig-file=\"http:\/\/www.tvturk.com\/wp-content\/uploads\/2019\/03\/cezayirde-en-buyuk-buteflika-karsiti-eylem_ce590ad.jpg\" data-orig-size=\"1000,666\" data-comments-opened=\"\" data-image-meta=\"{&quot;aperture&quot;:&quot;0&quot;,&quot;credit&quot;:&quot;IHA&quot;,&quot;camera&quot;:&quot;&quot;,&quot;caption&quot;:&quot;CEZAY\\u0130R\\u2019\\u0130N BA\\u015eKENT\\u0130 CEZAY\\u0130R\\u2019DE YAKLA\\u015eIK 1 M\\u0130LYON K\\u0130\\u015e\\u0130 DEVLET BA\\u015eKANI ABDELAZ\\u0130Z BUTEFL\\u0130KA\\u0027NIN \\u0130ST\\u0130FASINI TALEP EDEREK SOKAKLARA D\\u00d6K\\u00dcLD\\u00dc. G\\u00d6STER\\u0130 BUG\\u00dcNE KADAR D\\u00dcZENLENEN EN B\\u00dcY\\u00dcK BUTEFL\\u0130KA KAR\\u015eITI EYLEM OLDU. (EPA\\\/CEZAY\\u0130R-EPA)&quot;,&quot;created_timestamp&quot;:&quot;0&quot;,&quot;copyright&quot;:&quot;\\u0130HLAS HABER AJANSI, www.iha.com.tr&quot;,&quot;focal_length&quot;:&quot;0&quot;,&quot;iso&quot;:&quot;0&quot;,&quot;shutter_speed&quot;:&quot;0&quot;,&quot;title&quot;:&quot;CEZAY\\u0130R\\u2019DE EN B\\u00dcY\\u00dcK BUTEFL\\u0130KA KAR\\u015eITI EYLEM&quot;,&quot;orientation&quot;:&quot;0&quot;}\" data-image-title=\"Cezayir\u2019de en b\u00fcy\u00fck Buteflika kar\u015f\u0131t\u0131 eylem\" data-image-description=\"&lt;p&gt;Cezayir\u2019de en b\u00fcy\u00fck Buteflika kar\u015f\u0131t\u0131 eylem&lt;\/p&gt; \" data-medium-file=\"https:\/\/i0.wp.com\/www.tvturk.com\/wp-content\/uploads\/2019\/03\/cezayirde-en-buyuk-buteflika-karsiti-eylem_ce590ad.jpg?fit=300%2C200\" data-large-file=\"https:\/\/i0.wp.com\/www.tvturk.com\/wp-content\/uploads\/2019\/03\/cezayirde-en-buyuk-buteflika-karsiti-eylem_ce590ad.jpg?fit=1000%2C666\" src=\"https:\/\/i0.wp.com\/www.tvturk.com\/wp-content\/uploads\/2019\/03\/cezayirde-en-buyuk-buteflika-karsiti-eylem_ce590ad.jpg?w=162&#038;h=108\" srcset=\"https:\/\/i0.wp.com\/www.tvturk.com\/wp-content\/uploads\/2019\/03\/cezayirde-en-buyuk-buteflika-karsiti-eylem_ce590ad.jpg?w=1000 1000w, https:\/\/i0.wp.com\/www.tvturk.com\/wp-content\/uploads\/2019\/03\/cezayirde-en-buyuk-buteflika-karsiti-eylem_ce590ad.jpg?resize=150%2C100 150w, https:\/\/i0.wp.com\/www.tvturk.com\/wp-content\/uploads\/2019\/03\/cezayirde-en-buyuk-buteflika-karsiti-eylem_ce590ad.jpg?resize=300%2C200 300w, https:\/\/i0.wp.com\/www.tvturk.com\/wp-content\/uploads\/2019\/03\/cezayirde-en-buyuk-buteflika-karsiti-eylem_ce590ad.jpg?resize=768%2C511 768w, https:\/\/i0.wp.com\/www.tvturk.com\/wp-content\/uploads\/2019\/03\/cezayirde-en-buyuk-buteflika-karsiti-eylem_ce590ad.jpg?resize=170%2C113 170w, https:\/\/i0.wp.com\/www.tvturk.com\/wp-content\/uploads\/2019\/03\/cezayirde-en-buyuk-buteflika-karsiti-eylem_ce590ad.jpg?resize=120%2C80 120w\" width=\"162\" height=\"108\" loading=\"lazy\" data-original-width=\"162\" data-original-height=\"108\" itemprop=\"http:\/\/schema.org\/image\" title=\"Cezayir\u2019de en b\u00fcy\u00fck Buteflika kar\u015f\u0131t\u0131 eylem\" alt=\"Cezayir\u2019de en b\u00fcy\u00fck Buteflika kar\u015f\u0131t\u0131 eylem\" style=\"width: 162px; height: 108px;\" \/> <\/a> <\/div> <div class=\"tiled-gallery-item tiled-gallery-item-small\" itemprop=\"associatedMedia\" itemscope itemtype=\"http:\/\/schema.org\/ImageObject\"> <a href=\"http:\/\/www.tvturk.com\/index.php\/cezayirde-en-buyuk-buteflika-karsiti-eylem\/cezayirde-en-buyuk-buteflika-karsiti-eylem-5\/\" border=\"0\" itemprop=\"url\"> <meta itemprop=\"width\" content=\"162\"> <meta itemprop=\"height\" content=\"108\"> <img decoding=\"async\" class=\"\" data-attachment-id=\"118347\" data-orig-file=\"http:\/\/www.tvturk.com\/wp-content\/uploads\/2019\/03\/cezayirde-en-buyuk-buteflika-karsiti-eylem_3cd30b7.jpg\" data-orig-size=\"1000,666\" data-comments-opened=\"\" data-image-meta=\"{&quot;aperture&quot;:&quot;0&quot;,&quot;credit&quot;:&quot;IHA&quot;,&quot;camera&quot;:&quot;&quot;,&quot;caption&quot;:&quot;CEZAY\\u0130R\\u2019\\u0130N BA\\u015eKENT\\u0130 CEZAY\\u0130R\\u2019DE YAKLA\\u015eIK 1 M\\u0130LYON K\\u0130\\u015e\\u0130 DEVLET BA\\u015eKANI ABDELAZ\\u0130Z BUTEFL\\u0130KA\\u0027NIN \\u0130ST\\u0130FASINI TALEP EDEREK SOKAKLARA D\\u00d6K\\u00dcLD\\u00dc. G\\u00d6STER\\u0130 BUG\\u00dcNE KADAR D\\u00dcZENLENEN EN B\\u00dcY\\u00dcK BUTEFL\\u0130KA KAR\\u015eITI EYLEM OLDU. (EPA\\\/CEZAY\\u0130R-EPA)&quot;,&quot;created_timestamp&quot;:&quot;0&quot;,&quot;copyright&quot;:&quot;\\u0130HLAS HABER AJANSI, www.iha.com.tr&quot;,&quot;focal_length&quot;:&quot;0&quot;,&quot;iso&quot;:&quot;0&quot;,&quot;shutter_speed&quot;:&quot;0&quot;,&quot;title&quot;:&quot;CEZAY\\u0130R\\u2019DE EN B\\u00dcY\\u00dcK BUTEFL\\u0130KA KAR\\u015eITI EYLEM&quot;,&quot;orientation&quot;:&quot;0&quot;}\" data-image-title=\"Cezayir\u2019de en b\u00fcy\u00fck Buteflika kar\u015f\u0131t\u0131 eylem\" data-image-description=\"&lt;p&gt;Cezayir\u2019de en b\u00fcy\u00fck Buteflika kar\u015f\u0131t\u0131 eylem&lt;\/p&gt; \" data-medium-file=\"https:\/\/i0.wp.com\/www.tvturk.com\/wp-content\/uploads\/2019\/03\/cezayirde-en-buyuk-buteflika-karsiti-eylem_3cd30b7.jpg?fit=300%2C200\" data-large-file=\"https:\/\/i0.wp.com\/www.tvturk.com\/wp-content\/uploads\/2019\/03\/cezayirde-en-buyuk-buteflika-karsiti-eylem_3cd30b7.jpg?fit=1000%2C666\" src=\"https:\/\/i0.wp.com\/www.tvturk.com\/wp-content\/uploads\/2019\/03\/cezayirde-en-buyuk-buteflika-karsiti-eylem_3cd30b7.jpg?w=162&#038;h=108\" srcset=\"https:\/\/i0.wp.com\/www.tvturk.com\/wp-content\/uploads\/2019\/03\/cezayirde-en-buyuk-buteflika-karsiti-eylem_3cd30b7.jpg?w=1000 1000w, https:\/\/i0.wp.com\/www.tvturk.com\/wp-content\/uploads\/2019\/03\/cezayirde-en-buyuk-buteflika-karsiti-eylem_3cd30b7.jpg?resize=150%2C100 150w, https:\/\/i0.wp.com\/www.tvturk.com\/wp-content\/uploads\/2019\/03\/cezayirde-en-buyuk-buteflika-karsiti-eylem_3cd30b7.jpg?resize=300%2C200 300w, https:\/\/i0.wp.com\/www.tvturk.com\/wp-content\/uploads\/2019\/03\/cezayirde-en-buyuk-buteflika-karsiti-eylem_3cd30b7.jpg?resize=768%2C511 768w, https:\/\/i0.wp.com\/www.tvturk.com\/wp-content\/uploads\/2019\/03\/cezayirde-en-buyuk-buteflika-karsiti-eylem_3cd30b7.jpg?resize=170%2C113 170w, https:\/\/i0.wp.com\/www.tvturk.com\/wp-content\/uploads\/2019\/03\/cezayirde-en-buyuk-buteflika-karsiti-eylem_3cd30b7.jpg?resize=120%2C80 120w\" width=\"162\" height=\"108\" loading=\"lazy\" data-original-width=\"162\" data-original-height=\"108\" itemprop=\"http:\/\/schema.org\/image\" title=\"Cezayir\u2019de en b\u00fcy\u00fck Buteflika kar\u015f\u0131t\u0131 eylem\" alt=\"Cezayir\u2019de en b\u00fcy\u00fck Buteflika kar\u015f\u0131t\u0131 eylem\" style=\"width: 162px; height: 108px;\" \/> <\/a> <\/div> <\/div> <!-- close group --> <\/div> <!-- close row --> <div class=\"gallery-row\" style=\"width: 500px; height: 323px;\" data-original-width=\"500\" data-original-height=\"323\" > <div class=\"gallery-group images-1\" style=\"width: 500px; height: 323px;\" data-original-width=\"500\" data-original-height=\"323\" > <div class=\"tiled-gallery-item tiled-gallery-item-large\" itemprop=\"associatedMedia\" itemscope itemtype=\"http:\/\/schema.org\/ImageObject\"> <a href=\"http:\/\/www.tvturk.com\/index.php\/cezayirde-en-buyuk-buteflika-karsiti-eylem\/cezayirde-en-buyuk-buteflika-karsiti-eylem-6\/\" border=\"0\" itemprop=\"url\"> <meta itemprop=\"width\" content=\"496\"> <meta itemprop=\"height\" content=\"319\"> <img decoding=\"async\" class=\"\" data-attachment-id=\"118348\" data-orig-file=\"http:\/\/www.tvturk.com\/wp-content\/uploads\/2019\/03\/cezayirde-en-buyuk-buteflika-karsiti-eylem_b6fd5d1.jpg\" data-orig-size=\"1000,643\" data-comments-opened=\"\" data-image-meta=\"{&quot;aperture&quot;:&quot;0&quot;,&quot;credit&quot;:&quot;IHA&quot;,&quot;camera&quot;:&quot;&quot;,&quot;caption&quot;:&quot;CEZAY\\u0130R\\u2019\\u0130N BA\\u015eKENT\\u0130 CEZAY\\u0130R\\u2019DE YAKLA\\u015eIK 1 M\\u0130LYON K\\u0130\\u015e\\u0130 DEVLET BA\\u015eKANI ABDELAZ\\u0130Z BUTEFL\\u0130KA\\u0027NIN \\u0130ST\\u0130FASINI TALEP EDEREK SOKAKLARA D\\u00d6K\\u00dcLD\\u00dc. G\\u00d6STER\\u0130 BUG\\u00dcNE KADAR D\\u00dcZENLENEN EN B\\u00dcY\\u00dcK BUTEFL\\u0130KA KAR\\u015eITI EYLEM OLDU. (EPA\\\/CEZAY\\u0130R-EPA)&quot;,&quot;created_timestamp&quot;:&quot;0&quot;,&quot;copyright&quot;:&quot;\\u0130HLAS HABER AJANSI, www.iha.com.tr&quot;,&quot;focal_length&quot;:&quot;0&quot;,&quot;iso&quot;:&quot;0&quot;,&quot;shutter_speed&quot;:&quot;0&quot;,&quot;title&quot;:&quot;CEZAY\\u0130R\\u2019DE EN B\\u00dcY\\u00dcK BUTEFL\\u0130KA KAR\\u015eITI EYLEM&quot;,&quot;orientation&quot;:&quot;0&quot;}\" data-image-title=\"Cezayir\u2019de en b\u00fcy\u00fck Buteflika kar\u015f\u0131t\u0131 eylem\" data-image-description=\"&lt;p&gt;Cezayir\u2019de en b\u00fcy\u00fck Buteflika kar\u015f\u0131t\u0131 eylem&lt;\/p&gt; \" data-medium-file=\"https:\/\/i0.wp.com\/www.tvturk.com\/wp-content\/uploads\/2019\/03\/cezayirde-en-buyuk-buteflika-karsiti-eylem_b6fd5d1.jpg?fit=300%2C193\" data-large-file=\"https:\/\/i0.wp.com\/www.tvturk.com\/wp-content\/uploads\/2019\/03\/cezayirde-en-buyuk-buteflika-karsiti-eylem_b6fd5d1.jpg?fit=1000%2C643\" src=\"https:\/\/i0.wp.com\/www.tvturk.com\/wp-content\/uploads\/2019\/03\/cezayirde-en-buyuk-buteflika-karsiti-eylem_b6fd5d1.jpg?w=496&#038;h=319\" srcset=\"https:\/\/i0.wp.com\/www.tvturk.com\/wp-content\/uploads\/2019\/03\/cezayirde-en-buyuk-buteflika-karsiti-eylem_b6fd5d1.jpg?w=1000 1000w, https:\/\/i0.wp.com\/www.tvturk.com\/wp-content\/uploads\/2019\/03\/cezayirde-en-buyuk-buteflika-karsiti-eylem_b6fd5d1.jpg?resize=150%2C96 150w, https:\/\/i0.wp.com\/www.tvturk.com\/wp-content\/uploads\/2019\/03\/cezayirde-en-buyuk-buteflika-karsiti-eylem_b6fd5d1.jpg?resize=300%2C193 300w, https:\/\/i0.wp.com\/www.tvturk.com\/wp-content\/uploads\/2019\/03\/cezayirde-en-buyuk-buteflika-karsiti-eylem_b6fd5d1.jpg?resize=768%2C494 768w\" width=\"496\" height=\"319\" loading=\"lazy\" data-original-width=\"496\" data-original-height=\"319\" itemprop=\"http:\/\/schema.org\/image\" title=\"Cezayir\u2019de en b\u00fcy\u00fck Buteflika kar\u015f\u0131t\u0131 eylem\" alt=\"Cezayir\u2019de en b\u00fcy\u00fck Buteflika kar\u015f\u0131t\u0131 eylem\" style=\"width: 496px; height: 319px;\" \/> <\/a> <\/div> <\/div> <!-- close group --> <\/div> <!-- close row --> <\/div><\/p>\n","protected":false},"excerpt":{"rendered":"<p>CEZAY\u0130R\u2019\u0130N BA\u015eKENT\u0130 CEZAY\u0130R\u2019DE YAKLA\u015eIK 1 M\u0130LYON K\u0130\u015e\u0130 DEVLET BA\u015eKANI ABDELAZ\u0130Z BUTEFL\u0130KA&#8217;NIN \u0130ST\u0130FASINI TALEP EDEREK SOKAKLARA D\u00d6K\u00dcLD\u00dc. G\u00d6STER\u0130 BUG\u00dcNE KADAR D\u00dcZENLENEN EN B\u00dcY\u00dcK BUTEFL\u0130KA KAR\u015eITI EYLEM OLDU.<\/p>\n","protected":false},"author":1,"featured_media":118344,"comment_status":"closed","ping_status":"open","sticky":false,"template":"","format":"standard","meta":{"jetpack_post_was_ever_published":false,"_jetpack_newsletter_access":"","_jetpack_dont_email_post_to_subs":false,"_jetpack_newsletter_tier_id":0,"_jetpack_memberships_contains_paywalled_content":false,"_jetpack_memberships_contains_paid_content":false,"footnotes":"","jetpack_publicize_message":"","jetpack_publicize_feature_enabled":true,"jetpack_social_post_already_shared":true,"jetpack_social_options":{"image_generator_settings":{"template":"highway","default_image_id":0,"font":"","enabled":false},"version":2}},"categories":[10],"tags":[28725,545,18443,2198,12272],"class_list":["post-118343","post","type-post","status-publish","format-standard","has-post-thumbnail","hentry","category-dunya","tag-buteflika","tag-buyuk","tag-cezayirde","tag-eylem","tag-karsiti"],"jetpack_publicize_connections":[],"jetpack_featured_media_url":"https:\/\/i0.wp.com\/www.tvturk.com\/wp-content\/uploads\/2019\/03\/cezayirde-en-buyuk-buteflika-karsiti-eylem_050c92a.jpg?fit=1000%2C656","jetpack_sharing_enabled":true,"jetpack_shortlink":"https:\/\/wp.me\/paKIfm-uML","_links":{"self":[{"href":"http:\/\/www.tvturk.com\/index.php\/wp-json\/wp\/v2\/posts\/118343","targetHints":{"allow":["GET"]}}],"collection":[{"href":"http:\/\/www.tvturk.com\/index.php\/wp-json\/wp\/v2\/posts"}],"about":[{"href":"http:\/\/www.tvturk.com\/index.php\/wp-json\/wp\/v2\/types\/post"}],"author":[{"embeddable":true,"href":"http:\/\/www.tvturk.com\/index.php\/wp-json\/wp\/v2\/users\/1"}],"replies":[{"embeddable":true,"href":"http:\/\/www.tvturk.com\/index.php\/wp-json\/wp\/v2\/comments?post=118343"}],"version-history":[{"count":1,"href":"http:\/\/www.tvturk.com\/index.php\/wp-json\/wp\/v2\/posts\/118343\/revisions"}],"predecessor-version":[{"id":118349,"href":"http:\/\/www.tvturk.com\/index.php\/wp-json\/wp\/v2\/posts\/118343\/revisions\/118349"}],"wp:featuredmedia":[{"embeddable":true,"href":"http:\/\/www.tvturk.com\/index.php\/wp-json\/wp\/v2\/media\/118344"}],"wp:attachment":[{"href":"http:\/\/www.tvturk.com\/index.php\/wp-json\/wp\/v2\/media?parent=118343"}],"wp:term":[{"taxonomy":"category","embeddable":true,"href":"http:\/\/www.tvturk.com\/index.php\/wp-json\/wp\/v2\/categories?post=118343"},{"taxonomy":"post_tag","embeddable":true,"href":"http:\/\/www.tvturk.com\/index.php\/wp-json\/wp\/v2\/tags?post=118343"}],"curies":[{"name":"wp","href":"https:\/\/api.w.org\/{rel}","templated":true}]}}