{"id":118464,"date":"2019-03-30T10:07:57","date_gmt":"2019-03-30T07:07:57","guid":{"rendered":"http:\/\/www.tvturk.com\/index.php\/askerler-cig-nedeniyle-mahsur-kalan-vatandaslari-misafir-etti\/"},"modified":"2019-03-30T10:08:00","modified_gmt":"2019-03-30T07:08:00","slug":"askerler-cig-nedeniyle-mahsur-kalan-vatandaslari-misafir-etti","status":"publish","type":"post","link":"http:\/\/www.tvturk.com\/index.php\/askerler-cig-nedeniyle-mahsur-kalan-vatandaslari-misafir-etti\/","title":{"rendered":"Askerler, \u00e7\u0131\u011f nedeniyle mahsur kalan vatanda\u015flar\u0131 misafir etti"},"content":{"rendered":"<p>Hakkari\u2019de \u00e7a\u011f d\u00fc\u015fmesi sonucu mahsur kalan vatanda\u015flar\u0131 b\u00f6lgedeki hudut birlikleri misafir etti.<\/p>\n<p>Milli Savunma Bakanl\u0131\u011f\u0131ndan yap\u0131lan a\u00e7\u0131klamada, &#8220;Hakkari b\u00f6lgesinde bulunan Serbest-\u00c7\u0131\u011fl\u0131 karayolunda, 29 Mart 2019 ak\u015fam\u0131 iki ayr\u0131 noktaya \u00e7\u0131\u011f d\u00fc\u015fmesi sonucu mahsur kalan 19 vatanda\u015f\u0131m\u0131z yol a\u00e7ma \u00e7al\u0131\u015fmalar\u0131 tamamlanana kadar b\u00f6lgedeki hudut birliklerimizde misafir edilmektedir&#8221; denildi.<div class=\"tiled-gallery type-rectangular tiled-gallery-unresized\" data-original-width=\"500\" data-carousel-extra='null' itemscope itemtype=\"http:\/\/schema.org\/ImageGallery\" > <div class=\"gallery-row\" style=\"width: 500px; height: 196px;\" data-original-width=\"500\" data-original-height=\"196\" > <div class=\"gallery-group images-1\" style=\"width: 241px; height: 196px;\" data-original-width=\"241\" data-original-height=\"196\" > <div class=\"tiled-gallery-item tiled-gallery-item-small\" itemprop=\"associatedMedia\" itemscope itemtype=\"http:\/\/schema.org\/ImageObject\"> <a href=\"http:\/\/www.tvturk.com\/index.php\/askerler-cig-nedeniyle-mahsur-kalan-vatandaslari-misafir-etti\/askerler-cig-nedeniyle-mahsur-kalan-vatandaslari-misafir-etti-3\/\" border=\"0\" itemprop=\"url\"> <meta itemprop=\"width\" content=\"237\"> <meta itemprop=\"height\" content=\"192\"> <img decoding=\"async\" class=\"\" data-attachment-id=\"118466\" data-orig-file=\"http:\/\/www.tvturk.com\/wp-content\/uploads\/2019\/03\/askerler-cig-nedeniyle-mahsur-kalan-vatandaslari-misafir-etti_06da966.jpg\" data-orig-size=\"1000,810\" data-comments-opened=\"\" data-image-meta=\"{&quot;aperture&quot;:&quot;0&quot;,&quot;credit&quot;:&quot;IHA&quot;,&quot;camera&quot;:&quot;&quot;,&quot;caption&quot;:&quot;HAKKAR\\u0130\\u0027DE \\u00c7A\\u011e D\\u00dc\\u015eMES\\u0130 SONUCU MAHSUR KALAN VATANDA\\u015eLARI B\\u00d6LGEDEK\\u0130 HUDUT B\\u0130RL\\u0130KLER\\u0130 M\\u0130SAF\\u0130R ETT\\u0130. (\\u0130HA\\\/ANKARA-\\u0130HA)&quot;,&quot;created_timestamp&quot;:&quot;0&quot;,&quot;copyright&quot;:&quot;\\u0130HLAS HABER AJANSI, www.iha.com.tr&quot;,&quot;focal_length&quot;:&quot;0&quot;,&quot;iso&quot;:&quot;0&quot;,&quot;shutter_speed&quot;:&quot;0&quot;,&quot;title&quot;:&quot;ASKERLER, \\u00c7I\\u011e NEDEN\\u0130YLE MAHSUR KALAN VATANDA\\u015eLARI M\\u0130SAF\\u0130R ETT\\u0130&quot;,&quot;orientation&quot;:&quot;0&quot;}\" data-image-title=\"Askerler, \u00e7\u0131\u011f nedeniyle mahsur kalan vatanda\u015flar\u0131 misafir etti\" data-image-description=\"&lt;p&gt;Askerler, \u00e7\u0131\u011f nedeniyle mahsur kalan vatanda\u015flar\u0131 misafir etti&lt;\/p&gt; \" data-medium-file=\"https:\/\/i0.wp.com\/www.tvturk.com\/wp-content\/uploads\/2019\/03\/askerler-cig-nedeniyle-mahsur-kalan-vatandaslari-misafir-etti_06da966.jpg?fit=300%2C243\" data-large-file=\"https:\/\/i0.wp.com\/www.tvturk.com\/wp-content\/uploads\/2019\/03\/askerler-cig-nedeniyle-mahsur-kalan-vatandaslari-misafir-etti_06da966.jpg?fit=1000%2C810\" src=\"https:\/\/i0.wp.com\/www.tvturk.com\/wp-content\/uploads\/2019\/03\/askerler-cig-nedeniyle-mahsur-kalan-vatandaslari-misafir-etti_06da966.jpg?w=237&#038;h=192\" srcset=\"https:\/\/i0.wp.com\/www.tvturk.com\/wp-content\/uploads\/2019\/03\/askerler-cig-nedeniyle-mahsur-kalan-vatandaslari-misafir-etti_06da966.jpg?w=1000 1000w, https:\/\/i0.wp.com\/www.tvturk.com\/wp-content\/uploads\/2019\/03\/askerler-cig-nedeniyle-mahsur-kalan-vatandaslari-misafir-etti_06da966.jpg?resize=150%2C122 150w, https:\/\/i0.wp.com\/www.tvturk.com\/wp-content\/uploads\/2019\/03\/askerler-cig-nedeniyle-mahsur-kalan-vatandaslari-misafir-etti_06da966.jpg?resize=300%2C243 300w, https:\/\/i0.wp.com\/www.tvturk.com\/wp-content\/uploads\/2019\/03\/askerler-cig-nedeniyle-mahsur-kalan-vatandaslari-misafir-etti_06da966.jpg?resize=768%2C622 768w\" width=\"237\" height=\"192\" loading=\"lazy\" data-original-width=\"237\" data-original-height=\"192\" itemprop=\"http:\/\/schema.org\/image\" title=\"Askerler, \u00e7\u0131\u011f nedeniyle mahsur kalan vatanda\u015flar\u0131 misafir etti\" alt=\"Askerler, \u00e7\u0131\u011f nedeniyle mahsur kalan vatanda\u015flar\u0131 misafir etti\" style=\"width: 237px; height: 192px;\" \/> <\/a> <\/div> <\/div> <!-- close group --> <div class=\"gallery-group images-1\" style=\"width: 259px; height: 196px;\" data-original-width=\"259\" data-original-height=\"196\" > <div class=\"tiled-gallery-item tiled-gallery-item-large\" itemprop=\"associatedMedia\" itemscope itemtype=\"http:\/\/schema.org\/ImageObject\"> <a href=\"http:\/\/www.tvturk.com\/index.php\/askerler-cig-nedeniyle-mahsur-kalan-vatandaslari-misafir-etti\/askerler-cig-nedeniyle-mahsur-kalan-vatandaslari-misafir-etti-4\/\" border=\"0\" itemprop=\"url\"> <meta itemprop=\"width\" content=\"255\"> <meta itemprop=\"height\" content=\"192\"> <img decoding=\"async\" class=\"\" data-attachment-id=\"118467\" data-orig-file=\"http:\/\/www.tvturk.com\/wp-content\/uploads\/2019\/03\/askerler-cig-nedeniyle-mahsur-kalan-vatandaslari-misafir-etti_ab2db37.jpg\" data-orig-size=\"1000,750\" data-comments-opened=\"\" data-image-meta=\"{&quot;aperture&quot;:&quot;0&quot;,&quot;credit&quot;:&quot;IHA&quot;,&quot;camera&quot;:&quot;&quot;,&quot;caption&quot;:&quot;HAKKAR\\u0130\\u0027DE \\u00c7A\\u011e D\\u00dc\\u015eMES\\u0130 SONUCU MAHSUR KALAN VATANDA\\u015eLARI B\\u00d6LGEDEK\\u0130 HUDUT B\\u0130RL\\u0130KLER\\u0130 M\\u0130SAF\\u0130R ETT\\u0130. (\\u0130HA\\\/ANKARA-\\u0130HA)&quot;,&quot;created_timestamp&quot;:&quot;0&quot;,&quot;copyright&quot;:&quot;\\u0130HLAS HABER AJANSI, www.iha.com.tr&quot;,&quot;focal_length&quot;:&quot;0&quot;,&quot;iso&quot;:&quot;0&quot;,&quot;shutter_speed&quot;:&quot;0&quot;,&quot;title&quot;:&quot;ASKERLER, \\u00c7I\\u011e NEDEN\\u0130YLE MAHSUR KALAN VATANDA\\u015eLARI M\\u0130SAF\\u0130R ETT\\u0130&quot;,&quot;orientation&quot;:&quot;0&quot;}\" data-image-title=\"Askerler, \u00e7\u0131\u011f nedeniyle mahsur kalan vatanda\u015flar\u0131 misafir etti\" data-image-description=\"&lt;p&gt;Askerler, \u00e7\u0131\u011f nedeniyle mahsur kalan vatanda\u015flar\u0131 misafir etti&lt;\/p&gt; \" data-medium-file=\"https:\/\/i0.wp.com\/www.tvturk.com\/wp-content\/uploads\/2019\/03\/askerler-cig-nedeniyle-mahsur-kalan-vatandaslari-misafir-etti_ab2db37.jpg?fit=300%2C225\" data-large-file=\"https:\/\/i0.wp.com\/www.tvturk.com\/wp-content\/uploads\/2019\/03\/askerler-cig-nedeniyle-mahsur-kalan-vatandaslari-misafir-etti_ab2db37.jpg?fit=1000%2C750\" src=\"https:\/\/i0.wp.com\/www.tvturk.com\/wp-content\/uploads\/2019\/03\/askerler-cig-nedeniyle-mahsur-kalan-vatandaslari-misafir-etti_ab2db37.jpg?w=255&#038;h=192\" srcset=\"https:\/\/i0.wp.com\/www.tvturk.com\/wp-content\/uploads\/2019\/03\/askerler-cig-nedeniyle-mahsur-kalan-vatandaslari-misafir-etti_ab2db37.jpg?w=1000 1000w, https:\/\/i0.wp.com\/www.tvturk.com\/wp-content\/uploads\/2019\/03\/askerler-cig-nedeniyle-mahsur-kalan-vatandaslari-misafir-etti_ab2db37.jpg?resize=150%2C113 150w, https:\/\/i0.wp.com\/www.tvturk.com\/wp-content\/uploads\/2019\/03\/askerler-cig-nedeniyle-mahsur-kalan-vatandaslari-misafir-etti_ab2db37.jpg?resize=300%2C225 300w, https:\/\/i0.wp.com\/www.tvturk.com\/wp-content\/uploads\/2019\/03\/askerler-cig-nedeniyle-mahsur-kalan-vatandaslari-misafir-etti_ab2db37.jpg?resize=768%2C576 768w\" width=\"255\" height=\"192\" loading=\"lazy\" data-original-width=\"255\" data-original-height=\"192\" itemprop=\"http:\/\/schema.org\/image\" title=\"Askerler, \u00e7\u0131\u011f nedeniyle mahsur kalan vatanda\u015flar\u0131 misafir etti\" alt=\"Askerler, \u00e7\u0131\u011f nedeniyle mahsur kalan vatanda\u015flar\u0131 misafir etti\" style=\"width: 255px; height: 192px;\" \/> <\/a> <\/div> <\/div> <!-- close group --> <\/div> <!-- close row --> <\/div><\/p>\n","protected":false},"excerpt":{"rendered":"<p>HAKKAR\u0130&#8217;DE \u00c7A\u011e D\u00dc\u015eMES\u0130 SONUCU MAHSUR KALAN VATANDA\u015eLARI B\u00d6LGEDEK\u0130 HUDUT B\u0130RL\u0130KLER\u0130 M\u0130SAF\u0130R ETT\u0130.<\/p>\n","protected":false},"author":1,"featured_media":118465,"comment_status":"closed","ping_status":"open","sticky":false,"template":"","format":"standard","meta":{"jetpack_post_was_ever_published":false,"_jetpack_newsletter_access":"","_jetpack_dont_email_post_to_subs":false,"_jetpack_newsletter_tier_id":0,"_jetpack_memberships_contains_paywalled_content":false,"_jetpack_memberships_contains_paid_content":false,"footnotes":"","jetpack_publicize_message":"","jetpack_publicize_feature_enabled":true,"jetpack_social_post_already_shared":true,"jetpack_social_options":{"image_generator_settings":{"template":"highway","default_image_id":0,"font":"","enabled":false},"version":2}},"categories":[1],"tags":[2811,5654,207,1274,2381,6140,413,922],"class_list":["post-118464","post","type-post","status-publish","format-standard","has-post-thumbnail","hentry","category-genel","tag-askerler","tag-cig","tag-etti","tag-kalan","tag-mahsur","tag-misafir","tag-nedeniyle","tag-vatandaslari"],"jetpack_publicize_connections":[],"jetpack_featured_media_url":"https:\/\/i0.wp.com\/www.tvturk.com\/wp-content\/uploads\/2019\/03\/askerler-cig-nedeniyle-mahsur-kalan-vatandaslari-misafir-etti_cbbf4cc.jpg?fit=1000%2C750","jetpack_sharing_enabled":true,"jetpack_shortlink":"https:\/\/wp.me\/paKIfm-uOI","_links":{"self":[{"href":"http:\/\/www.tvturk.com\/index.php\/wp-json\/wp\/v2\/posts\/118464","targetHints":{"allow":["GET"]}}],"collection":[{"href":"http:\/\/www.tvturk.com\/index.php\/wp-json\/wp\/v2\/posts"}],"about":[{"href":"http:\/\/www.tvturk.com\/index.php\/wp-json\/wp\/v2\/types\/post"}],"author":[{"embeddable":true,"href":"http:\/\/www.tvturk.com\/index.php\/wp-json\/wp\/v2\/users\/1"}],"replies":[{"embeddable":true,"href":"http:\/\/www.tvturk.com\/index.php\/wp-json\/wp\/v2\/comments?post=118464"}],"version-history":[{"count":1,"href":"http:\/\/www.tvturk.com\/index.php\/wp-json\/wp\/v2\/posts\/118464\/revisions"}],"predecessor-version":[{"id":118468,"href":"http:\/\/www.tvturk.com\/index.php\/wp-json\/wp\/v2\/posts\/118464\/revisions\/118468"}],"wp:featuredmedia":[{"embeddable":true,"href":"http:\/\/www.tvturk.com\/index.php\/wp-json\/wp\/v2\/media\/118465"}],"wp:attachment":[{"href":"http:\/\/www.tvturk.com\/index.php\/wp-json\/wp\/v2\/media?parent=118464"}],"wp:term":[{"taxonomy":"category","embeddable":true,"href":"http:\/\/www.tvturk.com\/index.php\/wp-json\/wp\/v2\/categories?post=118464"},{"taxonomy":"post_tag","embeddable":true,"href":"http:\/\/www.tvturk.com\/index.php\/wp-json\/wp\/v2\/tags?post=118464"}],"curies":[{"name":"wp","href":"https:\/\/api.w.org\/{rel}","templated":true}]}}