{"id":118663,"date":"2019-03-30T12:27:00","date_gmt":"2019-03-30T09:27:00","guid":{"rendered":"http:\/\/www.tvturk.com\/index.php\/enterprise-turkiye-filosunu-yeni-nesil-hibrit-araclarla-genisletiyor\/"},"modified":"2019-03-30T12:27:02","modified_gmt":"2019-03-30T09:27:02","slug":"enterprise-turkiye-filosunu-yeni-nesil-hibrit-araclarla-genisletiyor","status":"publish","type":"post","link":"http:\/\/www.tvturk.com\/index.php\/enterprise-turkiye-filosunu-yeni-nesil-hibrit-araclarla-genisletiyor\/","title":{"rendered":"Enterprise T\u00fcrkiye, filosunu yeni nesil hibrit ara\u00e7larla geni\u015fletiyor"},"content":{"rendered":"<p>D\u00fcnyan\u0131n en b\u00fcy\u00fck ara\u00e7 kiralama \u015firketlerinden Enterprise Rent-A-Car\u2019\u0131n T\u00fcrkiye i\u015ftiraki Enterprise T\u00fcrkiye, hibrit teknolojisinin \u00f6nemli markalar\u0131ndan Toyota ile \u00f6nemli bir i\u015fbirli\u011fine imza att\u0131. Enterprise T\u00fcrkiye CEO\u2019su \u00d6zarslan Tang\u00fcn, konu ile ilgili, &#8220;Hibrit ve elektrikli ara\u00e7lara ilgi t\u00fcm d\u00fcnyada oldu\u011fu gibi T\u00fcrkiye\u2019de de her ge\u00e7en g\u00fcn art\u0131yor. M\u00fc\u015fterilerimiz, hem karbon ayak izini d\u00fc\u015f\u00fcrmek hem de yak\u0131t maliyetlerini azaltmak ad\u0131na hibrit ara\u00e7lara daha fazla ra\u011fbet g\u00f6steriyor. Biz de sekt\u00f6r\u00fcn \u00f6nc\u00fclerinden biri olarak m\u00fc\u015fterilerimize daha \u00e7evreci ve ekonomik modeller ile hizmet vermek i\u00e7in \u00e7al\u0131\u015fmaya devam edece\u011fiz&#8221; dedi.<\/p>\n<p>T\u00fcm d\u00fcnyada oldu\u011fu gibi T\u00fcrkiye\u2019de de hibrit ara\u00e7lara ilgi her ge\u00e7en g\u00fcn art\u0131yor. Ara\u00e7 kiralama m\u00fc\u015fterileri  hem karbon ayak izini d\u00fc\u015f\u00fcrmek hem de yak\u0131t maliyetlerini azaltmak ad\u0131na hibrit ve elektrikli ara\u00e7lara daha fazla ra\u011fbet g\u00f6steriyor. 95 \u00fclkede hizmet veren d\u00fcnyan\u0131n en b\u00fcy\u00fck ara\u00e7 kiralama \u015firketlerinden Enterprise\u2019\u0131n T\u00fcrkiye i\u015ftiraki Enterprise T\u00fcrkiye de bu kapsamda ad\u0131mlar\u0131n\u0131 h\u0131zland\u0131r\u0131rken, filosunu \u00e7evreci ara\u00e7lar ile g\u00fc\u00e7lendiriyor. Daha \u00f6nce filosuna hibrit teknolojisini ara\u00e7lar\u0131 ile d\u00fcnyan\u0131n \u00f6nemli \u00e7evreci otomotiv markas\u0131 Toyota\u2019n\u0131n T\u00fcrkiye\u2019de \u00fcretilen C-HR Hybrid modelini ekleyen Enterprise T\u00fcrkiye, son olarak Toyota\u2019n\u0131n yine T\u00fcrkiye\u2019de \u00fcretilen yeni nesil Corolla Hybrid modelinden 1000 adet sat\u0131n alarak filosuna katt\u0131\u011f\u0131n\u0131 a\u00e7\u0131klad\u0131. 1000 adet Corolla Hybrid, Toyota T\u00fcrkiye CEO\u2019su Ali Haydar Bozkurt ve Enterprise T\u00fcrkiye CEO\u2019su \u00d6zarslan Tang\u00fcn\u2019\u00fcn kat\u0131ld\u0131\u011f\u0131 imza t\u00f6reni ile Enterprise filosuna dahil oldu. Bu geli\u015fme ile Toyota, bug\u00fcne kadar T\u00fcrkiye\u2019de ger\u00e7ekle\u015ftirdi\u011fi en b\u00fcy\u00fck hibrit filo sat\u0131\u015f\u0131n\u0131 ger\u00e7ekle\u015ftirirken, Enterprise T\u00fcrkiye\u2019de filosunda en fazla \u00e7evreci ara\u00e7 bulunduran ara\u00e7 kiralama \u015firketi oldu\u011fu belirtildi.<\/p>\n<p>&#8220;Hibrit ve elektrikliye ra\u011fbet h\u0131zla art\u0131yor&#8221;<\/p>\n<p>Konuyla ilgili a\u00e7\u0131klama yapan Enterprise T\u00fcrkiye CEO\u2019su \u00d6zarslan Tang\u00fcn, \u00f6n\u00fcm\u00fczdeki d\u00f6nemde t\u00fcm d\u00fcnyada oldu\u011fu gibi T\u00fcrkiye\u2019de de ara\u00e7 tercihlerinin h\u0131zla hibrit ve elektrikli ara\u00e7lara do\u011fru y\u00f6nelece\u011fine dikkat \u00e7ekerek, &#8220;D\u00fcnya genelinde benzinli ve dizel ara\u00e7lar\u0131n pay\u0131 h\u0131zla azal\u0131rken hibrit ve elektrikli ara\u00e7lara olan talep de ayn\u0131 h\u0131zla art\u0131yor. Kurumsal \u015firketler, hem karbon ayak izini d\u00fc\u015f\u00fcrmek hem de yak\u0131t maliyetlerini azaltmak ad\u0131na hibrit ara\u00e7lara daha fazla ra\u011fbet g\u00f6steriyor. Ge\u00e7en y\u0131l d\u00fcnya genelinde 2,1 milyon hibrit ve elektrikli ara\u00e7 sat\u0131ld\u0131. \u00d6zellikle \u00f6n\u00fcm\u00fczdeki d\u00f6nemde bu rakam \u00e7ok daha h\u0131zl\u0131 artacak ve T\u00fcrkiye\u2019de de hibrit ve elektrikli ara\u00e7lar daha \u00e7ok tercih edilecek. Biz de bu kapsamda gerek \u00e7evrecili\u011fi, gerekse ekonomik yak\u0131t t\u00fcketimi a\u00e7\u0131s\u0131ndan daha faydal\u0131 olan ara\u00e7lar\u0131n filomuzda olmas\u0131na \u00f6nem veriyoruz. Bu kapsamda daha \u00f6nce Toyota C-HR Hybrid modelini ara\u00e7 filomuza dahil etmi\u015ftik. 2019 y\u0131l\u0131nda da T\u00fcrkiye\u2019de \u00fcretilmeye ba\u015flanan yeni nesil sedan Corolla Hybrid\u2019i filomuza dahil ettik. Bunun ile birlikte s\u00f6ylemek isterim ki Corolla Hybrid ve C-HR Hybrid ara\u00e7lar\u0131m\u0131z T\u00fcrkiye de \u00fcretiliyor olmas\u0131 da bizi ayr\u0131ca heyecanland\u0131r\u0131yor. Bu y\u0131l turizmin etkisi ile daha da canlanacak olan ara\u00e7 kiralama sekt\u00f6r\u00fcnde yurti\u00e7i ve yurtd\u0131\u015f\u0131 m\u00fc\u015fterilerimize daha \u00e7evreci ve ekonomik ara\u00e7lar ile hizmet vermekten mutluluk duyaca\u011f\u0131z&#8221; diye konu\u015ftu.<div class=\"tiled-gallery type-rectangular tiled-gallery-unresized\" data-original-width=\"500\" data-carousel-extra='null' itemscope itemtype=\"http:\/\/schema.org\/ImageGallery\" > <div class=\"gallery-row\" style=\"width: 500px; height: 283px;\" data-original-width=\"500\" data-original-height=\"283\" > <div class=\"gallery-group images-1\" style=\"width: 500px; height: 283px;\" data-original-width=\"500\" data-original-height=\"283\" > <div class=\"tiled-gallery-item tiled-gallery-item-large\" itemprop=\"associatedMedia\" itemscope itemtype=\"http:\/\/schema.org\/ImageObject\"> <a href=\"http:\/\/www.tvturk.com\/index.php\/enterprise-turkiye-filosunu-yeni-nesil-hibrit-araclarla-genisletiyor\/enterprise-turkiye-filosunu-yeni-nesil-hibrit-araclarla-genisletiyor-3\/\" border=\"0\" itemprop=\"url\"> <meta itemprop=\"width\" content=\"496\"> <meta itemprop=\"height\" content=\"279\"> <img decoding=\"async\" class=\"\" data-attachment-id=\"118665\" data-orig-file=\"http:\/\/www.tvturk.com\/wp-content\/uploads\/2019\/03\/enterprise-turkiye-filosunu-yeni-nesil-hibrit-araclarla-genisletiyor_d5317a3.jpg\" data-orig-size=\"1000,562\" data-comments-opened=\"\" data-image-meta=\"{&quot;aperture&quot;:&quot;0&quot;,&quot;credit&quot;:&quot;IHA&quot;,&quot;camera&quot;:&quot;&quot;,&quot;caption&quot;:&quot;ENTERPR\\u0130SE T\\u00dcRK\\u0130YE CEO\\u2019SU \\u00d6ZARSLAN TANG\\u00dcN (\\u0130HA\\\/\\u0130STANBUL-\\u0130HA)&quot;,&quot;created_timestamp&quot;:&quot;0&quot;,&quot;copyright&quot;:&quot;\\u0130HLAS HABER AJANSI, www.iha.com.tr&quot;,&quot;focal_length&quot;:&quot;0&quot;,&quot;iso&quot;:&quot;0&quot;,&quot;shutter_speed&quot;:&quot;0&quot;,&quot;title&quot;:&quot;ENTERPR\\u0130SE T\\u00dcRK\\u0130YE, F\\u0130LOSUNU YEN\\u0130 NES\\u0130L H\\u0130BR\\u0130T ARA\\u00c7LARLA GEN\\u0130\\u015eLET\\u0130YOR&quot;,&quot;orientation&quot;:&quot;0&quot;}\" data-image-title=\"Enterprise T\u00fcrkiye, filosunu yeni nesil hibrit ara\u00e7larla geni\u015fletiyor\" data-image-description=\"&lt;p&gt;Enterprise T\u00fcrkiye, filosunu yeni nesil hibrit ara\u00e7larla geni\u015fletiyor&lt;\/p&gt; \" data-medium-file=\"https:\/\/i0.wp.com\/www.tvturk.com\/wp-content\/uploads\/2019\/03\/enterprise-turkiye-filosunu-yeni-nesil-hibrit-araclarla-genisletiyor_d5317a3.jpg?fit=300%2C169\" data-large-file=\"https:\/\/i0.wp.com\/www.tvturk.com\/wp-content\/uploads\/2019\/03\/enterprise-turkiye-filosunu-yeni-nesil-hibrit-araclarla-genisletiyor_d5317a3.jpg?fit=1000%2C562\" src=\"https:\/\/i0.wp.com\/www.tvturk.com\/wp-content\/uploads\/2019\/03\/enterprise-turkiye-filosunu-yeni-nesil-hibrit-araclarla-genisletiyor_d5317a3.jpg?w=496&#038;h=279\" srcset=\"https:\/\/i0.wp.com\/www.tvturk.com\/wp-content\/uploads\/2019\/03\/enterprise-turkiye-filosunu-yeni-nesil-hibrit-araclarla-genisletiyor_d5317a3.jpg?w=1000 1000w, https:\/\/i0.wp.com\/www.tvturk.com\/wp-content\/uploads\/2019\/03\/enterprise-turkiye-filosunu-yeni-nesil-hibrit-araclarla-genisletiyor_d5317a3.jpg?resize=150%2C84 150w, https:\/\/i0.wp.com\/www.tvturk.com\/wp-content\/uploads\/2019\/03\/enterprise-turkiye-filosunu-yeni-nesil-hibrit-araclarla-genisletiyor_d5317a3.jpg?resize=300%2C169 300w, https:\/\/i0.wp.com\/www.tvturk.com\/wp-content\/uploads\/2019\/03\/enterprise-turkiye-filosunu-yeni-nesil-hibrit-araclarla-genisletiyor_d5317a3.jpg?resize=768%2C432 768w, https:\/\/i0.wp.com\/www.tvturk.com\/wp-content\/uploads\/2019\/03\/enterprise-turkiye-filosunu-yeni-nesil-hibrit-araclarla-genisletiyor_d5317a3.jpg?resize=200%2C113 200w\" width=\"496\" height=\"279\" loading=\"lazy\" data-original-width=\"496\" data-original-height=\"279\" itemprop=\"http:\/\/schema.org\/image\" title=\"Enterprise T\u00fcrkiye, filosunu yeni nesil hibrit ara\u00e7larla geni\u015fletiyor\" alt=\"Enterprise T\u00fcrkiye, filosunu yeni nesil hibrit ara\u00e7larla geni\u015fletiyor\" style=\"width: 496px; height: 279px;\" \/> <\/a> <\/div> <\/div> <!-- close group --> <\/div> <!-- close row --> <\/div><\/p>\n","protected":false},"excerpt":{"rendered":"<p>ENTERPR\u0130SE T\u00dcRK\u0130YE CEO\u2019SU \u00d6ZARSLAN TANG\u00dcN-TOYOTA T\u00dcRK\u0130YE CEO\u2019SU AL\u0130 HAYDAR BOZKURT<\/p>\n","protected":false},"author":1,"featured_media":118664,"comment_status":"closed","ping_status":"open","sticky":false,"template":"","format":"standard","meta":{"jetpack_post_was_ever_published":false,"_jetpack_newsletter_access":"","_jetpack_dont_email_post_to_subs":false,"_jetpack_newsletter_tier_id":0,"_jetpack_memberships_contains_paywalled_content":false,"_jetpack_memberships_contains_paid_content":false,"footnotes":"","jetpack_publicize_message":"","jetpack_publicize_feature_enabled":true,"jetpack_social_post_already_shared":true,"jetpack_social_options":{"image_generator_settings":{"template":"highway","default_image_id":0,"font":"","enabled":false},"version":2}},"categories":[19],"tags":[28764,28762,4775,28765,28763,390,453,87],"class_list":["post-118663","post","type-post","status-publish","format-standard","has-post-thumbnail","hentry","category-ekonomi","tag-araclarla","tag-enterprise","tag-filosunu","tag-genisletiyor","tag-hibrit","tag-nesil","tag-turkiye","tag-yeni"],"jetpack_publicize_connections":[],"jetpack_featured_media_url":"https:\/\/i0.wp.com\/www.tvturk.com\/wp-content\/uploads\/2019\/03\/enterprise-turkiye-filosunu-yeni-nesil-hibrit-araclarla-genisletiyor_35b9c6c.jpg?fit=1000%2C665","jetpack_sharing_enabled":true,"jetpack_shortlink":"https:\/\/wp.me\/paKIfm-uRV","_links":{"self":[{"href":"http:\/\/www.tvturk.com\/index.php\/wp-json\/wp\/v2\/posts\/118663","targetHints":{"allow":["GET"]}}],"collection":[{"href":"http:\/\/www.tvturk.com\/index.php\/wp-json\/wp\/v2\/posts"}],"about":[{"href":"http:\/\/www.tvturk.com\/index.php\/wp-json\/wp\/v2\/types\/post"}],"author":[{"embeddable":true,"href":"http:\/\/www.tvturk.com\/index.php\/wp-json\/wp\/v2\/users\/1"}],"replies":[{"embeddable":true,"href":"http:\/\/www.tvturk.com\/index.php\/wp-json\/wp\/v2\/comments?post=118663"}],"version-history":[{"count":1,"href":"http:\/\/www.tvturk.com\/index.php\/wp-json\/wp\/v2\/posts\/118663\/revisions"}],"predecessor-version":[{"id":118666,"href":"http:\/\/www.tvturk.com\/index.php\/wp-json\/wp\/v2\/posts\/118663\/revisions\/118666"}],"wp:featuredmedia":[{"embeddable":true,"href":"http:\/\/www.tvturk.com\/index.php\/wp-json\/wp\/v2\/media\/118664"}],"wp:attachment":[{"href":"http:\/\/www.tvturk.com\/index.php\/wp-json\/wp\/v2\/media?parent=118663"}],"wp:term":[{"taxonomy":"category","embeddable":true,"href":"http:\/\/www.tvturk.com\/index.php\/wp-json\/wp\/v2\/categories?post=118663"},{"taxonomy":"post_tag","embeddable":true,"href":"http:\/\/www.tvturk.com\/index.php\/wp-json\/wp\/v2\/tags?post=118663"}],"curies":[{"name":"wp","href":"https:\/\/api.w.org\/{rel}","templated":true}]}}