{"id":118813,"date":"2019-03-30T14:16:23","date_gmt":"2019-03-30T11:16:23","guid":{"rendered":"http:\/\/www.tvturk.com\/index.php\/misinaya-takilan-ordek-afad-tarafindan-kurtarildi\/"},"modified":"2019-03-30T14:16:23","modified_gmt":"2019-03-30T11:16:23","slug":"misinaya-takilan-ordek-afad-tarafindan-kurtarildi","status":"publish","type":"post","link":"http:\/\/www.tvturk.com\/index.php\/misinaya-takilan-ordek-afad-tarafindan-kurtarildi\/","title":{"rendered":"Misinaya tak\u0131lan \u00f6rdek AFAD taraf\u0131ndan kurtar\u0131ld\u0131"},"content":{"rendered":"<p>AFAD ekipleri sadece insanlar\u0131n de\u011fil hayvanlar\u0131n da imdad\u0131na yeti\u015fiyor. Bursa\u2019da bal\u0131k\u00e7\u0131lar\u0131n att\u0131\u011f\u0131 misinaya tak\u0131lan \u00f6rdek, AFAD ekipleri taraf\u0131ndan kurtar\u0131ld\u0131.<\/p>\n<p>Nil\u00fcfer il\u00e7esinde bulunan Kayapa g\u00f6letinde bal\u0131k\u00e7\u0131lar\u0131n att\u0131\u011f\u0131 misinaya tak\u0131lan \u00f6rde\u011fi fark eden vatanda\u015flar, AFAD ekiplerine haber verdi. Olay yerine gelen ekipler, misinaya tak\u0131l\u0131 \u00f6rde\u011fin yan\u0131na botla yakla\u015farak hayvan\u0131 bulundu\u011fu yerden kurtard\u0131. Kurtar\u0131lan \u00f6rdek, yap\u0131lan tedavisinin ard\u0131ndan yeniden g\u00f6lete b\u0131rak\u0131ld\u0131.<\/p>\n","protected":false},"excerpt":{"rendered":"<p>M\u0130S\u0130NAYA TAKILAN \u00d6RDEK AFAD EK\u0130PLER\u0130NCE KURTARILDI<\/p>\n","protected":false},"author":1,"featured_media":118814,"comment_status":"closed","ping_status":"open","sticky":false,"template":"","format":"standard","meta":{"jetpack_post_was_ever_published":false,"_jetpack_newsletter_access":"","_jetpack_dont_email_post_to_subs":false,"_jetpack_newsletter_tier_id":0,"_jetpack_memberships_contains_paywalled_content":false,"_jetpack_memberships_contains_paid_content":false,"footnotes":"","jetpack_publicize_message":"","jetpack_publicize_feature_enabled":true,"jetpack_social_post_already_shared":true,"jetpack_social_options":{"image_generator_settings":{"template":"highway","default_image_id":0,"font":"","enabled":false},"version":2}},"categories":[1],"tags":[2382,766,28780,28781,9380,765],"class_list":["post-118813","post","type-post","status-publish","format-standard","has-post-thumbnail","hentry","category-genel","tag-afad","tag-kurtarildi","tag-misinaya","tag-ordek","tag-takilan","tag-tarafindan"],"jetpack_publicize_connections":[],"jetpack_featured_media_url":"https:\/\/i0.wp.com\/www.tvturk.com\/wp-content\/uploads\/2019\/03\/misinaya-takilan-ordek-afad-tarafindan-kurtarildi_e50502f.jpg?fit=1000%2C600","jetpack_sharing_enabled":true,"jetpack_shortlink":"https:\/\/wp.me\/paKIfm-uUl","_links":{"self":[{"href":"http:\/\/www.tvturk.com\/index.php\/wp-json\/wp\/v2\/posts\/118813","targetHints":{"allow":["GET"]}}],"collection":[{"href":"http:\/\/www.tvturk.com\/index.php\/wp-json\/wp\/v2\/posts"}],"about":[{"href":"http:\/\/www.tvturk.com\/index.php\/wp-json\/wp\/v2\/types\/post"}],"author":[{"embeddable":true,"href":"http:\/\/www.tvturk.com\/index.php\/wp-json\/wp\/v2\/users\/1"}],"replies":[{"embeddable":true,"href":"http:\/\/www.tvturk.com\/index.php\/wp-json\/wp\/v2\/comments?post=118813"}],"version-history":[{"count":0,"href":"http:\/\/www.tvturk.com\/index.php\/wp-json\/wp\/v2\/posts\/118813\/revisions"}],"wp:featuredmedia":[{"embeddable":true,"href":"http:\/\/www.tvturk.com\/index.php\/wp-json\/wp\/v2\/media\/118814"}],"wp:attachment":[{"href":"http:\/\/www.tvturk.com\/index.php\/wp-json\/wp\/v2\/media?parent=118813"}],"wp:term":[{"taxonomy":"category","embeddable":true,"href":"http:\/\/www.tvturk.com\/index.php\/wp-json\/wp\/v2\/categories?post=118813"},{"taxonomy":"post_tag","embeddable":true,"href":"http:\/\/www.tvturk.com\/index.php\/wp-json\/wp\/v2\/tags?post=118813"}],"curies":[{"name":"wp","href":"https:\/\/api.w.org\/{rel}","templated":true}]}}