{"id":118967,"date":"2019-03-30T16:39:47","date_gmt":"2019-03-30T13:39:47","guid":{"rendered":"http:\/\/www.tvturk.com\/index.php\/kral-selmana-fahri-doktora-vermeyi-reddeden-universiteden-aciklama\/"},"modified":"2019-03-30T16:39:48","modified_gmt":"2019-03-30T13:39:48","slug":"kral-selmana-fahri-doktora-vermeyi-reddeden-universiteden-aciklama","status":"publish","type":"post","link":"http:\/\/www.tvturk.com\/index.php\/kral-selmana-fahri-doktora-vermeyi-reddeden-universiteden-aciklama\/","title":{"rendered":"Kral Selman\u2019a fahri doktora vermeyi reddeden \u00fcniversiteden a\u00e7\u0131klama"},"content":{"rendered":"<p>Tunus\u2019taki Zeytune \u00dcniversitesi, Suudi Arabistan Kral\u0131 Selman bin Abd\u00fclaziz el-Suud\u2019a fahri doktora vermeyi reddetmesinin sebebini a\u00e7\u0131klad\u0131.<\/p>\n<p>Suudi Arabistan Kral\u0131 Selman bin Abd\u00fclaziz el-Suud\u2019a fahri doktora vermeyi reddeden Tunus Zeytune \u00dcniversitesinin Ba\u015fkan\u0131 Hichem Grissa, bu olay\u0131n \u015fahsi bir olay olmad\u0131\u011f\u0131n\u0131 ve sadece \u00fcniversitenin tarafs\u0131zl\u0131\u011f\u0131n\u0131 korumak istedi\u011fini a\u00e7\u0131klad\u0131. Grissa, \u00fcniversitenin 1956 y\u0131l\u0131nda kuruldu\u011fundan bu yana daha \u00f6nce hi\u00e7 kimseye fahri doktora vermedi\u011fini belirterek \u015fu ana kadar da b\u00f6yle bir talep almad\u0131klar\u0131n\u0131 aktard\u0131.<\/p>\n<p>Grissa, uluslararas\u0131 bas\u0131na yapt\u0131\u011f\u0131 a\u00e7\u0131klamada yar\u0131n ger\u00e7ekle\u015fecek Arap Zirvesi \u00f6ncesi Tunus Ba\u015fkanl\u0131\u011f\u0131\u2019ndan kendilerine Kral Selman\u2019a fahri doktora verilmesine dair resmi bir yaz\u0131 geldi\u011fi ve bunu \u00fczerine \u00dcniversite konseyi ile g\u00f6r\u00fc\u015ft\u00fcklerini belirtti. Daha sonra \u00fcniversitenin ortak karar\u0131 ile h\u00fck\u00fcmetin bu talebini reddettikleri belirten Grissa, Tunus\u2019un Kral\u0131 onurland\u0131rmak ad\u0131na ba\u015fka \u015feyler yapabilece\u011fini konusunda bas\u0131na a\u00e7\u0131klama yapt\u0131\u011f\u0131n\u0131 hat\u0131rlatt\u0131.<\/p>\n<p>Tunus Cumhurba\u015fkan\u0131n\u0131n Siyasi Dan\u0131\u015fman\u0131 Noureddine Binticheh ise bug\u00fcn yapt\u0131\u011f\u0131 a\u00e7\u0131klamada Kral Selman\u2019a Kairouan \u00dcniversitesi taraf\u0131ndan fahri doktora unvan\u0131n\u0131n verilece\u011fini duyurdu.<\/p>\n<p>Ya\u015fanan olay sonras\u0131 yo\u011funlu\u011funu gerek\u00e7e g\u00f6steren Grissa, yerel bas\u0131na a\u00e7\u0131klama yapmam\u0131\u015ft\u0131. \u00dcniversiteden ba\u015fka bir hoca ise yapt\u0131\u011f\u0131 a\u00e7\u0131klamalarda h\u00fck\u00fcmetten Kral Selman\u2019a bu unvan\u0131n verilmesi konusunda bask\u0131 yap\u0131ld\u0131\u011f\u0131n\u0131 iddia etmi\u015fti. \u00d6te yandan, Tunus Ba\u015fkanl\u0131\u011f\u0131 ve Suudi Arabistan El\u00e7ili\u011fi taraf\u0131ndan herhangi bir a\u00e7\u0131klama yap\u0131lmazken Noureddine Binticheh, konuyla ilgili bilgisi olmad\u0131\u011f\u0131 belirtmi\u015fti.<div class=\"tiled-gallery type-rectangular tiled-gallery-unresized\" data-original-width=\"500\" data-carousel-extra='null' itemscope itemtype=\"http:\/\/schema.org\/ImageGallery\" > <div class=\"gallery-row\" style=\"width: 500px; height: 399px;\" data-original-width=\"500\" data-original-height=\"399\" > <div class=\"gallery-group images-1\" style=\"width: 500px; height: 399px;\" data-original-width=\"500\" data-original-height=\"399\" > <div class=\"tiled-gallery-item tiled-gallery-item-large\" itemprop=\"associatedMedia\" itemscope itemtype=\"http:\/\/schema.org\/ImageObject\"> <a href=\"http:\/\/www.tvturk.com\/index.php\/kral-selmana-fahri-doktora-vermeyi-reddeden-universiteden-aciklama\/kral-selmana-fahri-doktora-vermeyi-reddeden-universiteden-aciklama-3\/\" border=\"0\" itemprop=\"url\"> <meta itemprop=\"width\" content=\"496\"> <meta itemprop=\"height\" content=\"395\"> <img decoding=\"async\" class=\"\" data-attachment-id=\"118969\" data-orig-file=\"http:\/\/www.tvturk.com\/wp-content\/uploads\/2019\/03\/kral-selmana-fahri-doktora-vermeyi-reddeden-universiteden-aciklama_f23d6a8.jpg\" data-orig-size=\"1000,797\" data-comments-opened=\"\" data-image-meta=\"{&quot;aperture&quot;:&quot;0&quot;,&quot;credit&quot;:&quot;IHA&quot;,&quot;camera&quot;:&quot;&quot;,&quot;caption&quot;:&quot;TUNUS\\u2019TAK\\u0130 ZEYTUNE \\u00dcN\\u0130VERS\\u0130TES\\u0130, SUUD\\u0130 ARAB\\u0130STAN KRALI SELMAN B\\u0130N ABD\\u00dcLAZ\\u0130Z EL-SUUD\\u2019A FAHR\\u0130 DOKTORA VERMEY\\u0130 REDDETMES\\u0130N\\u0130N SEBEB\\u0130N\\u0130 A\\u00c7IKLADI. (\\u0130HA\\\/TUNUS-\\u0130HA)&quot;,&quot;created_timestamp&quot;:&quot;0&quot;,&quot;copyright&quot;:&quot;\\u0130HLAS HABER AJANSI, www.iha.com.tr&quot;,&quot;focal_length&quot;:&quot;0&quot;,&quot;iso&quot;:&quot;0&quot;,&quot;shutter_speed&quot;:&quot;0&quot;,&quot;title&quot;:&quot;KRAL SELMAN\\u2019A FAHR\\u0130 DOKTORA VERMEY\\u0130 REDDEDEN \\u00dcN\\u0130VERS\\u0130TEDEN A\\u00c7IKLAMA&quot;,&quot;orientation&quot;:&quot;0&quot;}\" data-image-title=\"Kral Selman\u2019a fahri doktora vermeyi reddeden \u00fcniversiteden a\u00e7\u0131klama\" data-image-description=\"&lt;p&gt;Kral Selman\u2019a fahri doktora vermeyi reddeden \u00fcniversiteden a\u00e7\u0131klama&lt;\/p&gt; \" data-medium-file=\"https:\/\/i0.wp.com\/www.tvturk.com\/wp-content\/uploads\/2019\/03\/kral-selmana-fahri-doktora-vermeyi-reddeden-universiteden-aciklama_f23d6a8.jpg?fit=300%2C239\" data-large-file=\"https:\/\/i0.wp.com\/www.tvturk.com\/wp-content\/uploads\/2019\/03\/kral-selmana-fahri-doktora-vermeyi-reddeden-universiteden-aciklama_f23d6a8.jpg?fit=1000%2C797\" src=\"https:\/\/i0.wp.com\/www.tvturk.com\/wp-content\/uploads\/2019\/03\/kral-selmana-fahri-doktora-vermeyi-reddeden-universiteden-aciklama_f23d6a8.jpg?w=496&#038;h=395\" srcset=\"https:\/\/i0.wp.com\/www.tvturk.com\/wp-content\/uploads\/2019\/03\/kral-selmana-fahri-doktora-vermeyi-reddeden-universiteden-aciklama_f23d6a8.jpg?w=1000 1000w, https:\/\/i0.wp.com\/www.tvturk.com\/wp-content\/uploads\/2019\/03\/kral-selmana-fahri-doktora-vermeyi-reddeden-universiteden-aciklama_f23d6a8.jpg?resize=150%2C120 150w, https:\/\/i0.wp.com\/www.tvturk.com\/wp-content\/uploads\/2019\/03\/kral-selmana-fahri-doktora-vermeyi-reddeden-universiteden-aciklama_f23d6a8.jpg?resize=300%2C239 300w, https:\/\/i0.wp.com\/www.tvturk.com\/wp-content\/uploads\/2019\/03\/kral-selmana-fahri-doktora-vermeyi-reddeden-universiteden-aciklama_f23d6a8.jpg?resize=768%2C612 768w\" width=\"496\" height=\"395\" loading=\"lazy\" data-original-width=\"496\" data-original-height=\"395\" itemprop=\"http:\/\/schema.org\/image\" title=\"Kral Selman\u2019a fahri doktora vermeyi reddeden \u00fcniversiteden a\u00e7\u0131klama\" alt=\"Kral Selman\u2019a fahri doktora vermeyi reddeden \u00fcniversiteden a\u00e7\u0131klama\" style=\"width: 496px; height: 395px;\" \/> <\/a> <\/div> <\/div> <!-- close group --> <\/div> <!-- close row --> <\/div><\/p>\n","protected":false},"excerpt":{"rendered":"<p>TUNUS\u2019TAK\u0130 ZEYTUNE \u00dcN\u0130VERS\u0130TES\u0130, SUUD\u0130 ARAB\u0130STAN KRALI SELMAN B\u0130N ABD\u00dcLAZ\u0130Z EL-SUUD\u2019A FAHR\u0130 DOKTORA VERMEY\u0130 REDDETMES\u0130N\u0130N SEBEB\u0130N\u0130 A\u00c7IKLADI.<\/p>\n","protected":false},"author":1,"featured_media":118968,"comment_status":"closed","ping_status":"open","sticky":false,"template":"","format":"standard","meta":{"jetpack_post_was_ever_published":false,"_jetpack_newsletter_access":"","_jetpack_dont_email_post_to_subs":false,"_jetpack_newsletter_tier_id":0,"_jetpack_memberships_contains_paywalled_content":false,"_jetpack_memberships_contains_paid_content":false,"footnotes":"","jetpack_publicize_message":"","jetpack_publicize_feature_enabled":true,"jetpack_social_post_already_shared":true,"jetpack_social_options":{"image_generator_settings":{"template":"highway","default_image_id":0,"font":"","enabled":false},"version":2}},"categories":[10],"tags":[3349,570,19686,10793,28813,15725,13618,28812],"class_list":["post-118967","post","type-post","status-publish","format-standard","has-post-thumbnail","hentry","category-dunya","tag-aciklama","tag-doktora","tag-fahri","tag-kral","tag-reddeden","tag-selmana","tag-universiteden","tag-vermeyi"],"jetpack_publicize_connections":[],"jetpack_featured_media_url":"https:\/\/i0.wp.com\/www.tvturk.com\/wp-content\/uploads\/2019\/03\/kral-selmana-fahri-doktora-vermeyi-reddeden-universiteden-aciklama_14004c9.jpg?fit=1000%2C782","jetpack_sharing_enabled":true,"jetpack_shortlink":"https:\/\/wp.me\/paKIfm-uWP","_links":{"self":[{"href":"http:\/\/www.tvturk.com\/index.php\/wp-json\/wp\/v2\/posts\/118967","targetHints":{"allow":["GET"]}}],"collection":[{"href":"http:\/\/www.tvturk.com\/index.php\/wp-json\/wp\/v2\/posts"}],"about":[{"href":"http:\/\/www.tvturk.com\/index.php\/wp-json\/wp\/v2\/types\/post"}],"author":[{"embeddable":true,"href":"http:\/\/www.tvturk.com\/index.php\/wp-json\/wp\/v2\/users\/1"}],"replies":[{"embeddable":true,"href":"http:\/\/www.tvturk.com\/index.php\/wp-json\/wp\/v2\/comments?post=118967"}],"version-history":[{"count":1,"href":"http:\/\/www.tvturk.com\/index.php\/wp-json\/wp\/v2\/posts\/118967\/revisions"}],"predecessor-version":[{"id":118970,"href":"http:\/\/www.tvturk.com\/index.php\/wp-json\/wp\/v2\/posts\/118967\/revisions\/118970"}],"wp:featuredmedia":[{"embeddable":true,"href":"http:\/\/www.tvturk.com\/index.php\/wp-json\/wp\/v2\/media\/118968"}],"wp:attachment":[{"href":"http:\/\/www.tvturk.com\/index.php\/wp-json\/wp\/v2\/media?parent=118967"}],"wp:term":[{"taxonomy":"category","embeddable":true,"href":"http:\/\/www.tvturk.com\/index.php\/wp-json\/wp\/v2\/categories?post=118967"},{"taxonomy":"post_tag","embeddable":true,"href":"http:\/\/www.tvturk.com\/index.php\/wp-json\/wp\/v2\/tags?post=118967"}],"curies":[{"name":"wp","href":"https:\/\/api.w.org\/{rel}","templated":true}]}}