{"id":11913,"date":"2019-02-08T12:37:51","date_gmt":"2019-02-08T09:37:51","guid":{"rendered":"http:\/\/www.tvturk.com\/index.php\/almanya-5-kez-ust-uste-dunya-ihracat-sampiyonu-oldu\/"},"modified":"2019-02-08T12:37:53","modified_gmt":"2019-02-08T09:37:53","slug":"almanya-5-kez-ust-uste-dunya-ihracat-sampiyonu-oldu","status":"publish","type":"post","link":"http:\/\/www.tvturk.com\/index.php\/almanya-5-kez-ust-uste-dunya-ihracat-sampiyonu-oldu\/","title":{"rendered":"Almanya 5. kez \u00fcst \u00fcste d\u00fcnya ihracat \u015fampiyonu oldu"},"content":{"rendered":"<p>Almanya 2018 y\u0131l\u0131nda 1 trilyon 318 milyar euro\u2019luk ihracat rekoruna ula\u015farak 5. kez \u00fcst \u00fcste d\u00fcnya ihracat \u015fampiyonu oldu.<\/p>\n<p>Almanya Federal \u0130statistik Kurumu taraf\u0131ndan a\u00e7\u0131klanan 2018 y\u0131l\u0131 ihracat rakamlar\u0131nda y\u00fczde 3\u2019luk bir art\u0131\u015f\u0131n oldu\u011fu ve art\u0131\u015fla birlikte Almanya\u2019n\u0131n 2018 y\u0131l\u0131nda 1 trilyon 318 milyar euro\u2019luk ihracat yapt\u0131\u011f\u0131 bildirildi. Almanya 2018 y\u0131l\u0131n\u0131 da rekor ihracatla kapatarak 5. kez \u00fcst \u00fcste d\u00fcnya ihracat \u015fampiyonu oldu. \u0130thalat\u0131n da 5,7 oran\u0131nda artt\u0131\u011f\u0131 ve 1 trilyon 90 milyara ula\u015ft\u0131\u011f\u0131 belirtildi.<\/p>\n<p>D\u00fcnyada ya\u015fanan ticaret anla\u015fmazl\u0131klar\u0131na ve Brexit endi\u015felerine ra\u011fmen sa\u011flanan ihracat rakamlar\u0131n\u0131n en b\u00fcy\u00fck b\u00f6l\u00fcm\u00fcn\u00fcn Avrupa Birli\u011fi \u00fclkelerine yap\u0131ld\u0131\u011f\u0131 ve bu rakam\u0131n 778,7 milyar euro\u2019ya ula\u015ft\u0131\u011f\u0131 belirtildi. Almanya\u2019da ihracat ve ithalat aras\u0131ndaki d\u0131\u015f ticaret dengesi 227,8 milyar euro olarak belirlendi.<\/p>\n<p>\u0130hracat rakamlar\u0131n\u0131n a\u00e7\u0131klamas\u0131n\u0131n ard\u0131ndan raporu de\u011ferlendiren D\u0131\u015f Ticaret Sendikalar\u0131 (BGA), 2018 y\u0131l\u0131 i\u00e7in y\u00fczde 3,5 art\u0131\u015f beklediklerini ABD\u2019nin ba\u015flatt\u0131\u011f\u0131 ticaret sava\u015flar\u0131n\u0131n, baz\u0131 \u00fclkelere uygulanan yapt\u0131r\u0131mlar ve \u0130ngiltere\u2019nin AB\u2019den ayr\u0131lmas\u0131n\u0131n olu\u015fturdu\u011fu endi\u015feden dolay\u0131 hedefledikleri rakamlara ula\u015famad\u0131klar\u0131n\u0131 a\u00e7\u0131klad\u0131.<div class=\"tiled-gallery type-rectangular tiled-gallery-unresized\" data-original-width=\"500\" data-carousel-extra='null' itemscope itemtype=\"http:\/\/schema.org\/ImageGallery\" > <div class=\"gallery-row\" style=\"width: 500px; height: 190px;\" data-original-width=\"500\" data-original-height=\"190\" > <div class=\"gallery-group images-1\" style=\"width: 229px; height: 190px;\" data-original-width=\"229\" data-original-height=\"190\" > <div class=\"tiled-gallery-item tiled-gallery-item-small\" itemprop=\"associatedMedia\" itemscope itemtype=\"http:\/\/schema.org\/ImageObject\"> <a href=\"http:\/\/www.tvturk.com\/index.php\/almanya-5-kez-ust-uste-dunya-ihracat-sampiyonu-oldu\/almanya-5-kez-ust-uste-dunya-ihracat-sampiyonu-oldu-3\/\" border=\"0\" itemprop=\"url\"> <meta itemprop=\"width\" content=\"225\"> <meta itemprop=\"height\" content=\"186\"> <img decoding=\"async\" class=\"\" data-attachment-id=\"11915\" data-orig-file=\"http:\/\/www.tvturk.com\/wp-content\/uploads\/2019\/02\/almanya-5-kez-ust-uste-dunya-ihracat-sampiyonu-oldu_c7f88eb.jpg\" data-orig-size=\"1000,826\" data-comments-opened=\"\" data-image-meta=\"{&quot;aperture&quot;:&quot;0&quot;,&quot;credit&quot;:&quot;IHA&quot;,&quot;camera&quot;:&quot;&quot;,&quot;caption&quot;:&quot;ALMANYA 2018 YILINDA 1 TR\\u0130LYON 318 M\\u0130LYAR EURO\\u2019LUK \\u0130HRACAT REKORUNA ULA\\u015eARAK 5. KEZ \\u00dcST \\u00dcSTE D\\u00dcNYA \\u0130HRACAT \\u015eAMP\\u0130YONU OLDU. (\\u0130HA\\\/FRANKFURT-\\u0130HA)&quot;,&quot;created_timestamp&quot;:&quot;0&quot;,&quot;copyright&quot;:&quot;\\u0130HLAS HABER AJANSI, www.iha.com.tr&quot;,&quot;focal_length&quot;:&quot;0&quot;,&quot;iso&quot;:&quot;0&quot;,&quot;shutter_speed&quot;:&quot;0&quot;,&quot;title&quot;:&quot;ALMANYA 5. KEZ \\u00dcST \\u00dcSTE D\\u00dcNYA \\u0130HRACAT \\u015eAMP\\u0130YONU OLDU&quot;,&quot;orientation&quot;:&quot;0&quot;}\" data-image-title=\"Almanya 5. kez \u00fcst \u00fcste d\u00fcnya ihracat \u015fampiyonu oldu\" data-image-description=\"&lt;p&gt;Almanya 5. kez \u00fcst \u00fcste d\u00fcnya ihracat \u015fampiyonu oldu&lt;\/p&gt; \" data-medium-file=\"https:\/\/i0.wp.com\/www.tvturk.com\/wp-content\/uploads\/2019\/02\/almanya-5-kez-ust-uste-dunya-ihracat-sampiyonu-oldu_c7f88eb.jpg?fit=300%2C248\" data-large-file=\"https:\/\/i0.wp.com\/www.tvturk.com\/wp-content\/uploads\/2019\/02\/almanya-5-kez-ust-uste-dunya-ihracat-sampiyonu-oldu_c7f88eb.jpg?fit=1000%2C826\" src=\"https:\/\/i0.wp.com\/www.tvturk.com\/wp-content\/uploads\/2019\/02\/almanya-5-kez-ust-uste-dunya-ihracat-sampiyonu-oldu_c7f88eb.jpg?w=225&#038;h=186\" srcset=\"https:\/\/i0.wp.com\/www.tvturk.com\/wp-content\/uploads\/2019\/02\/almanya-5-kez-ust-uste-dunya-ihracat-sampiyonu-oldu_c7f88eb.jpg?w=1000 1000w, https:\/\/i0.wp.com\/www.tvturk.com\/wp-content\/uploads\/2019\/02\/almanya-5-kez-ust-uste-dunya-ihracat-sampiyonu-oldu_c7f88eb.jpg?resize=150%2C124 150w, https:\/\/i0.wp.com\/www.tvturk.com\/wp-content\/uploads\/2019\/02\/almanya-5-kez-ust-uste-dunya-ihracat-sampiyonu-oldu_c7f88eb.jpg?resize=300%2C248 300w, https:\/\/i0.wp.com\/www.tvturk.com\/wp-content\/uploads\/2019\/02\/almanya-5-kez-ust-uste-dunya-ihracat-sampiyonu-oldu_c7f88eb.jpg?resize=768%2C634 768w\" width=\"225\" height=\"186\" loading=\"lazy\" data-original-width=\"225\" data-original-height=\"186\" itemprop=\"http:\/\/schema.org\/image\" title=\"Almanya 5. kez \u00fcst \u00fcste d\u00fcnya ihracat \u015fampiyonu oldu\" alt=\"Almanya 5. kez \u00fcst \u00fcste d\u00fcnya ihracat \u015fampiyonu oldu\" style=\"width: 225px; height: 186px;\" \/> <\/a> <\/div> <\/div> <!-- close group --> <div class=\"gallery-group images-1\" style=\"width: 271px; height: 190px;\" data-original-width=\"271\" data-original-height=\"190\" > <div class=\"tiled-gallery-item tiled-gallery-item-large\" itemprop=\"associatedMedia\" itemscope itemtype=\"http:\/\/schema.org\/ImageObject\"> <a href=\"http:\/\/www.tvturk.com\/index.php\/almanya-5-kez-ust-uste-dunya-ihracat-sampiyonu-oldu\/almanya-5-kez-ust-uste-dunya-ihracat-sampiyonu-oldu-4\/\" border=\"0\" itemprop=\"url\"> <meta itemprop=\"width\" content=\"267\"> <meta itemprop=\"height\" content=\"186\"> <img decoding=\"async\" class=\"\" data-attachment-id=\"11916\" data-orig-file=\"http:\/\/www.tvturk.com\/wp-content\/uploads\/2019\/02\/almanya-5-kez-ust-uste-dunya-ihracat-sampiyonu-oldu_9795004.jpg\" data-orig-size=\"1000,695\" data-comments-opened=\"\" data-image-meta=\"{&quot;aperture&quot;:&quot;0&quot;,&quot;credit&quot;:&quot;IHA&quot;,&quot;camera&quot;:&quot;&quot;,&quot;caption&quot;:&quot;ALMANYA 2018 YILINDA 1 TR\\u0130LYON 318 M\\u0130LYAR EURO\\u2019LUK \\u0130HRACAT REKORUNA ULA\\u015eARAK 5. KEZ \\u00dcST \\u00dcSTE D\\u00dcNYA \\u0130HRACAT \\u015eAMP\\u0130YONU OLDU. (\\u0130HA\\\/FRANKFURT-\\u0130HA)&quot;,&quot;created_timestamp&quot;:&quot;0&quot;,&quot;copyright&quot;:&quot;\\u0130HLAS HABER AJANSI, www.iha.com.tr&quot;,&quot;focal_length&quot;:&quot;0&quot;,&quot;iso&quot;:&quot;0&quot;,&quot;shutter_speed&quot;:&quot;0&quot;,&quot;title&quot;:&quot;ALMANYA 5. KEZ \\u00dcST \\u00dcSTE D\\u00dcNYA \\u0130HRACAT \\u015eAMP\\u0130YONU OLDU&quot;,&quot;orientation&quot;:&quot;0&quot;}\" data-image-title=\"Almanya 5. kez \u00fcst \u00fcste d\u00fcnya ihracat \u015fampiyonu oldu\" data-image-description=\"&lt;p&gt;Almanya 5. kez \u00fcst \u00fcste d\u00fcnya ihracat \u015fampiyonu oldu&lt;\/p&gt; \" data-medium-file=\"https:\/\/i0.wp.com\/www.tvturk.com\/wp-content\/uploads\/2019\/02\/almanya-5-kez-ust-uste-dunya-ihracat-sampiyonu-oldu_9795004.jpg?fit=300%2C209\" data-large-file=\"https:\/\/i0.wp.com\/www.tvturk.com\/wp-content\/uploads\/2019\/02\/almanya-5-kez-ust-uste-dunya-ihracat-sampiyonu-oldu_9795004.jpg?fit=1000%2C695\" src=\"https:\/\/i0.wp.com\/www.tvturk.com\/wp-content\/uploads\/2019\/02\/almanya-5-kez-ust-uste-dunya-ihracat-sampiyonu-oldu_9795004.jpg?w=267&#038;h=186\" srcset=\"https:\/\/i0.wp.com\/www.tvturk.com\/wp-content\/uploads\/2019\/02\/almanya-5-kez-ust-uste-dunya-ihracat-sampiyonu-oldu_9795004.jpg?w=1000 1000w, https:\/\/i0.wp.com\/www.tvturk.com\/wp-content\/uploads\/2019\/02\/almanya-5-kez-ust-uste-dunya-ihracat-sampiyonu-oldu_9795004.jpg?resize=150%2C104 150w, https:\/\/i0.wp.com\/www.tvturk.com\/wp-content\/uploads\/2019\/02\/almanya-5-kez-ust-uste-dunya-ihracat-sampiyonu-oldu_9795004.jpg?resize=300%2C209 300w, https:\/\/i0.wp.com\/www.tvturk.com\/wp-content\/uploads\/2019\/02\/almanya-5-kez-ust-uste-dunya-ihracat-sampiyonu-oldu_9795004.jpg?resize=768%2C534 768w, https:\/\/i0.wp.com\/www.tvturk.com\/wp-content\/uploads\/2019\/02\/almanya-5-kez-ust-uste-dunya-ihracat-sampiyonu-oldu_9795004.jpg?resize=80%2C55 80w\" width=\"267\" height=\"186\" loading=\"lazy\" data-original-width=\"267\" data-original-height=\"186\" itemprop=\"http:\/\/schema.org\/image\" title=\"Almanya 5. kez \u00fcst \u00fcste d\u00fcnya ihracat \u015fampiyonu oldu\" alt=\"Almanya 5. kez \u00fcst \u00fcste d\u00fcnya ihracat \u015fampiyonu oldu\" style=\"width: 267px; height: 186px;\" \/> <\/a> <\/div> <\/div> <!-- close group --> <\/div> <!-- close row --> <\/div><\/p>\n","protected":false},"excerpt":{"rendered":"<p>ALMANYA 2018 YILINDA 1 TR\u0130LYON 318 M\u0130LYAR EURO\u2019LUK \u0130HRACAT REKORUNA ULA\u015eARAK 5. KEZ \u00dcST \u00dcSTE D\u00dcNYA \u0130HRACAT \u015eAMP\u0130YONU OLDU.<\/p>\n","protected":false},"author":1,"featured_media":11914,"comment_status":"closed","ping_status":"open","sticky":false,"template":"","format":"standard","meta":{"jetpack_post_was_ever_published":false,"_jetpack_newsletter_access":"","_jetpack_dont_email_post_to_subs":false,"_jetpack_newsletter_tier_id":0,"_jetpack_memberships_contains_paywalled_content":false,"_jetpack_memberships_contains_paid_content":false,"footnotes":"","jetpack_publicize_message":"","jetpack_publicize_feature_enabled":true,"jetpack_social_post_already_shared":false,"jetpack_social_options":{"image_generator_settings":{"template":"highway","default_image_id":0,"font":"","enabled":false},"version":2}},"categories":[19],"tags":[349,42,48,1497,77,2415,2320,6111],"class_list":["post-11913","post","type-post","status-publish","format-standard","has-post-thumbnail","hentry","category-ekonomi","tag-dunya","tag-almanya","tag-ihracat","tag-kez","tag-oldu","tag-sampiyonu","tag-ust","tag-uste"],"jetpack_publicize_connections":[],"jetpack_featured_media_url":"https:\/\/i0.wp.com\/www.tvturk.com\/wp-content\/uploads\/2019\/02\/almanya-5-kez-ust-uste-dunya-ihracat-sampiyonu-oldu_5e4cd59.jpg?fit=1000%2C645","jetpack_sharing_enabled":true,"jetpack_shortlink":"https:\/\/wp.me\/paKIfm-369","_links":{"self":[{"href":"http:\/\/www.tvturk.com\/index.php\/wp-json\/wp\/v2\/posts\/11913","targetHints":{"allow":["GET"]}}],"collection":[{"href":"http:\/\/www.tvturk.com\/index.php\/wp-json\/wp\/v2\/posts"}],"about":[{"href":"http:\/\/www.tvturk.com\/index.php\/wp-json\/wp\/v2\/types\/post"}],"author":[{"embeddable":true,"href":"http:\/\/www.tvturk.com\/index.php\/wp-json\/wp\/v2\/users\/1"}],"replies":[{"embeddable":true,"href":"http:\/\/www.tvturk.com\/index.php\/wp-json\/wp\/v2\/comments?post=11913"}],"version-history":[{"count":1,"href":"http:\/\/www.tvturk.com\/index.php\/wp-json\/wp\/v2\/posts\/11913\/revisions"}],"predecessor-version":[{"id":11917,"href":"http:\/\/www.tvturk.com\/index.php\/wp-json\/wp\/v2\/posts\/11913\/revisions\/11917"}],"wp:featuredmedia":[{"embeddable":true,"href":"http:\/\/www.tvturk.com\/index.php\/wp-json\/wp\/v2\/media\/11914"}],"wp:attachment":[{"href":"http:\/\/www.tvturk.com\/index.php\/wp-json\/wp\/v2\/media?parent=11913"}],"wp:term":[{"taxonomy":"category","embeddable":true,"href":"http:\/\/www.tvturk.com\/index.php\/wp-json\/wp\/v2\/categories?post=11913"},{"taxonomy":"post_tag","embeddable":true,"href":"http:\/\/www.tvturk.com\/index.php\/wp-json\/wp\/v2\/tags?post=11913"}],"curies":[{"name":"wp","href":"https:\/\/api.w.org\/{rel}","templated":true}]}}