{"id":119349,"date":"2019-03-31T09:38:49","date_gmt":"2019-03-31T06:38:49","guid":{"rendered":"http:\/\/www.tvturk.com\/index.php\/deprem-bolgesinde-oylar-cadirda-kullanilmaya-baslandi\/"},"modified":"2019-03-31T09:38:54","modified_gmt":"2019-03-31T06:38:54","slug":"deprem-bolgesinde-oylar-cadirda-kullanilmaya-baslandi","status":"publish","type":"post","link":"http:\/\/www.tvturk.com\/index.php\/deprem-bolgesinde-oylar-cadirda-kullanilmaya-baslandi\/","title":{"rendered":"Deprem b\u00f6lgesinde oylar \u00e7ad\u0131rda kullan\u0131lmaya ba\u015fland\u0131"},"content":{"rendered":"<p>Denizli\u2019nin Ac\u0131payam il\u00e7esindeki deprem b\u00f6lgesinde, art\u00e7\u0131 sars\u0131nt\u0131lar devam ederken, \u00e7ad\u0131rda ya\u015fayan depremzedeler yerel se\u00e7imlerde oylar\u0131n\u0131 \u0130l\u00e7e Se\u00e7im Kurulu taraf\u0131ndan baz\u0131 mahallelerde kurulan se\u00e7im \u00e7ad\u0131rlar\u0131nda kulland\u0131.<\/p>\n<p>Ac\u0131payam il\u00e7esinde 20 Mart \u00c7ar\u015famba g\u00fcn\u00fc meydana gelen 5.5 b\u00fcy\u00fckl\u00fc\u011f\u00fcndeki depremde bir\u00e7ok evde hasar olu\u015furken, baz\u0131 evler de y\u0131k\u0131ld\u0131. B\u00f6lgede devam eden art\u00e7\u0131 sars\u0131nt\u0131lar nedeniyle okullar da o g\u00fcnden bu yana a\u00e7\u0131lmad\u0131. Bug\u00fcn ger\u00e7ekle\u015ftirilen yerel se\u00e7imlerde il\u00e7eye ba\u011fl\u0131 O\u011fuz Mahallesi\u2019nde daha \u00f6nceki se\u00e7imlerde kullan\u0131lan k\u00f6y k\u0131raathanesinin depremde zarar g\u00f6rmesi nedeniyle \u0130l\u00e7e Se\u00e7im Kurulu, O\u011fuz Mahallesi\u2019nde 208, \u00c7ubuklar Mahallesi\u2019nde 50 olmak \u00fczere toplam 258 depremzede se\u00e7menin oy kullanma i\u015flemlerini ger\u00e7ekle\u015ftirilebilmeleri i\u00e7in Afet ve Acil Durum Y\u00f6netimi (AFAD) arac\u0131l\u0131\u011f\u0131yla \u00e7ad\u0131r kurdu. Sabah\u0131n erken saatlerinde \u00e7ad\u0131r\u0131n \u00f6n\u00fcne gelen depremzedeler oylar\u0131n\u0131 kullanmaya ba\u015flad\u0131.<\/p>\n<p>Depremzedeler tek tek \u00e7ad\u0131rlara davet edilerek oy vermeleri sa\u011fland\u0131<\/p>\n<p>B\u00f6lgede baz\u0131 mahallelerde oy kullanma i\u015flemi risk bulunmayan binalarda yap\u0131lacak ancak depremden en \u00e7ok zarar g\u00f6ren O\u011fuz ve \u00c7ubuklar mahallelerinde ise oy kullanma i\u015flemi kurulan \u00e7ad\u0131rlarda yap\u0131lacak.<\/p>\n<p>Sabah\u0131n erken saatlerinde \u00e7ad\u0131ra gelen se\u00e7im ve sand\u0131k g\u00f6revlileri oy pusulas\u0131 ve zarflar\u0131 haz\u0131rlad\u0131ktan sonra depremzedeler tek tek \u00e7ad\u0131rlara davet edilerek oy vermeleri sa\u011fland\u0131.<div class=\"tiled-gallery type-rectangular tiled-gallery-unresized\" data-original-width=\"500\" data-carousel-extra='null' itemscope itemtype=\"http:\/\/schema.org\/ImageGallery\" > <div class=\"gallery-row\" style=\"width: 500px; height: 225px;\" data-original-width=\"500\" data-original-height=\"225\" > <div class=\"gallery-group images-1\" style=\"width: 336px; height: 225px;\" data-original-width=\"336\" data-original-height=\"225\" > <div class=\"tiled-gallery-item tiled-gallery-item-large\" itemprop=\"associatedMedia\" itemscope itemtype=\"http:\/\/schema.org\/ImageObject\"> <a href=\"http:\/\/www.tvturk.com\/index.php\/deprem-bolgesinde-oylar-cadirda-kullanilmaya-baslandi\/deprem-bolgesinde-oylar-cadirda-kullanilmaya-baslandi-3\/\" border=\"0\" itemprop=\"url\"> <meta itemprop=\"width\" content=\"332\"> <meta itemprop=\"height\" content=\"221\"> <img decoding=\"async\" class=\"\" data-attachment-id=\"119351\" data-orig-file=\"http:\/\/www.tvturk.com\/wp-content\/uploads\/2019\/03\/deprem-bolgesinde-oylar-cadirda-kullanilmaya-baslandi_15416f7.jpg\" data-orig-size=\"1000,666\" data-comments-opened=\"\" data-image-meta=\"{&quot;aperture&quot;:&quot;0&quot;,&quot;credit&quot;:&quot;IHA&quot;,&quot;camera&quot;:&quot;&quot;,&quot;caption&quot;:&quot;DEN\\u0130ZL\\u0130\\u2019N\\u0130N ACIPAYAM \\u0130L\\u00c7ES\\u0130NDEK\\u0130 DEPREM B\\u00d6LGES\\u0130NDE, ART\\u00c7I SARSINTILAR DEVAM EDERKEN \\u00c7ADIRDA YA\\u015eAYAN DEPREMZEDELER YEREL SE\\u00c7\\u0130MLERDE OYLARINI \\u0130L\\u00c7E SE\\u00c7\\u0130M KURULU TARAFINDAN BAZI MAHALLELERDE KURULAN SE\\u00c7\\u0130M \\u00c7ADIRLARINDA KULLANDI. (AL\\u0130 \\u0130B\\u0130LEME - G\\u00d6KTEN CEYLAN\\\/DEN\\u0130ZL\\u0130-\\u0130HA)&quot;,&quot;created_timestamp&quot;:&quot;0&quot;,&quot;copyright&quot;:&quot;\\u0130HLAS HABER AJANSI, www.iha.com.tr&quot;,&quot;focal_length&quot;:&quot;0&quot;,&quot;iso&quot;:&quot;0&quot;,&quot;shutter_speed&quot;:&quot;0&quot;,&quot;title&quot;:&quot;DEPREM B\\u00d6LGES\\u0130NDE OYLAR \\u00c7ADIRDA KULLANILMAYA BA\\u015eLANDI DEPREMZEDELER KALDIKLARI \\u00c7ADIRDAN \\u00c7IKIP OY KULLANMAK \\u0130\\u00c7\\u0130N TEKRAR \\u00c7ADIRIN YOLUNU TUTTU 258 SE\\u00c7MEN OYUNU \\u00c7ADIRDA KULLANACAK&quot;,&quot;orientation&quot;:&quot;0&quot;}\" data-image-title=\"Deprem b\u00f6lgesinde oylar \u00e7ad\u0131rda kullan\u0131lmaya ba\u015fland\u0131\" data-image-description=\"&lt;p&gt;Deprem b\u00f6lgesinde oylar \u00e7ad\u0131rda kullan\u0131lmaya ba\u015fland\u0131&lt;\/p&gt; \" data-medium-file=\"https:\/\/i0.wp.com\/www.tvturk.com\/wp-content\/uploads\/2019\/03\/deprem-bolgesinde-oylar-cadirda-kullanilmaya-baslandi_15416f7.jpg?fit=300%2C200\" data-large-file=\"https:\/\/i0.wp.com\/www.tvturk.com\/wp-content\/uploads\/2019\/03\/deprem-bolgesinde-oylar-cadirda-kullanilmaya-baslandi_15416f7.jpg?fit=1000%2C666\" src=\"https:\/\/i0.wp.com\/www.tvturk.com\/wp-content\/uploads\/2019\/03\/deprem-bolgesinde-oylar-cadirda-kullanilmaya-baslandi_15416f7.jpg?w=332&#038;h=221\" srcset=\"https:\/\/i0.wp.com\/www.tvturk.com\/wp-content\/uploads\/2019\/03\/deprem-bolgesinde-oylar-cadirda-kullanilmaya-baslandi_15416f7.jpg?w=1000 1000w, https:\/\/i0.wp.com\/www.tvturk.com\/wp-content\/uploads\/2019\/03\/deprem-bolgesinde-oylar-cadirda-kullanilmaya-baslandi_15416f7.jpg?resize=150%2C100 150w, https:\/\/i0.wp.com\/www.tvturk.com\/wp-content\/uploads\/2019\/03\/deprem-bolgesinde-oylar-cadirda-kullanilmaya-baslandi_15416f7.jpg?resize=300%2C200 300w, https:\/\/i0.wp.com\/www.tvturk.com\/wp-content\/uploads\/2019\/03\/deprem-bolgesinde-oylar-cadirda-kullanilmaya-baslandi_15416f7.jpg?resize=768%2C511 768w, https:\/\/i0.wp.com\/www.tvturk.com\/wp-content\/uploads\/2019\/03\/deprem-bolgesinde-oylar-cadirda-kullanilmaya-baslandi_15416f7.jpg?resize=170%2C113 170w, https:\/\/i0.wp.com\/www.tvturk.com\/wp-content\/uploads\/2019\/03\/deprem-bolgesinde-oylar-cadirda-kullanilmaya-baslandi_15416f7.jpg?resize=120%2C80 120w\" width=\"332\" height=\"221\" loading=\"lazy\" data-original-width=\"332\" data-original-height=\"221\" itemprop=\"http:\/\/schema.org\/image\" title=\"Deprem b\u00f6lgesinde oylar \u00e7ad\u0131rda kullan\u0131lmaya ba\u015fland\u0131\" alt=\"Deprem b\u00f6lgesinde oylar \u00e7ad\u0131rda kullan\u0131lmaya ba\u015fland\u0131\" style=\"width: 332px; height: 221px;\" \/> <\/a> <\/div> <\/div> <!-- close group --> <div class=\"gallery-group images-2\" style=\"width: 164px; height: 225px;\" data-original-width=\"164\" data-original-height=\"225\" > <div class=\"tiled-gallery-item tiled-gallery-item-small\" itemprop=\"associatedMedia\" itemscope itemtype=\"http:\/\/schema.org\/ImageObject\"> <a href=\"http:\/\/www.tvturk.com\/index.php\/deprem-bolgesinde-oylar-cadirda-kullanilmaya-baslandi\/deprem-bolgesinde-oylar-cadirda-kullanilmaya-baslandi-4\/\" border=\"0\" itemprop=\"url\"> <meta itemprop=\"width\" content=\"160\"> <meta itemprop=\"height\" content=\"111\"> <img decoding=\"async\" class=\"\" data-attachment-id=\"119352\" data-orig-file=\"http:\/\/www.tvturk.com\/wp-content\/uploads\/2019\/03\/deprem-bolgesinde-oylar-cadirda-kullanilmaya-baslandi_65bc405.jpg\" data-orig-size=\"1000,696\" data-comments-opened=\"\" data-image-meta=\"{&quot;aperture&quot;:&quot;0&quot;,&quot;credit&quot;:&quot;IHA&quot;,&quot;camera&quot;:&quot;&quot;,&quot;caption&quot;:&quot;DEN\\u0130ZL\\u0130\\u2019N\\u0130N ACIPAYAM \\u0130L\\u00c7ES\\u0130NDEK\\u0130 DEPREM B\\u00d6LGES\\u0130NDE, ART\\u00c7I SARSINTILAR DEVAM EDERKEN \\u00c7ADIRDA YA\\u015eAYAN DEPREMZEDELER YEREL SE\\u00c7\\u0130MLERDE OYLARINI \\u0130L\\u00c7E SE\\u00c7\\u0130M KURULU TARAFINDAN BAZI MAHALLELERDE KURULAN SE\\u00c7\\u0130M \\u00c7ADIRLARINDA KULLANDI. (AL\\u0130 \\u0130B\\u0130LEME - G\\u00d6KTEN CEYLAN\\\/DEN\\u0130ZL\\u0130-\\u0130HA)&quot;,&quot;created_timestamp&quot;:&quot;0&quot;,&quot;copyright&quot;:&quot;\\u0130HLAS HABER AJANSI, www.iha.com.tr&quot;,&quot;focal_length&quot;:&quot;0&quot;,&quot;iso&quot;:&quot;0&quot;,&quot;shutter_speed&quot;:&quot;0&quot;,&quot;title&quot;:&quot;DEPREM B\\u00d6LGES\\u0130NDE OYLAR \\u00c7ADIRDA KULLANILMAYA BA\\u015eLANDI DEPREMZEDELER KALDIKLARI \\u00c7ADIRDAN \\u00c7IKIP OY KULLANMAK \\u0130\\u00c7\\u0130N TEKRAR \\u00c7ADIRIN YOLUNU TUTTU 258 SE\\u00c7MEN OYUNU \\u00c7ADIRDA KULLANACAK&quot;,&quot;orientation&quot;:&quot;0&quot;}\" data-image-title=\"Deprem b\u00f6lgesinde oylar \u00e7ad\u0131rda kullan\u0131lmaya ba\u015fland\u0131\" data-image-description=\"&lt;p&gt;Deprem b\u00f6lgesinde oylar \u00e7ad\u0131rda kullan\u0131lmaya ba\u015fland\u0131&lt;\/p&gt; \" data-medium-file=\"https:\/\/i0.wp.com\/www.tvturk.com\/wp-content\/uploads\/2019\/03\/deprem-bolgesinde-oylar-cadirda-kullanilmaya-baslandi_65bc405.jpg?fit=300%2C209\" data-large-file=\"https:\/\/i0.wp.com\/www.tvturk.com\/wp-content\/uploads\/2019\/03\/deprem-bolgesinde-oylar-cadirda-kullanilmaya-baslandi_65bc405.jpg?fit=1000%2C696\" src=\"https:\/\/i0.wp.com\/www.tvturk.com\/wp-content\/uploads\/2019\/03\/deprem-bolgesinde-oylar-cadirda-kullanilmaya-baslandi_65bc405.jpg?w=160&#038;h=111\" srcset=\"https:\/\/i0.wp.com\/www.tvturk.com\/wp-content\/uploads\/2019\/03\/deprem-bolgesinde-oylar-cadirda-kullanilmaya-baslandi_65bc405.jpg?w=1000 1000w, https:\/\/i0.wp.com\/www.tvturk.com\/wp-content\/uploads\/2019\/03\/deprem-bolgesinde-oylar-cadirda-kullanilmaya-baslandi_65bc405.jpg?resize=150%2C104 150w, https:\/\/i0.wp.com\/www.tvturk.com\/wp-content\/uploads\/2019\/03\/deprem-bolgesinde-oylar-cadirda-kullanilmaya-baslandi_65bc405.jpg?resize=300%2C209 300w, https:\/\/i0.wp.com\/www.tvturk.com\/wp-content\/uploads\/2019\/03\/deprem-bolgesinde-oylar-cadirda-kullanilmaya-baslandi_65bc405.jpg?resize=768%2C535 768w, https:\/\/i0.wp.com\/www.tvturk.com\/wp-content\/uploads\/2019\/03\/deprem-bolgesinde-oylar-cadirda-kullanilmaya-baslandi_65bc405.jpg?resize=80%2C55 80w\" width=\"160\" height=\"111\" loading=\"lazy\" data-original-width=\"160\" data-original-height=\"111\" itemprop=\"http:\/\/schema.org\/image\" title=\"Deprem b\u00f6lgesinde oylar \u00e7ad\u0131rda kullan\u0131lmaya ba\u015fland\u0131\" alt=\"Deprem b\u00f6lgesinde oylar \u00e7ad\u0131rda kullan\u0131lmaya ba\u015fland\u0131\" style=\"width: 160px; height: 111px;\" \/> <\/a> <\/div> <div class=\"tiled-gallery-item tiled-gallery-item-small\" itemprop=\"associatedMedia\" itemscope itemtype=\"http:\/\/schema.org\/ImageObject\"> <a href=\"http:\/\/www.tvturk.com\/index.php\/deprem-bolgesinde-oylar-cadirda-kullanilmaya-baslandi\/deprem-bolgesinde-oylar-cadirda-kullanilmaya-baslandi-5\/\" border=\"0\" itemprop=\"url\"> <meta itemprop=\"width\" content=\"160\"> <meta itemprop=\"height\" content=\"106\"> <img decoding=\"async\" class=\"\" data-attachment-id=\"119353\" data-orig-file=\"http:\/\/www.tvturk.com\/wp-content\/uploads\/2019\/03\/deprem-bolgesinde-oylar-cadirda-kullanilmaya-baslandi_aeeae15.jpg\" data-orig-size=\"1000,666\" data-comments-opened=\"\" data-image-meta=\"{&quot;aperture&quot;:&quot;0&quot;,&quot;credit&quot;:&quot;IHA&quot;,&quot;camera&quot;:&quot;&quot;,&quot;caption&quot;:&quot;DEN\\u0130ZL\\u0130\\u2019N\\u0130N ACIPAYAM \\u0130L\\u00c7ES\\u0130NDEK\\u0130 DEPREM B\\u00d6LGES\\u0130NDE, ART\\u00c7I SARSINTILAR DEVAM EDERKEN \\u00c7ADIRDA YA\\u015eAYAN DEPREMZEDELER YEREL SE\\u00c7\\u0130MLERDE OYLARINI \\u0130L\\u00c7E SE\\u00c7\\u0130M KURULU TARAFINDAN BAZI MAHALLELERDE KURULAN SE\\u00c7\\u0130M \\u00c7ADIRLARINDA KULLANDI. (AL\\u0130 \\u0130B\\u0130LEME - G\\u00d6KTEN CEYLAN\\\/DEN\\u0130ZL\\u0130-\\u0130HA)&quot;,&quot;created_timestamp&quot;:&quot;0&quot;,&quot;copyright&quot;:&quot;\\u0130HLAS HABER AJANSI, www.iha.com.tr&quot;,&quot;focal_length&quot;:&quot;0&quot;,&quot;iso&quot;:&quot;0&quot;,&quot;shutter_speed&quot;:&quot;0&quot;,&quot;title&quot;:&quot;DEPREM B\\u00d6LGES\\u0130NDE OYLAR \\u00c7ADIRDA KULLANILMAYA BA\\u015eLANDI DEPREMZEDELER KALDIKLARI \\u00c7ADIRDAN \\u00c7IKIP OY KULLANMAK \\u0130\\u00c7\\u0130N TEKRAR \\u00c7ADIRIN YOLUNU TUTTU 258 SE\\u00c7MEN OYUNU \\u00c7ADIRDA KULLANACAK&quot;,&quot;orientation&quot;:&quot;0&quot;}\" data-image-title=\"Deprem b\u00f6lgesinde oylar \u00e7ad\u0131rda kullan\u0131lmaya ba\u015fland\u0131\" data-image-description=\"&lt;p&gt;Deprem b\u00f6lgesinde oylar \u00e7ad\u0131rda kullan\u0131lmaya ba\u015fland\u0131&lt;\/p&gt; \" data-medium-file=\"https:\/\/i0.wp.com\/www.tvturk.com\/wp-content\/uploads\/2019\/03\/deprem-bolgesinde-oylar-cadirda-kullanilmaya-baslandi_aeeae15.jpg?fit=300%2C200\" data-large-file=\"https:\/\/i0.wp.com\/www.tvturk.com\/wp-content\/uploads\/2019\/03\/deprem-bolgesinde-oylar-cadirda-kullanilmaya-baslandi_aeeae15.jpg?fit=1000%2C666\" src=\"https:\/\/i0.wp.com\/www.tvturk.com\/wp-content\/uploads\/2019\/03\/deprem-bolgesinde-oylar-cadirda-kullanilmaya-baslandi_aeeae15.jpg?w=160&#038;h=106\" srcset=\"https:\/\/i0.wp.com\/www.tvturk.com\/wp-content\/uploads\/2019\/03\/deprem-bolgesinde-oylar-cadirda-kullanilmaya-baslandi_aeeae15.jpg?w=1000 1000w, https:\/\/i0.wp.com\/www.tvturk.com\/wp-content\/uploads\/2019\/03\/deprem-bolgesinde-oylar-cadirda-kullanilmaya-baslandi_aeeae15.jpg?resize=150%2C100 150w, https:\/\/i0.wp.com\/www.tvturk.com\/wp-content\/uploads\/2019\/03\/deprem-bolgesinde-oylar-cadirda-kullanilmaya-baslandi_aeeae15.jpg?resize=300%2C200 300w, https:\/\/i0.wp.com\/www.tvturk.com\/wp-content\/uploads\/2019\/03\/deprem-bolgesinde-oylar-cadirda-kullanilmaya-baslandi_aeeae15.jpg?resize=768%2C511 768w, https:\/\/i0.wp.com\/www.tvturk.com\/wp-content\/uploads\/2019\/03\/deprem-bolgesinde-oylar-cadirda-kullanilmaya-baslandi_aeeae15.jpg?resize=170%2C113 170w, https:\/\/i0.wp.com\/www.tvturk.com\/wp-content\/uploads\/2019\/03\/deprem-bolgesinde-oylar-cadirda-kullanilmaya-baslandi_aeeae15.jpg?resize=120%2C80 120w\" width=\"160\" height=\"106\" loading=\"lazy\" data-original-width=\"160\" data-original-height=\"106\" itemprop=\"http:\/\/schema.org\/image\" title=\"Deprem b\u00f6lgesinde oylar \u00e7ad\u0131rda kullan\u0131lmaya ba\u015fland\u0131\" alt=\"Deprem b\u00f6lgesinde oylar \u00e7ad\u0131rda kullan\u0131lmaya ba\u015fland\u0131\" style=\"width: 160px; height: 106px;\" \/> <\/a> <\/div> <\/div> <!-- close group --> <\/div> <!-- close row --> <div class=\"gallery-row\" style=\"width: 500px; height: 165px;\" data-original-width=\"500\" data-original-height=\"165\" > <div class=\"gallery-group images-1\" style=\"width: 246px; height: 165px;\" data-original-width=\"246\" data-original-height=\"165\" > <div class=\"tiled-gallery-item tiled-gallery-item-small\" itemprop=\"associatedMedia\" itemscope itemtype=\"http:\/\/schema.org\/ImageObject\"> <a href=\"http:\/\/www.tvturk.com\/index.php\/deprem-bolgesinde-oylar-cadirda-kullanilmaya-baslandi\/deprem-bolgesinde-oylar-cadirda-kullanilmaya-baslandi-6\/\" border=\"0\" itemprop=\"url\"> <meta itemprop=\"width\" content=\"242\"> <meta itemprop=\"height\" content=\"161\"> <img decoding=\"async\" class=\"\" data-attachment-id=\"119354\" data-orig-file=\"http:\/\/www.tvturk.com\/wp-content\/uploads\/2019\/03\/deprem-bolgesinde-oylar-cadirda-kullanilmaya-baslandi_3cc0393.jpg\" data-orig-size=\"1000,666\" data-comments-opened=\"\" data-image-meta=\"{&quot;aperture&quot;:&quot;0&quot;,&quot;credit&quot;:&quot;IHA&quot;,&quot;camera&quot;:&quot;&quot;,&quot;caption&quot;:&quot;DEN\\u0130ZL\\u0130\\u2019N\\u0130N ACIPAYAM \\u0130L\\u00c7ES\\u0130NDEK\\u0130 DEPREM B\\u00d6LGES\\u0130NDE, ART\\u00c7I SARSINTILAR DEVAM EDERKEN \\u00c7ADIRDA YA\\u015eAYAN DEPREMZEDELER YEREL SE\\u00c7\\u0130MLERDE OYLARINI \\u0130L\\u00c7E SE\\u00c7\\u0130M KURULU TARAFINDAN BAZI MAHALLELERDE KURULAN SE\\u00c7\\u0130M \\u00c7ADIRLARINDA KULLANDI. (AL\\u0130 \\u0130B\\u0130LEME - G\\u00d6KTEN CEYLAN\\\/DEN\\u0130ZL\\u0130-\\u0130HA)&quot;,&quot;created_timestamp&quot;:&quot;0&quot;,&quot;copyright&quot;:&quot;\\u0130HLAS HABER AJANSI, www.iha.com.tr&quot;,&quot;focal_length&quot;:&quot;0&quot;,&quot;iso&quot;:&quot;0&quot;,&quot;shutter_speed&quot;:&quot;0&quot;,&quot;title&quot;:&quot;DEPREM B\\u00d6LGES\\u0130NDE OYLAR \\u00c7ADIRDA KULLANILMAYA BA\\u015eLANDI DEPREMZEDELER KALDIKLARI \\u00c7ADIRDAN \\u00c7IKIP OY KULLANMAK \\u0130\\u00c7\\u0130N TEKRAR \\u00c7ADIRIN YOLUNU TUTTU 258 SE\\u00c7MEN OYUNU \\u00c7ADIRDA KULLANACAK&quot;,&quot;orientation&quot;:&quot;0&quot;}\" data-image-title=\"Deprem b\u00f6lgesinde oylar \u00e7ad\u0131rda kullan\u0131lmaya ba\u015fland\u0131\" data-image-description=\"&lt;p&gt;Deprem b\u00f6lgesinde oylar \u00e7ad\u0131rda kullan\u0131lmaya ba\u015fland\u0131&lt;\/p&gt; \" data-medium-file=\"https:\/\/i0.wp.com\/www.tvturk.com\/wp-content\/uploads\/2019\/03\/deprem-bolgesinde-oylar-cadirda-kullanilmaya-baslandi_3cc0393.jpg?fit=300%2C200\" data-large-file=\"https:\/\/i0.wp.com\/www.tvturk.com\/wp-content\/uploads\/2019\/03\/deprem-bolgesinde-oylar-cadirda-kullanilmaya-baslandi_3cc0393.jpg?fit=1000%2C666\" src=\"https:\/\/i0.wp.com\/www.tvturk.com\/wp-content\/uploads\/2019\/03\/deprem-bolgesinde-oylar-cadirda-kullanilmaya-baslandi_3cc0393.jpg?w=242&#038;h=161\" srcset=\"https:\/\/i0.wp.com\/www.tvturk.com\/wp-content\/uploads\/2019\/03\/deprem-bolgesinde-oylar-cadirda-kullanilmaya-baslandi_3cc0393.jpg?w=1000 1000w, https:\/\/i0.wp.com\/www.tvturk.com\/wp-content\/uploads\/2019\/03\/deprem-bolgesinde-oylar-cadirda-kullanilmaya-baslandi_3cc0393.jpg?resize=150%2C100 150w, https:\/\/i0.wp.com\/www.tvturk.com\/wp-content\/uploads\/2019\/03\/deprem-bolgesinde-oylar-cadirda-kullanilmaya-baslandi_3cc0393.jpg?resize=300%2C200 300w, https:\/\/i0.wp.com\/www.tvturk.com\/wp-content\/uploads\/2019\/03\/deprem-bolgesinde-oylar-cadirda-kullanilmaya-baslandi_3cc0393.jpg?resize=768%2C511 768w, https:\/\/i0.wp.com\/www.tvturk.com\/wp-content\/uploads\/2019\/03\/deprem-bolgesinde-oylar-cadirda-kullanilmaya-baslandi_3cc0393.jpg?resize=170%2C113 170w, https:\/\/i0.wp.com\/www.tvturk.com\/wp-content\/uploads\/2019\/03\/deprem-bolgesinde-oylar-cadirda-kullanilmaya-baslandi_3cc0393.jpg?resize=120%2C80 120w\" width=\"242\" height=\"161\" loading=\"lazy\" data-original-width=\"242\" data-original-height=\"161\" itemprop=\"http:\/\/schema.org\/image\" title=\"Deprem b\u00f6lgesinde oylar \u00e7ad\u0131rda kullan\u0131lmaya ba\u015fland\u0131\" alt=\"Deprem b\u00f6lgesinde oylar \u00e7ad\u0131rda kullan\u0131lmaya ba\u015fland\u0131\" style=\"width: 242px; height: 161px;\" \/> <\/a> <\/div> <\/div> <!-- close group --> <div class=\"gallery-group images-1\" style=\"width: 254px; height: 165px;\" data-original-width=\"254\" data-original-height=\"165\" > <div class=\"tiled-gallery-item tiled-gallery-item-large\" itemprop=\"associatedMedia\" itemscope itemtype=\"http:\/\/schema.org\/ImageObject\"> <a href=\"http:\/\/www.tvturk.com\/index.php\/deprem-bolgesinde-oylar-cadirda-kullanilmaya-baslandi\/deprem-bolgesinde-oylar-cadirda-kullanilmaya-baslandi-7\/\" border=\"0\" itemprop=\"url\"> <meta itemprop=\"width\" content=\"250\"> <meta itemprop=\"height\" content=\"161\"> <img decoding=\"async\" class=\"\" data-attachment-id=\"119355\" data-orig-file=\"http:\/\/www.tvturk.com\/wp-content\/uploads\/2019\/03\/deprem-bolgesinde-oylar-cadirda-kullanilmaya-baslandi_896df61.jpg\" data-orig-size=\"1000,644\" data-comments-opened=\"\" data-image-meta=\"{&quot;aperture&quot;:&quot;0&quot;,&quot;credit&quot;:&quot;IHA&quot;,&quot;camera&quot;:&quot;&quot;,&quot;caption&quot;:&quot;DEN\\u0130ZL\\u0130\\u2019N\\u0130N ACIPAYAM \\u0130L\\u00c7ES\\u0130NDEK\\u0130 DEPREM B\\u00d6LGES\\u0130NDE, ART\\u00c7I SARSINTILAR DEVAM EDERKEN \\u00c7ADIRDA YA\\u015eAYAN DEPREMZEDELER YEREL SE\\u00c7\\u0130MLERDE OYLARINI \\u0130L\\u00c7E SE\\u00c7\\u0130M KURULU TARAFINDAN BAZI MAHALLELERDE KURULAN SE\\u00c7\\u0130M \\u00c7ADIRLARINDA KULLANDI. (AL\\u0130 \\u0130B\\u0130LEME - G\\u00d6KTEN CEYLAN\\\/DEN\\u0130ZL\\u0130-\\u0130HA)&quot;,&quot;created_timestamp&quot;:&quot;0&quot;,&quot;copyright&quot;:&quot;\\u0130HLAS HABER AJANSI, www.iha.com.tr&quot;,&quot;focal_length&quot;:&quot;0&quot;,&quot;iso&quot;:&quot;0&quot;,&quot;shutter_speed&quot;:&quot;0&quot;,&quot;title&quot;:&quot;DEPREM B\\u00d6LGES\\u0130NDE OYLAR \\u00c7ADIRDA KULLANILMAYA BA\\u015eLANDI DEPREMZEDELER KALDIKLARI \\u00c7ADIRDAN \\u00c7IKIP OY KULLANMAK \\u0130\\u00c7\\u0130N TEKRAR \\u00c7ADIRIN YOLUNU TUTTU 258 SE\\u00c7MEN OYUNU \\u00c7ADIRDA KULLANACAK&quot;,&quot;orientation&quot;:&quot;0&quot;}\" data-image-title=\"Deprem b\u00f6lgesinde oylar \u00e7ad\u0131rda kullan\u0131lmaya ba\u015fland\u0131\" data-image-description=\"&lt;p&gt;Deprem b\u00f6lgesinde oylar \u00e7ad\u0131rda kullan\u0131lmaya ba\u015fland\u0131&lt;\/p&gt; \" data-medium-file=\"https:\/\/i0.wp.com\/www.tvturk.com\/wp-content\/uploads\/2019\/03\/deprem-bolgesinde-oylar-cadirda-kullanilmaya-baslandi_896df61.jpg?fit=300%2C193\" data-large-file=\"https:\/\/i0.wp.com\/www.tvturk.com\/wp-content\/uploads\/2019\/03\/deprem-bolgesinde-oylar-cadirda-kullanilmaya-baslandi_896df61.jpg?fit=1000%2C644\" src=\"https:\/\/i0.wp.com\/www.tvturk.com\/wp-content\/uploads\/2019\/03\/deprem-bolgesinde-oylar-cadirda-kullanilmaya-baslandi_896df61.jpg?w=250&#038;h=161\" srcset=\"https:\/\/i0.wp.com\/www.tvturk.com\/wp-content\/uploads\/2019\/03\/deprem-bolgesinde-oylar-cadirda-kullanilmaya-baslandi_896df61.jpg?w=1000 1000w, https:\/\/i0.wp.com\/www.tvturk.com\/wp-content\/uploads\/2019\/03\/deprem-bolgesinde-oylar-cadirda-kullanilmaya-baslandi_896df61.jpg?resize=150%2C97 150w, https:\/\/i0.wp.com\/www.tvturk.com\/wp-content\/uploads\/2019\/03\/deprem-bolgesinde-oylar-cadirda-kullanilmaya-baslandi_896df61.jpg?resize=300%2C193 300w, https:\/\/i0.wp.com\/www.tvturk.com\/wp-content\/uploads\/2019\/03\/deprem-bolgesinde-oylar-cadirda-kullanilmaya-baslandi_896df61.jpg?resize=768%2C495 768w, https:\/\/i0.wp.com\/www.tvturk.com\/wp-content\/uploads\/2019\/03\/deprem-bolgesinde-oylar-cadirda-kullanilmaya-baslandi_896df61.jpg?resize=510%2C330 510w\" width=\"250\" height=\"161\" loading=\"lazy\" data-original-width=\"250\" data-original-height=\"161\" itemprop=\"http:\/\/schema.org\/image\" title=\"Deprem b\u00f6lgesinde oylar \u00e7ad\u0131rda kullan\u0131lmaya ba\u015fland\u0131\" alt=\"Deprem b\u00f6lgesinde oylar \u00e7ad\u0131rda kullan\u0131lmaya ba\u015fland\u0131\" style=\"width: 250px; height: 161px;\" \/> <\/a> <\/div> <\/div> <!-- close group --> <\/div> <!-- close row --> <\/div><\/p>\n","protected":false},"excerpt":{"rendered":"<p>DEN\u0130ZL\u0130\u2019N\u0130N ACIPAYAM \u0130L\u00c7ES\u0130NDEK\u0130 DEPREM B\u00d6LGES\u0130NDE, ART\u00c7I SARSINTILAR DEVAM EDERKEN \u00c7ADIRDA YA\u015eAYAN DEPREMZEDELER  YEREL SE\u00c7\u0130MLERDE OYLARINI \u0130L\u00c7E SE\u00c7\u0130M KURULU TARAFINDAN BAZI MAHALLELERDE KURULAN SE\u00c7\u0130M \u00c7ADIRLARINDA KULLANDI.<\/p>\n","protected":false},"author":1,"featured_media":119350,"comment_status":"closed","ping_status":"open","sticky":false,"template":"","format":"standard","meta":{"jetpack_post_was_ever_published":false,"_jetpack_newsletter_access":"","_jetpack_dont_email_post_to_subs":false,"_jetpack_newsletter_tier_id":0,"_jetpack_memberships_contains_paywalled_content":false,"_jetpack_memberships_contains_paid_content":false,"footnotes":"","jetpack_publicize_message":"","jetpack_publicize_feature_enabled":true,"jetpack_social_post_already_shared":true,"jetpack_social_options":{"image_generator_settings":{"template":"highway","default_image_id":0,"font":"","enabled":false},"version":2}},"categories":[1],"tags":[7607,2028,23523,221,28844,28843],"class_list":["post-119349","post","type-post","status-publish","format-standard","has-post-thumbnail","hentry","category-genel","tag-baslandi","tag-bolgesinde","tag-cadirda","tag-deprem","tag-kullanilmaya","tag-oylar"],"jetpack_publicize_connections":[],"jetpack_featured_media_url":"https:\/\/i0.wp.com\/www.tvturk.com\/wp-content\/uploads\/2019\/03\/deprem-bolgesinde-oylar-cadirda-kullanilmaya-baslandi_ac11f2c.jpg?fit=1000%2C666","jetpack_sharing_enabled":true,"jetpack_shortlink":"https:\/\/wp.me\/paKIfm-v2Z","_links":{"self":[{"href":"http:\/\/www.tvturk.com\/index.php\/wp-json\/wp\/v2\/posts\/119349","targetHints":{"allow":["GET"]}}],"collection":[{"href":"http:\/\/www.tvturk.com\/index.php\/wp-json\/wp\/v2\/posts"}],"about":[{"href":"http:\/\/www.tvturk.com\/index.php\/wp-json\/wp\/v2\/types\/post"}],"author":[{"embeddable":true,"href":"http:\/\/www.tvturk.com\/index.php\/wp-json\/wp\/v2\/users\/1"}],"replies":[{"embeddable":true,"href":"http:\/\/www.tvturk.com\/index.php\/wp-json\/wp\/v2\/comments?post=119349"}],"version-history":[{"count":1,"href":"http:\/\/www.tvturk.com\/index.php\/wp-json\/wp\/v2\/posts\/119349\/revisions"}],"predecessor-version":[{"id":119356,"href":"http:\/\/www.tvturk.com\/index.php\/wp-json\/wp\/v2\/posts\/119349\/revisions\/119356"}],"wp:featuredmedia":[{"embeddable":true,"href":"http:\/\/www.tvturk.com\/index.php\/wp-json\/wp\/v2\/media\/119350"}],"wp:attachment":[{"href":"http:\/\/www.tvturk.com\/index.php\/wp-json\/wp\/v2\/media?parent=119349"}],"wp:term":[{"taxonomy":"category","embeddable":true,"href":"http:\/\/www.tvturk.com\/index.php\/wp-json\/wp\/v2\/categories?post=119349"},{"taxonomy":"post_tag","embeddable":true,"href":"http:\/\/www.tvturk.com\/index.php\/wp-json\/wp\/v2\/tags?post=119349"}],"curies":[{"name":"wp","href":"https:\/\/api.w.org\/{rel}","templated":true}]}}