{"id":119390,"date":"2019-03-31T09:52:57","date_gmt":"2019-03-31T06:52:57","guid":{"rendered":"http:\/\/www.tvturk.com\/index.php\/canakkalede-oy-kullanilmaya-baslandi\/"},"modified":"2019-03-31T09:53:07","modified_gmt":"2019-03-31T06:53:07","slug":"canakkalede-oy-kullanilmaya-baslandi","status":"publish","type":"post","link":"http:\/\/www.tvturk.com\/index.php\/canakkalede-oy-kullanilmaya-baslandi\/","title":{"rendered":"\u00c7anakkale\u2019de oy kullan\u0131lmaya ba\u015fland\u0131"},"content":{"rendered":"<p>\u00c7anakkale\u2019de saat 08.00 itibariyle oy kullan\u0131lmaya ba\u015fland\u0131.<\/p>\n<p>\u00c7anakkale\u2019de sand\u0131klar\u0131n saat 08.00 itibariyle a\u00e7\u0131lmas\u0131yla oy kullanma i\u015flemine ba\u015fland\u0131. 1604 sand\u0131kta 410 bin 125 se\u00e7menin bulundu\u011fu \u00c7anakkale\u2019de vatanda\u015flar sabah saatlerinde sand\u0131k ba\u015f\u0131na gitti.<\/p>\n<p>\u00d6mer Mart Ortaokulu\u2019ndaki 1281 nolu sand\u0131kta oyunu kullanan CHP Genel Ba\u015fkan Yard\u0131mc\u0131s\u0131 ve \u00c7anakkale Milletvekili Av. Muharrem Erkek, g\u00f6revini yerine getirdi\u011fini ifade etti. Erkek, &#8220;Yerel demokrasiye sahip \u00e7\u0131kmak \u00e7ok \u00f6nemli. T\u00fcrkiye\u2019nin normalle\u015fmeye ihtiyac\u0131 var. Biz T\u00fcrkiye\u2019de bar\u0131\u015f ve huzur i\u00e7erisinde karde\u015f\u00e7e hep birlikte ya\u015famak istiyoruz. T\u00fcm amac\u0131m\u0131z bu. Son d\u00f6nemlerde demokrasiye a\u011f\u0131r darbeler vuruldu. Demokrasi olmazsa, kalk\u0131nma da olmaz, a\u015f, i\u015f, ekmek de olmaz. Onun i\u00e7in hep birlikte demokrasiye sahip \u00e7\u0131kmal\u0131y\u0131z. Bug\u00fcn bu so\u011fuk hava bence bahar\u0131n m\u00fcjdecisi. Her bir oy bir bahar \u00e7i\u00e7e\u011fidir. Umar\u0131m t\u00fcm \u00fclkemizin da\u011flar\u0131nda \u00e7i\u00e7ekler a\u00e7ar, bahar gelir. Biz hangi siyasi g\u00f6r\u00fc\u015ften olursak olal\u0131m, hangi d\u00fc\u015f\u00fcnceden, hangi inan\u00e7tan olursak olal\u0131m insan\u0131z. Onun i\u00e7in bizim birbirimizden bir fark\u0131m\u0131z yok. Birbirimizi \u00f6tekile\u015ftirmeden, toplumu ayr\u0131\u015ft\u0131rmadan siyaset yapmak, siyaset \u00fcretmek bizim temel g\u00f6revimiz\u201d \u015feklinde konu\u015ftu.<div class=\"tiled-gallery type-rectangular tiled-gallery-unresized\" data-original-width=\"500\" data-carousel-extra='null' itemscope itemtype=\"http:\/\/schema.org\/ImageGallery\" > <div class=\"gallery-row\" style=\"width: 500px; height: 224px;\" data-original-width=\"500\" data-original-height=\"224\" > <div class=\"gallery-group images-1\" style=\"width: 334px; height: 224px;\" data-original-width=\"334\" data-original-height=\"224\" > <div class=\"tiled-gallery-item tiled-gallery-item-large\" itemprop=\"associatedMedia\" itemscope itemtype=\"http:\/\/schema.org\/ImageObject\"> <a href=\"http:\/\/www.tvturk.com\/index.php\/canakkalede-oy-kullanilmaya-baslandi\/canakkalede-oy-kullanilmaya-baslandi-3\/\" border=\"0\" itemprop=\"url\"> <meta itemprop=\"width\" content=\"330\"> <meta itemprop=\"height\" content=\"220\"> <img decoding=\"async\" class=\"\" data-attachment-id=\"119392\" data-orig-file=\"http:\/\/www.tvturk.com\/wp-content\/uploads\/2019\/03\/canakkalede-oy-kullanilmaya-baslandi_08dd322.jpg\" data-orig-size=\"1000,666\" data-comments-opened=\"\" data-image-meta=\"{&quot;aperture&quot;:&quot;0&quot;,&quot;credit&quot;:&quot;IHA&quot;,&quot;camera&quot;:&quot;&quot;,&quot;caption&quot;:&quot;\\u00c7ANAKKALE\\u2019DE SAAT 08.00 \\u0130T\\u0130BAR\\u0130YLE OY KULLANILMAYA BA\\u015eLANDI. (MURAT Y\\u00dcKSEL\\\/\\u00c7ANAKKALE-\\u0130HA)&quot;,&quot;created_timestamp&quot;:&quot;0&quot;,&quot;copyright&quot;:&quot;\\u0130HLAS HABER AJANSI, www.iha.com.tr&quot;,&quot;focal_length&quot;:&quot;0&quot;,&quot;iso&quot;:&quot;0&quot;,&quot;shutter_speed&quot;:&quot;0&quot;,&quot;title&quot;:&quot;\\u00c7ANAKKALE\\u2019DE OY KULLANILMAYA BA\\u015eLANDI&quot;,&quot;orientation&quot;:&quot;0&quot;}\" data-image-title=\"\u00c7anakkale\u2019de oy kullan\u0131lmaya ba\u015fland\u0131\" data-image-description=\"&lt;p&gt;\u00c7anakkale\u2019de oy kullan\u0131lmaya ba\u015fland\u0131&lt;\/p&gt; \" data-medium-file=\"https:\/\/i0.wp.com\/www.tvturk.com\/wp-content\/uploads\/2019\/03\/canakkalede-oy-kullanilmaya-baslandi_08dd322.jpg?fit=300%2C200\" data-large-file=\"https:\/\/i0.wp.com\/www.tvturk.com\/wp-content\/uploads\/2019\/03\/canakkalede-oy-kullanilmaya-baslandi_08dd322.jpg?fit=1000%2C666\" src=\"https:\/\/i0.wp.com\/www.tvturk.com\/wp-content\/uploads\/2019\/03\/canakkalede-oy-kullanilmaya-baslandi_08dd322.jpg?w=330&#038;h=220\" srcset=\"https:\/\/i0.wp.com\/www.tvturk.com\/wp-content\/uploads\/2019\/03\/canakkalede-oy-kullanilmaya-baslandi_08dd322.jpg?w=1000 1000w, https:\/\/i0.wp.com\/www.tvturk.com\/wp-content\/uploads\/2019\/03\/canakkalede-oy-kullanilmaya-baslandi_08dd322.jpg?resize=150%2C100 150w, https:\/\/i0.wp.com\/www.tvturk.com\/wp-content\/uploads\/2019\/03\/canakkalede-oy-kullanilmaya-baslandi_08dd322.jpg?resize=300%2C200 300w, https:\/\/i0.wp.com\/www.tvturk.com\/wp-content\/uploads\/2019\/03\/canakkalede-oy-kullanilmaya-baslandi_08dd322.jpg?resize=768%2C511 768w, https:\/\/i0.wp.com\/www.tvturk.com\/wp-content\/uploads\/2019\/03\/canakkalede-oy-kullanilmaya-baslandi_08dd322.jpg?resize=170%2C113 170w, https:\/\/i0.wp.com\/www.tvturk.com\/wp-content\/uploads\/2019\/03\/canakkalede-oy-kullanilmaya-baslandi_08dd322.jpg?resize=120%2C80 120w\" width=\"330\" height=\"220\" loading=\"lazy\" data-original-width=\"330\" data-original-height=\"220\" itemprop=\"http:\/\/schema.org\/image\" title=\"\u00c7anakkale\u2019de oy kullan\u0131lmaya ba\u015fland\u0131\" alt=\"\u00c7anakkale\u2019de oy kullan\u0131lmaya ba\u015fland\u0131\" style=\"width: 330px; height: 220px;\" \/> <\/a> <\/div> <\/div> <!-- close group --> <div class=\"gallery-group images-2\" style=\"width: 166px; height: 224px;\" data-original-width=\"166\" data-original-height=\"224\" > <div class=\"tiled-gallery-item tiled-gallery-item-small\" itemprop=\"associatedMedia\" itemscope itemtype=\"http:\/\/schema.org\/ImageObject\"> <a href=\"http:\/\/www.tvturk.com\/index.php\/canakkalede-oy-kullanilmaya-baslandi\/canakkalede-oy-kullanilmaya-baslandi-4\/\" border=\"0\" itemprop=\"url\"> <meta itemprop=\"width\" content=\"162\"> <meta itemprop=\"height\" content=\"108\"> <img decoding=\"async\" class=\"\" data-attachment-id=\"119393\" data-orig-file=\"http:\/\/www.tvturk.com\/wp-content\/uploads\/2019\/03\/canakkalede-oy-kullanilmaya-baslandi_3d7e489.jpg\" data-orig-size=\"1000,666\" data-comments-opened=\"\" data-image-meta=\"{&quot;aperture&quot;:&quot;0&quot;,&quot;credit&quot;:&quot;IHA&quot;,&quot;camera&quot;:&quot;&quot;,&quot;caption&quot;:&quot;\\u00c7ANAKKALE\\u2019DE SAAT 08.00 \\u0130T\\u0130BAR\\u0130YLE OY KULLANILMAYA BA\\u015eLANDI. (MURAT Y\\u00dcKSEL\\\/\\u00c7ANAKKALE-\\u0130HA)&quot;,&quot;created_timestamp&quot;:&quot;0&quot;,&quot;copyright&quot;:&quot;\\u0130HLAS HABER AJANSI, www.iha.com.tr&quot;,&quot;focal_length&quot;:&quot;0&quot;,&quot;iso&quot;:&quot;0&quot;,&quot;shutter_speed&quot;:&quot;0&quot;,&quot;title&quot;:&quot;\\u00c7ANAKKALE\\u2019DE OY KULLANILMAYA BA\\u015eLANDI&quot;,&quot;orientation&quot;:&quot;0&quot;}\" data-image-title=\"\u00c7anakkale\u2019de oy kullan\u0131lmaya ba\u015fland\u0131\" data-image-description=\"&lt;p&gt;\u00c7anakkale\u2019de oy kullan\u0131lmaya ba\u015fland\u0131&lt;\/p&gt; \" data-medium-file=\"https:\/\/i0.wp.com\/www.tvturk.com\/wp-content\/uploads\/2019\/03\/canakkalede-oy-kullanilmaya-baslandi_3d7e489.jpg?fit=300%2C200\" data-large-file=\"https:\/\/i0.wp.com\/www.tvturk.com\/wp-content\/uploads\/2019\/03\/canakkalede-oy-kullanilmaya-baslandi_3d7e489.jpg?fit=1000%2C666\" src=\"https:\/\/i0.wp.com\/www.tvturk.com\/wp-content\/uploads\/2019\/03\/canakkalede-oy-kullanilmaya-baslandi_3d7e489.jpg?w=162&#038;h=108\" srcset=\"https:\/\/i0.wp.com\/www.tvturk.com\/wp-content\/uploads\/2019\/03\/canakkalede-oy-kullanilmaya-baslandi_3d7e489.jpg?w=1000 1000w, https:\/\/i0.wp.com\/www.tvturk.com\/wp-content\/uploads\/2019\/03\/canakkalede-oy-kullanilmaya-baslandi_3d7e489.jpg?resize=150%2C100 150w, https:\/\/i0.wp.com\/www.tvturk.com\/wp-content\/uploads\/2019\/03\/canakkalede-oy-kullanilmaya-baslandi_3d7e489.jpg?resize=300%2C200 300w, https:\/\/i0.wp.com\/www.tvturk.com\/wp-content\/uploads\/2019\/03\/canakkalede-oy-kullanilmaya-baslandi_3d7e489.jpg?resize=768%2C511 768w, https:\/\/i0.wp.com\/www.tvturk.com\/wp-content\/uploads\/2019\/03\/canakkalede-oy-kullanilmaya-baslandi_3d7e489.jpg?resize=170%2C113 170w, https:\/\/i0.wp.com\/www.tvturk.com\/wp-content\/uploads\/2019\/03\/canakkalede-oy-kullanilmaya-baslandi_3d7e489.jpg?resize=120%2C80 120w\" width=\"162\" height=\"108\" loading=\"lazy\" data-original-width=\"162\" data-original-height=\"108\" itemprop=\"http:\/\/schema.org\/image\" title=\"\u00c7anakkale\u2019de oy kullan\u0131lmaya ba\u015fland\u0131\" alt=\"\u00c7anakkale\u2019de oy kullan\u0131lmaya ba\u015fland\u0131\" style=\"width: 162px; height: 108px;\" \/> <\/a> <\/div> <div class=\"tiled-gallery-item tiled-gallery-item-small\" itemprop=\"associatedMedia\" itemscope itemtype=\"http:\/\/schema.org\/ImageObject\"> <a href=\"http:\/\/www.tvturk.com\/index.php\/canakkalede-oy-kullanilmaya-baslandi\/canakkalede-oy-kullanilmaya-baslandi-5\/\" border=\"0\" itemprop=\"url\"> <meta itemprop=\"width\" content=\"162\"> <meta itemprop=\"height\" content=\"108\"> <img decoding=\"async\" class=\"\" data-attachment-id=\"119394\" data-orig-file=\"http:\/\/www.tvturk.com\/wp-content\/uploads\/2019\/03\/canakkalede-oy-kullanilmaya-baslandi_25aaed2.jpg\" data-orig-size=\"1000,666\" data-comments-opened=\"\" data-image-meta=\"{&quot;aperture&quot;:&quot;0&quot;,&quot;credit&quot;:&quot;IHA&quot;,&quot;camera&quot;:&quot;&quot;,&quot;caption&quot;:&quot;\\u00c7ANAKKALE\\u2019DE SAAT 08.00 \\u0130T\\u0130BAR\\u0130YLE OY KULLANILMAYA BA\\u015eLANDI. (MURAT Y\\u00dcKSEL\\\/\\u00c7ANAKKALE-\\u0130HA)&quot;,&quot;created_timestamp&quot;:&quot;0&quot;,&quot;copyright&quot;:&quot;\\u0130HLAS HABER AJANSI, www.iha.com.tr&quot;,&quot;focal_length&quot;:&quot;0&quot;,&quot;iso&quot;:&quot;0&quot;,&quot;shutter_speed&quot;:&quot;0&quot;,&quot;title&quot;:&quot;\\u00c7ANAKKALE\\u2019DE OY KULLANILMAYA BA\\u015eLANDI&quot;,&quot;orientation&quot;:&quot;0&quot;}\" data-image-title=\"\u00c7anakkale\u2019de oy kullan\u0131lmaya ba\u015fland\u0131\" data-image-description=\"&lt;p&gt;\u00c7anakkale\u2019de oy kullan\u0131lmaya ba\u015fland\u0131&lt;\/p&gt; \" data-medium-file=\"https:\/\/i0.wp.com\/www.tvturk.com\/wp-content\/uploads\/2019\/03\/canakkalede-oy-kullanilmaya-baslandi_25aaed2.jpg?fit=300%2C200\" data-large-file=\"https:\/\/i0.wp.com\/www.tvturk.com\/wp-content\/uploads\/2019\/03\/canakkalede-oy-kullanilmaya-baslandi_25aaed2.jpg?fit=1000%2C666\" src=\"https:\/\/i0.wp.com\/www.tvturk.com\/wp-content\/uploads\/2019\/03\/canakkalede-oy-kullanilmaya-baslandi_25aaed2.jpg?w=162&#038;h=108\" srcset=\"https:\/\/i0.wp.com\/www.tvturk.com\/wp-content\/uploads\/2019\/03\/canakkalede-oy-kullanilmaya-baslandi_25aaed2.jpg?w=1000 1000w, https:\/\/i0.wp.com\/www.tvturk.com\/wp-content\/uploads\/2019\/03\/canakkalede-oy-kullanilmaya-baslandi_25aaed2.jpg?resize=150%2C100 150w, https:\/\/i0.wp.com\/www.tvturk.com\/wp-content\/uploads\/2019\/03\/canakkalede-oy-kullanilmaya-baslandi_25aaed2.jpg?resize=300%2C200 300w, https:\/\/i0.wp.com\/www.tvturk.com\/wp-content\/uploads\/2019\/03\/canakkalede-oy-kullanilmaya-baslandi_25aaed2.jpg?resize=768%2C511 768w, https:\/\/i0.wp.com\/www.tvturk.com\/wp-content\/uploads\/2019\/03\/canakkalede-oy-kullanilmaya-baslandi_25aaed2.jpg?resize=170%2C113 170w, https:\/\/i0.wp.com\/www.tvturk.com\/wp-content\/uploads\/2019\/03\/canakkalede-oy-kullanilmaya-baslandi_25aaed2.jpg?resize=120%2C80 120w\" width=\"162\" height=\"108\" loading=\"lazy\" data-original-width=\"162\" data-original-height=\"108\" itemprop=\"http:\/\/schema.org\/image\" title=\"\u00c7anakkale\u2019de oy kullan\u0131lmaya ba\u015fland\u0131\" alt=\"\u00c7anakkale\u2019de oy kullan\u0131lmaya ba\u015fland\u0131\" style=\"width: 162px; height: 108px;\" \/> <\/a> <\/div> <\/div> <!-- close group --> <\/div> <!-- close row --> <div class=\"gallery-row\" style=\"width: 500px; height: 112px;\" data-original-width=\"500\" data-original-height=\"112\" > <div class=\"gallery-group images-1\" style=\"width: 167px; height: 112px;\" data-original-width=\"167\" data-original-height=\"112\" > <div class=\"tiled-gallery-item tiled-gallery-item-small\" itemprop=\"associatedMedia\" itemscope itemtype=\"http:\/\/schema.org\/ImageObject\"> <a href=\"http:\/\/www.tvturk.com\/index.php\/canakkalede-oy-kullanilmaya-baslandi\/canakkalede-oy-kullanilmaya-baslandi-6\/\" border=\"0\" itemprop=\"url\"> <meta itemprop=\"width\" content=\"163\"> <meta itemprop=\"height\" content=\"108\"> <img decoding=\"async\" class=\"\" data-attachment-id=\"119395\" data-orig-file=\"http:\/\/www.tvturk.com\/wp-content\/uploads\/2019\/03\/canakkalede-oy-kullanilmaya-baslandi_2ab2bfa.jpg\" data-orig-size=\"1000,666\" data-comments-opened=\"\" data-image-meta=\"{&quot;aperture&quot;:&quot;0&quot;,&quot;credit&quot;:&quot;IHA&quot;,&quot;camera&quot;:&quot;&quot;,&quot;caption&quot;:&quot;\\u00c7ANAKKALE\\u2019DE SAAT 08.00 \\u0130T\\u0130BAR\\u0130YLE OY KULLANILMAYA BA\\u015eLANDI. (MURAT Y\\u00dcKSEL\\\/\\u00c7ANAKKALE-\\u0130HA)&quot;,&quot;created_timestamp&quot;:&quot;0&quot;,&quot;copyright&quot;:&quot;\\u0130HLAS HABER AJANSI, www.iha.com.tr&quot;,&quot;focal_length&quot;:&quot;0&quot;,&quot;iso&quot;:&quot;0&quot;,&quot;shutter_speed&quot;:&quot;0&quot;,&quot;title&quot;:&quot;\\u00c7ANAKKALE\\u2019DE OY KULLANILMAYA BA\\u015eLANDI&quot;,&quot;orientation&quot;:&quot;0&quot;}\" data-image-title=\"\u00c7anakkale\u2019de oy kullan\u0131lmaya ba\u015fland\u0131\" data-image-description=\"&lt;p&gt;\u00c7anakkale\u2019de oy kullan\u0131lmaya ba\u015fland\u0131&lt;\/p&gt; \" data-medium-file=\"https:\/\/i0.wp.com\/www.tvturk.com\/wp-content\/uploads\/2019\/03\/canakkalede-oy-kullanilmaya-baslandi_2ab2bfa.jpg?fit=300%2C200\" data-large-file=\"https:\/\/i0.wp.com\/www.tvturk.com\/wp-content\/uploads\/2019\/03\/canakkalede-oy-kullanilmaya-baslandi_2ab2bfa.jpg?fit=1000%2C666\" src=\"https:\/\/i0.wp.com\/www.tvturk.com\/wp-content\/uploads\/2019\/03\/canakkalede-oy-kullanilmaya-baslandi_2ab2bfa.jpg?w=163&#038;h=108\" srcset=\"https:\/\/i0.wp.com\/www.tvturk.com\/wp-content\/uploads\/2019\/03\/canakkalede-oy-kullanilmaya-baslandi_2ab2bfa.jpg?w=1000 1000w, https:\/\/i0.wp.com\/www.tvturk.com\/wp-content\/uploads\/2019\/03\/canakkalede-oy-kullanilmaya-baslandi_2ab2bfa.jpg?resize=150%2C100 150w, https:\/\/i0.wp.com\/www.tvturk.com\/wp-content\/uploads\/2019\/03\/canakkalede-oy-kullanilmaya-baslandi_2ab2bfa.jpg?resize=300%2C200 300w, https:\/\/i0.wp.com\/www.tvturk.com\/wp-content\/uploads\/2019\/03\/canakkalede-oy-kullanilmaya-baslandi_2ab2bfa.jpg?resize=768%2C511 768w, https:\/\/i0.wp.com\/www.tvturk.com\/wp-content\/uploads\/2019\/03\/canakkalede-oy-kullanilmaya-baslandi_2ab2bfa.jpg?resize=170%2C113 170w, https:\/\/i0.wp.com\/www.tvturk.com\/wp-content\/uploads\/2019\/03\/canakkalede-oy-kullanilmaya-baslandi_2ab2bfa.jpg?resize=120%2C80 120w\" width=\"163\" height=\"108\" loading=\"lazy\" data-original-width=\"163\" data-original-height=\"108\" itemprop=\"http:\/\/schema.org\/image\" title=\"\u00c7anakkale\u2019de oy kullan\u0131lmaya ba\u015fland\u0131\" alt=\"\u00c7anakkale\u2019de oy kullan\u0131lmaya ba\u015fland\u0131\" style=\"width: 163px; height: 108px;\" \/> <\/a> <\/div> <\/div> <!-- close group --> <div class=\"gallery-group images-1\" style=\"width: 167px; height: 112px;\" data-original-width=\"167\" data-original-height=\"112\" > <div class=\"tiled-gallery-item tiled-gallery-item-small\" itemprop=\"associatedMedia\" itemscope itemtype=\"http:\/\/schema.org\/ImageObject\"> <a href=\"http:\/\/www.tvturk.com\/index.php\/canakkalede-oy-kullanilmaya-baslandi\/canakkalede-oy-kullanilmaya-baslandi-7\/\" border=\"0\" itemprop=\"url\"> <meta itemprop=\"width\" content=\"163\"> <meta itemprop=\"height\" content=\"108\"> <img decoding=\"async\" class=\"\" data-attachment-id=\"119396\" data-orig-file=\"http:\/\/www.tvturk.com\/wp-content\/uploads\/2019\/03\/canakkalede-oy-kullanilmaya-baslandi_9abfcfa.jpg\" data-orig-size=\"1000,666\" data-comments-opened=\"\" data-image-meta=\"{&quot;aperture&quot;:&quot;0&quot;,&quot;credit&quot;:&quot;IHA&quot;,&quot;camera&quot;:&quot;&quot;,&quot;caption&quot;:&quot;\\u00c7ANAKKALE\\u2019DE SAAT 08.00 \\u0130T\\u0130BAR\\u0130YLE OY KULLANILMAYA BA\\u015eLANDI. (MURAT Y\\u00dcKSEL\\\/\\u00c7ANAKKALE-\\u0130HA)&quot;,&quot;created_timestamp&quot;:&quot;0&quot;,&quot;copyright&quot;:&quot;\\u0130HLAS HABER AJANSI, www.iha.com.tr&quot;,&quot;focal_length&quot;:&quot;0&quot;,&quot;iso&quot;:&quot;0&quot;,&quot;shutter_speed&quot;:&quot;0&quot;,&quot;title&quot;:&quot;\\u00c7ANAKKALE\\u2019DE OY KULLANILMAYA BA\\u015eLANDI&quot;,&quot;orientation&quot;:&quot;0&quot;}\" data-image-title=\"\u00c7anakkale\u2019de oy kullan\u0131lmaya ba\u015fland\u0131\" data-image-description=\"&lt;p&gt;\u00c7anakkale\u2019de oy kullan\u0131lmaya ba\u015fland\u0131&lt;\/p&gt; \" data-medium-file=\"https:\/\/i0.wp.com\/www.tvturk.com\/wp-content\/uploads\/2019\/03\/canakkalede-oy-kullanilmaya-baslandi_9abfcfa.jpg?fit=300%2C200\" data-large-file=\"https:\/\/i0.wp.com\/www.tvturk.com\/wp-content\/uploads\/2019\/03\/canakkalede-oy-kullanilmaya-baslandi_9abfcfa.jpg?fit=1000%2C666\" src=\"https:\/\/i0.wp.com\/www.tvturk.com\/wp-content\/uploads\/2019\/03\/canakkalede-oy-kullanilmaya-baslandi_9abfcfa.jpg?w=163&#038;h=108\" srcset=\"https:\/\/i0.wp.com\/www.tvturk.com\/wp-content\/uploads\/2019\/03\/canakkalede-oy-kullanilmaya-baslandi_9abfcfa.jpg?w=1000 1000w, https:\/\/i0.wp.com\/www.tvturk.com\/wp-content\/uploads\/2019\/03\/canakkalede-oy-kullanilmaya-baslandi_9abfcfa.jpg?resize=150%2C100 150w, https:\/\/i0.wp.com\/www.tvturk.com\/wp-content\/uploads\/2019\/03\/canakkalede-oy-kullanilmaya-baslandi_9abfcfa.jpg?resize=300%2C200 300w, https:\/\/i0.wp.com\/www.tvturk.com\/wp-content\/uploads\/2019\/03\/canakkalede-oy-kullanilmaya-baslandi_9abfcfa.jpg?resize=768%2C511 768w, https:\/\/i0.wp.com\/www.tvturk.com\/wp-content\/uploads\/2019\/03\/canakkalede-oy-kullanilmaya-baslandi_9abfcfa.jpg?resize=170%2C113 170w, https:\/\/i0.wp.com\/www.tvturk.com\/wp-content\/uploads\/2019\/03\/canakkalede-oy-kullanilmaya-baslandi_9abfcfa.jpg?resize=120%2C80 120w\" width=\"163\" height=\"108\" loading=\"lazy\" data-original-width=\"163\" data-original-height=\"108\" itemprop=\"http:\/\/schema.org\/image\" title=\"\u00c7anakkale\u2019de oy kullan\u0131lmaya ba\u015fland\u0131\" alt=\"\u00c7anakkale\u2019de oy kullan\u0131lmaya ba\u015fland\u0131\" style=\"width: 163px; height: 108px;\" \/> <\/a> <\/div> <\/div> <!-- close group --> <div class=\"gallery-group images-1\" style=\"width: 166px; height: 112px;\" data-original-width=\"166\" data-original-height=\"112\" > <div class=\"tiled-gallery-item tiled-gallery-item-small\" itemprop=\"associatedMedia\" itemscope itemtype=\"http:\/\/schema.org\/ImageObject\"> <a href=\"http:\/\/www.tvturk.com\/index.php\/canakkalede-oy-kullanilmaya-baslandi\/canakkalede-oy-kullanilmaya-baslandi-8\/\" border=\"0\" itemprop=\"url\"> <meta itemprop=\"width\" content=\"162\"> <meta itemprop=\"height\" content=\"108\"> <img decoding=\"async\" class=\"\" data-attachment-id=\"119397\" data-orig-file=\"http:\/\/www.tvturk.com\/wp-content\/uploads\/2019\/03\/canakkalede-oy-kullanilmaya-baslandi_003ef13.jpg\" data-orig-size=\"1000,666\" data-comments-opened=\"\" data-image-meta=\"{&quot;aperture&quot;:&quot;0&quot;,&quot;credit&quot;:&quot;IHA&quot;,&quot;camera&quot;:&quot;&quot;,&quot;caption&quot;:&quot;\\u00c7ANAKKALE\\u2019DE SAAT 08.00 \\u0130T\\u0130BAR\\u0130YLE OY KULLANILMAYA BA\\u015eLANDI. (MURAT Y\\u00dcKSEL\\\/\\u00c7ANAKKALE-\\u0130HA)&quot;,&quot;created_timestamp&quot;:&quot;0&quot;,&quot;copyright&quot;:&quot;\\u0130HLAS HABER AJANSI, www.iha.com.tr&quot;,&quot;focal_length&quot;:&quot;0&quot;,&quot;iso&quot;:&quot;0&quot;,&quot;shutter_speed&quot;:&quot;0&quot;,&quot;title&quot;:&quot;\\u00c7ANAKKALE\\u2019DE OY KULLANILMAYA BA\\u015eLANDI&quot;,&quot;orientation&quot;:&quot;0&quot;}\" data-image-title=\"\u00c7anakkale\u2019de oy kullan\u0131lmaya ba\u015fland\u0131\" data-image-description=\"&lt;p&gt;\u00c7anakkale\u2019de oy kullan\u0131lmaya ba\u015fland\u0131&lt;\/p&gt; \" data-medium-file=\"https:\/\/i0.wp.com\/www.tvturk.com\/wp-content\/uploads\/2019\/03\/canakkalede-oy-kullanilmaya-baslandi_003ef13.jpg?fit=300%2C200\" data-large-file=\"https:\/\/i0.wp.com\/www.tvturk.com\/wp-content\/uploads\/2019\/03\/canakkalede-oy-kullanilmaya-baslandi_003ef13.jpg?fit=1000%2C666\" src=\"https:\/\/i0.wp.com\/www.tvturk.com\/wp-content\/uploads\/2019\/03\/canakkalede-oy-kullanilmaya-baslandi_003ef13.jpg?w=162&#038;h=108\" srcset=\"https:\/\/i0.wp.com\/www.tvturk.com\/wp-content\/uploads\/2019\/03\/canakkalede-oy-kullanilmaya-baslandi_003ef13.jpg?w=1000 1000w, https:\/\/i0.wp.com\/www.tvturk.com\/wp-content\/uploads\/2019\/03\/canakkalede-oy-kullanilmaya-baslandi_003ef13.jpg?resize=150%2C100 150w, https:\/\/i0.wp.com\/www.tvturk.com\/wp-content\/uploads\/2019\/03\/canakkalede-oy-kullanilmaya-baslandi_003ef13.jpg?resize=300%2C200 300w, https:\/\/i0.wp.com\/www.tvturk.com\/wp-content\/uploads\/2019\/03\/canakkalede-oy-kullanilmaya-baslandi_003ef13.jpg?resize=768%2C511 768w, https:\/\/i0.wp.com\/www.tvturk.com\/wp-content\/uploads\/2019\/03\/canakkalede-oy-kullanilmaya-baslandi_003ef13.jpg?resize=170%2C113 170w, https:\/\/i0.wp.com\/www.tvturk.com\/wp-content\/uploads\/2019\/03\/canakkalede-oy-kullanilmaya-baslandi_003ef13.jpg?resize=120%2C80 120w\" width=\"162\" height=\"108\" loading=\"lazy\" data-original-width=\"162\" data-original-height=\"108\" itemprop=\"http:\/\/schema.org\/image\" title=\"\u00c7anakkale\u2019de oy kullan\u0131lmaya ba\u015fland\u0131\" alt=\"\u00c7anakkale\u2019de oy kullan\u0131lmaya ba\u015fland\u0131\" style=\"width: 162px; height: 108px;\" \/> <\/a> <\/div> <\/div> <!-- close group --> <\/div> <!-- close row --> <div class=\"gallery-row\" style=\"width: 500px; height: 224px;\" data-original-width=\"500\" data-original-height=\"224\" > <div class=\"gallery-group images-2\" style=\"width: 166px; height: 224px;\" data-original-width=\"166\" data-original-height=\"224\" > <div class=\"tiled-gallery-item tiled-gallery-item-small\" itemprop=\"associatedMedia\" itemscope itemtype=\"http:\/\/schema.org\/ImageObject\"> <a href=\"http:\/\/www.tvturk.com\/index.php\/canakkalede-oy-kullanilmaya-baslandi\/canakkalede-oy-kullanilmaya-baslandi-9\/\" border=\"0\" itemprop=\"url\"> <meta itemprop=\"width\" content=\"162\"> <meta itemprop=\"height\" content=\"108\"> <img decoding=\"async\" class=\"\" data-attachment-id=\"119398\" data-orig-file=\"http:\/\/www.tvturk.com\/wp-content\/uploads\/2019\/03\/canakkalede-oy-kullanilmaya-baslandi_391937d.jpg\" data-orig-size=\"1000,666\" data-comments-opened=\"\" data-image-meta=\"{&quot;aperture&quot;:&quot;0&quot;,&quot;credit&quot;:&quot;IHA&quot;,&quot;camera&quot;:&quot;&quot;,&quot;caption&quot;:&quot;\\u00c7ANAKKALE\\u2019DE SAAT 08.00 \\u0130T\\u0130BAR\\u0130YLE OY KULLANILMAYA BA\\u015eLANDI. (MURAT Y\\u00dcKSEL\\\/\\u00c7ANAKKALE-\\u0130HA)&quot;,&quot;created_timestamp&quot;:&quot;0&quot;,&quot;copyright&quot;:&quot;\\u0130HLAS HABER AJANSI, www.iha.com.tr&quot;,&quot;focal_length&quot;:&quot;0&quot;,&quot;iso&quot;:&quot;0&quot;,&quot;shutter_speed&quot;:&quot;0&quot;,&quot;title&quot;:&quot;\\u00c7ANAKKALE\\u2019DE OY KULLANILMAYA BA\\u015eLANDI&quot;,&quot;orientation&quot;:&quot;0&quot;}\" data-image-title=\"\u00c7anakkale\u2019de oy kullan\u0131lmaya ba\u015fland\u0131\" data-image-description=\"&lt;p&gt;\u00c7anakkale\u2019de oy kullan\u0131lmaya ba\u015fland\u0131&lt;\/p&gt; \" data-medium-file=\"https:\/\/i0.wp.com\/www.tvturk.com\/wp-content\/uploads\/2019\/03\/canakkalede-oy-kullanilmaya-baslandi_391937d.jpg?fit=300%2C200\" data-large-file=\"https:\/\/i0.wp.com\/www.tvturk.com\/wp-content\/uploads\/2019\/03\/canakkalede-oy-kullanilmaya-baslandi_391937d.jpg?fit=1000%2C666\" src=\"https:\/\/i0.wp.com\/www.tvturk.com\/wp-content\/uploads\/2019\/03\/canakkalede-oy-kullanilmaya-baslandi_391937d.jpg?w=162&#038;h=108\" srcset=\"https:\/\/i0.wp.com\/www.tvturk.com\/wp-content\/uploads\/2019\/03\/canakkalede-oy-kullanilmaya-baslandi_391937d.jpg?w=1000 1000w, https:\/\/i0.wp.com\/www.tvturk.com\/wp-content\/uploads\/2019\/03\/canakkalede-oy-kullanilmaya-baslandi_391937d.jpg?resize=150%2C100 150w, https:\/\/i0.wp.com\/www.tvturk.com\/wp-content\/uploads\/2019\/03\/canakkalede-oy-kullanilmaya-baslandi_391937d.jpg?resize=300%2C200 300w, https:\/\/i0.wp.com\/www.tvturk.com\/wp-content\/uploads\/2019\/03\/canakkalede-oy-kullanilmaya-baslandi_391937d.jpg?resize=768%2C511 768w, https:\/\/i0.wp.com\/www.tvturk.com\/wp-content\/uploads\/2019\/03\/canakkalede-oy-kullanilmaya-baslandi_391937d.jpg?resize=170%2C113 170w, https:\/\/i0.wp.com\/www.tvturk.com\/wp-content\/uploads\/2019\/03\/canakkalede-oy-kullanilmaya-baslandi_391937d.jpg?resize=120%2C80 120w\" width=\"162\" height=\"108\" loading=\"lazy\" data-original-width=\"162\" data-original-height=\"108\" itemprop=\"http:\/\/schema.org\/image\" title=\"\u00c7anakkale\u2019de oy kullan\u0131lmaya ba\u015fland\u0131\" alt=\"\u00c7anakkale\u2019de oy kullan\u0131lmaya ba\u015fland\u0131\" style=\"width: 162px; height: 108px;\" \/> <\/a> <\/div> <div class=\"tiled-gallery-item tiled-gallery-item-small\" itemprop=\"associatedMedia\" itemscope itemtype=\"http:\/\/schema.org\/ImageObject\"> <a href=\"http:\/\/www.tvturk.com\/index.php\/canakkalede-oy-kullanilmaya-baslandi\/canakkalede-oy-kullanilmaya-baslandi-10\/\" border=\"0\" itemprop=\"url\"> <meta itemprop=\"width\" content=\"162\"> <meta itemprop=\"height\" content=\"108\"> <img decoding=\"async\" class=\"\" data-attachment-id=\"119399\" data-orig-file=\"http:\/\/www.tvturk.com\/wp-content\/uploads\/2019\/03\/canakkalede-oy-kullanilmaya-baslandi_9e83085.jpg\" data-orig-size=\"1000,666\" data-comments-opened=\"\" data-image-meta=\"{&quot;aperture&quot;:&quot;0&quot;,&quot;credit&quot;:&quot;IHA&quot;,&quot;camera&quot;:&quot;&quot;,&quot;caption&quot;:&quot;\\u00c7ANAKKALE\\u2019DE SAAT 08.00 \\u0130T\\u0130BAR\\u0130YLE OY KULLANILMAYA BA\\u015eLANDI. (MURAT Y\\u00dcKSEL\\\/\\u00c7ANAKKALE-\\u0130HA)&quot;,&quot;created_timestamp&quot;:&quot;0&quot;,&quot;copyright&quot;:&quot;\\u0130HLAS HABER AJANSI, www.iha.com.tr&quot;,&quot;focal_length&quot;:&quot;0&quot;,&quot;iso&quot;:&quot;0&quot;,&quot;shutter_speed&quot;:&quot;0&quot;,&quot;title&quot;:&quot;\\u00c7ANAKKALE\\u2019DE OY KULLANILMAYA BA\\u015eLANDI&quot;,&quot;orientation&quot;:&quot;0&quot;}\" data-image-title=\"\u00c7anakkale\u2019de oy kullan\u0131lmaya ba\u015fland\u0131\" data-image-description=\"&lt;p&gt;\u00c7anakkale\u2019de oy kullan\u0131lmaya ba\u015fland\u0131&lt;\/p&gt; \" data-medium-file=\"https:\/\/i0.wp.com\/www.tvturk.com\/wp-content\/uploads\/2019\/03\/canakkalede-oy-kullanilmaya-baslandi_9e83085.jpg?fit=300%2C200\" data-large-file=\"https:\/\/i0.wp.com\/www.tvturk.com\/wp-content\/uploads\/2019\/03\/canakkalede-oy-kullanilmaya-baslandi_9e83085.jpg?fit=1000%2C666\" src=\"https:\/\/i0.wp.com\/www.tvturk.com\/wp-content\/uploads\/2019\/03\/canakkalede-oy-kullanilmaya-baslandi_9e83085.jpg?w=162&#038;h=108\" srcset=\"https:\/\/i0.wp.com\/www.tvturk.com\/wp-content\/uploads\/2019\/03\/canakkalede-oy-kullanilmaya-baslandi_9e83085.jpg?w=1000 1000w, https:\/\/i0.wp.com\/www.tvturk.com\/wp-content\/uploads\/2019\/03\/canakkalede-oy-kullanilmaya-baslandi_9e83085.jpg?resize=150%2C100 150w, https:\/\/i0.wp.com\/www.tvturk.com\/wp-content\/uploads\/2019\/03\/canakkalede-oy-kullanilmaya-baslandi_9e83085.jpg?resize=300%2C200 300w, https:\/\/i0.wp.com\/www.tvturk.com\/wp-content\/uploads\/2019\/03\/canakkalede-oy-kullanilmaya-baslandi_9e83085.jpg?resize=768%2C511 768w, https:\/\/i0.wp.com\/www.tvturk.com\/wp-content\/uploads\/2019\/03\/canakkalede-oy-kullanilmaya-baslandi_9e83085.jpg?resize=170%2C113 170w, https:\/\/i0.wp.com\/www.tvturk.com\/wp-content\/uploads\/2019\/03\/canakkalede-oy-kullanilmaya-baslandi_9e83085.jpg?resize=120%2C80 120w\" width=\"162\" height=\"108\" loading=\"lazy\" data-original-width=\"162\" data-original-height=\"108\" itemprop=\"http:\/\/schema.org\/image\" title=\"\u00c7anakkale\u2019de oy kullan\u0131lmaya ba\u015fland\u0131\" alt=\"\u00c7anakkale\u2019de oy kullan\u0131lmaya ba\u015fland\u0131\" style=\"width: 162px; height: 108px;\" \/> <\/a> <\/div> <\/div> <!-- close group --> <div class=\"gallery-group images-1\" style=\"width: 334px; height: 224px;\" data-original-width=\"334\" data-original-height=\"224\" > <div class=\"tiled-gallery-item tiled-gallery-item-large\" itemprop=\"associatedMedia\" itemscope itemtype=\"http:\/\/schema.org\/ImageObject\"> <a href=\"http:\/\/www.tvturk.com\/index.php\/canakkalede-oy-kullanilmaya-baslandi\/canakkalede-oy-kullanilmaya-baslandi-11\/\" border=\"0\" itemprop=\"url\"> <meta itemprop=\"width\" content=\"330\"> <meta itemprop=\"height\" content=\"220\"> <img decoding=\"async\" class=\"\" data-attachment-id=\"119400\" data-orig-file=\"http:\/\/www.tvturk.com\/wp-content\/uploads\/2019\/03\/canakkalede-oy-kullanilmaya-baslandi_928ae11.jpg\" data-orig-size=\"1000,666\" data-comments-opened=\"\" data-image-meta=\"{&quot;aperture&quot;:&quot;0&quot;,&quot;credit&quot;:&quot;IHA&quot;,&quot;camera&quot;:&quot;&quot;,&quot;caption&quot;:&quot;\\u00c7ANAKKALE\\u2019DE SAAT 08.00 \\u0130T\\u0130BAR\\u0130YLE OY KULLANILMAYA BA\\u015eLANDI. (MURAT Y\\u00dcKSEL\\\/\\u00c7ANAKKALE-\\u0130HA)&quot;,&quot;created_timestamp&quot;:&quot;0&quot;,&quot;copyright&quot;:&quot;\\u0130HLAS HABER AJANSI, www.iha.com.tr&quot;,&quot;focal_length&quot;:&quot;0&quot;,&quot;iso&quot;:&quot;0&quot;,&quot;shutter_speed&quot;:&quot;0&quot;,&quot;title&quot;:&quot;\\u00c7ANAKKALE\\u2019DE OY KULLANILMAYA BA\\u015eLANDI&quot;,&quot;orientation&quot;:&quot;0&quot;}\" data-image-title=\"\u00c7anakkale\u2019de oy kullan\u0131lmaya ba\u015fland\u0131\" data-image-description=\"&lt;p&gt;\u00c7anakkale\u2019de oy kullan\u0131lmaya ba\u015fland\u0131&lt;\/p&gt; \" data-medium-file=\"https:\/\/i0.wp.com\/www.tvturk.com\/wp-content\/uploads\/2019\/03\/canakkalede-oy-kullanilmaya-baslandi_928ae11.jpg?fit=300%2C200\" data-large-file=\"https:\/\/i0.wp.com\/www.tvturk.com\/wp-content\/uploads\/2019\/03\/canakkalede-oy-kullanilmaya-baslandi_928ae11.jpg?fit=1000%2C666\" src=\"https:\/\/i0.wp.com\/www.tvturk.com\/wp-content\/uploads\/2019\/03\/canakkalede-oy-kullanilmaya-baslandi_928ae11.jpg?w=330&#038;h=220\" srcset=\"https:\/\/i0.wp.com\/www.tvturk.com\/wp-content\/uploads\/2019\/03\/canakkalede-oy-kullanilmaya-baslandi_928ae11.jpg?w=1000 1000w, https:\/\/i0.wp.com\/www.tvturk.com\/wp-content\/uploads\/2019\/03\/canakkalede-oy-kullanilmaya-baslandi_928ae11.jpg?resize=150%2C100 150w, https:\/\/i0.wp.com\/www.tvturk.com\/wp-content\/uploads\/2019\/03\/canakkalede-oy-kullanilmaya-baslandi_928ae11.jpg?resize=300%2C200 300w, https:\/\/i0.wp.com\/www.tvturk.com\/wp-content\/uploads\/2019\/03\/canakkalede-oy-kullanilmaya-baslandi_928ae11.jpg?resize=768%2C511 768w, https:\/\/i0.wp.com\/www.tvturk.com\/wp-content\/uploads\/2019\/03\/canakkalede-oy-kullanilmaya-baslandi_928ae11.jpg?resize=170%2C113 170w, https:\/\/i0.wp.com\/www.tvturk.com\/wp-content\/uploads\/2019\/03\/canakkalede-oy-kullanilmaya-baslandi_928ae11.jpg?resize=120%2C80 120w\" width=\"330\" height=\"220\" loading=\"lazy\" data-original-width=\"330\" data-original-height=\"220\" itemprop=\"http:\/\/schema.org\/image\" title=\"\u00c7anakkale\u2019de oy kullan\u0131lmaya ba\u015fland\u0131\" alt=\"\u00c7anakkale\u2019de oy kullan\u0131lmaya ba\u015fland\u0131\" style=\"width: 330px; height: 220px;\" \/> <\/a> <\/div> <\/div> <!-- close group --> <\/div> <!-- close row --> <div class=\"gallery-row\" style=\"width: 500px; height: 85px;\" data-original-width=\"500\" data-original-height=\"85\" > <div class=\"gallery-group images-1\" style=\"width: 125px; height: 85px;\" data-original-width=\"125\" data-original-height=\"85\" > <div class=\"tiled-gallery-item tiled-gallery-item-small\" itemprop=\"associatedMedia\" itemscope itemtype=\"http:\/\/schema.org\/ImageObject\"> <a href=\"http:\/\/www.tvturk.com\/index.php\/canakkalede-oy-kullanilmaya-baslandi\/canakkalede-oy-kullanilmaya-baslandi-12\/\" border=\"0\" itemprop=\"url\"> <meta itemprop=\"width\" content=\"121\"> <meta itemprop=\"height\" content=\"81\"> <img decoding=\"async\" class=\"\" data-attachment-id=\"119401\" data-orig-file=\"http:\/\/www.tvturk.com\/wp-content\/uploads\/2019\/03\/canakkalede-oy-kullanilmaya-baslandi_e53cf02.jpg\" data-orig-size=\"1000,666\" data-comments-opened=\"\" data-image-meta=\"{&quot;aperture&quot;:&quot;0&quot;,&quot;credit&quot;:&quot;IHA&quot;,&quot;camera&quot;:&quot;&quot;,&quot;caption&quot;:&quot;\\u00c7ANAKKALE\\u2019DE SAAT 08.00 \\u0130T\\u0130BAR\\u0130YLE OY KULLANILMAYA BA\\u015eLANDI. (MURAT Y\\u00dcKSEL\\\/\\u00c7ANAKKALE-\\u0130HA)&quot;,&quot;created_timestamp&quot;:&quot;0&quot;,&quot;copyright&quot;:&quot;\\u0130HLAS HABER AJANSI, www.iha.com.tr&quot;,&quot;focal_length&quot;:&quot;0&quot;,&quot;iso&quot;:&quot;0&quot;,&quot;shutter_speed&quot;:&quot;0&quot;,&quot;title&quot;:&quot;\\u00c7ANAKKALE\\u2019DE OY KULLANILMAYA BA\\u015eLANDI&quot;,&quot;orientation&quot;:&quot;0&quot;}\" data-image-title=\"\u00c7anakkale\u2019de oy kullan\u0131lmaya ba\u015fland\u0131\" data-image-description=\"&lt;p&gt;\u00c7anakkale\u2019de oy kullan\u0131lmaya ba\u015fland\u0131&lt;\/p&gt; \" data-medium-file=\"https:\/\/i0.wp.com\/www.tvturk.com\/wp-content\/uploads\/2019\/03\/canakkalede-oy-kullanilmaya-baslandi_e53cf02.jpg?fit=300%2C200\" data-large-file=\"https:\/\/i0.wp.com\/www.tvturk.com\/wp-content\/uploads\/2019\/03\/canakkalede-oy-kullanilmaya-baslandi_e53cf02.jpg?fit=1000%2C666\" src=\"https:\/\/i0.wp.com\/www.tvturk.com\/wp-content\/uploads\/2019\/03\/canakkalede-oy-kullanilmaya-baslandi_e53cf02.jpg?w=121&#038;h=81\" srcset=\"https:\/\/i0.wp.com\/www.tvturk.com\/wp-content\/uploads\/2019\/03\/canakkalede-oy-kullanilmaya-baslandi_e53cf02.jpg?w=1000 1000w, https:\/\/i0.wp.com\/www.tvturk.com\/wp-content\/uploads\/2019\/03\/canakkalede-oy-kullanilmaya-baslandi_e53cf02.jpg?resize=150%2C100 150w, https:\/\/i0.wp.com\/www.tvturk.com\/wp-content\/uploads\/2019\/03\/canakkalede-oy-kullanilmaya-baslandi_e53cf02.jpg?resize=300%2C200 300w, https:\/\/i0.wp.com\/www.tvturk.com\/wp-content\/uploads\/2019\/03\/canakkalede-oy-kullanilmaya-baslandi_e53cf02.jpg?resize=768%2C511 768w, https:\/\/i0.wp.com\/www.tvturk.com\/wp-content\/uploads\/2019\/03\/canakkalede-oy-kullanilmaya-baslandi_e53cf02.jpg?resize=170%2C113 170w, https:\/\/i0.wp.com\/www.tvturk.com\/wp-content\/uploads\/2019\/03\/canakkalede-oy-kullanilmaya-baslandi_e53cf02.jpg?resize=120%2C80 120w, https:\/\/i0.wp.com\/www.tvturk.com\/wp-content\/uploads\/2019\/03\/canakkalede-oy-kullanilmaya-baslandi_e53cf02.jpg?resize=80%2C55 80w\" width=\"121\" height=\"81\" loading=\"lazy\" data-original-width=\"121\" data-original-height=\"81\" itemprop=\"http:\/\/schema.org\/image\" title=\"\u00c7anakkale\u2019de oy kullan\u0131lmaya ba\u015fland\u0131\" alt=\"\u00c7anakkale\u2019de oy kullan\u0131lmaya ba\u015fland\u0131\" style=\"width: 121px; height: 81px;\" \/> <\/a> <\/div> <\/div> <!-- close group --> <div class=\"gallery-group images-1\" style=\"width: 125px; height: 85px;\" data-original-width=\"125\" data-original-height=\"85\" > <div class=\"tiled-gallery-item tiled-gallery-item-small\" itemprop=\"associatedMedia\" itemscope itemtype=\"http:\/\/schema.org\/ImageObject\"> <a href=\"http:\/\/www.tvturk.com\/index.php\/canakkalede-oy-kullanilmaya-baslandi\/canakkalede-oy-kullanilmaya-baslandi-13\/\" border=\"0\" itemprop=\"url\"> <meta itemprop=\"width\" content=\"121\"> <meta itemprop=\"height\" content=\"81\"> <img decoding=\"async\" class=\"\" data-attachment-id=\"119402\" data-orig-file=\"http:\/\/www.tvturk.com\/wp-content\/uploads\/2019\/03\/canakkalede-oy-kullanilmaya-baslandi_f1154f3.jpg\" data-orig-size=\"1000,666\" data-comments-opened=\"\" data-image-meta=\"{&quot;aperture&quot;:&quot;0&quot;,&quot;credit&quot;:&quot;IHA&quot;,&quot;camera&quot;:&quot;&quot;,&quot;caption&quot;:&quot;\\u00c7ANAKKALE\\u2019DE SAAT 08.00 \\u0130T\\u0130BAR\\u0130YLE OY KULLANILMAYA BA\\u015eLANDI. (MURAT Y\\u00dcKSEL\\\/\\u00c7ANAKKALE-\\u0130HA)&quot;,&quot;created_timestamp&quot;:&quot;0&quot;,&quot;copyright&quot;:&quot;\\u0130HLAS HABER AJANSI, www.iha.com.tr&quot;,&quot;focal_length&quot;:&quot;0&quot;,&quot;iso&quot;:&quot;0&quot;,&quot;shutter_speed&quot;:&quot;0&quot;,&quot;title&quot;:&quot;\\u00c7ANAKKALE\\u2019DE OY KULLANILMAYA BA\\u015eLANDI&quot;,&quot;orientation&quot;:&quot;0&quot;}\" data-image-title=\"\u00c7anakkale\u2019de oy kullan\u0131lmaya ba\u015fland\u0131\" data-image-description=\"&lt;p&gt;\u00c7anakkale\u2019de oy kullan\u0131lmaya ba\u015fland\u0131&lt;\/p&gt; \" data-medium-file=\"https:\/\/i0.wp.com\/www.tvturk.com\/wp-content\/uploads\/2019\/03\/canakkalede-oy-kullanilmaya-baslandi_f1154f3.jpg?fit=300%2C200\" data-large-file=\"https:\/\/i0.wp.com\/www.tvturk.com\/wp-content\/uploads\/2019\/03\/canakkalede-oy-kullanilmaya-baslandi_f1154f3.jpg?fit=1000%2C666\" src=\"https:\/\/i0.wp.com\/www.tvturk.com\/wp-content\/uploads\/2019\/03\/canakkalede-oy-kullanilmaya-baslandi_f1154f3.jpg?w=121&#038;h=81\" srcset=\"https:\/\/i0.wp.com\/www.tvturk.com\/wp-content\/uploads\/2019\/03\/canakkalede-oy-kullanilmaya-baslandi_f1154f3.jpg?w=1000 1000w, https:\/\/i0.wp.com\/www.tvturk.com\/wp-content\/uploads\/2019\/03\/canakkalede-oy-kullanilmaya-baslandi_f1154f3.jpg?resize=150%2C100 150w, https:\/\/i0.wp.com\/www.tvturk.com\/wp-content\/uploads\/2019\/03\/canakkalede-oy-kullanilmaya-baslandi_f1154f3.jpg?resize=300%2C200 300w, https:\/\/i0.wp.com\/www.tvturk.com\/wp-content\/uploads\/2019\/03\/canakkalede-oy-kullanilmaya-baslandi_f1154f3.jpg?resize=768%2C511 768w, https:\/\/i0.wp.com\/www.tvturk.com\/wp-content\/uploads\/2019\/03\/canakkalede-oy-kullanilmaya-baslandi_f1154f3.jpg?resize=170%2C113 170w, https:\/\/i0.wp.com\/www.tvturk.com\/wp-content\/uploads\/2019\/03\/canakkalede-oy-kullanilmaya-baslandi_f1154f3.jpg?resize=120%2C80 120w, https:\/\/i0.wp.com\/www.tvturk.com\/wp-content\/uploads\/2019\/03\/canakkalede-oy-kullanilmaya-baslandi_f1154f3.jpg?resize=80%2C55 80w\" width=\"121\" height=\"81\" loading=\"lazy\" data-original-width=\"121\" data-original-height=\"81\" itemprop=\"http:\/\/schema.org\/image\" title=\"\u00c7anakkale\u2019de oy kullan\u0131lmaya ba\u015fland\u0131\" alt=\"\u00c7anakkale\u2019de oy kullan\u0131lmaya ba\u015fland\u0131\" style=\"width: 121px; height: 81px;\" \/> <\/a> <\/div> <\/div> <!-- close group --> <div class=\"gallery-group images-1\" style=\"width: 125px; height: 85px;\" data-original-width=\"125\" data-original-height=\"85\" > <div class=\"tiled-gallery-item tiled-gallery-item-small\" itemprop=\"associatedMedia\" itemscope itemtype=\"http:\/\/schema.org\/ImageObject\"> <a href=\"http:\/\/www.tvturk.com\/index.php\/canakkalede-oy-kullanilmaya-baslandi\/canakkalede-oy-kullanilmaya-baslandi-14\/\" border=\"0\" itemprop=\"url\"> <meta itemprop=\"width\" content=\"121\"> <meta itemprop=\"height\" content=\"81\"> <img decoding=\"async\" class=\"\" data-attachment-id=\"119403\" data-orig-file=\"http:\/\/www.tvturk.com\/wp-content\/uploads\/2019\/03\/canakkalede-oy-kullanilmaya-baslandi_dcbf8c6.jpg\" data-orig-size=\"1000,666\" data-comments-opened=\"\" data-image-meta=\"{&quot;aperture&quot;:&quot;0&quot;,&quot;credit&quot;:&quot;IHA&quot;,&quot;camera&quot;:&quot;&quot;,&quot;caption&quot;:&quot;\\u00c7ANAKKALE\\u2019DE SAAT 08.00 \\u0130T\\u0130BAR\\u0130YLE OY KULLANILMAYA BA\\u015eLANDI. (MURAT Y\\u00dcKSEL\\\/\\u00c7ANAKKALE-\\u0130HA)&quot;,&quot;created_timestamp&quot;:&quot;0&quot;,&quot;copyright&quot;:&quot;\\u0130HLAS HABER AJANSI, www.iha.com.tr&quot;,&quot;focal_length&quot;:&quot;0&quot;,&quot;iso&quot;:&quot;0&quot;,&quot;shutter_speed&quot;:&quot;0&quot;,&quot;title&quot;:&quot;\\u00c7ANAKKALE\\u2019DE OY KULLANILMAYA BA\\u015eLANDI&quot;,&quot;orientation&quot;:&quot;0&quot;}\" data-image-title=\"\u00c7anakkale\u2019de oy kullan\u0131lmaya ba\u015fland\u0131\" data-image-description=\"&lt;p&gt;\u00c7anakkale\u2019de oy kullan\u0131lmaya ba\u015fland\u0131&lt;\/p&gt; \" data-medium-file=\"https:\/\/i0.wp.com\/www.tvturk.com\/wp-content\/uploads\/2019\/03\/canakkalede-oy-kullanilmaya-baslandi_dcbf8c6.jpg?fit=300%2C200\" data-large-file=\"https:\/\/i0.wp.com\/www.tvturk.com\/wp-content\/uploads\/2019\/03\/canakkalede-oy-kullanilmaya-baslandi_dcbf8c6.jpg?fit=1000%2C666\" src=\"https:\/\/i0.wp.com\/www.tvturk.com\/wp-content\/uploads\/2019\/03\/canakkalede-oy-kullanilmaya-baslandi_dcbf8c6.jpg?w=121&#038;h=81\" srcset=\"https:\/\/i0.wp.com\/www.tvturk.com\/wp-content\/uploads\/2019\/03\/canakkalede-oy-kullanilmaya-baslandi_dcbf8c6.jpg?w=1000 1000w, https:\/\/i0.wp.com\/www.tvturk.com\/wp-content\/uploads\/2019\/03\/canakkalede-oy-kullanilmaya-baslandi_dcbf8c6.jpg?resize=150%2C100 150w, https:\/\/i0.wp.com\/www.tvturk.com\/wp-content\/uploads\/2019\/03\/canakkalede-oy-kullanilmaya-baslandi_dcbf8c6.jpg?resize=300%2C200 300w, https:\/\/i0.wp.com\/www.tvturk.com\/wp-content\/uploads\/2019\/03\/canakkalede-oy-kullanilmaya-baslandi_dcbf8c6.jpg?resize=768%2C511 768w, https:\/\/i0.wp.com\/www.tvturk.com\/wp-content\/uploads\/2019\/03\/canakkalede-oy-kullanilmaya-baslandi_dcbf8c6.jpg?resize=170%2C113 170w, https:\/\/i0.wp.com\/www.tvturk.com\/wp-content\/uploads\/2019\/03\/canakkalede-oy-kullanilmaya-baslandi_dcbf8c6.jpg?resize=120%2C80 120w, https:\/\/i0.wp.com\/www.tvturk.com\/wp-content\/uploads\/2019\/03\/canakkalede-oy-kullanilmaya-baslandi_dcbf8c6.jpg?resize=80%2C55 80w\" width=\"121\" height=\"81\" loading=\"lazy\" data-original-width=\"121\" data-original-height=\"81\" itemprop=\"http:\/\/schema.org\/image\" title=\"\u00c7anakkale\u2019de oy kullan\u0131lmaya ba\u015fland\u0131\" alt=\"\u00c7anakkale\u2019de oy kullan\u0131lmaya ba\u015fland\u0131\" style=\"width: 121px; height: 81px;\" \/> <\/a> <\/div> <\/div> <!-- close group --> <div class=\"gallery-group images-1\" style=\"width: 125px; height: 85px;\" data-original-width=\"125\" data-original-height=\"85\" > <div class=\"tiled-gallery-item tiled-gallery-item-small\" itemprop=\"associatedMedia\" itemscope itemtype=\"http:\/\/schema.org\/ImageObject\"> <a href=\"http:\/\/www.tvturk.com\/index.php\/canakkalede-oy-kullanilmaya-baslandi\/canakkalede-oy-kullanilmaya-baslandi-15\/\" border=\"0\" itemprop=\"url\"> <meta itemprop=\"width\" content=\"121\"> <meta itemprop=\"height\" content=\"81\"> <img decoding=\"async\" class=\"\" data-attachment-id=\"119404\" data-orig-file=\"http:\/\/www.tvturk.com\/wp-content\/uploads\/2019\/03\/canakkalede-oy-kullanilmaya-baslandi_b62bc8f.jpg\" data-orig-size=\"1000,666\" data-comments-opened=\"\" data-image-meta=\"{&quot;aperture&quot;:&quot;0&quot;,&quot;credit&quot;:&quot;IHA&quot;,&quot;camera&quot;:&quot;&quot;,&quot;caption&quot;:&quot;\\u00c7ANAKKALE\\u2019DE SAAT 08.00 \\u0130T\\u0130BAR\\u0130YLE OY KULLANILMAYA BA\\u015eLANDI. (MURAT Y\\u00dcKSEL\\\/\\u00c7ANAKKALE-\\u0130HA)&quot;,&quot;created_timestamp&quot;:&quot;0&quot;,&quot;copyright&quot;:&quot;\\u0130HLAS HABER AJANSI, www.iha.com.tr&quot;,&quot;focal_length&quot;:&quot;0&quot;,&quot;iso&quot;:&quot;0&quot;,&quot;shutter_speed&quot;:&quot;0&quot;,&quot;title&quot;:&quot;\\u00c7ANAKKALE\\u2019DE OY KULLANILMAYA BA\\u015eLANDI&quot;,&quot;orientation&quot;:&quot;0&quot;}\" data-image-title=\"\u00c7anakkale\u2019de oy kullan\u0131lmaya ba\u015fland\u0131\" data-image-description=\"&lt;p&gt;\u00c7anakkale\u2019de oy kullan\u0131lmaya ba\u015fland\u0131&lt;\/p&gt; \" data-medium-file=\"https:\/\/i0.wp.com\/www.tvturk.com\/wp-content\/uploads\/2019\/03\/canakkalede-oy-kullanilmaya-baslandi_b62bc8f.jpg?fit=300%2C200\" data-large-file=\"https:\/\/i0.wp.com\/www.tvturk.com\/wp-content\/uploads\/2019\/03\/canakkalede-oy-kullanilmaya-baslandi_b62bc8f.jpg?fit=1000%2C666\" src=\"https:\/\/i0.wp.com\/www.tvturk.com\/wp-content\/uploads\/2019\/03\/canakkalede-oy-kullanilmaya-baslandi_b62bc8f.jpg?w=121&#038;h=81\" srcset=\"https:\/\/i0.wp.com\/www.tvturk.com\/wp-content\/uploads\/2019\/03\/canakkalede-oy-kullanilmaya-baslandi_b62bc8f.jpg?w=1000 1000w, https:\/\/i0.wp.com\/www.tvturk.com\/wp-content\/uploads\/2019\/03\/canakkalede-oy-kullanilmaya-baslandi_b62bc8f.jpg?resize=150%2C100 150w, https:\/\/i0.wp.com\/www.tvturk.com\/wp-content\/uploads\/2019\/03\/canakkalede-oy-kullanilmaya-baslandi_b62bc8f.jpg?resize=300%2C200 300w, https:\/\/i0.wp.com\/www.tvturk.com\/wp-content\/uploads\/2019\/03\/canakkalede-oy-kullanilmaya-baslandi_b62bc8f.jpg?resize=768%2C511 768w, https:\/\/i0.wp.com\/www.tvturk.com\/wp-content\/uploads\/2019\/03\/canakkalede-oy-kullanilmaya-baslandi_b62bc8f.jpg?resize=170%2C113 170w, https:\/\/i0.wp.com\/www.tvturk.com\/wp-content\/uploads\/2019\/03\/canakkalede-oy-kullanilmaya-baslandi_b62bc8f.jpg?resize=120%2C80 120w, https:\/\/i0.wp.com\/www.tvturk.com\/wp-content\/uploads\/2019\/03\/canakkalede-oy-kullanilmaya-baslandi_b62bc8f.jpg?resize=80%2C55 80w\" width=\"121\" height=\"81\" loading=\"lazy\" data-original-width=\"121\" data-original-height=\"81\" itemprop=\"http:\/\/schema.org\/image\" title=\"\u00c7anakkale\u2019de oy kullan\u0131lmaya ba\u015fland\u0131\" alt=\"\u00c7anakkale\u2019de oy kullan\u0131lmaya ba\u015fland\u0131\" style=\"width: 121px; height: 81px;\" \/> <\/a> <\/div> <\/div> <!-- close group --> <\/div> <!-- close row --> <\/div><\/p>\n","protected":false},"excerpt":{"rendered":"<p>\u00c7ANAKKALE\u2019DE SAAT 08.00 \u0130T\u0130BAR\u0130YLE OY KULLANILMAYA BA\u015eLANDI.<\/p>\n","protected":false},"author":1,"featured_media":119391,"comment_status":"closed","ping_status":"open","sticky":false,"template":"","format":"standard","meta":{"jetpack_post_was_ever_published":false,"_jetpack_newsletter_access":"","_jetpack_dont_email_post_to_subs":false,"_jetpack_newsletter_tier_id":0,"_jetpack_memberships_contains_paywalled_content":false,"_jetpack_memberships_contains_paid_content":false,"footnotes":"","jetpack_publicize_message":"","jetpack_publicize_feature_enabled":true,"jetpack_social_post_already_shared":true,"jetpack_social_options":{"image_generator_settings":{"template":"highway","default_image_id":0,"font":"","enabled":false},"version":2}},"categories":[1],"tags":[7607,8544,28844],"class_list":["post-119390","post","type-post","status-publish","format-standard","has-post-thumbnail","hentry","category-genel","tag-baslandi","tag-canakkalede","tag-kullanilmaya"],"jetpack_publicize_connections":[],"jetpack_featured_media_url":"https:\/\/i0.wp.com\/www.tvturk.com\/wp-content\/uploads\/2019\/03\/canakkalede-oy-kullanilmaya-baslandi_1aaa0b6.jpg?fit=1000%2C666","jetpack_sharing_enabled":true,"jetpack_shortlink":"https:\/\/wp.me\/paKIfm-v3E","_links":{"self":[{"href":"http:\/\/www.tvturk.com\/index.php\/wp-json\/wp\/v2\/posts\/119390","targetHints":{"allow":["GET"]}}],"collection":[{"href":"http:\/\/www.tvturk.com\/index.php\/wp-json\/wp\/v2\/posts"}],"about":[{"href":"http:\/\/www.tvturk.com\/index.php\/wp-json\/wp\/v2\/types\/post"}],"author":[{"embeddable":true,"href":"http:\/\/www.tvturk.com\/index.php\/wp-json\/wp\/v2\/users\/1"}],"replies":[{"embeddable":true,"href":"http:\/\/www.tvturk.com\/index.php\/wp-json\/wp\/v2\/comments?post=119390"}],"version-history":[{"count":1,"href":"http:\/\/www.tvturk.com\/index.php\/wp-json\/wp\/v2\/posts\/119390\/revisions"}],"predecessor-version":[{"id":119405,"href":"http:\/\/www.tvturk.com\/index.php\/wp-json\/wp\/v2\/posts\/119390\/revisions\/119405"}],"wp:featuredmedia":[{"embeddable":true,"href":"http:\/\/www.tvturk.com\/index.php\/wp-json\/wp\/v2\/media\/119391"}],"wp:attachment":[{"href":"http:\/\/www.tvturk.com\/index.php\/wp-json\/wp\/v2\/media?parent=119390"}],"wp:term":[{"taxonomy":"category","embeddable":true,"href":"http:\/\/www.tvturk.com\/index.php\/wp-json\/wp\/v2\/categories?post=119390"},{"taxonomy":"post_tag","embeddable":true,"href":"http:\/\/www.tvturk.com\/index.php\/wp-json\/wp\/v2\/tags?post=119390"}],"curies":[{"name":"wp","href":"https:\/\/api.w.org\/{rel}","templated":true}]}}