{"id":119968,"date":"2019-03-31T13:53:08","date_gmt":"2019-03-31T10:53:08","guid":{"rendered":"http:\/\/www.tvturk.com\/index.php\/adanaspor-karabukspor-maci-hazirliklarini-surdurdu\/"},"modified":"2019-03-31T13:53:12","modified_gmt":"2019-03-31T10:53:12","slug":"adanaspor-karabukspor-maci-hazirliklarini-surdurdu","status":"publish","type":"post","link":"http:\/\/www.tvturk.com\/index.php\/adanaspor-karabukspor-maci-hazirliklarini-surdurdu\/","title":{"rendered":"Adanaspor, Karab\u00fckspor ma\u00e7\u0131 haz\u0131rl\u0131klar\u0131n\u0131 s\u00fcrd\u00fcrd\u00fc"},"content":{"rendered":"<p>Spor Toto 1. Lig\u2019in 27. haftas\u0131nda deplasmanda Kardemir Karab\u00fckspor ile kar\u015f\u0131la\u015facak Adanaspor, m\u00fccadelenin haz\u0131rl\u0131klar\u0131n\u0131 yapt\u0131\u011f\u0131 antrenmanla s\u00fcrd\u00fcrd\u00fc.<\/p>\n<p>Osman Yere\u015fen Tesisleri\u2019nde Teknik Direkt\u00f6r Ey\u00fcp Ar\u0131n y\u00f6netiminde ger\u00e7ekle\u015ftirilen antrenmanda Adana temsilcisi, Karab\u00fckspor ma\u00e7\u0131n\u0131n taktik \u00e7al\u0131\u015fmas\u0131n\u0131 yapt\u0131. Adanaspor yar\u0131n sabah Karab\u00fck\u2019e hareket edecek ve burada konaklayaca\u011f\u0131 otelde son \u00e7al\u0131\u015fmas\u0131n\u0131 yaparak ma\u00e7 saatini bekleyecek.<\/p>\n<p>Adanaspor\u2019da sar\u0131 kart cezal\u0131s\u0131 olan Hakan Bar\u0131\u015f kadroda yer alamayacak.<div class=\"tiled-gallery type-rectangular tiled-gallery-unresized\" data-original-width=\"500\" data-carousel-extra='null' itemscope itemtype=\"http:\/\/schema.org\/ImageGallery\" > <div class=\"gallery-row\" style=\"width: 500px; height: 230px;\" data-original-width=\"500\" data-original-height=\"230\" > <div class=\"gallery-group images-1\" style=\"width: 356px; height: 230px;\" data-original-width=\"356\" data-original-height=\"230\" > <div class=\"tiled-gallery-item tiled-gallery-item-large\" itemprop=\"associatedMedia\" itemscope itemtype=\"http:\/\/schema.org\/ImageObject\"> <a href=\"http:\/\/www.tvturk.com\/index.php\/adanaspor-karabukspor-maci-hazirliklarini-surdurdu\/adanaspor-karabukspor-maci-hazirliklarini-surdurdu-3\/\" border=\"0\" itemprop=\"url\"> <meta itemprop=\"width\" content=\"352\"> <meta itemprop=\"height\" content=\"226\"> <img decoding=\"async\" class=\"\" data-attachment-id=\"119970\" data-orig-file=\"http:\/\/www.tvturk.com\/wp-content\/uploads\/2019\/03\/adanaspor-karabukspor-maci-hazirliklarini-surdurdu_cc914f9.jpg\" data-orig-size=\"1000,642\" data-comments-opened=\"\" data-image-meta=\"{&quot;aperture&quot;:&quot;0&quot;,&quot;credit&quot;:&quot;IHA&quot;,&quot;camera&quot;:&quot;&quot;,&quot;caption&quot;:&quot;OSMAN YERE\\u015eEN TES\\u0130SLER\\u0130\\u0027NDE TEKN\\u0130K D\\u0130REKT\\u00d6R EY\\u00dcP ARIN Y\\u00d6NET\\u0130M\\u0130NDE GER\\u00c7EKLE\\u015eT\\u0130R\\u0130LEN ANTRENMANDA ADANA TEMS\\u0130LC\\u0130S\\u0130, KARAB\\u00dcKSPOR MA\\u00c7ININ TAKT\\u0130K \\u00c7ALI\\u015eMASINI YAPTI. (\\u0130HA\\\/ADANA-\\u0130HA)&quot;,&quot;created_timestamp&quot;:&quot;0&quot;,&quot;copyright&quot;:&quot;\\u0130HLAS HABER AJANSI, www.iha.com.tr&quot;,&quot;focal_length&quot;:&quot;0&quot;,&quot;iso&quot;:&quot;0&quot;,&quot;shutter_speed&quot;:&quot;0&quot;,&quot;title&quot;:&quot;ADANASPOR, KARAB\\u00dcKSPOR MA\\u00c7I HAZIRLIKLARINI S\\u00dcRD\\u00dcRD\\u00dc&quot;,&quot;orientation&quot;:&quot;0&quot;}\" data-image-title=\"Adanaspor, Karab\u00fckspor ma\u00e7\u0131 haz\u0131rl\u0131klar\u0131n\u0131 s\u00fcrd\u00fcrd\u00fc\" data-image-description=\"&lt;p&gt;Adanaspor, Karab\u00fckspor ma\u00e7\u0131 haz\u0131rl\u0131klar\u0131n\u0131 s\u00fcrd\u00fcrd\u00fc&lt;\/p&gt; \" data-medium-file=\"https:\/\/i0.wp.com\/www.tvturk.com\/wp-content\/uploads\/2019\/03\/adanaspor-karabukspor-maci-hazirliklarini-surdurdu_cc914f9.jpg?fit=300%2C193\" data-large-file=\"https:\/\/i0.wp.com\/www.tvturk.com\/wp-content\/uploads\/2019\/03\/adanaspor-karabukspor-maci-hazirliklarini-surdurdu_cc914f9.jpg?fit=1000%2C642\" src=\"https:\/\/i0.wp.com\/www.tvturk.com\/wp-content\/uploads\/2019\/03\/adanaspor-karabukspor-maci-hazirliklarini-surdurdu_cc914f9.jpg?w=352&#038;h=226\" srcset=\"https:\/\/i0.wp.com\/www.tvturk.com\/wp-content\/uploads\/2019\/03\/adanaspor-karabukspor-maci-hazirliklarini-surdurdu_cc914f9.jpg?w=1000 1000w, https:\/\/i0.wp.com\/www.tvturk.com\/wp-content\/uploads\/2019\/03\/adanaspor-karabukspor-maci-hazirliklarini-surdurdu_cc914f9.jpg?resize=150%2C96 150w, https:\/\/i0.wp.com\/www.tvturk.com\/wp-content\/uploads\/2019\/03\/adanaspor-karabukspor-maci-hazirliklarini-surdurdu_cc914f9.jpg?resize=300%2C193 300w, https:\/\/i0.wp.com\/www.tvturk.com\/wp-content\/uploads\/2019\/03\/adanaspor-karabukspor-maci-hazirliklarini-surdurdu_cc914f9.jpg?resize=768%2C493 768w\" width=\"352\" height=\"226\" loading=\"lazy\" data-original-width=\"352\" data-original-height=\"226\" itemprop=\"http:\/\/schema.org\/image\" title=\"Adanaspor, Karab\u00fckspor ma\u00e7\u0131 haz\u0131rl\u0131klar\u0131n\u0131 s\u00fcrd\u00fcrd\u00fc\" alt=\"Adanaspor, Karab\u00fckspor ma\u00e7\u0131 haz\u0131rl\u0131klar\u0131n\u0131 s\u00fcrd\u00fcrd\u00fc\" style=\"width: 352px; height: 226px;\" \/> <\/a> <\/div> <\/div> <!-- close group --> <div class=\"gallery-group images-2\" style=\"width: 144px; height: 230px;\" data-original-width=\"144\" data-original-height=\"230\" > <div class=\"tiled-gallery-item tiled-gallery-item-small\" itemprop=\"associatedMedia\" itemscope itemtype=\"http:\/\/schema.org\/ImageObject\"> <a href=\"http:\/\/www.tvturk.com\/index.php\/adanaspor-karabukspor-maci-hazirliklarini-surdurdu\/adanaspor-karabukspor-maci-hazirliklarini-surdurdu-4\/\" border=\"0\" itemprop=\"url\"> <meta itemprop=\"width\" content=\"140\"> <meta itemprop=\"height\" content=\"118\"> <img decoding=\"async\" class=\"\" data-attachment-id=\"119971\" data-orig-file=\"http:\/\/www.tvturk.com\/wp-content\/uploads\/2019\/03\/adanaspor-karabukspor-maci-hazirliklarini-surdurdu_7fd6d13.jpg\" data-orig-size=\"1000,845\" data-comments-opened=\"\" data-image-meta=\"{&quot;aperture&quot;:&quot;0&quot;,&quot;credit&quot;:&quot;IHA&quot;,&quot;camera&quot;:&quot;&quot;,&quot;caption&quot;:&quot;OSMAN YERE\\u015eEN TES\\u0130SLER\\u0130\\u0027NDE TEKN\\u0130K D\\u0130REKT\\u00d6R EY\\u00dcP ARIN Y\\u00d6NET\\u0130M\\u0130NDE GER\\u00c7EKLE\\u015eT\\u0130R\\u0130LEN ANTRENMANDA ADANA TEMS\\u0130LC\\u0130S\\u0130, KARAB\\u00dcKSPOR MA\\u00c7ININ TAKT\\u0130K \\u00c7ALI\\u015eMASINI YAPTI. (\\u0130HA\\\/ADANA-\\u0130HA)&quot;,&quot;created_timestamp&quot;:&quot;0&quot;,&quot;copyright&quot;:&quot;\\u0130HLAS HABER AJANSI, www.iha.com.tr&quot;,&quot;focal_length&quot;:&quot;0&quot;,&quot;iso&quot;:&quot;0&quot;,&quot;shutter_speed&quot;:&quot;0&quot;,&quot;title&quot;:&quot;ADANASPOR, KARAB\\u00dcKSPOR MA\\u00c7I HAZIRLIKLARINI S\\u00dcRD\\u00dcRD\\u00dc&quot;,&quot;orientation&quot;:&quot;0&quot;}\" data-image-title=\"Adanaspor, Karab\u00fckspor ma\u00e7\u0131 haz\u0131rl\u0131klar\u0131n\u0131 s\u00fcrd\u00fcrd\u00fc\" data-image-description=\"&lt;p&gt;Adanaspor, Karab\u00fckspor ma\u00e7\u0131 haz\u0131rl\u0131klar\u0131n\u0131 s\u00fcrd\u00fcrd\u00fc&lt;\/p&gt; \" data-medium-file=\"https:\/\/i0.wp.com\/www.tvturk.com\/wp-content\/uploads\/2019\/03\/adanaspor-karabukspor-maci-hazirliklarini-surdurdu_7fd6d13.jpg?fit=300%2C254\" data-large-file=\"https:\/\/i0.wp.com\/www.tvturk.com\/wp-content\/uploads\/2019\/03\/adanaspor-karabukspor-maci-hazirliklarini-surdurdu_7fd6d13.jpg?fit=1000%2C845\" src=\"https:\/\/i0.wp.com\/www.tvturk.com\/wp-content\/uploads\/2019\/03\/adanaspor-karabukspor-maci-hazirliklarini-surdurdu_7fd6d13.jpg?w=140&#038;h=118\" srcset=\"https:\/\/i0.wp.com\/www.tvturk.com\/wp-content\/uploads\/2019\/03\/adanaspor-karabukspor-maci-hazirliklarini-surdurdu_7fd6d13.jpg?w=1000 1000w, https:\/\/i0.wp.com\/www.tvturk.com\/wp-content\/uploads\/2019\/03\/adanaspor-karabukspor-maci-hazirliklarini-surdurdu_7fd6d13.jpg?resize=150%2C127 150w, https:\/\/i0.wp.com\/www.tvturk.com\/wp-content\/uploads\/2019\/03\/adanaspor-karabukspor-maci-hazirliklarini-surdurdu_7fd6d13.jpg?resize=300%2C254 300w, https:\/\/i0.wp.com\/www.tvturk.com\/wp-content\/uploads\/2019\/03\/adanaspor-karabukspor-maci-hazirliklarini-surdurdu_7fd6d13.jpg?resize=768%2C649 768w\" width=\"140\" height=\"118\" loading=\"lazy\" data-original-width=\"140\" data-original-height=\"118\" itemprop=\"http:\/\/schema.org\/image\" title=\"Adanaspor, Karab\u00fckspor ma\u00e7\u0131 haz\u0131rl\u0131klar\u0131n\u0131 s\u00fcrd\u00fcrd\u00fc\" alt=\"Adanaspor, Karab\u00fckspor ma\u00e7\u0131 haz\u0131rl\u0131klar\u0131n\u0131 s\u00fcrd\u00fcrd\u00fc\" style=\"width: 140px; height: 118px;\" \/> <\/a> <\/div> <div class=\"tiled-gallery-item tiled-gallery-item-small\" itemprop=\"associatedMedia\" itemscope itemtype=\"http:\/\/schema.org\/ImageObject\"> <a href=\"http:\/\/www.tvturk.com\/index.php\/adanaspor-karabukspor-maci-hazirliklarini-surdurdu\/adanaspor-karabukspor-maci-hazirliklarini-surdurdu-5\/\" border=\"0\" itemprop=\"url\"> <meta itemprop=\"width\" content=\"140\"> <meta itemprop=\"height\" content=\"104\"> <img decoding=\"async\" class=\"\" data-attachment-id=\"119972\" data-orig-file=\"http:\/\/www.tvturk.com\/wp-content\/uploads\/2019\/03\/adanaspor-karabukspor-maci-hazirliklarini-surdurdu_9e10ebd.jpg\" data-orig-size=\"1000,739\" data-comments-opened=\"\" data-image-meta=\"{&quot;aperture&quot;:&quot;0&quot;,&quot;credit&quot;:&quot;IHA&quot;,&quot;camera&quot;:&quot;&quot;,&quot;caption&quot;:&quot;OSMAN YERE\\u015eEN TES\\u0130SLER\\u0130\\u0027NDE TEKN\\u0130K D\\u0130REKT\\u00d6R EY\\u00dcP ARIN Y\\u00d6NET\\u0130M\\u0130NDE GER\\u00c7EKLE\\u015eT\\u0130R\\u0130LEN ANTRENMANDA ADANA TEMS\\u0130LC\\u0130S\\u0130, KARAB\\u00dcKSPOR MA\\u00c7ININ TAKT\\u0130K \\u00c7ALI\\u015eMASINI YAPTI. (\\u0130HA\\\/ADANA-\\u0130HA)&quot;,&quot;created_timestamp&quot;:&quot;0&quot;,&quot;copyright&quot;:&quot;\\u0130HLAS HABER AJANSI, www.iha.com.tr&quot;,&quot;focal_length&quot;:&quot;0&quot;,&quot;iso&quot;:&quot;0&quot;,&quot;shutter_speed&quot;:&quot;0&quot;,&quot;title&quot;:&quot;ADANASPOR, KARAB\\u00dcKSPOR MA\\u00c7I HAZIRLIKLARINI S\\u00dcRD\\u00dcRD\\u00dc&quot;,&quot;orientation&quot;:&quot;0&quot;}\" data-image-title=\"Adanaspor, Karab\u00fckspor ma\u00e7\u0131 haz\u0131rl\u0131klar\u0131n\u0131 s\u00fcrd\u00fcrd\u00fc\" data-image-description=\"&lt;p&gt;Adanaspor, Karab\u00fckspor ma\u00e7\u0131 haz\u0131rl\u0131klar\u0131n\u0131 s\u00fcrd\u00fcrd\u00fc&lt;\/p&gt; \" data-medium-file=\"https:\/\/i0.wp.com\/www.tvturk.com\/wp-content\/uploads\/2019\/03\/adanaspor-karabukspor-maci-hazirliklarini-surdurdu_9e10ebd.jpg?fit=300%2C222\" data-large-file=\"https:\/\/i0.wp.com\/www.tvturk.com\/wp-content\/uploads\/2019\/03\/adanaspor-karabukspor-maci-hazirliklarini-surdurdu_9e10ebd.jpg?fit=1000%2C739\" src=\"https:\/\/i0.wp.com\/www.tvturk.com\/wp-content\/uploads\/2019\/03\/adanaspor-karabukspor-maci-hazirliklarini-surdurdu_9e10ebd.jpg?w=140&#038;h=104\" srcset=\"https:\/\/i0.wp.com\/www.tvturk.com\/wp-content\/uploads\/2019\/03\/adanaspor-karabukspor-maci-hazirliklarini-surdurdu_9e10ebd.jpg?w=1000 1000w, https:\/\/i0.wp.com\/www.tvturk.com\/wp-content\/uploads\/2019\/03\/adanaspor-karabukspor-maci-hazirliklarini-surdurdu_9e10ebd.jpg?resize=150%2C111 150w, https:\/\/i0.wp.com\/www.tvturk.com\/wp-content\/uploads\/2019\/03\/adanaspor-karabukspor-maci-hazirliklarini-surdurdu_9e10ebd.jpg?resize=300%2C222 300w, https:\/\/i0.wp.com\/www.tvturk.com\/wp-content\/uploads\/2019\/03\/adanaspor-karabukspor-maci-hazirliklarini-surdurdu_9e10ebd.jpg?resize=768%2C568 768w\" width=\"140\" height=\"104\" loading=\"lazy\" data-original-width=\"140\" data-original-height=\"104\" itemprop=\"http:\/\/schema.org\/image\" title=\"Adanaspor, Karab\u00fckspor ma\u00e7\u0131 haz\u0131rl\u0131klar\u0131n\u0131 s\u00fcrd\u00fcrd\u00fc\" alt=\"Adanaspor, Karab\u00fckspor ma\u00e7\u0131 haz\u0131rl\u0131klar\u0131n\u0131 s\u00fcrd\u00fcrd\u00fc\" style=\"width: 140px; height: 104px;\" \/> <\/a> <\/div> <\/div> <!-- close group --> <\/div> <!-- close row --> <div class=\"gallery-row\" style=\"width: 500px; height: 336px;\" data-original-width=\"500\" data-original-height=\"336\" > <div class=\"gallery-group images-1\" style=\"width: 500px; height: 336px;\" data-original-width=\"500\" data-original-height=\"336\" > <div class=\"tiled-gallery-item tiled-gallery-item-large\" itemprop=\"associatedMedia\" itemscope itemtype=\"http:\/\/schema.org\/ImageObject\"> <a href=\"http:\/\/www.tvturk.com\/index.php\/adanaspor-karabukspor-maci-hazirliklarini-surdurdu\/adanaspor-karabukspor-maci-hazirliklarini-surdurdu-6\/\" border=\"0\" itemprop=\"url\"> <meta itemprop=\"width\" content=\"496\"> <meta itemprop=\"height\" content=\"332\"> <img decoding=\"async\" class=\"\" data-attachment-id=\"119973\" data-orig-file=\"http:\/\/www.tvturk.com\/wp-content\/uploads\/2019\/03\/adanaspor-karabukspor-maci-hazirliklarini-surdurdu_771085a.jpg\" data-orig-size=\"1000,669\" data-comments-opened=\"\" data-image-meta=\"{&quot;aperture&quot;:&quot;0&quot;,&quot;credit&quot;:&quot;IHA&quot;,&quot;camera&quot;:&quot;&quot;,&quot;caption&quot;:&quot;OSMAN YERE\\u015eEN TES\\u0130SLER\\u0130\\u0027NDE TEKN\\u0130K D\\u0130REKT\\u00d6R EY\\u00dcP ARIN Y\\u00d6NET\\u0130M\\u0130NDE GER\\u00c7EKLE\\u015eT\\u0130R\\u0130LEN ANTRENMANDA ADANA TEMS\\u0130LC\\u0130S\\u0130, KARAB\\u00dcKSPOR MA\\u00c7ININ TAKT\\u0130K \\u00c7ALI\\u015eMASINI YAPTI. (\\u0130HA\\\/ADANA-\\u0130HA)&quot;,&quot;created_timestamp&quot;:&quot;0&quot;,&quot;copyright&quot;:&quot;\\u0130HLAS HABER AJANSI, www.iha.com.tr&quot;,&quot;focal_length&quot;:&quot;0&quot;,&quot;iso&quot;:&quot;0&quot;,&quot;shutter_speed&quot;:&quot;0&quot;,&quot;title&quot;:&quot;ADANASPOR, KARAB\\u00dcKSPOR MA\\u00c7I HAZIRLIKLARINI S\\u00dcRD\\u00dcRD\\u00dc&quot;,&quot;orientation&quot;:&quot;0&quot;}\" data-image-title=\"Adanaspor, Karab\u00fckspor ma\u00e7\u0131 haz\u0131rl\u0131klar\u0131n\u0131 s\u00fcrd\u00fcrd\u00fc\" data-image-description=\"&lt;p&gt;Adanaspor, Karab\u00fckspor ma\u00e7\u0131 haz\u0131rl\u0131klar\u0131n\u0131 s\u00fcrd\u00fcrd\u00fc&lt;\/p&gt; \" data-medium-file=\"https:\/\/i0.wp.com\/www.tvturk.com\/wp-content\/uploads\/2019\/03\/adanaspor-karabukspor-maci-hazirliklarini-surdurdu_771085a.jpg?fit=300%2C201\" data-large-file=\"https:\/\/i0.wp.com\/www.tvturk.com\/wp-content\/uploads\/2019\/03\/adanaspor-karabukspor-maci-hazirliklarini-surdurdu_771085a.jpg?fit=1000%2C669\" src=\"https:\/\/i0.wp.com\/www.tvturk.com\/wp-content\/uploads\/2019\/03\/adanaspor-karabukspor-maci-hazirliklarini-surdurdu_771085a.jpg?w=496&#038;h=332\" srcset=\"https:\/\/i0.wp.com\/www.tvturk.com\/wp-content\/uploads\/2019\/03\/adanaspor-karabukspor-maci-hazirliklarini-surdurdu_771085a.jpg?w=1000 1000w, https:\/\/i0.wp.com\/www.tvturk.com\/wp-content\/uploads\/2019\/03\/adanaspor-karabukspor-maci-hazirliklarini-surdurdu_771085a.jpg?resize=150%2C100 150w, https:\/\/i0.wp.com\/www.tvturk.com\/wp-content\/uploads\/2019\/03\/adanaspor-karabukspor-maci-hazirliklarini-surdurdu_771085a.jpg?resize=300%2C200 300w, https:\/\/i0.wp.com\/www.tvturk.com\/wp-content\/uploads\/2019\/03\/adanaspor-karabukspor-maci-hazirliklarini-surdurdu_771085a.jpg?resize=768%2C514 768w, https:\/\/i0.wp.com\/www.tvturk.com\/wp-content\/uploads\/2019\/03\/adanaspor-karabukspor-maci-hazirliklarini-surdurdu_771085a.jpg?resize=170%2C113 170w, https:\/\/i0.wp.com\/www.tvturk.com\/wp-content\/uploads\/2019\/03\/adanaspor-karabukspor-maci-hazirliklarini-surdurdu_771085a.jpg?resize=120%2C80 120w, https:\/\/i0.wp.com\/www.tvturk.com\/wp-content\/uploads\/2019\/03\/adanaspor-karabukspor-maci-hazirliklarini-surdurdu_771085a.jpg?resize=80%2C55 80w\" width=\"496\" height=\"332\" loading=\"lazy\" data-original-width=\"496\" data-original-height=\"332\" itemprop=\"http:\/\/schema.org\/image\" title=\"Adanaspor, Karab\u00fckspor ma\u00e7\u0131 haz\u0131rl\u0131klar\u0131n\u0131 s\u00fcrd\u00fcrd\u00fc\" alt=\"Adanaspor, Karab\u00fckspor ma\u00e7\u0131 haz\u0131rl\u0131klar\u0131n\u0131 s\u00fcrd\u00fcrd\u00fc\" style=\"width: 496px; height: 332px;\" \/> <\/a> <\/div> <\/div> <!-- close group --> <\/div> <!-- close row --> <\/div><\/p>\n","protected":false},"excerpt":{"rendered":"<p>OSMAN YERE\u015eEN TES\u0130SLER\u0130&#8217;NDE TEKN\u0130K D\u0130REKT\u00d6R EY\u00dcP ARIN Y\u00d6NET\u0130M\u0130NDE GER\u00c7EKLE\u015eT\u0130R\u0130LEN ANTRENMANDA ADANA TEMS\u0130LC\u0130S\u0130, KARAB\u00dcKSPOR MA\u00c7ININ TAKT\u0130K \u00c7ALI\u015eMASINI YAPTI.<\/p>\n","protected":false},"author":1,"featured_media":119969,"comment_status":"closed","ping_status":"open","sticky":false,"template":"","format":"standard","meta":{"jetpack_post_was_ever_published":false,"_jetpack_newsletter_access":"","_jetpack_dont_email_post_to_subs":false,"_jetpack_newsletter_tier_id":0,"_jetpack_memberships_contains_paywalled_content":false,"_jetpack_memberships_contains_paid_content":false,"footnotes":"","jetpack_publicize_message":"","jetpack_publicize_feature_enabled":true,"jetpack_social_post_already_shared":true,"jetpack_social_options":{"image_generator_settings":{"template":"highway","default_image_id":0,"font":"","enabled":false},"version":2}},"categories":[657],"tags":[775,2628,7637,777,2629],"class_list":["post-119968","post","type-post","status-publish","format-standard","has-post-thumbnail","hentry","category-spor","tag-adanaspor","tag-hazirliklarini","tag-karabukspor","tag-maci","tag-surdurdu"],"jetpack_publicize_connections":[],"jetpack_featured_media_url":"https:\/\/i0.wp.com\/www.tvturk.com\/wp-content\/uploads\/2019\/03\/adanaspor-karabukspor-maci-hazirliklarini-surdurdu_d240521.jpg?fit=1000%2C698","jetpack_sharing_enabled":true,"jetpack_shortlink":"https:\/\/wp.me\/paKIfm-vcY","_links":{"self":[{"href":"http:\/\/www.tvturk.com\/index.php\/wp-json\/wp\/v2\/posts\/119968","targetHints":{"allow":["GET"]}}],"collection":[{"href":"http:\/\/www.tvturk.com\/index.php\/wp-json\/wp\/v2\/posts"}],"about":[{"href":"http:\/\/www.tvturk.com\/index.php\/wp-json\/wp\/v2\/types\/post"}],"author":[{"embeddable":true,"href":"http:\/\/www.tvturk.com\/index.php\/wp-json\/wp\/v2\/users\/1"}],"replies":[{"embeddable":true,"href":"http:\/\/www.tvturk.com\/index.php\/wp-json\/wp\/v2\/comments?post=119968"}],"version-history":[{"count":1,"href":"http:\/\/www.tvturk.com\/index.php\/wp-json\/wp\/v2\/posts\/119968\/revisions"}],"predecessor-version":[{"id":119974,"href":"http:\/\/www.tvturk.com\/index.php\/wp-json\/wp\/v2\/posts\/119968\/revisions\/119974"}],"wp:featuredmedia":[{"embeddable":true,"href":"http:\/\/www.tvturk.com\/index.php\/wp-json\/wp\/v2\/media\/119969"}],"wp:attachment":[{"href":"http:\/\/www.tvturk.com\/index.php\/wp-json\/wp\/v2\/media?parent=119968"}],"wp:term":[{"taxonomy":"category","embeddable":true,"href":"http:\/\/www.tvturk.com\/index.php\/wp-json\/wp\/v2\/categories?post=119968"},{"taxonomy":"post_tag","embeddable":true,"href":"http:\/\/www.tvturk.com\/index.php\/wp-json\/wp\/v2\/tags?post=119968"}],"curies":[{"name":"wp","href":"https:\/\/api.w.org\/{rel}","templated":true}]}}