{"id":12019,"date":"2019-02-08T12:50:59","date_gmt":"2019-02-08T09:50:59","guid":{"rendered":"http:\/\/www.tvturk.com\/index.php\/gursu-esnafi-isiki-agirladi\/"},"modified":"2019-02-08T12:51:00","modified_gmt":"2019-02-08T09:51:00","slug":"gursu-esnafi-isiki-agirladi","status":"publish","type":"post","link":"http:\/\/www.tvturk.com\/index.php\/gursu-esnafi-isiki-agirladi\/","title":{"rendered":"G\u00fcrsu esnaf\u0131 I\u015f\u0131k\u2019\u0131 a\u011f\u0131rlad\u0131"},"content":{"rendered":"<p>G\u00fcrsu Belediye Ba\u015fkan\u0131 Mustafa I\u015f\u0131k, esnafla kahvalt\u0131da bulu\u015ftu.<\/p>\n<p>Ye\u015fil Artvin K\u0131raathanesi\u2019nde esnafla bir araya gelen Ba\u015fkan Mustafa I\u015f\u0131k, G\u00fcrsu\u2019nun \u00e7a\u011fda\u015f \u015fehir kimli\u011fine uygun \u015fekilde geli\u015fmesini sa\u011flayacak projeler hakk\u0131nda bilgi verdi. \u0130l\u00e7ede yap\u0131lan hizmetlerle al\u00e2kal\u0131 sorular\u0131 cevaplayan Ba\u015fkan I\u015f\u0131k, kamula\u015ft\u0131rma \u00e7al\u0131\u015fmalar\u0131n\u0131 anlatt\u0131. I\u015f\u0131k, \u201cHem\u015fehrilerimizin beklentileri \u00f6ncelikli olmak \u00fczere, il\u00e7emize de\u011fer katacak hizmetleri hayata ge\u00e7irmek i\u00e7in \u00e7al\u0131\u015f\u0131yoruz. Esnaflar\u0131m\u0131za mis\u00e2fir olarak hep birlikte yapt\u0131\u011f\u0131m\u0131z kahvalt\u0131 programlar\u0131nda hizmetlerimiz hakk\u0131nda sohbet ediyoruz. \u0130l\u00e7emizin geli\u015fmesi i\u00e7in sinerji yakalamam\u0131z\u0131n \u00f6nemini biliyoruz. Bizlere iletilen b\u00fct\u00fcn fikirleri dikkate al\u0131yoruz\u201d dedi.<\/p>\n<p>Kahvalt\u0131ya Ba\u015fkan Mustafa I\u015f\u0131k, belediye meclis \u00fcyeleri, birim m\u00fcd\u00fcrleri, Ak Parti il\u00e7e te\u015fkilat\u0131 yetkilileri, muhtarlar ve esnaflar kat\u0131ld\u0131.<div class=\"tiled-gallery type-rectangular tiled-gallery-unresized\" data-original-width=\"500\" data-carousel-extra='null' itemscope itemtype=\"http:\/\/schema.org\/ImageGallery\" > <div class=\"gallery-row\" style=\"width: 500px; height: 334px;\" data-original-width=\"500\" data-original-height=\"334\" > <div class=\"gallery-group images-1\" style=\"width: 500px; height: 334px;\" data-original-width=\"500\" data-original-height=\"334\" > <div class=\"tiled-gallery-item tiled-gallery-item-large\" itemprop=\"associatedMedia\" itemscope itemtype=\"http:\/\/schema.org\/ImageObject\"> <a href=\"http:\/\/www.tvturk.com\/index.php\/gursu-esnafi-isiki-agirladi\/gursu-esnafi-isiki-agirladi-3\/\" border=\"0\" itemprop=\"url\"> <meta itemprop=\"width\" content=\"496\"> <meta itemprop=\"height\" content=\"330\"> <img decoding=\"async\" class=\"\" data-attachment-id=\"12021\" data-orig-file=\"http:\/\/www.tvturk.com\/wp-content\/uploads\/2019\/02\/gursu-esnafi-isiki-agirladi_d7b4576.jpg\" data-orig-size=\"1000,666\" data-comments-opened=\"\" data-image-meta=\"{&quot;aperture&quot;:&quot;0&quot;,&quot;credit&quot;:&quot;IHA&quot;,&quot;camera&quot;:&quot;&quot;,&quot;caption&quot;:&quot;BELED\\u0130YE BA\\u015eKANI MUSTAFA I\\u015eIK, ESNAFLA KAHVALTIDA BULU\\u015eTU (\\u0130HA\\\/BURSA-\\u0130HA)&quot;,&quot;created_timestamp&quot;:&quot;0&quot;,&quot;copyright&quot;:&quot;\\u0130HLAS HABER AJANSI, www.iha.com.tr&quot;,&quot;focal_length&quot;:&quot;0&quot;,&quot;iso&quot;:&quot;0&quot;,&quot;shutter_speed&quot;:&quot;0&quot;,&quot;title&quot;:&quot;G\\u00dcRSU ESNAFI I\\u015eIK\\u2019I A\\u011eIRLADI&quot;,&quot;orientation&quot;:&quot;0&quot;}\" data-image-title=\"G\u00fcrsu esnaf\u0131 I\u015f\u0131k\u2019\u0131 a\u011f\u0131rlad\u0131\" data-image-description=\"&lt;p&gt;G\u00fcrsu esnaf\u0131 I\u015f\u0131k\u2019\u0131 a\u011f\u0131rlad\u0131&lt;\/p&gt; \" data-medium-file=\"https:\/\/i0.wp.com\/www.tvturk.com\/wp-content\/uploads\/2019\/02\/gursu-esnafi-isiki-agirladi_d7b4576.jpg?fit=300%2C200\" data-large-file=\"https:\/\/i0.wp.com\/www.tvturk.com\/wp-content\/uploads\/2019\/02\/gursu-esnafi-isiki-agirladi_d7b4576.jpg?fit=1000%2C666\" src=\"https:\/\/i0.wp.com\/www.tvturk.com\/wp-content\/uploads\/2019\/02\/gursu-esnafi-isiki-agirladi_d7b4576.jpg?w=496&#038;h=330\" srcset=\"https:\/\/i0.wp.com\/www.tvturk.com\/wp-content\/uploads\/2019\/02\/gursu-esnafi-isiki-agirladi_d7b4576.jpg?w=1000 1000w, https:\/\/i0.wp.com\/www.tvturk.com\/wp-content\/uploads\/2019\/02\/gursu-esnafi-isiki-agirladi_d7b4576.jpg?resize=150%2C100 150w, https:\/\/i0.wp.com\/www.tvturk.com\/wp-content\/uploads\/2019\/02\/gursu-esnafi-isiki-agirladi_d7b4576.jpg?resize=300%2C200 300w, https:\/\/i0.wp.com\/www.tvturk.com\/wp-content\/uploads\/2019\/02\/gursu-esnafi-isiki-agirladi_d7b4576.jpg?resize=768%2C511 768w, https:\/\/i0.wp.com\/www.tvturk.com\/wp-content\/uploads\/2019\/02\/gursu-esnafi-isiki-agirladi_d7b4576.jpg?resize=170%2C113 170w, https:\/\/i0.wp.com\/www.tvturk.com\/wp-content\/uploads\/2019\/02\/gursu-esnafi-isiki-agirladi_d7b4576.jpg?resize=120%2C80 120w\" width=\"496\" height=\"330\" loading=\"lazy\" data-original-width=\"496\" data-original-height=\"330\" itemprop=\"http:\/\/schema.org\/image\" title=\"G\u00fcrsu esnaf\u0131 I\u015f\u0131k\u2019\u0131 a\u011f\u0131rlad\u0131\" alt=\"G\u00fcrsu esnaf\u0131 I\u015f\u0131k\u2019\u0131 a\u011f\u0131rlad\u0131\" style=\"width: 496px; height: 330px;\" \/> <\/a> <\/div> <\/div> <!-- close group --> <\/div> <!-- close row --> <\/div><\/p>\n","protected":false},"excerpt":{"rendered":"<p>BELED\u0130YE BA\u015eKANI MUSTAFA I\u015eIK, ESNAFLA KAHVALTIDA BULU\u015eTU<\/p>\n","protected":false},"author":1,"featured_media":12020,"comment_status":"closed","ping_status":"open","sticky":false,"template":"","format":"standard","meta":{"jetpack_post_was_ever_published":false,"_jetpack_newsletter_access":"","_jetpack_dont_email_post_to_subs":false,"_jetpack_newsletter_tier_id":0,"_jetpack_memberships_contains_paywalled_content":false,"_jetpack_memberships_contains_paid_content":false,"footnotes":"","jetpack_publicize_message":"","jetpack_publicize_feature_enabled":true,"jetpack_social_post_already_shared":false,"jetpack_social_options":{"image_generator_settings":{"template":"highway","default_image_id":0,"font":"","enabled":false},"version":2}},"categories":[655],"tags":[277,443,6155,6156],"class_list":["post-12019","post","type-post","status-publish","format-standard","has-post-thumbnail","hentry","category-son-dakika","tag-agirladi","tag-esnafi","tag-gursu","tag-isiki"],"jetpack_publicize_connections":[],"jetpack_featured_media_url":"https:\/\/i0.wp.com\/www.tvturk.com\/wp-content\/uploads\/2019\/02\/gursu-esnafi-isiki-agirladi_05e1aea.jpg?fit=1000%2C666","jetpack_sharing_enabled":true,"jetpack_shortlink":"https:\/\/wp.me\/paKIfm-37R","_links":{"self":[{"href":"http:\/\/www.tvturk.com\/index.php\/wp-json\/wp\/v2\/posts\/12019","targetHints":{"allow":["GET"]}}],"collection":[{"href":"http:\/\/www.tvturk.com\/index.php\/wp-json\/wp\/v2\/posts"}],"about":[{"href":"http:\/\/www.tvturk.com\/index.php\/wp-json\/wp\/v2\/types\/post"}],"author":[{"embeddable":true,"href":"http:\/\/www.tvturk.com\/index.php\/wp-json\/wp\/v2\/users\/1"}],"replies":[{"embeddable":true,"href":"http:\/\/www.tvturk.com\/index.php\/wp-json\/wp\/v2\/comments?post=12019"}],"version-history":[{"count":1,"href":"http:\/\/www.tvturk.com\/index.php\/wp-json\/wp\/v2\/posts\/12019\/revisions"}],"predecessor-version":[{"id":12022,"href":"http:\/\/www.tvturk.com\/index.php\/wp-json\/wp\/v2\/posts\/12019\/revisions\/12022"}],"wp:featuredmedia":[{"embeddable":true,"href":"http:\/\/www.tvturk.com\/index.php\/wp-json\/wp\/v2\/media\/12020"}],"wp:attachment":[{"href":"http:\/\/www.tvturk.com\/index.php\/wp-json\/wp\/v2\/media?parent=12019"}],"wp:term":[{"taxonomy":"category","embeddable":true,"href":"http:\/\/www.tvturk.com\/index.php\/wp-json\/wp\/v2\/categories?post=12019"},{"taxonomy":"post_tag","embeddable":true,"href":"http:\/\/www.tvturk.com\/index.php\/wp-json\/wp\/v2\/tags?post=12019"}],"curies":[{"name":"wp","href":"https:\/\/api.w.org\/{rel}","templated":true}]}}