{"id":120225,"date":"2019-03-31T15:06:11","date_gmt":"2019-03-31T12:06:11","guid":{"rendered":"http:\/\/www.tvturk.com\/index.php\/pervari-ve-sirvan-koy-yollarinda-heyelan\/"},"modified":"2019-03-31T15:06:12","modified_gmt":"2019-03-31T12:06:12","slug":"pervari-ve-sirvan-koy-yollarinda-heyelan","status":"publish","type":"post","link":"http:\/\/www.tvturk.com\/index.php\/pervari-ve-sirvan-koy-yollarinda-heyelan\/","title":{"rendered":"Pervari ve \u015eirvan k\u00f6y yollar\u0131nda heyelan"},"content":{"rendered":"<p>Siirt\u2019in \u015eirvan ve Pervari il\u00e7elerine ba\u011fl\u0131 k\u00f6y yollar\u0131nda a\u015f\u0131r\u0131 ya\u011f\u0131\u015flardan dolay\u0131 heyelan meydana geldi.<\/p>\n<p>\u015eirvan il\u00e7esine ba\u011fl\u0131 Cevizlik Bombat Mahallesinde ve Pervari il\u00e7esine ba\u011fl\u0131 D\u00fc\u011f\u00fcnc\u00fcler k\u00f6y yolunda a\u015f\u0131r\u0131 kar ya\u011f\u0131\u015f\u0131 nedeniyle heyelan meydana geldi. Heyelan\u0131n oldu\u011fu b\u00f6lgelerde k\u00f6y yollar\u0131 ula\u015f\u0131ma kapand\u0131. Her iki il\u00e7ede meydana gelen heyelan nedeniyle kapanan yolu a\u00e7mak i\u00e7in \u00e7al\u0131\u015fma ba\u015flatt\u0131klar\u0131n\u0131 belirten \u0130l \u00d6zel \u0130daresi Genel Sekreteri H\u0131fzullah Canpolat, \u015eirvan ve Pervari il\u00e7elerinde k\u00f6y yollar\u0131nda heyelan olmas\u0131 nedeniyle kapanan k\u00f6y yolunun a\u00e7\u0131lmas\u0131 i\u00e7in i\u015f makinelerinin acil olarak olay yerine sevk edildi\u011fini, uzun \u00e7al\u0131\u015fmalar neticesinde yolun temizlenerek ula\u015f\u0131ma a\u00e7\u0131ld\u0131\u011f\u0131n\u0131 s\u00f6yledi. Canpolat, &#8220;B\u00f6lgede yo\u011fun kar ya\u011f\u0131\u015flar\u0131 neticesinde s\u0131k s\u0131k heyelanlar meydana geliyor. Olay\u0131n sevindirici yan\u0131 her hangi bir can ve mal kayb\u0131n\u0131n olmamas\u0131d\u0131r&#8221; dedi.<div class=\"tiled-gallery type-rectangular tiled-gallery-unresized\" data-original-width=\"500\" data-carousel-extra='null' itemscope itemtype=\"http:\/\/schema.org\/ImageGallery\" > <div class=\"gallery-row\" style=\"width: 500px; height: 283px;\" data-original-width=\"500\" data-original-height=\"283\" > <div class=\"gallery-group images-1\" style=\"width: 500px; height: 283px;\" data-original-width=\"500\" data-original-height=\"283\" > <div class=\"tiled-gallery-item tiled-gallery-item-large\" itemprop=\"associatedMedia\" itemscope itemtype=\"http:\/\/schema.org\/ImageObject\"> <a href=\"http:\/\/www.tvturk.com\/index.php\/pervari-ve-sirvan-koy-yollarinda-heyelan\/pervari-ve-sirvan-koy-yollarinda-heyelan-3\/\" border=\"0\" itemprop=\"url\"> <meta itemprop=\"width\" content=\"496\"> <meta itemprop=\"height\" content=\"279\"> <img decoding=\"async\" class=\"\" data-attachment-id=\"120227\" data-orig-file=\"http:\/\/www.tvturk.com\/wp-content\/uploads\/2019\/03\/pervari-ve-sirvan-koy-yollarinda-heyelan_b89d3d5.jpg\" data-orig-size=\"1000,563\" data-comments-opened=\"\" data-image-meta=\"{&quot;aperture&quot;:&quot;0&quot;,&quot;credit&quot;:&quot;IHA&quot;,&quot;camera&quot;:&quot;&quot;,&quot;caption&quot;:&quot;S\\u0130\\u0130RT\\u0027\\u0130N \\u015e\\u0130RVAN VE PERVAR\\u0130 \\u0130L\\u00c7ELER\\u0130NE BA\\u011eLI K\\u00d6Y YOLLARINDA A\\u015eIRI YA\\u011eI\\u015eLARDAN DOLAYI HEYELAN MEYDANA GELD\\u0130. (SELAM\\u0130 DEN\\u0130Z\\\/S\\u0130\\u0130RT-\\u0130HA)&quot;,&quot;created_timestamp&quot;:&quot;0&quot;,&quot;copyright&quot;:&quot;\\u0130HLAS HABER AJANSI, www.iha.com.tr&quot;,&quot;focal_length&quot;:&quot;0&quot;,&quot;iso&quot;:&quot;0&quot;,&quot;shutter_speed&quot;:&quot;0&quot;,&quot;title&quot;:&quot;PERVAR\\u0130 VE \\u015e\\u0130RVAN K\\u00d6Y YOLLARINDA HEYELAN&quot;,&quot;orientation&quot;:&quot;0&quot;}\" data-image-title=\"Pervari ve \u015eirvan k\u00f6y yollar\u0131nda heyelan\" data-image-description=\"&lt;p&gt;Pervari ve \u015eirvan k\u00f6y yollar\u0131nda heyelan&lt;\/p&gt; \" data-medium-file=\"https:\/\/i0.wp.com\/www.tvturk.com\/wp-content\/uploads\/2019\/03\/pervari-ve-sirvan-koy-yollarinda-heyelan_b89d3d5.jpg?fit=300%2C169\" data-large-file=\"https:\/\/i0.wp.com\/www.tvturk.com\/wp-content\/uploads\/2019\/03\/pervari-ve-sirvan-koy-yollarinda-heyelan_b89d3d5.jpg?fit=1000%2C563\" src=\"https:\/\/i0.wp.com\/www.tvturk.com\/wp-content\/uploads\/2019\/03\/pervari-ve-sirvan-koy-yollarinda-heyelan_b89d3d5.jpg?w=496&#038;h=279\" srcset=\"https:\/\/i0.wp.com\/www.tvturk.com\/wp-content\/uploads\/2019\/03\/pervari-ve-sirvan-koy-yollarinda-heyelan_b89d3d5.jpg?w=1000 1000w, https:\/\/i0.wp.com\/www.tvturk.com\/wp-content\/uploads\/2019\/03\/pervari-ve-sirvan-koy-yollarinda-heyelan_b89d3d5.jpg?resize=150%2C84 150w, https:\/\/i0.wp.com\/www.tvturk.com\/wp-content\/uploads\/2019\/03\/pervari-ve-sirvan-koy-yollarinda-heyelan_b89d3d5.jpg?resize=300%2C169 300w, https:\/\/i0.wp.com\/www.tvturk.com\/wp-content\/uploads\/2019\/03\/pervari-ve-sirvan-koy-yollarinda-heyelan_b89d3d5.jpg?resize=768%2C432 768w, https:\/\/i0.wp.com\/www.tvturk.com\/wp-content\/uploads\/2019\/03\/pervari-ve-sirvan-koy-yollarinda-heyelan_b89d3d5.jpg?resize=200%2C113 200w\" width=\"496\" height=\"279\" loading=\"lazy\" data-original-width=\"496\" data-original-height=\"279\" itemprop=\"http:\/\/schema.org\/image\" title=\"Pervari ve \u015eirvan k\u00f6y yollar\u0131nda heyelan\" alt=\"Pervari ve \u015eirvan k\u00f6y yollar\u0131nda heyelan\" style=\"width: 496px; height: 279px;\" \/> <\/a> <\/div> <\/div> <!-- close group --> <\/div> <!-- close row --> <\/div><\/p>\n","protected":false},"excerpt":{"rendered":"<p>S\u0130\u0130RT&#8217;\u0130N \u015e\u0130RVAN VE PERVAR\u0130 \u0130L\u00c7ELER\u0130NE BA\u011eLI K\u00d6Y YOLLARINDA A\u015eIRI YA\u011eI\u015eLARDAN DOLAYI HEYELAN MEYDANA GELD\u0130.<\/p>\n","protected":false},"author":1,"featured_media":120226,"comment_status":"closed","ping_status":"open","sticky":false,"template":"","format":"standard","meta":{"jetpack_post_was_ever_published":false,"_jetpack_newsletter_access":"","_jetpack_dont_email_post_to_subs":false,"_jetpack_newsletter_tier_id":0,"_jetpack_memberships_contains_paywalled_content":false,"_jetpack_memberships_contains_paid_content":false,"footnotes":"","jetpack_publicize_message":"","jetpack_publicize_feature_enabled":true,"jetpack_social_post_already_shared":true,"jetpack_social_options":{"image_generator_settings":{"template":"highway","default_image_id":0,"font":"","enabled":false},"version":2}},"categories":[1],"tags":[8768,1703,28930,28931,10798],"class_list":["post-120225","post","type-post","status-publish","format-standard","has-post-thumbnail","hentry","category-genel","tag-heyelan","tag-koy","tag-pervari","tag-sirvan","tag-yollarinda"],"jetpack_publicize_connections":[],"jetpack_featured_media_url":"https:\/\/i0.wp.com\/www.tvturk.com\/wp-content\/uploads\/2019\/03\/pervari-ve-sirvan-koy-yollarinda-heyelan_ab2db37.jpg?fit=1000%2C577","jetpack_sharing_enabled":true,"jetpack_shortlink":"https:\/\/wp.me\/paKIfm-vh7","_links":{"self":[{"href":"http:\/\/www.tvturk.com\/index.php\/wp-json\/wp\/v2\/posts\/120225","targetHints":{"allow":["GET"]}}],"collection":[{"href":"http:\/\/www.tvturk.com\/index.php\/wp-json\/wp\/v2\/posts"}],"about":[{"href":"http:\/\/www.tvturk.com\/index.php\/wp-json\/wp\/v2\/types\/post"}],"author":[{"embeddable":true,"href":"http:\/\/www.tvturk.com\/index.php\/wp-json\/wp\/v2\/users\/1"}],"replies":[{"embeddable":true,"href":"http:\/\/www.tvturk.com\/index.php\/wp-json\/wp\/v2\/comments?post=120225"}],"version-history":[{"count":1,"href":"http:\/\/www.tvturk.com\/index.php\/wp-json\/wp\/v2\/posts\/120225\/revisions"}],"predecessor-version":[{"id":120228,"href":"http:\/\/www.tvturk.com\/index.php\/wp-json\/wp\/v2\/posts\/120225\/revisions\/120228"}],"wp:featuredmedia":[{"embeddable":true,"href":"http:\/\/www.tvturk.com\/index.php\/wp-json\/wp\/v2\/media\/120226"}],"wp:attachment":[{"href":"http:\/\/www.tvturk.com\/index.php\/wp-json\/wp\/v2\/media?parent=120225"}],"wp:term":[{"taxonomy":"category","embeddable":true,"href":"http:\/\/www.tvturk.com\/index.php\/wp-json\/wp\/v2\/categories?post=120225"},{"taxonomy":"post_tag","embeddable":true,"href":"http:\/\/www.tvturk.com\/index.php\/wp-json\/wp\/v2\/tags?post=120225"}],"curies":[{"name":"wp","href":"https:\/\/api.w.org\/{rel}","templated":true}]}}