{"id":120335,"date":"2019-03-31T16:39:59","date_gmt":"2019-03-31T13:39:59","guid":{"rendered":"http:\/\/www.tvturk.com\/index.php\/15-temmuz-gazisi-algan-engelleri-asip-sandiga-geldi\/"},"modified":"2019-03-31T16:40:04","modified_gmt":"2019-03-31T13:40:04","slug":"15-temmuz-gazisi-algan-engelleri-asip-sandiga-geldi","status":"publish","type":"post","link":"http:\/\/www.tvturk.com\/index.php\/15-temmuz-gazisi-algan-engelleri-asip-sandiga-geldi\/","title":{"rendered":"15 Temmuz gazisi Algan engelleri a\u015f\u0131p sand\u0131\u011fa geldi"},"content":{"rendered":"<p>15 Temmuz Gazisi g\u00fcvenlik g\u00fc\u00e7lerinin yard\u0131m\u0131 ile yerel se\u00e7im i\u00e7in Mardin\u2019de oyunu kulland\u0131.<\/p>\n<p>15 Temmuz Gazisi Halil Algan 75. Y\u0131l Mesleki ve Teknik Lisesinde tekerlekli sandalyesi ile birlikte gelerek oy kulland\u0131. Algan Cumhurba\u015fkan\u0131 Recep Tayyip Erdo\u011fan\u2019a sevgisini ifade ederek Mardin kalesinin turizme a\u00e7\u0131lmas\u0131n\u0131 istedi. \u0130stanbul\u2019da 15 Temmuz hain darbe giri\u015fimi gecesinde tanktan a\u00e7\u0131lan ate\u015f sonucu yaralanan ve fel\u00e7 olan Mardin\u2019li Halil Algan Mardin\u2019in Artuklu il\u00e7esi Nur Mahallesinde bulunan 75. Y\u0131l Teknik ve Mesleki Lisesi 1142 nolu sand\u0131kta tekerlekli sandalyesi ile sand\u0131k ba\u015f\u0131na ge\u00e7ti ve oy kulland\u0131. Polis memurlar\u0131 ve sand\u0131k g\u00f6revlileri ile sand\u0131\u011fa ta\u015f\u0131nan Algan vatanda\u015flar taraf\u0131ndan sevgi seli ile kar\u015f\u0131land\u0131. Okulda engelli band\u0131 olmad\u0131\u011f\u0131 i\u00e7in polis memurlar\u0131 ve g\u00fcvenlik g\u00fc\u00e7lerinin e\u015fli\u011finde ta\u015f\u0131narak oyunu kullanan Halil Algan, \u201cSadece ben de\u011fil herkes bir \u015fey olursa bu \u00fclke i\u00e7in bedel \u00f6demeye haz\u0131r. Yani hepimiz bu vatan\u0131n \u00e7ocu\u011fuyuz yanl\u0131\u015f bir \u015fey oldu\u011fu zaman t\u00fcm insanlar tabi ki de kar\u015f\u0131 \u00e7\u0131kacak, bir tek kesim de\u011fil. \u0130nan\u0131n ki bir \u00e7ok insan haks\u0131zl\u0131\u011f\u0131 kabul etmez. Ben kendimizi de ele\u015ftiriyorum. Cumhurba\u015fkan\u0131n\u0131 \u00e7ok seviyorum. Ama kendisinden iki ricam var Mardin Midyat yolunun yap\u0131lmas\u0131 ve Mardin Kalesinin turizme a\u00e7\u0131lmas\u0131n\u0131 talep etti. Herkes \u00f6zg\u00fcrd\u00fcr istedi\u011fi yere oyunu verebilir. Bizde her vatanda\u015f gibi geldik oyumuzu bir yerlere verece\u011fiz art\u0131k\u201d dedi.<\/p>\n<p>15 Temmuz Gazisi Halil Algan\u2019\u0131n o\u011flu Hasan Algan babas\u0131yla gurur duydu\u011funu s\u00f6yledi. Algan, &#8220;Babamla gurur duyuyorum. Her zamanki gibi vatani g\u00f6revini yerine getirmeye geldik.<\/p>\n<p>15 Gazisi Halil Algan kendisine oy kullanmak i\u00e7in yard\u0131m eden g\u00fcvenlik g\u00fc\u00e7lerinden helallik isteyerek okuldan ayr\u0131l\u0131rken se\u00e7imlerin hay\u0131rlara vesile olmas\u0131n\u0131 diledi.<\/p>\n","protected":false},"excerpt":{"rendered":"<p>15 TEMMUZ GAZ\u0130S\u0130 G\u00dcVENL\u0130K G\u00dc\u00c7LER\u0130N\u0130N YARDIMI \u0130LE YEREL SE\u00c7\u0130M \u0130\u00c7\u0130N MARD\u0130N\u2019DE OYUNU KULLANDI.<\/p>\n","protected":false},"author":1,"featured_media":0,"comment_status":"closed","ping_status":"open","sticky":false,"template":"","format":"standard","meta":{"jetpack_post_was_ever_published":false,"_jetpack_newsletter_access":"","_jetpack_dont_email_post_to_subs":false,"_jetpack_newsletter_tier_id":0,"_jetpack_memberships_contains_paywalled_content":false,"_jetpack_memberships_contains_paid_content":false,"footnotes":"","jetpack_publicize_message":"","jetpack_publicize_feature_enabled":true,"jetpack_social_post_already_shared":true,"jetpack_social_options":{"image_generator_settings":{"template":"highway","default_image_id":0,"font":"","enabled":false},"version":2}},"categories":[1],"tags":[28946,14877,1044,7567,127,17975,1148],"class_list":["post-120335","post","type-post","status-publish","format-standard","hentry","category-genel","tag-algan","tag-asip","tag-engelleri","tag-gazisi","tag-geldi","tag-sandiga","tag-temmuz"],"jetpack_publicize_connections":[],"jetpack_featured_media_url":"","jetpack_sharing_enabled":true,"jetpack_shortlink":"https:\/\/wp.me\/paKIfm-viT","_links":{"self":[{"href":"http:\/\/www.tvturk.com\/index.php\/wp-json\/wp\/v2\/posts\/120335","targetHints":{"allow":["GET"]}}],"collection":[{"href":"http:\/\/www.tvturk.com\/index.php\/wp-json\/wp\/v2\/posts"}],"about":[{"href":"http:\/\/www.tvturk.com\/index.php\/wp-json\/wp\/v2\/types\/post"}],"author":[{"embeddable":true,"href":"http:\/\/www.tvturk.com\/index.php\/wp-json\/wp\/v2\/users\/1"}],"replies":[{"embeddable":true,"href":"http:\/\/www.tvturk.com\/index.php\/wp-json\/wp\/v2\/comments?post=120335"}],"version-history":[{"count":1,"href":"http:\/\/www.tvturk.com\/index.php\/wp-json\/wp\/v2\/posts\/120335\/revisions"}],"predecessor-version":[{"id":120343,"href":"http:\/\/www.tvturk.com\/index.php\/wp-json\/wp\/v2\/posts\/120335\/revisions\/120343"}],"wp:attachment":[{"href":"http:\/\/www.tvturk.com\/index.php\/wp-json\/wp\/v2\/media?parent=120335"}],"wp:term":[{"taxonomy":"category","embeddable":true,"href":"http:\/\/www.tvturk.com\/index.php\/wp-json\/wp\/v2\/categories?post=120335"},{"taxonomy":"post_tag","embeddable":true,"href":"http:\/\/www.tvturk.com\/index.php\/wp-json\/wp\/v2\/tags?post=120335"}],"curies":[{"name":"wp","href":"https:\/\/api.w.org\/{rel}","templated":true}]}}